{"id":31669,"date":"2026-01-20T20:01:47","date_gmt":"2026-01-20T23:01:47","guid":{"rendered":"https:\/\/sulsc.com\/?p=31669"},"modified":"2026-01-20T20:02:53","modified_gmt":"2026-01-20T23:02:53","slug":"31669","status":"publish","type":"post","link":"https:\/\/sulsc.com\/index.php\/2026\/01\/20\/31669\/","title":{"rendered":"Atropelamento Fatal em Bra\u00e7o do Norte: Homem de 30 Anos morre ap\u00f3s acidente"},"content":{"rendered":"<p><span dir=\"auto\" style=\"vertical-align: inherit;\"><span dir=\"auto\" style=\"vertical-align: inherit;\">Na tarde desta ter\u00e7a-feira (20), \u00e0s 17h06, uma ocorr\u00eancia de atropelamento ocorreu em trag\u00e9dia no Centro de Bra\u00e7o do Norte. Um homem de 30 anos foi encontrado ca\u00eddo e inconsciente na Av. Governador Jorge Lacerda, ap\u00f3s ser atingido por um ve\u00edculo que se evadiu do local.<\/span><\/span><\/p>\n<div id=\"metaslider-id-25573\" style=\"width: 100%;\" class=\"ml-slider-3-99-0 metaslider metaslider-flex metaslider-25573 ml-slider has-onhover-arrows ms-theme-default-base has-dots-nav\" role=\"region\" aria-label=\"Meio\" data-width=\"1200\">\n    <div id=\"metaslider_container_25573\">\n        <div id=\"metaslider_25573\">\n            <ul class='slides'>\n                <li style=\"display: block; width: 100%;\" class=\"slide-25684 ms-image \" aria-roledescription=\"slide\" data-date=\"2025-07-24 07:55:40\"><img src=\"https:\/\/sulsc.com\/wp-content\/uploads\/2025\/07\/Marr-2-1000x166.jpg\" height=\"200\" width=\"1200\" alt=\"\" class=\"slider-25573 slide-25684 msDefaultImage\" title=\"Marr 2\" \/><\/li>\n                <li style=\"display: none; width: 100%;\" class=\"slide-32412 ms-image \" aria-roledescription=\"slide\" data-date=\"2026-02-18 13:59:46\"><img src=\"https:\/\/sulsc.com\/wp-content\/uploads\/2026\/02\/40dc1580-cad5-4867-bc58-c4243821ad38-1000x166.jpeg\" height=\"200\" width=\"1200\" alt=\"\" class=\"slider-25573 slide-32412 msDefaultImage\" title=\"40dc1580-cad5-4867-bc58-c4243821ad38\" \/><\/li>\n                <li style=\"display: none; width: 100%;\" class=\"slide-32766 ms-image \" aria-roledescription=\"slide\" data-date=\"2026-03-03 17:22:59\"><img src=\"https:\/\/sulsc.com\/wp-content\/uploads\/2026\/03\/271ce739-f268-41c5-8051-3de1a1750359-1000x166.jpeg\" height=\"200\" width=\"1200\" alt=\"\" class=\"slider-25573 slide-32766 msDefaultImage\" title=\"271ce739-f268-41c5-8051-3de1a1750359\" \/><\/li>\n            <\/ul>\n        <\/div>\n        \n    <\/div>\n<\/div>\n<p><span dir=\"auto\" style=\"vertical-align: inherit;\"><span dir=\"auto\" style=\"vertical-align: inherit;\">O Corpo de Bombeiros Militar de Santa Catarina (CBMSC) foi acionado e, ao chegar, encontrou um bombeiro militar de folga j\u00e1 prestando os primeiros socorros \u00e0 v\u00edtima, que apresentava parada cardiorrespirat\u00f3ria, traumatismo cranioencef\u00e1lico (TCE) e escoria\u00e7\u00f5es generalizadas.<\/span><\/span><\/p>\n<p><span dir=\"auto\" style=\"vertical-align: inherit;\"><span dir=\"auto\" style=\"vertical-align: inherit;\">Durante o atendimento, foram utilizados um compressor tor\u00e1cico autom\u00e1tico e um desfibrilador externo autom\u00e1tico, al\u00e9m de oxigenoterapia durante o transporte ao hospital. A casualidade ocorreu no local por cerca de 30 minutos, auxiliando a equipe m\u00e9dica at\u00e9 que o m\u00e9dico plantonista declarou o \u00f3bito.<\/span><\/span><\/p>\n<p><span dir=\"auto\" style=\"vertical-align: inherit;\"><span dir=\"auto\" style=\"vertical-align: inherit;\">A Pol\u00edcia Militar e o Servi\u00e7o de Atendimento M\u00f3vel de Urg\u00eancia (SAMU) tamb\u00e9m prestaram apoio durante a ocorr\u00eancia, mas, infelizmente, n\u00e3o foi poss\u00edvel salvar a vida do homem.<\/span><\/span><\/p>\n<p><img fetchpriority=\"high\" decoding=\"async\" class=\"aligncenter size-full wp-image-31670\" src=\"http:\/\/sulsc.com\/wp-content\/uploads\/2026\/01\/01905d72-7e74-4af2-9e92-f7ca9b0dcd1a-e1768950049111.jpeg\" alt=\"\" width=\"706\" height=\"951\" srcset=\"https:\/\/sulsc.com\/wp-content\/uploads\/2026\/01\/01905d72-7e74-4af2-9e92-f7ca9b0dcd1a-e1768950049111.jpeg 706w, https:\/\/sulsc.com\/wp-content\/uploads\/2026\/01\/01905d72-7e74-4af2-9e92-f7ca9b0dcd1a-e1768950049111-223x300.jpeg 223w\" sizes=\"(max-width: 706px) 100vw, 706px\" \/><\/p>\n<p><span dir=\"auto\" style=\"vertical-align: inherit;\"><span dir=\"auto\" style=\"vertical-align: inherit;\">CBMSC\/Divulga\u00e7\u00e3o\/SulSC<\/span><\/span><\/p>\n","protected":false},"excerpt":{"rendered":"<p>Na tarde desta ter\u00e7a-feira (20), \u00e0s 17h06, uma ocorr\u00eancia de atropelamento ocorreu em trag\u00e9dia no Centro de Bra\u00e7o do Norte. Um homem de 30 anos foi encontrado ca\u00eddo e inconsciente na Av. Governador Jorge Lacerda, ap\u00f3s ser atingido por um ve\u00edculo que se evadiu do local. O Corpo de Bombeiros Militar de Santa Catarina (CBMSC) &hellip;<\/p>\n<p class=\"read-more\"> <a class=\"\" href=\"https:\/\/sulsc.com\/index.php\/2026\/01\/20\/31669\/\"> <span class=\"screen-reader-text\">Atropelamento Fatal em Bra\u00e7o do Norte: Homem de 30 Anos morre ap\u00f3s acidente<\/span> Read More &raquo;<\/a><\/p>\n","protected":false},"author":3,"featured_media":31670,"comment_status":"open","ping_status":"open","sticky":false,"template":"","format":"standard","meta":{"site-sidebar-layout":"default","site-content-layout":"","ast-site-content-layout":"default","site-content-style":"default","site-sidebar-style":"default","ast-global-header-display":"","ast-banner-title-visibility":"","ast-main-header-display":"","ast-hfb-above-header-display":"","ast-hfb-below-header-display":"","ast-hfb-mobile-header-display":"","site-post-title":"","ast-breadcrumbs-content":"","ast-featured-img":"","footer-sml-layout":"","theme-transparent-header-meta":"default","adv-header-id-meta":"","stick-header-meta":"","header-above-stick-meta":"","header-main-stick-meta":"","header-below-stick-meta":"","astra-migrate-meta-layouts":"set","footnotes":""},"categories":[2282,1,14,12],"tags":[391],"yoast_head":"<!-- This site is optimized with the Yoast SEO plugin v21.4 - https:\/\/yoast.com\/wordpress\/plugins\/seo\/ -->\n<title>Atropelamento Fatal em Bra\u00e7o do Norte: Homem de 30 Anos morre ap\u00f3s acidente -<\/title>\n<meta name=\"robots\" content=\"index, follow, max-snippet:-1, max-image-preview:large, max-video-preview:-1\" \/>\n<link rel=\"canonical\" href=\"https:\/\/sulsc.com\/index.php\/2026\/01\/20\/31669\/\" \/>\n<meta property=\"og:locale\" content=\"en_US\" \/>\n<meta property=\"og:type\" content=\"article\" \/>\n<meta property=\"og:title\" content=\"Atropelamento Fatal em Bra\u00e7o do Norte: Homem de 30 Anos morre ap\u00f3s acidente -\" \/>\n<meta property=\"og:description\" content=\"Na tarde desta ter\u00e7a-feira (20), \u00e0s 17h06, uma ocorr\u00eancia de atropelamento ocorreu em trag\u00e9dia no Centro de Bra\u00e7o do Norte. Um homem de 30 anos foi encontrado ca\u00eddo e inconsciente na Av. Governador Jorge Lacerda, ap\u00f3s ser atingido por um ve\u00edculo que se evadiu do local. O Corpo de Bombeiros Militar de Santa Catarina (CBMSC) &hellip; Atropelamento Fatal em Bra\u00e7o do Norte: Homem de 30 Anos morre ap\u00f3s acidente Read More &raquo;\" \/>\n<meta property=\"og:url\" content=\"https:\/\/sulsc.com\/index.php\/2026\/01\/20\/31669\/\" \/>\n<meta property=\"article:author\" content=\"https:\/\/www.facebook.com\/profile.php?id=61559278119680\" \/>\n<meta property=\"article:published_time\" content=\"2026-01-20T23:01:47+00:00\" \/>\n<meta property=\"article:modified_time\" content=\"2026-01-20T23:02:53+00:00\" \/>\n<meta property=\"og:image\" content=\"http:\/\/sulsc.com\/wp-content\/uploads\/2026\/01\/01905d72-7e74-4af2-9e92-f7ca9b0dcd1a-e1768950049111.jpeg\" \/>\n\t<meta property=\"og:image:width\" content=\"706\" \/>\n\t<meta property=\"og:image:height\" content=\"951\" \/>\n\t<meta property=\"og:image:type\" content=\"image\/jpeg\" \/>\n<meta name=\"author\" content=\"Reda\u00e7\u00e3o Sul SC\" \/>\n<meta name=\"twitter:card\" content=\"summary_large_image\" \/>\n<meta name=\"twitter:creator\" content=\"@https:\/\/twitter.com\/PortalSulSC\" \/>\n<meta name=\"twitter:label1\" content=\"Written by\" \/>\n\t<meta name=\"twitter:data1\" content=\"Reda\u00e7\u00e3o Sul SC\" \/>\n\t<meta name=\"twitter:label2\" content=\"Est. reading time\" \/>\n\t<meta name=\"twitter:data2\" content=\"1 minute\" \/>\n<script type=\"application\/ld+json\" class=\"yoast-schema-graph\">{\"@context\":\"https:\/\/schema.org\",\"@graph\":[{\"@type\":\"WebPage\",\"@id\":\"https:\/\/sulsc.com\/index.php\/2026\/01\/20\/31669\/\",\"url\":\"https:\/\/sulsc.com\/index.php\/2026\/01\/20\/31669\/\",\"name\":\"Atropelamento Fatal em Bra\u00e7o do Norte: Homem de 30 Anos morre ap\u00f3s acidente -\",\"isPartOf\":{\"@id\":\"https:\/\/sulsc.com\/#website\"},\"datePublished\":\"2026-01-20T23:01:47+00:00\",\"dateModified\":\"2026-01-20T23:02:53+00:00\",\"author\":{\"@id\":\"https:\/\/sulsc.com\/#\/schema\/person\/84d2fc571684f6248ba83092f07750a3\"},\"breadcrumb\":{\"@id\":\"https:\/\/sulsc.com\/index.php\/2026\/01\/20\/31669\/#breadcrumb\"},\"inLanguage\":\"en-US\",\"potentialAction\":[{\"@type\":\"ReadAction\",\"target\":[\"https:\/\/sulsc.com\/index.php\/2026\/01\/20\/31669\/\"]}]},{\"@type\":\"BreadcrumbList\",\"@id\":\"https:\/\/sulsc.com\/index.php\/2026\/01\/20\/31669\/#breadcrumb\",\"itemListElement\":[{\"@type\":\"ListItem\",\"position\":1,\"name\":\"In\u00edcio\",\"item\":\"https:\/\/sulsc.com\/\"},{\"@type\":\"ListItem\",\"position\":2,\"name\":\"Atropelamento Fatal em Bra\u00e7o do Norte: Homem de 30 Anos morre ap\u00f3s acidente\"}]},{\"@type\":\"WebSite\",\"@id\":\"https:\/\/sulsc.com\/#website\",\"url\":\"https:\/\/sulsc.com\/\",\"name\":\"\",\"description\":\"\",\"potentialAction\":[{\"@type\":\"SearchAction\",\"target\":{\"@type\":\"EntryPoint\",\"urlTemplate\":\"https:\/\/sulsc.com\/?s={search_term_string}\"},\"query-input\":\"required name=search_term_string\"}],\"inLanguage\":\"en-US\"},{\"@type\":\"Person\",\"@id\":\"https:\/\/sulsc.com\/#\/schema\/person\/84d2fc571684f6248ba83092f07750a3\",\"name\":\"Reda\u00e7\u00e3o Sul SC\",\"image\":{\"@type\":\"ImageObject\",\"inLanguage\":\"en-US\",\"@id\":\"https:\/\/sulsc.com\/#\/schema\/person\/image\/e08d7fe2cc4ed596372063bbe852b8d0\",\"url\":\"https:\/\/sulsc.com\/wp-content\/uploads\/2023\/09\/redacao.png\",\"contentUrl\":\"https:\/\/sulsc.com\/wp-content\/uploads\/2023\/09\/redacao.png\",\"caption\":\"Reda\u00e7\u00e3o Sul SC\"},\"description\":\"Foco em um jornalismo imparcial, voltado \u00e0 qualidade dos seus conte\u00fados e, assim, levar informa\u00e7\u00e3o de valor que agregue \u00e0 vida dos leitores. Esta \u00e9 grande miss\u00e3o do Portal de Not\u00edcias Sul SC. N\u00e3o \u00e9 quantidade que muda o mundo, sempre foi e seguir\u00e1 sendo qualidade!\",\"sameAs\":[\"https:\/\/sulsc.com\/\",\"https:\/\/www.facebook.com\/profile.php?id=61559278119680\",\"https:\/\/www.instagram.com\/sulscportal\/?hl=pt-br\",\"https:\/\/twitter.com\/https:\/\/twitter.com\/PortalSulSC\",\"https:\/\/www.youtube.com\/channel\/UCv_BE8GeySluDov2n8qhVmw\"],\"url\":\"https:\/\/sulsc.com\/index.php\/author\/redacao\/\"}]}<\/script>\n<!-- \/ Yoast SEO plugin. -->","yoast_head_json":{"title":"Atropelamento Fatal em Bra\u00e7o do Norte: Homem de 30 Anos morre ap\u00f3s acidente -","robots":{"index":"index","follow":"follow","max-snippet":"max-snippet:-1","max-image-preview":"max-image-preview:large","max-video-preview":"max-video-preview:-1"},"canonical":"https:\/\/sulsc.com\/index.php\/2026\/01\/20\/31669\/","og_locale":"en_US","og_type":"article","og_title":"Atropelamento Fatal em Bra\u00e7o do Norte: Homem de 30 Anos morre ap\u00f3s acidente -","og_description":"Na tarde desta ter\u00e7a-feira (20), \u00e0s 17h06, uma ocorr\u00eancia de atropelamento ocorreu em trag\u00e9dia no Centro de Bra\u00e7o do Norte. Um homem de 30 anos foi encontrado ca\u00eddo e inconsciente na Av. Governador Jorge Lacerda, ap\u00f3s ser atingido por um ve\u00edculo que se evadiu do local. O Corpo de Bombeiros Militar de Santa Catarina (CBMSC) &hellip; Atropelamento Fatal em Bra\u00e7o do Norte: Homem de 30 Anos morre ap\u00f3s acidente Read More &raquo;","og_url":"https:\/\/sulsc.com\/index.php\/2026\/01\/20\/31669\/","article_author":"https:\/\/www.facebook.com\/profile.php?id=61559278119680","article_published_time":"2026-01-20T23:01:47+00:00","article_modified_time":"2026-01-20T23:02:53+00:00","og_image":[{"width":706,"height":951,"url":"http:\/\/sulsc.com\/wp-content\/uploads\/2026\/01\/01905d72-7e74-4af2-9e92-f7ca9b0dcd1a-e1768950049111.jpeg","type":"image\/jpeg"}],"author":"Reda\u00e7\u00e3o Sul SC","twitter_card":"summary_large_image","twitter_creator":"@https:\/\/twitter.com\/PortalSulSC","twitter_misc":{"Written by":"Reda\u00e7\u00e3o Sul SC","Est. reading time":"1 minute"},"schema":{"@context":"https:\/\/schema.org","@graph":[{"@type":"WebPage","@id":"https:\/\/sulsc.com\/index.php\/2026\/01\/20\/31669\/","url":"https:\/\/sulsc.com\/index.php\/2026\/01\/20\/31669\/","name":"Atropelamento Fatal em Bra\u00e7o do Norte: Homem de 30 Anos morre ap\u00f3s acidente -","isPartOf":{"@id":"https:\/\/sulsc.com\/#website"},"datePublished":"2026-01-20T23:01:47+00:00","dateModified":"2026-01-20T23:02:53+00:00","author":{"@id":"https:\/\/sulsc.com\/#\/schema\/person\/84d2fc571684f6248ba83092f07750a3"},"breadcrumb":{"@id":"https:\/\/sulsc.com\/index.php\/2026\/01\/20\/31669\/#breadcrumb"},"inLanguage":"en-US","potentialAction":[{"@type":"ReadAction","target":["https:\/\/sulsc.com\/index.php\/2026\/01\/20\/31669\/"]}]},{"@type":"BreadcrumbList","@id":"https:\/\/sulsc.com\/index.php\/2026\/01\/20\/31669\/#breadcrumb","itemListElement":[{"@type":"ListItem","position":1,"name":"In\u00edcio","item":"https:\/\/sulsc.com\/"},{"@type":"ListItem","position":2,"name":"Atropelamento Fatal em Bra\u00e7o do Norte: Homem de 30 Anos morre ap\u00f3s acidente"}]},{"@type":"WebSite","@id":"https:\/\/sulsc.com\/#website","url":"https:\/\/sulsc.com\/","name":"","description":"","potentialAction":[{"@type":"SearchAction","target":{"@type":"EntryPoint","urlTemplate":"https:\/\/sulsc.com\/?s={search_term_string}"},"query-input":"required name=search_term_string"}],"inLanguage":"en-US"},{"@type":"Person","@id":"https:\/\/sulsc.com\/#\/schema\/person\/84d2fc571684f6248ba83092f07750a3","name":"Reda\u00e7\u00e3o Sul SC","image":{"@type":"ImageObject","inLanguage":"en-US","@id":"https:\/\/sulsc.com\/#\/schema\/person\/image\/e08d7fe2cc4ed596372063bbe852b8d0","url":"https:\/\/sulsc.com\/wp-content\/uploads\/2023\/09\/redacao.png","contentUrl":"https:\/\/sulsc.com\/wp-content\/uploads\/2023\/09\/redacao.png","caption":"Reda\u00e7\u00e3o Sul SC"},"description":"Foco em um jornalismo imparcial, voltado \u00e0 qualidade dos seus conte\u00fados e, assim, levar informa\u00e7\u00e3o de valor que agregue \u00e0 vida dos leitores. Esta \u00e9 grande miss\u00e3o do Portal de Not\u00edcias Sul SC. N\u00e3o \u00e9 quantidade que muda o mundo, sempre foi e seguir\u00e1 sendo qualidade!","sameAs":["https:\/\/sulsc.com\/","https:\/\/www.facebook.com\/profile.php?id=61559278119680","https:\/\/www.instagram.com\/sulscportal\/?hl=pt-br","https:\/\/twitter.com\/https:\/\/twitter.com\/PortalSulSC","https:\/\/www.youtube.com\/channel\/UCv_BE8GeySluDov2n8qhVmw"],"url":"https:\/\/sulsc.com\/index.php\/author\/redacao\/"}]}},"authors":[],"_links":{"self":[{"href":"https:\/\/sulsc.com\/index.php\/wp-json\/wp\/v2\/posts\/31669"}],"collection":[{"href":"https:\/\/sulsc.com\/index.php\/wp-json\/wp\/v2\/posts"}],"about":[{"href":"https:\/\/sulsc.com\/index.php\/wp-json\/wp\/v2\/types\/post"}],"author":[{"embeddable":true,"href":"https:\/\/sulsc.com\/index.php\/wp-json\/wp\/v2\/users\/3"}],"replies":[{"embeddable":true,"href":"https:\/\/sulsc.com\/index.php\/wp-json\/wp\/v2\/comments?post=31669"}],"version-history":[{"count":3,"href":"https:\/\/sulsc.com\/index.php\/wp-json\/wp\/v2\/posts\/31669\/revisions"}],"predecessor-version":[{"id":31673,"href":"https:\/\/sulsc.com\/index.php\/wp-json\/wp\/v2\/posts\/31669\/revisions\/31673"}],"wp:featuredmedia":[{"embeddable":true,"href":"https:\/\/sulsc.com\/index.php\/wp-json\/wp\/v2\/media\/31670"}],"wp:attachment":[{"href":"https:\/\/sulsc.com\/index.php\/wp-json\/wp\/v2\/media?parent=31669"}],"wp:term":[{"taxonomy":"category","embeddable":true,"href":"https:\/\/sulsc.com\/index.php\/wp-json\/wp\/v2\/categories?post=31669"},{"taxonomy":"post_tag","embeddable":true,"href":"https:\/\/sulsc.com\/index.php\/wp-json\/wp\/v2\/tags?post=31669"}],"curies":[{"name":"wp","href":"https:\/\/api.w.org\/{rel}","templated":true}]}}