{"id":31674,"date":"2026-01-21T08:53:20","date_gmt":"2026-01-21T11:53:20","guid":{"rendered":"https:\/\/sulsc.com\/?p=31674"},"modified":"2026-01-21T08:53:20","modified_gmt":"2026-01-21T11:53:20","slug":"tempo-firme-nesta-quarta-feira-21-com-maximas-acima-de-dos-28oc","status":"publish","type":"post","link":"https:\/\/sulsc.com\/index.php\/2026\/01\/21\/tempo-firme-nesta-quarta-feira-21-com-maximas-acima-de-dos-28oc\/","title":{"rendered":"Tempo firme nesta quarta-feira (21) com m\u00e1ximas acima de dos 28\u00baC"},"content":{"rendered":"<p>Nesta quarta-feira (21), o tempo firme predomina com poucas nuvens em toda Santa Catarina. H\u00e1 condi\u00e7\u00f5es para chuva fraca\/chuviscos isolados em pontos do Litoral nos hor\u00e1rios extremos do dia (ao amanhecer e \u00e0 noite). N\u00e3o h\u00e1 risco para ocorr\u00eancias associadas \u00e0s condi\u00e7\u00f5es de tempo.<\/p>\n<div id=\"metaslider-id-25573\" style=\"width: 100%;\" class=\"ml-slider-3-99-0 metaslider metaslider-flex metaslider-25573 ml-slider has-onhover-arrows ms-theme-default-base has-dots-nav\" role=\"region\" aria-label=\"Meio\" data-width=\"1200\">\n    <div id=\"metaslider_container_25573\">\n        <div id=\"metaslider_25573\">\n            <ul class='slides'>\n                <li style=\"display: block; width: 100%;\" class=\"slide-25684 ms-image \" aria-roledescription=\"slide\" data-date=\"2025-07-24 07:55:40\"><img src=\"https:\/\/sulsc.com\/wp-content\/uploads\/2025\/07\/Marr-2-1000x166.jpg\" height=\"200\" width=\"1200\" alt=\"\" class=\"slider-25573 slide-25684 msDefaultImage\" title=\"Marr 2\" \/><\/li>\n                <li style=\"display: none; width: 100%;\" class=\"slide-32412 ms-image \" aria-roledescription=\"slide\" data-date=\"2026-02-18 13:59:46\"><img src=\"https:\/\/sulsc.com\/wp-content\/uploads\/2026\/02\/40dc1580-cad5-4867-bc58-c4243821ad38-1000x166.jpeg\" height=\"200\" width=\"1200\" alt=\"\" class=\"slider-25573 slide-32412 msDefaultImage\" title=\"40dc1580-cad5-4867-bc58-c4243821ad38\" \/><\/li>\n                <li style=\"display: none; width: 100%;\" class=\"slide-32766 ms-image \" aria-roledescription=\"slide\" data-date=\"2026-03-03 17:22:59\"><img src=\"https:\/\/sulsc.com\/wp-content\/uploads\/2026\/03\/271ce739-f268-41c5-8051-3de1a1750359-1000x166.jpeg\" height=\"200\" width=\"1200\" alt=\"\" class=\"slider-25573 slide-32766 msDefaultImage\" title=\"271ce739-f268-41c5-8051-3de1a1750359\" \/><\/li>\n            <\/ul>\n        <\/div>\n        \n    <\/div>\n<\/div>\n<p><strong>Temperaturas<\/strong><\/p>\n<p>O dia come\u00e7a com varia\u00e7\u00e3o de nebulosidade e temperaturas mais amenas, com m\u00ednimas abaixo de 10\u00b0C na serra e entre 13 e 17\u00b0C nas demais regi\u00f5es. Ao longo das horas, as temperaturas sobem gradativamente e as m\u00e1ximas se aproximam dos 30\u00b0C nas \u00e1reas do Oeste. Nas demais regi\u00f5es, os term\u00f4metros n\u00e3o passam dos 25\u00b0C.<\/p>\n<p><img fetchpriority=\"high\" decoding=\"async\" class=\"aligncenter size-full wp-image-31675\" src=\"http:\/\/sulsc.com\/wp-content\/uploads\/2026\/01\/image-570-1024x694-1.png\" alt=\"\" width=\"1024\" height=\"694\" srcset=\"https:\/\/sulsc.com\/wp-content\/uploads\/2026\/01\/image-570-1024x694-1.png 1024w, https:\/\/sulsc.com\/wp-content\/uploads\/2026\/01\/image-570-1024x694-1-300x203.png 300w, https:\/\/sulsc.com\/wp-content\/uploads\/2026\/01\/image-570-1024x694-1-768x521.png 768w\" sizes=\"(max-width: 1024px) 100vw, 1024px\" \/><\/p>\n<p><img decoding=\"async\" class=\"aligncenter size-full wp-image-22836\" src=\"http:\/\/sulsc.com\/wp-content\/uploads\/2025\/04\/Tempo-2.png\" alt=\"\" width=\"1024\" height=\"189\" srcset=\"https:\/\/sulsc.com\/wp-content\/uploads\/2025\/04\/Tempo-2.png 1024w, https:\/\/sulsc.com\/wp-content\/uploads\/2025\/04\/Tempo-2-300x55.png 300w, https:\/\/sulsc.com\/wp-content\/uploads\/2025\/04\/Tempo-2-768x142.png 768w\" sizes=\"(max-width: 1024px) 100vw, 1024px\" \/><\/p>\n<p><strong>Ventos:<\/strong> sudeste, com varia\u00e7\u00f5es de leste no Litoral Norte e com varia\u00e7\u00f5es de nordeste nas demais regi\u00f5es, fraco a moderado.<\/p>\n<p><strong>Sistema predominante:<\/strong> alta press\u00e3o (massa de ar seco) no litoral Sul do Brasil.<\/p>\n<p><strong>Quinta-feira (22)<\/strong>, sol em SC, com mais nuvens e chuvisco no in\u00edcio e fim do dia do Planalto ao Litoral devido \u00e0 circula\u00e7\u00e3o mar\u00edtima. As temperaturas ficam elevadas, com m\u00e1ximas de 25\u00b0C a 31\u00b0C mais altas no oeste e litoral.<\/p>\n<p>Fontes: Defesa Civil-SC\/Epagri-Ciram<\/p>\n","protected":false},"excerpt":{"rendered":"<p>Nesta quarta-feira (21), o tempo firme predomina com poucas nuvens em toda Santa Catarina. H\u00e1 condi\u00e7\u00f5es para chuva fraca\/chuviscos isolados em pontos do Litoral nos hor\u00e1rios extremos do dia (ao amanhecer e \u00e0 noite). N\u00e3o h\u00e1 risco para ocorr\u00eancias associadas \u00e0s condi\u00e7\u00f5es de tempo. Temperaturas O dia come\u00e7a com varia\u00e7\u00e3o de nebulosidade e temperaturas mais &hellip;<\/p>\n<p class=\"read-more\"> <a class=\"\" href=\"https:\/\/sulsc.com\/index.php\/2026\/01\/21\/tempo-firme-nesta-quarta-feira-21-com-maximas-acima-de-dos-28oc\/\"> <span class=\"screen-reader-text\">Tempo firme nesta quarta-feira (21) com m\u00e1ximas acima de dos 28\u00baC<\/span> Read More &raquo;<\/a><\/p>\n","protected":false},"author":3,"featured_media":2814,"comment_status":"open","ping_status":"open","sticky":false,"template":"","format":"standard","meta":{"site-sidebar-layout":"default","site-content-layout":"","ast-site-content-layout":"default","site-content-style":"default","site-sidebar-style":"default","ast-global-header-display":"","ast-banner-title-visibility":"","ast-main-header-display":"","ast-hfb-above-header-display":"","ast-hfb-below-header-display":"","ast-hfb-mobile-header-display":"","site-post-title":"","ast-breadcrumbs-content":"","ast-featured-img":"","footer-sml-layout":"","theme-transparent-header-meta":"default","adv-header-id-meta":"","stick-header-meta":"","header-above-stick-meta":"","header-main-stick-meta":"","header-below-stick-meta":"","astra-migrate-meta-layouts":"set","footnotes":""},"categories":[1,14,38,12],"tags":[90],"yoast_head":"<!-- This site is optimized with the Yoast SEO plugin v21.4 - https:\/\/yoast.com\/wordpress\/plugins\/seo\/ -->\n<title>Tempo firme nesta quarta-feira (21) com m\u00e1ximas acima de dos 28\u00baC -<\/title>\n<meta name=\"robots\" content=\"index, follow, max-snippet:-1, max-image-preview:large, max-video-preview:-1\" \/>\n<link rel=\"canonical\" href=\"https:\/\/sulsc.com\/index.php\/2026\/01\/21\/tempo-firme-nesta-quarta-feira-21-com-maximas-acima-de-dos-28oc\/\" \/>\n<meta property=\"og:locale\" content=\"en_US\" \/>\n<meta property=\"og:type\" content=\"article\" \/>\n<meta property=\"og:title\" content=\"Tempo firme nesta quarta-feira (21) com m\u00e1ximas acima de dos 28\u00baC -\" \/>\n<meta property=\"og:description\" content=\"Nesta quarta-feira (21), o tempo firme predomina com poucas nuvens em toda Santa Catarina. H\u00e1 condi\u00e7\u00f5es para chuva fraca\/chuviscos isolados em pontos do Litoral nos hor\u00e1rios extremos do dia (ao amanhecer e \u00e0 noite). N\u00e3o h\u00e1 risco para ocorr\u00eancias associadas \u00e0s condi\u00e7\u00f5es de tempo. Temperaturas O dia come\u00e7a com varia\u00e7\u00e3o de nebulosidade e temperaturas mais &hellip; Tempo firme nesta quarta-feira (21) com m\u00e1ximas acima de dos 28\u00baC Read More &raquo;\" \/>\n<meta property=\"og:url\" content=\"https:\/\/sulsc.com\/index.php\/2026\/01\/21\/tempo-firme-nesta-quarta-feira-21-com-maximas-acima-de-dos-28oc\/\" \/>\n<meta property=\"article:author\" content=\"https:\/\/www.facebook.com\/profile.php?id=61559278119680\" \/>\n<meta property=\"article:published_time\" content=\"2026-01-21T11:53:20+00:00\" \/>\n<meta property=\"og:image\" content=\"http:\/\/sulsc.com\/wp-content\/uploads\/2023\/10\/Tempo-Firme-scaled.jpg\" \/>\n\t<meta property=\"og:image:width\" content=\"2560\" \/>\n\t<meta property=\"og:image:height\" content=\"1706\" \/>\n\t<meta property=\"og:image:type\" content=\"image\/jpeg\" \/>\n<meta name=\"author\" content=\"Reda\u00e7\u00e3o Sul SC\" \/>\n<meta name=\"twitter:card\" content=\"summary_large_image\" \/>\n<meta name=\"twitter:creator\" content=\"@https:\/\/twitter.com\/PortalSulSC\" \/>\n<meta name=\"twitter:label1\" content=\"Written by\" \/>\n\t<meta name=\"twitter:data1\" content=\"Reda\u00e7\u00e3o Sul SC\" \/>\n\t<meta name=\"twitter:label2\" content=\"Est. reading time\" \/>\n\t<meta name=\"twitter:data2\" content=\"2 minutes\" \/>\n<script type=\"application\/ld+json\" class=\"yoast-schema-graph\">{\"@context\":\"https:\/\/schema.org\",\"@graph\":[{\"@type\":\"WebPage\",\"@id\":\"https:\/\/sulsc.com\/index.php\/2026\/01\/21\/tempo-firme-nesta-quarta-feira-21-com-maximas-acima-de-dos-28oc\/\",\"url\":\"https:\/\/sulsc.com\/index.php\/2026\/01\/21\/tempo-firme-nesta-quarta-feira-21-com-maximas-acima-de-dos-28oc\/\",\"name\":\"Tempo firme nesta quarta-feira (21) com m\u00e1ximas acima de dos 28\u00baC -\",\"isPartOf\":{\"@id\":\"https:\/\/sulsc.com\/#website\"},\"datePublished\":\"2026-01-21T11:53:20+00:00\",\"dateModified\":\"2026-01-21T11:53:20+00:00\",\"author\":{\"@id\":\"https:\/\/sulsc.com\/#\/schema\/person\/84d2fc571684f6248ba83092f07750a3\"},\"breadcrumb\":{\"@id\":\"https:\/\/sulsc.com\/index.php\/2026\/01\/21\/tempo-firme-nesta-quarta-feira-21-com-maximas-acima-de-dos-28oc\/#breadcrumb\"},\"inLanguage\":\"en-US\",\"potentialAction\":[{\"@type\":\"ReadAction\",\"target\":[\"https:\/\/sulsc.com\/index.php\/2026\/01\/21\/tempo-firme-nesta-quarta-feira-21-com-maximas-acima-de-dos-28oc\/\"]}]},{\"@type\":\"BreadcrumbList\",\"@id\":\"https:\/\/sulsc.com\/index.php\/2026\/01\/21\/tempo-firme-nesta-quarta-feira-21-com-maximas-acima-de-dos-28oc\/#breadcrumb\",\"itemListElement\":[{\"@type\":\"ListItem\",\"position\":1,\"name\":\"In\u00edcio\",\"item\":\"https:\/\/sulsc.com\/\"},{\"@type\":\"ListItem\",\"position\":2,\"name\":\"Tempo firme nesta quarta-feira (21) com m\u00e1ximas acima de dos 28\u00baC\"}]},{\"@type\":\"WebSite\",\"@id\":\"https:\/\/sulsc.com\/#website\",\"url\":\"https:\/\/sulsc.com\/\",\"name\":\"\",\"description\":\"\",\"potentialAction\":[{\"@type\":\"SearchAction\",\"target\":{\"@type\":\"EntryPoint\",\"urlTemplate\":\"https:\/\/sulsc.com\/?s={search_term_string}\"},\"query-input\":\"required name=search_term_string\"}],\"inLanguage\":\"en-US\"},{\"@type\":\"Person\",\"@id\":\"https:\/\/sulsc.com\/#\/schema\/person\/84d2fc571684f6248ba83092f07750a3\",\"name\":\"Reda\u00e7\u00e3o Sul SC\",\"image\":{\"@type\":\"ImageObject\",\"inLanguage\":\"en-US\",\"@id\":\"https:\/\/sulsc.com\/#\/schema\/person\/image\/e08d7fe2cc4ed596372063bbe852b8d0\",\"url\":\"https:\/\/sulsc.com\/wp-content\/uploads\/2023\/09\/redacao.png\",\"contentUrl\":\"https:\/\/sulsc.com\/wp-content\/uploads\/2023\/09\/redacao.png\",\"caption\":\"Reda\u00e7\u00e3o Sul SC\"},\"description\":\"Foco em um jornalismo imparcial, voltado \u00e0 qualidade dos seus conte\u00fados e, assim, levar informa\u00e7\u00e3o de valor que agregue \u00e0 vida dos leitores. Esta \u00e9 grande miss\u00e3o do Portal de Not\u00edcias Sul SC. N\u00e3o \u00e9 quantidade que muda o mundo, sempre foi e seguir\u00e1 sendo qualidade!\",\"sameAs\":[\"https:\/\/sulsc.com\/\",\"https:\/\/www.facebook.com\/profile.php?id=61559278119680\",\"https:\/\/www.instagram.com\/sulscportal\/?hl=pt-br\",\"https:\/\/twitter.com\/https:\/\/twitter.com\/PortalSulSC\",\"https:\/\/www.youtube.com\/channel\/UCv_BE8GeySluDov2n8qhVmw\"],\"url\":\"https:\/\/sulsc.com\/index.php\/author\/redacao\/\"}]}<\/script>\n<!-- \/ Yoast SEO plugin. -->","yoast_head_json":{"title":"Tempo firme nesta quarta-feira (21) com m\u00e1ximas acima de dos 28\u00baC -","robots":{"index":"index","follow":"follow","max-snippet":"max-snippet:-1","max-image-preview":"max-image-preview:large","max-video-preview":"max-video-preview:-1"},"canonical":"https:\/\/sulsc.com\/index.php\/2026\/01\/21\/tempo-firme-nesta-quarta-feira-21-com-maximas-acima-de-dos-28oc\/","og_locale":"en_US","og_type":"article","og_title":"Tempo firme nesta quarta-feira (21) com m\u00e1ximas acima de dos 28\u00baC -","og_description":"Nesta quarta-feira (21), o tempo firme predomina com poucas nuvens em toda Santa Catarina. H\u00e1 condi\u00e7\u00f5es para chuva fraca\/chuviscos isolados em pontos do Litoral nos hor\u00e1rios extremos do dia (ao amanhecer e \u00e0 noite). N\u00e3o h\u00e1 risco para ocorr\u00eancias associadas \u00e0s condi\u00e7\u00f5es de tempo. Temperaturas O dia come\u00e7a com varia\u00e7\u00e3o de nebulosidade e temperaturas mais &hellip; Tempo firme nesta quarta-feira (21) com m\u00e1ximas acima de dos 28\u00baC Read More &raquo;","og_url":"https:\/\/sulsc.com\/index.php\/2026\/01\/21\/tempo-firme-nesta-quarta-feira-21-com-maximas-acima-de-dos-28oc\/","article_author":"https:\/\/www.facebook.com\/profile.php?id=61559278119680","article_published_time":"2026-01-21T11:53:20+00:00","og_image":[{"width":2560,"height":1706,"url":"http:\/\/sulsc.com\/wp-content\/uploads\/2023\/10\/Tempo-Firme-scaled.jpg","type":"image\/jpeg"}],"author":"Reda\u00e7\u00e3o Sul SC","twitter_card":"summary_large_image","twitter_creator":"@https:\/\/twitter.com\/PortalSulSC","twitter_misc":{"Written by":"Reda\u00e7\u00e3o Sul SC","Est. reading time":"2 minutes"},"schema":{"@context":"https:\/\/schema.org","@graph":[{"@type":"WebPage","@id":"https:\/\/sulsc.com\/index.php\/2026\/01\/21\/tempo-firme-nesta-quarta-feira-21-com-maximas-acima-de-dos-28oc\/","url":"https:\/\/sulsc.com\/index.php\/2026\/01\/21\/tempo-firme-nesta-quarta-feira-21-com-maximas-acima-de-dos-28oc\/","name":"Tempo firme nesta quarta-feira (21) com m\u00e1ximas acima de dos 28\u00baC -","isPartOf":{"@id":"https:\/\/sulsc.com\/#website"},"datePublished":"2026-01-21T11:53:20+00:00","dateModified":"2026-01-21T11:53:20+00:00","author":{"@id":"https:\/\/sulsc.com\/#\/schema\/person\/84d2fc571684f6248ba83092f07750a3"},"breadcrumb":{"@id":"https:\/\/sulsc.com\/index.php\/2026\/01\/21\/tempo-firme-nesta-quarta-feira-21-com-maximas-acima-de-dos-28oc\/#breadcrumb"},"inLanguage":"en-US","potentialAction":[{"@type":"ReadAction","target":["https:\/\/sulsc.com\/index.php\/2026\/01\/21\/tempo-firme-nesta-quarta-feira-21-com-maximas-acima-de-dos-28oc\/"]}]},{"@type":"BreadcrumbList","@id":"https:\/\/sulsc.com\/index.php\/2026\/01\/21\/tempo-firme-nesta-quarta-feira-21-com-maximas-acima-de-dos-28oc\/#breadcrumb","itemListElement":[{"@type":"ListItem","position":1,"name":"In\u00edcio","item":"https:\/\/sulsc.com\/"},{"@type":"ListItem","position":2,"name":"Tempo firme nesta quarta-feira (21) com m\u00e1ximas acima de dos 28\u00baC"}]},{"@type":"WebSite","@id":"https:\/\/sulsc.com\/#website","url":"https:\/\/sulsc.com\/","name":"","description":"","potentialAction":[{"@type":"SearchAction","target":{"@type":"EntryPoint","urlTemplate":"https:\/\/sulsc.com\/?s={search_term_string}"},"query-input":"required name=search_term_string"}],"inLanguage":"en-US"},{"@type":"Person","@id":"https:\/\/sulsc.com\/#\/schema\/person\/84d2fc571684f6248ba83092f07750a3","name":"Reda\u00e7\u00e3o Sul SC","image":{"@type":"ImageObject","inLanguage":"en-US","@id":"https:\/\/sulsc.com\/#\/schema\/person\/image\/e08d7fe2cc4ed596372063bbe852b8d0","url":"https:\/\/sulsc.com\/wp-content\/uploads\/2023\/09\/redacao.png","contentUrl":"https:\/\/sulsc.com\/wp-content\/uploads\/2023\/09\/redacao.png","caption":"Reda\u00e7\u00e3o Sul SC"},"description":"Foco em um jornalismo imparcial, voltado \u00e0 qualidade dos seus conte\u00fados e, assim, levar informa\u00e7\u00e3o de valor que agregue \u00e0 vida dos leitores. Esta \u00e9 grande miss\u00e3o do Portal de Not\u00edcias Sul SC. N\u00e3o \u00e9 quantidade que muda o mundo, sempre foi e seguir\u00e1 sendo qualidade!","sameAs":["https:\/\/sulsc.com\/","https:\/\/www.facebook.com\/profile.php?id=61559278119680","https:\/\/www.instagram.com\/sulscportal\/?hl=pt-br","https:\/\/twitter.com\/https:\/\/twitter.com\/PortalSulSC","https:\/\/www.youtube.com\/channel\/UCv_BE8GeySluDov2n8qhVmw"],"url":"https:\/\/sulsc.com\/index.php\/author\/redacao\/"}]}},"authors":[],"_links":{"self":[{"href":"https:\/\/sulsc.com\/index.php\/wp-json\/wp\/v2\/posts\/31674"}],"collection":[{"href":"https:\/\/sulsc.com\/index.php\/wp-json\/wp\/v2\/posts"}],"about":[{"href":"https:\/\/sulsc.com\/index.php\/wp-json\/wp\/v2\/types\/post"}],"author":[{"embeddable":true,"href":"https:\/\/sulsc.com\/index.php\/wp-json\/wp\/v2\/users\/3"}],"replies":[{"embeddable":true,"href":"https:\/\/sulsc.com\/index.php\/wp-json\/wp\/v2\/comments?post=31674"}],"version-history":[{"count":1,"href":"https:\/\/sulsc.com\/index.php\/wp-json\/wp\/v2\/posts\/31674\/revisions"}],"predecessor-version":[{"id":31676,"href":"https:\/\/sulsc.com\/index.php\/wp-json\/wp\/v2\/posts\/31674\/revisions\/31676"}],"wp:featuredmedia":[{"embeddable":true,"href":"https:\/\/sulsc.com\/index.php\/wp-json\/wp\/v2\/media\/2814"}],"wp:attachment":[{"href":"https:\/\/sulsc.com\/index.php\/wp-json\/wp\/v2\/media?parent=31674"}],"wp:term":[{"taxonomy":"category","embeddable":true,"href":"https:\/\/sulsc.com\/index.php\/wp-json\/wp\/v2\/categories?post=31674"},{"taxonomy":"post_tag","embeddable":true,"href":"https:\/\/sulsc.com\/index.php\/wp-json\/wp\/v2\/tags?post=31674"}],"curies":[{"name":"wp","href":"https:\/\/api.w.org\/{rel}","templated":true}]}}