{"id":31684,"date":"2026-01-21T09:42:13","date_gmt":"2026-01-21T12:42:13","guid":{"rendered":"https:\/\/sulsc.com\/?p=31684"},"modified":"2026-01-21T09:42:13","modified_gmt":"2026-01-21T12:42:13","slug":"inscricoes-no-prouni-comecam-nesta-segunda-feira-26","status":"publish","type":"post","link":"https:\/\/sulsc.com\/index.php\/2026\/01\/21\/inscricoes-no-prouni-comecam-nesta-segunda-feira-26\/","title":{"rendered":"Inscri\u00e7\u00f5es no ProUni come\u00e7am nesta segunda-feira (26)"},"content":{"rendered":"<p>Os resultados do Exame Nacional do Ensino M\u00e9dio (Enem) de 2025 foram divulgados na \u00faltima sexta-feira (15) e agora os candidatos miram nas oportunidades de acesso ao ensino superior a partir da nota obtida na prova. Al\u00e9m do Sistema de Sele\u00e7\u00e3o Unificada (Sisu), cujas inscri\u00e7\u00f5es j\u00e1 est\u00e3o abertas, quem quiser disputar uma bolsa de estudo do Programa Universidade para Todos (ProUni) poder\u00e1 se candidatas a partir da pr\u00f3xima segunda-feira, 26 de janeiro.<\/p>\n<p>De acordo com o edital, o Prouni vai oferecer 594 mil bolsas nesta edi\u00e7\u00e3o. Segundo o Minist\u00e9rio da Educa\u00e7\u00e3o (MEC), \u00e9 a maior oferta da hist\u00f3ria do programa..<\/p>\n<div id=\"metaslider-id-25573\" style=\"width: 100%;\" class=\"ml-slider-3-99-0 metaslider metaslider-flex metaslider-25573 ml-slider has-onhover-arrows ms-theme-default-base has-dots-nav\" role=\"region\" aria-label=\"Meio\" data-width=\"1200\">\n    <div id=\"metaslider_container_25573\">\n        <div id=\"metaslider_25573\">\n            <ul class='slides'>\n                <li style=\"display: block; width: 100%;\" class=\"slide-25684 ms-image \" aria-roledescription=\"slide\" data-date=\"2025-07-24 07:55:40\"><img src=\"https:\/\/sulsc.com\/wp-content\/uploads\/2025\/07\/Marr-2-1000x166.jpg\" height=\"200\" width=\"1200\" alt=\"\" class=\"slider-25573 slide-25684 msDefaultImage\" title=\"Marr 2\" \/><\/li>\n                <li style=\"display: none; width: 100%;\" class=\"slide-32412 ms-image \" aria-roledescription=\"slide\" data-date=\"2026-02-18 13:59:46\"><img src=\"https:\/\/sulsc.com\/wp-content\/uploads\/2026\/02\/40dc1580-cad5-4867-bc58-c4243821ad38-1000x166.jpeg\" height=\"200\" width=\"1200\" alt=\"\" class=\"slider-25573 slide-32412 msDefaultImage\" title=\"40dc1580-cad5-4867-bc58-c4243821ad38\" \/><\/li>\n                <li style=\"display: none; width: 100%;\" class=\"slide-32766 ms-image \" aria-roledescription=\"slide\" data-date=\"2026-03-03 17:22:59\"><img src=\"https:\/\/sulsc.com\/wp-content\/uploads\/2026\/03\/271ce739-f268-41c5-8051-3de1a1750359-1000x166.jpeg\" height=\"200\" width=\"1200\" alt=\"\" class=\"slider-25573 slide-32766 msDefaultImage\" title=\"271ce739-f268-41c5-8051-3de1a1750359\" \/><\/li>\n            <\/ul>\n        <\/div>\n        \n    <\/div>\n<\/div>\n<p><strong>Bolsas<\/strong><br \/>\nDo total, 274.819 bolsas s\u00e3o integrais, que custeiam 100% da mensalidade, e 319.700 custeiam 50% da mensalidade. Administra\u00e7\u00e3o (63.978) e ci\u00eancias cont\u00e1beis (41.864) somam o maior n\u00famero de bolsas.<\/p>\n<div id=\"metaslider-id-25573\" style=\"width: 100%;\" class=\"ml-slider-3-99-0 metaslider metaslider-flex metaslider-25573 ml-slider has-onhover-arrows ms-theme-default-base has-dots-nav\" role=\"region\" aria-label=\"Meio\" data-width=\"1200\">\n    <div id=\"metaslider_container_25573\">\n        <div id=\"metaslider_25573\">\n            <ul class='slides'>\n                <li style=\"display: block; width: 100%;\" class=\"slide-25684 ms-image \" aria-roledescription=\"slide\" data-date=\"2025-07-24 07:55:40\"><img src=\"https:\/\/sulsc.com\/wp-content\/uploads\/2025\/07\/Marr-2-1000x166.jpg\" height=\"200\" width=\"1200\" alt=\"\" class=\"slider-25573 slide-25684 msDefaultImage\" title=\"Marr 2\" \/><\/li>\n                <li style=\"display: none; width: 100%;\" class=\"slide-32412 ms-image \" aria-roledescription=\"slide\" data-date=\"2026-02-18 13:59:46\"><img src=\"https:\/\/sulsc.com\/wp-content\/uploads\/2026\/02\/40dc1580-cad5-4867-bc58-c4243821ad38-1000x166.jpeg\" height=\"200\" width=\"1200\" alt=\"\" class=\"slider-25573 slide-32412 msDefaultImage\" title=\"40dc1580-cad5-4867-bc58-c4243821ad38\" \/><\/li>\n                <li style=\"display: none; width: 100%;\" class=\"slide-32766 ms-image \" aria-roledescription=\"slide\" data-date=\"2026-03-03 17:22:59\"><img src=\"https:\/\/sulsc.com\/wp-content\/uploads\/2026\/03\/271ce739-f268-41c5-8051-3de1a1750359-1000x166.jpeg\" height=\"200\" width=\"1200\" alt=\"\" class=\"slider-25573 slide-32766 msDefaultImage\" title=\"271ce739-f268-41c5-8051-3de1a1750359\" \/><\/li>\n            <\/ul>\n        <\/div>\n        \n    <\/div>\n<\/div>\n<p>A maior parte da oferta \u00e9 para cursos de bacharelado: 328.175 bolsas. H\u00e1 ainda 253.597 para cursos tecnol\u00f3gicos e 12.747 para licenciatura.<\/p>\n<p>As inscri\u00e7\u00f5es no programa estar\u00e3o abertas de 26 a 29 de janeiro pelo <strong>\u00a0<\/strong><a href=\"https:\/\/acessounico.mec.gov.br\/prouni\" target=\"_blank\" rel=\"noopener\"><strong>Portal \u00danico de Acesso ao Ensino Superior<\/strong><\/a>. Na p\u00e1gina, os candidatos j\u00e1 podem consultar as vagas ofertadas por curso, turno, institui\u00e7\u00e3o e local de oferta.<\/p>\n<p>A sele\u00e7\u00e3o \u00e9 feita por meio da nota do Enem. Para participar, o estudante deve ter completado o ensino m\u00e9dio ou participado das edi\u00e7\u00f5es de 2024 ou 2025 do exame. \u00c9 necess\u00e1rio ainda ter nota m\u00ednima de 450 pontos na m\u00e9dia das provas e n\u00e3o ter zerado a reda\u00e7\u00e3o.<\/p>\n<p>Podem concorrer, estudantes que cursaram o ensino m\u00e9dio na rede p\u00fablica ou na rede privada na condi\u00e7\u00e3o de bolsistas. Quem cursou o ensino m\u00e9dio integralmente na rede privada tamb\u00e9m pode disputar o benef\u00edcio, desde que se encaixe nos crit\u00e9rios de renda. Tamb\u00e9m t\u00eam acesso \u00e0 pol\u00edtica p\u00fablica pessoas com defici\u00eancia e professores da rede p\u00fablica. Os crit\u00e9rios para a candidatura est\u00e3o detalhados no edital.<\/p>\n<p>No caso das bolsas integrais, \u00e9 necess\u00e1rio que a renda familiar bruta mensal por pessoa n\u00e3o exceda o valor de 1,5 sal\u00e1rio m\u00ednimo. J\u00e1 para bolsas parciais, \u00e9 preciso que a renda familiar bruta mensal por pessoa n\u00e3o exceda o valor de tr\u00eas sal\u00e1rios m\u00ednimos.<\/p>\n<p><strong>Cronograma ProUni 1\/2026<\/strong><\/p>\n<p>Inscri\u00e7\u00f5es &#8211; 26 a 29 de janeiro<\/p>\n<p>Resultado da 1\u00aa chamada \u2013 3 de fevereiro<\/p>\n<p>Resultado da 2\u00aa chamada \u2013 2 de mar\u00e7o<\/p>\n<p>Manifesta\u00e7\u00e3o de interesse na lista de espera \u2013 25 e 26 de mar\u00e7o<\/p>\n<p>Resultado da lista de espera \u2013 31 de mar\u00e7o<\/p>\n<p><img fetchpriority=\"high\" decoding=\"async\" class=\"aligncenter size-full wp-image-31685\" src=\"http:\/\/sulsc.com\/wp-content\/uploads\/2026\/01\/20230627_123947_0.webp\" alt=\"\" width=\"1170\" height=\"700\" srcset=\"https:\/\/sulsc.com\/wp-content\/uploads\/2026\/01\/20230627_123947_0.webp 1170w, https:\/\/sulsc.com\/wp-content\/uploads\/2026\/01\/20230627_123947_0-300x179.webp 300w, https:\/\/sulsc.com\/wp-content\/uploads\/2026\/01\/20230627_123947_0-1024x613.webp 1024w, https:\/\/sulsc.com\/wp-content\/uploads\/2026\/01\/20230627_123947_0-768x459.webp 768w\" sizes=\"(max-width: 1170px) 100vw, 1170px\" \/><\/p>\n<p>Foto: Rafa Neddermeyer\/divulga\u00e7\u00e3o\/SulSC<\/p>\n","protected":false},"excerpt":{"rendered":"<p>Os resultados do Exame Nacional do Ensino M\u00e9dio (Enem) de 2025 foram divulgados na \u00faltima sexta-feira (15) e agora os candidatos miram nas oportunidades de acesso ao ensino superior a partir da nota obtida na prova. Al\u00e9m do Sistema de Sele\u00e7\u00e3o Unificada (Sisu), cujas inscri\u00e7\u00f5es j\u00e1 est\u00e3o abertas, quem quiser disputar uma bolsa de estudo &hellip;<\/p>\n<p class=\"read-more\"> <a class=\"\" href=\"https:\/\/sulsc.com\/index.php\/2026\/01\/21\/inscricoes-no-prouni-comecam-nesta-segunda-feira-26\/\"> <span class=\"screen-reader-text\">Inscri\u00e7\u00f5es no ProUni come\u00e7am nesta segunda-feira (26)<\/span> Read More &raquo;<\/a><\/p>\n","protected":false},"author":3,"featured_media":31685,"comment_status":"open","ping_status":"open","sticky":false,"template":"","format":"standard","meta":{"site-sidebar-layout":"default","site-content-layout":"","ast-site-content-layout":"default","site-content-style":"default","site-sidebar-style":"default","ast-global-header-display":"","ast-banner-title-visibility":"","ast-main-header-display":"","ast-hfb-above-header-display":"","ast-hfb-below-header-display":"","ast-hfb-mobile-header-display":"","site-post-title":"","ast-breadcrumbs-content":"","ast-featured-img":"","footer-sml-layout":"","theme-transparent-header-meta":"default","adv-header-id-meta":"","stick-header-meta":"","header-above-stick-meta":"","header-main-stick-meta":"","header-below-stick-meta":"","astra-migrate-meta-layouts":"set","footnotes":""},"categories":[2321,1,15,12],"tags":[998],"yoast_head":"<!-- This site is optimized with the Yoast SEO plugin v21.4 - https:\/\/yoast.com\/wordpress\/plugins\/seo\/ -->\n<title>Inscri\u00e7\u00f5es no ProUni come\u00e7am nesta segunda-feira (26) -<\/title>\n<meta name=\"robots\" content=\"index, follow, max-snippet:-1, max-image-preview:large, max-video-preview:-1\" \/>\n<link rel=\"canonical\" href=\"https:\/\/sulsc.com\/index.php\/2026\/01\/21\/inscricoes-no-prouni-comecam-nesta-segunda-feira-26\/\" \/>\n<meta property=\"og:locale\" content=\"en_US\" \/>\n<meta property=\"og:type\" content=\"article\" \/>\n<meta property=\"og:title\" content=\"Inscri\u00e7\u00f5es no ProUni come\u00e7am nesta segunda-feira (26) -\" \/>\n<meta property=\"og:description\" content=\"Os resultados do Exame Nacional do Ensino M\u00e9dio (Enem) de 2025 foram divulgados na \u00faltima sexta-feira (15) e agora os candidatos miram nas oportunidades de acesso ao ensino superior a partir da nota obtida na prova. Al\u00e9m do Sistema de Sele\u00e7\u00e3o Unificada (Sisu), cujas inscri\u00e7\u00f5es j\u00e1 est\u00e3o abertas, quem quiser disputar uma bolsa de estudo &hellip; Inscri\u00e7\u00f5es no ProUni come\u00e7am nesta segunda-feira (26) Read More &raquo;\" \/>\n<meta property=\"og:url\" content=\"https:\/\/sulsc.com\/index.php\/2026\/01\/21\/inscricoes-no-prouni-comecam-nesta-segunda-feira-26\/\" \/>\n<meta property=\"article:author\" content=\"https:\/\/www.facebook.com\/profile.php?id=61559278119680\" \/>\n<meta property=\"article:published_time\" content=\"2026-01-21T12:42:13+00:00\" \/>\n<meta property=\"og:image\" content=\"http:\/\/sulsc.com\/wp-content\/uploads\/2026\/01\/20230627_123947_0.webp\" \/>\n\t<meta property=\"og:image:width\" content=\"1170\" \/>\n\t<meta property=\"og:image:height\" content=\"700\" \/>\n\t<meta property=\"og:image:type\" content=\"image\/webp\" \/>\n<meta name=\"author\" content=\"Reda\u00e7\u00e3o Sul SC\" \/>\n<meta name=\"twitter:card\" content=\"summary_large_image\" \/>\n<meta name=\"twitter:creator\" content=\"@https:\/\/twitter.com\/PortalSulSC\" \/>\n<meta name=\"twitter:label1\" content=\"Written by\" \/>\n\t<meta name=\"twitter:data1\" content=\"Reda\u00e7\u00e3o Sul SC\" \/>\n\t<meta name=\"twitter:label2\" content=\"Est. reading time\" \/>\n\t<meta name=\"twitter:data2\" content=\"2 minutes\" \/>\n<script type=\"application\/ld+json\" class=\"yoast-schema-graph\">{\"@context\":\"https:\/\/schema.org\",\"@graph\":[{\"@type\":\"WebPage\",\"@id\":\"https:\/\/sulsc.com\/index.php\/2026\/01\/21\/inscricoes-no-prouni-comecam-nesta-segunda-feira-26\/\",\"url\":\"https:\/\/sulsc.com\/index.php\/2026\/01\/21\/inscricoes-no-prouni-comecam-nesta-segunda-feira-26\/\",\"name\":\"Inscri\u00e7\u00f5es no ProUni come\u00e7am nesta segunda-feira (26) -\",\"isPartOf\":{\"@id\":\"https:\/\/sulsc.com\/#website\"},\"datePublished\":\"2026-01-21T12:42:13+00:00\",\"dateModified\":\"2026-01-21T12:42:13+00:00\",\"author\":{\"@id\":\"https:\/\/sulsc.com\/#\/schema\/person\/84d2fc571684f6248ba83092f07750a3\"},\"breadcrumb\":{\"@id\":\"https:\/\/sulsc.com\/index.php\/2026\/01\/21\/inscricoes-no-prouni-comecam-nesta-segunda-feira-26\/#breadcrumb\"},\"inLanguage\":\"en-US\",\"potentialAction\":[{\"@type\":\"ReadAction\",\"target\":[\"https:\/\/sulsc.com\/index.php\/2026\/01\/21\/inscricoes-no-prouni-comecam-nesta-segunda-feira-26\/\"]}]},{\"@type\":\"BreadcrumbList\",\"@id\":\"https:\/\/sulsc.com\/index.php\/2026\/01\/21\/inscricoes-no-prouni-comecam-nesta-segunda-feira-26\/#breadcrumb\",\"itemListElement\":[{\"@type\":\"ListItem\",\"position\":1,\"name\":\"In\u00edcio\",\"item\":\"https:\/\/sulsc.com\/\"},{\"@type\":\"ListItem\",\"position\":2,\"name\":\"Inscri\u00e7\u00f5es no ProUni come\u00e7am nesta segunda-feira (26)\"}]},{\"@type\":\"WebSite\",\"@id\":\"https:\/\/sulsc.com\/#website\",\"url\":\"https:\/\/sulsc.com\/\",\"name\":\"\",\"description\":\"\",\"potentialAction\":[{\"@type\":\"SearchAction\",\"target\":{\"@type\":\"EntryPoint\",\"urlTemplate\":\"https:\/\/sulsc.com\/?s={search_term_string}\"},\"query-input\":\"required name=search_term_string\"}],\"inLanguage\":\"en-US\"},{\"@type\":\"Person\",\"@id\":\"https:\/\/sulsc.com\/#\/schema\/person\/84d2fc571684f6248ba83092f07750a3\",\"name\":\"Reda\u00e7\u00e3o Sul SC\",\"image\":{\"@type\":\"ImageObject\",\"inLanguage\":\"en-US\",\"@id\":\"https:\/\/sulsc.com\/#\/schema\/person\/image\/e08d7fe2cc4ed596372063bbe852b8d0\",\"url\":\"https:\/\/sulsc.com\/wp-content\/uploads\/2023\/09\/redacao.png\",\"contentUrl\":\"https:\/\/sulsc.com\/wp-content\/uploads\/2023\/09\/redacao.png\",\"caption\":\"Reda\u00e7\u00e3o Sul SC\"},\"description\":\"Foco em um jornalismo imparcial, voltado \u00e0 qualidade dos seus conte\u00fados e, assim, levar informa\u00e7\u00e3o de valor que agregue \u00e0 vida dos leitores. Esta \u00e9 grande miss\u00e3o do Portal de Not\u00edcias Sul SC. N\u00e3o \u00e9 quantidade que muda o mundo, sempre foi e seguir\u00e1 sendo qualidade!\",\"sameAs\":[\"https:\/\/sulsc.com\/\",\"https:\/\/www.facebook.com\/profile.php?id=61559278119680\",\"https:\/\/www.instagram.com\/sulscportal\/?hl=pt-br\",\"https:\/\/twitter.com\/https:\/\/twitter.com\/PortalSulSC\",\"https:\/\/www.youtube.com\/channel\/UCv_BE8GeySluDov2n8qhVmw\"],\"url\":\"https:\/\/sulsc.com\/index.php\/author\/redacao\/\"}]}<\/script>\n<!-- \/ Yoast SEO plugin. -->","yoast_head_json":{"title":"Inscri\u00e7\u00f5es no ProUni come\u00e7am nesta segunda-feira (26) -","robots":{"index":"index","follow":"follow","max-snippet":"max-snippet:-1","max-image-preview":"max-image-preview:large","max-video-preview":"max-video-preview:-1"},"canonical":"https:\/\/sulsc.com\/index.php\/2026\/01\/21\/inscricoes-no-prouni-comecam-nesta-segunda-feira-26\/","og_locale":"en_US","og_type":"article","og_title":"Inscri\u00e7\u00f5es no ProUni come\u00e7am nesta segunda-feira (26) -","og_description":"Os resultados do Exame Nacional do Ensino M\u00e9dio (Enem) de 2025 foram divulgados na \u00faltima sexta-feira (15) e agora os candidatos miram nas oportunidades de acesso ao ensino superior a partir da nota obtida na prova. Al\u00e9m do Sistema de Sele\u00e7\u00e3o Unificada (Sisu), cujas inscri\u00e7\u00f5es j\u00e1 est\u00e3o abertas, quem quiser disputar uma bolsa de estudo &hellip; Inscri\u00e7\u00f5es no ProUni come\u00e7am nesta segunda-feira (26) Read More &raquo;","og_url":"https:\/\/sulsc.com\/index.php\/2026\/01\/21\/inscricoes-no-prouni-comecam-nesta-segunda-feira-26\/","article_author":"https:\/\/www.facebook.com\/profile.php?id=61559278119680","article_published_time":"2026-01-21T12:42:13+00:00","og_image":[{"width":1170,"height":700,"url":"http:\/\/sulsc.com\/wp-content\/uploads\/2026\/01\/20230627_123947_0.webp","type":"image\/webp"}],"author":"Reda\u00e7\u00e3o Sul SC","twitter_card":"summary_large_image","twitter_creator":"@https:\/\/twitter.com\/PortalSulSC","twitter_misc":{"Written by":"Reda\u00e7\u00e3o Sul SC","Est. reading time":"2 minutes"},"schema":{"@context":"https:\/\/schema.org","@graph":[{"@type":"WebPage","@id":"https:\/\/sulsc.com\/index.php\/2026\/01\/21\/inscricoes-no-prouni-comecam-nesta-segunda-feira-26\/","url":"https:\/\/sulsc.com\/index.php\/2026\/01\/21\/inscricoes-no-prouni-comecam-nesta-segunda-feira-26\/","name":"Inscri\u00e7\u00f5es no ProUni come\u00e7am nesta segunda-feira (26) -","isPartOf":{"@id":"https:\/\/sulsc.com\/#website"},"datePublished":"2026-01-21T12:42:13+00:00","dateModified":"2026-01-21T12:42:13+00:00","author":{"@id":"https:\/\/sulsc.com\/#\/schema\/person\/84d2fc571684f6248ba83092f07750a3"},"breadcrumb":{"@id":"https:\/\/sulsc.com\/index.php\/2026\/01\/21\/inscricoes-no-prouni-comecam-nesta-segunda-feira-26\/#breadcrumb"},"inLanguage":"en-US","potentialAction":[{"@type":"ReadAction","target":["https:\/\/sulsc.com\/index.php\/2026\/01\/21\/inscricoes-no-prouni-comecam-nesta-segunda-feira-26\/"]}]},{"@type":"BreadcrumbList","@id":"https:\/\/sulsc.com\/index.php\/2026\/01\/21\/inscricoes-no-prouni-comecam-nesta-segunda-feira-26\/#breadcrumb","itemListElement":[{"@type":"ListItem","position":1,"name":"In\u00edcio","item":"https:\/\/sulsc.com\/"},{"@type":"ListItem","position":2,"name":"Inscri\u00e7\u00f5es no ProUni come\u00e7am nesta segunda-feira (26)"}]},{"@type":"WebSite","@id":"https:\/\/sulsc.com\/#website","url":"https:\/\/sulsc.com\/","name":"","description":"","potentialAction":[{"@type":"SearchAction","target":{"@type":"EntryPoint","urlTemplate":"https:\/\/sulsc.com\/?s={search_term_string}"},"query-input":"required name=search_term_string"}],"inLanguage":"en-US"},{"@type":"Person","@id":"https:\/\/sulsc.com\/#\/schema\/person\/84d2fc571684f6248ba83092f07750a3","name":"Reda\u00e7\u00e3o Sul SC","image":{"@type":"ImageObject","inLanguage":"en-US","@id":"https:\/\/sulsc.com\/#\/schema\/person\/image\/e08d7fe2cc4ed596372063bbe852b8d0","url":"https:\/\/sulsc.com\/wp-content\/uploads\/2023\/09\/redacao.png","contentUrl":"https:\/\/sulsc.com\/wp-content\/uploads\/2023\/09\/redacao.png","caption":"Reda\u00e7\u00e3o Sul SC"},"description":"Foco em um jornalismo imparcial, voltado \u00e0 qualidade dos seus conte\u00fados e, assim, levar informa\u00e7\u00e3o de valor que agregue \u00e0 vida dos leitores. Esta \u00e9 grande miss\u00e3o do Portal de Not\u00edcias Sul SC. N\u00e3o \u00e9 quantidade que muda o mundo, sempre foi e seguir\u00e1 sendo qualidade!","sameAs":["https:\/\/sulsc.com\/","https:\/\/www.facebook.com\/profile.php?id=61559278119680","https:\/\/www.instagram.com\/sulscportal\/?hl=pt-br","https:\/\/twitter.com\/https:\/\/twitter.com\/PortalSulSC","https:\/\/www.youtube.com\/channel\/UCv_BE8GeySluDov2n8qhVmw"],"url":"https:\/\/sulsc.com\/index.php\/author\/redacao\/"}]}},"authors":[],"_links":{"self":[{"href":"https:\/\/sulsc.com\/index.php\/wp-json\/wp\/v2\/posts\/31684"}],"collection":[{"href":"https:\/\/sulsc.com\/index.php\/wp-json\/wp\/v2\/posts"}],"about":[{"href":"https:\/\/sulsc.com\/index.php\/wp-json\/wp\/v2\/types\/post"}],"author":[{"embeddable":true,"href":"https:\/\/sulsc.com\/index.php\/wp-json\/wp\/v2\/users\/3"}],"replies":[{"embeddable":true,"href":"https:\/\/sulsc.com\/index.php\/wp-json\/wp\/v2\/comments?post=31684"}],"version-history":[{"count":1,"href":"https:\/\/sulsc.com\/index.php\/wp-json\/wp\/v2\/posts\/31684\/revisions"}],"predecessor-version":[{"id":31686,"href":"https:\/\/sulsc.com\/index.php\/wp-json\/wp\/v2\/posts\/31684\/revisions\/31686"}],"wp:featuredmedia":[{"embeddable":true,"href":"https:\/\/sulsc.com\/index.php\/wp-json\/wp\/v2\/media\/31685"}],"wp:attachment":[{"href":"https:\/\/sulsc.com\/index.php\/wp-json\/wp\/v2\/media?parent=31684"}],"wp:term":[{"taxonomy":"category","embeddable":true,"href":"https:\/\/sulsc.com\/index.php\/wp-json\/wp\/v2\/categories?post=31684"},{"taxonomy":"post_tag","embeddable":true,"href":"https:\/\/sulsc.com\/index.php\/wp-json\/wp\/v2\/tags?post=31684"}],"curies":[{"name":"wp","href":"https:\/\/api.w.org\/{rel}","templated":true}]}}