{"id":31714,"date":"2026-01-22T07:25:29","date_gmt":"2026-01-22T10:25:29","guid":{"rendered":"https:\/\/sulsc.com\/?p=31714"},"modified":"2026-01-22T07:25:29","modified_gmt":"2026-01-22T10:25:29","slug":"empresa-racli-segunda-colocada-na-licitacao-do-lixo-em-tubarao-apresenta-documentos-e-deve-voltar-a-assumir-a-coleta-na-cidade","status":"publish","type":"post","link":"https:\/\/sulsc.com\/index.php\/2026\/01\/22\/empresa-racli-segunda-colocada-na-licitacao-do-lixo-em-tubarao-apresenta-documentos-e-deve-voltar-a-assumir-a-coleta-na-cidade\/","title":{"rendered":"Empresa Racli segunda colocada na licita\u00e7\u00e3o do lixo em Tubar\u00e3o apresenta documentos e deve voltar a assumir a coleta na cidade"},"content":{"rendered":"<p>O processo de licita\u00e7\u00e3o para a contrata\u00e7\u00e3o definitiva da empresa respons\u00e1vel pela coleta de lixo em Tubar\u00e3o teve novos desdobramentos nesta quarta-feira (21), ap\u00f3s a desist\u00eancia da empresa classificada em primeiro lugar no preg\u00e3o.<\/p>\n<div id=\"metaslider-id-25573\" style=\"width: 100%;\" class=\"ml-slider-3-99-0 metaslider metaslider-flex metaslider-25573 ml-slider has-onhover-arrows ms-theme-default-base has-dots-nav\" role=\"region\" aria-label=\"Meio\" data-width=\"1200\">\n    <div id=\"metaslider_container_25573\">\n        <div id=\"metaslider_25573\">\n            <ul class='slides'>\n                <li style=\"display: block; width: 100%;\" class=\"slide-25684 ms-image \" aria-roledescription=\"slide\" data-date=\"2025-07-24 07:55:40\"><img src=\"https:\/\/sulsc.com\/wp-content\/uploads\/2025\/07\/Marr-2-1000x166.jpg\" height=\"200\" width=\"1200\" alt=\"\" class=\"slider-25573 slide-25684 msDefaultImage\" title=\"Marr 2\" \/><\/li>\n                <li style=\"display: none; width: 100%;\" class=\"slide-32412 ms-image \" aria-roledescription=\"slide\" data-date=\"2026-02-18 13:59:46\"><img src=\"https:\/\/sulsc.com\/wp-content\/uploads\/2026\/02\/40dc1580-cad5-4867-bc58-c4243821ad38-1000x166.jpeg\" height=\"200\" width=\"1200\" alt=\"\" class=\"slider-25573 slide-32412 msDefaultImage\" title=\"40dc1580-cad5-4867-bc58-c4243821ad38\" \/><\/li>\n                <li style=\"display: none; width: 100%;\" class=\"slide-32766 ms-image \" aria-roledescription=\"slide\" data-date=\"2026-03-03 17:22:59\"><img src=\"https:\/\/sulsc.com\/wp-content\/uploads\/2026\/03\/271ce739-f268-41c5-8051-3de1a1750359-1000x166.jpeg\" height=\"200\" width=\"1200\" alt=\"\" class=\"slider-25573 slide-32766 msDefaultImage\" title=\"271ce739-f268-41c5-8051-3de1a1750359\" \/><\/li>\n            <\/ul>\n        <\/div>\n        \n    <\/div>\n<\/div>\n<p>Com isso, a prefeitura convocou a empresa Racli, segunda colocada, que j\u00e1 entregou a documenta\u00e7\u00e3o exigida pelo edital. Agora, a equipe t\u00e9cnica analisa essa documenta\u00e7\u00e3o na etapa chamada de Proposta Readequada, que envolve as planilhas de custos e valores da opera\u00e7\u00e3o.<\/p>\n<p>Ap\u00f3s essa an\u00e1lise, a sess\u00e3o ser\u00e1 reaberta para a divulga\u00e7\u00e3o do parecer. Caso seja positivo, a empresa dever\u00e1 apresentar os documentos de Qualifica\u00e7\u00e3o T\u00e9cnica, o que levar\u00e1 a uma nova suspens\u00e3o da sess\u00e3o. Conclu\u00edda essa etapa, a sess\u00e3o \u00e9 retomada para an\u00fancio do resultado. Se aprovado, abre-se o prazo para eventuais recursos por parte das outras empresas, etapa que pode levar alguns dias.<\/p>\n<p>Encerrado esse tr\u00e2mite, havendo ou n\u00e3o recursos, as partes ter\u00e3o at\u00e9 cinco dias \u00fateis para a assinatura do contrato.<\/p>\n<p>LOTE 2 \u2013 No Lote 2, referente \u00e0 Coleta Seletiva, o processo tamb\u00e9m est\u00e1 na fase de an\u00e1lise da Proposta Readequada. Ap\u00f3s essa an\u00e1lise, a sess\u00e3o ser\u00e1 retomada para an\u00fancio do parecer e, se positivo, para solicita\u00e7\u00e3o da documenta\u00e7\u00e3o de Qualifica\u00e7\u00e3o T\u00e9cnica.<\/p>\n<p>A empresa atualmente em an\u00e1lise foi a terceira colocada no preg\u00e3o, j\u00e1 que as duas primeiras foram desclassificadas por n\u00e3o se manifestarem dentro do prazo previsto em edital.<\/p>\n<p><img fetchpriority=\"high\" decoding=\"async\" class=\"aligncenter size-full wp-image-31715\" src=\"http:\/\/sulsc.com\/wp-content\/uploads\/2026\/01\/03f6183a-2289-451b-a7b5-4c3613b35d31.jpeg\" alt=\"\" width=\"576\" height=\"384\" srcset=\"https:\/\/sulsc.com\/wp-content\/uploads\/2026\/01\/03f6183a-2289-451b-a7b5-4c3613b35d31.jpeg 576w, https:\/\/sulsc.com\/wp-content\/uploads\/2026\/01\/03f6183a-2289-451b-a7b5-4c3613b35d31-300x200.jpeg 300w\" sizes=\"(max-width: 576px) 100vw, 576px\" \/><\/p>\n","protected":false},"excerpt":{"rendered":"<p>O processo de licita\u00e7\u00e3o para a contrata\u00e7\u00e3o definitiva da empresa respons\u00e1vel pela coleta de lixo em Tubar\u00e3o teve novos desdobramentos nesta quarta-feira (21), ap\u00f3s a desist\u00eancia da empresa classificada em primeiro lugar no preg\u00e3o. Com isso, a prefeitura convocou a empresa Racli, segunda colocada, que j\u00e1 entregou a documenta\u00e7\u00e3o exigida pelo edital. Agora, a equipe &hellip;<\/p>\n<p class=\"read-more\"> <a class=\"\" href=\"https:\/\/sulsc.com\/index.php\/2026\/01\/22\/empresa-racli-segunda-colocada-na-licitacao-do-lixo-em-tubarao-apresenta-documentos-e-deve-voltar-a-assumir-a-coleta-na-cidade\/\"> <span class=\"screen-reader-text\">Empresa Racli segunda colocada na licita\u00e7\u00e3o do lixo em Tubar\u00e3o apresenta documentos e deve voltar a assumir a coleta na cidade<\/span> Read More &raquo;<\/a><\/p>\n","protected":false},"author":3,"featured_media":31715,"comment_status":"open","ping_status":"open","sticky":false,"template":"","format":"standard","meta":{"site-sidebar-layout":"default","site-content-layout":"","ast-site-content-layout":"default","site-content-style":"default","site-sidebar-style":"default","ast-global-header-display":"","ast-banner-title-visibility":"","ast-main-header-display":"","ast-hfb-above-header-display":"","ast-hfb-below-header-display":"","ast-hfb-mobile-header-display":"","site-post-title":"","ast-breadcrumbs-content":"","ast-featured-img":"","footer-sml-layout":"","theme-transparent-header-meta":"default","adv-header-id-meta":"","stick-header-meta":"","header-above-stick-meta":"","header-main-stick-meta":"","header-below-stick-meta":"","astra-migrate-meta-layouts":"set","footnotes":""},"categories":[2231,1,14,21,12],"tags":[1411],"yoast_head":"<!-- This site is optimized with the Yoast SEO plugin v21.4 - https:\/\/yoast.com\/wordpress\/plugins\/seo\/ -->\n<title>Empresa Racli segunda colocada na licita\u00e7\u00e3o do lixo em Tubar\u00e3o apresenta documentos e deve voltar a assumir a coleta na cidade -<\/title>\n<meta name=\"robots\" content=\"index, follow, max-snippet:-1, max-image-preview:large, max-video-preview:-1\" \/>\n<link rel=\"canonical\" href=\"https:\/\/sulsc.com\/index.php\/2026\/01\/22\/empresa-racli-segunda-colocada-na-licitacao-do-lixo-em-tubarao-apresenta-documentos-e-deve-voltar-a-assumir-a-coleta-na-cidade\/\" \/>\n<meta property=\"og:locale\" content=\"en_US\" \/>\n<meta property=\"og:type\" content=\"article\" \/>\n<meta property=\"og:title\" content=\"Empresa Racli segunda colocada na licita\u00e7\u00e3o do lixo em Tubar\u00e3o apresenta documentos e deve voltar a assumir a coleta na cidade -\" \/>\n<meta property=\"og:description\" content=\"O processo de licita\u00e7\u00e3o para a contrata\u00e7\u00e3o definitiva da empresa respons\u00e1vel pela coleta de lixo em Tubar\u00e3o teve novos desdobramentos nesta quarta-feira (21), ap\u00f3s a desist\u00eancia da empresa classificada em primeiro lugar no preg\u00e3o. Com isso, a prefeitura convocou a empresa Racli, segunda colocada, que j\u00e1 entregou a documenta\u00e7\u00e3o exigida pelo edital. Agora, a equipe &hellip; Empresa Racli segunda colocada na licita\u00e7\u00e3o do lixo em Tubar\u00e3o apresenta documentos e deve voltar a assumir a coleta na cidade Read More &raquo;\" \/>\n<meta property=\"og:url\" content=\"https:\/\/sulsc.com\/index.php\/2026\/01\/22\/empresa-racli-segunda-colocada-na-licitacao-do-lixo-em-tubarao-apresenta-documentos-e-deve-voltar-a-assumir-a-coleta-na-cidade\/\" \/>\n<meta property=\"article:author\" content=\"https:\/\/www.facebook.com\/profile.php?id=61559278119680\" \/>\n<meta property=\"article:published_time\" content=\"2026-01-22T10:25:29+00:00\" \/>\n<meta property=\"og:image\" content=\"http:\/\/sulsc.com\/wp-content\/uploads\/2026\/01\/03f6183a-2289-451b-a7b5-4c3613b35d31.jpeg\" \/>\n\t<meta property=\"og:image:width\" content=\"576\" \/>\n\t<meta property=\"og:image:height\" content=\"384\" \/>\n\t<meta property=\"og:image:type\" content=\"image\/jpeg\" \/>\n<meta name=\"author\" content=\"Reda\u00e7\u00e3o Sul SC\" \/>\n<meta name=\"twitter:card\" content=\"summary_large_image\" \/>\n<meta name=\"twitter:creator\" content=\"@https:\/\/twitter.com\/PortalSulSC\" \/>\n<meta name=\"twitter:label1\" content=\"Written by\" \/>\n\t<meta name=\"twitter:data1\" content=\"Reda\u00e7\u00e3o Sul SC\" \/>\n\t<meta name=\"twitter:label2\" content=\"Est. reading time\" \/>\n\t<meta name=\"twitter:data2\" content=\"2 minutes\" \/>\n<script type=\"application\/ld+json\" class=\"yoast-schema-graph\">{\"@context\":\"https:\/\/schema.org\",\"@graph\":[{\"@type\":\"WebPage\",\"@id\":\"https:\/\/sulsc.com\/index.php\/2026\/01\/22\/empresa-racli-segunda-colocada-na-licitacao-do-lixo-em-tubarao-apresenta-documentos-e-deve-voltar-a-assumir-a-coleta-na-cidade\/\",\"url\":\"https:\/\/sulsc.com\/index.php\/2026\/01\/22\/empresa-racli-segunda-colocada-na-licitacao-do-lixo-em-tubarao-apresenta-documentos-e-deve-voltar-a-assumir-a-coleta-na-cidade\/\",\"name\":\"Empresa Racli segunda colocada na licita\u00e7\u00e3o do lixo em Tubar\u00e3o apresenta documentos e deve voltar a assumir a coleta na cidade -\",\"isPartOf\":{\"@id\":\"https:\/\/sulsc.com\/#website\"},\"datePublished\":\"2026-01-22T10:25:29+00:00\",\"dateModified\":\"2026-01-22T10:25:29+00:00\",\"author\":{\"@id\":\"https:\/\/sulsc.com\/#\/schema\/person\/84d2fc571684f6248ba83092f07750a3\"},\"breadcrumb\":{\"@id\":\"https:\/\/sulsc.com\/index.php\/2026\/01\/22\/empresa-racli-segunda-colocada-na-licitacao-do-lixo-em-tubarao-apresenta-documentos-e-deve-voltar-a-assumir-a-coleta-na-cidade\/#breadcrumb\"},\"inLanguage\":\"en-US\",\"potentialAction\":[{\"@type\":\"ReadAction\",\"target\":[\"https:\/\/sulsc.com\/index.php\/2026\/01\/22\/empresa-racli-segunda-colocada-na-licitacao-do-lixo-em-tubarao-apresenta-documentos-e-deve-voltar-a-assumir-a-coleta-na-cidade\/\"]}]},{\"@type\":\"BreadcrumbList\",\"@id\":\"https:\/\/sulsc.com\/index.php\/2026\/01\/22\/empresa-racli-segunda-colocada-na-licitacao-do-lixo-em-tubarao-apresenta-documentos-e-deve-voltar-a-assumir-a-coleta-na-cidade\/#breadcrumb\",\"itemListElement\":[{\"@type\":\"ListItem\",\"position\":1,\"name\":\"In\u00edcio\",\"item\":\"https:\/\/sulsc.com\/\"},{\"@type\":\"ListItem\",\"position\":2,\"name\":\"Empresa Racli segunda colocada na licita\u00e7\u00e3o do lixo em Tubar\u00e3o apresenta documentos e deve voltar a assumir a coleta na cidade\"}]},{\"@type\":\"WebSite\",\"@id\":\"https:\/\/sulsc.com\/#website\",\"url\":\"https:\/\/sulsc.com\/\",\"name\":\"\",\"description\":\"\",\"potentialAction\":[{\"@type\":\"SearchAction\",\"target\":{\"@type\":\"EntryPoint\",\"urlTemplate\":\"https:\/\/sulsc.com\/?s={search_term_string}\"},\"query-input\":\"required name=search_term_string\"}],\"inLanguage\":\"en-US\"},{\"@type\":\"Person\",\"@id\":\"https:\/\/sulsc.com\/#\/schema\/person\/84d2fc571684f6248ba83092f07750a3\",\"name\":\"Reda\u00e7\u00e3o Sul SC\",\"image\":{\"@type\":\"ImageObject\",\"inLanguage\":\"en-US\",\"@id\":\"https:\/\/sulsc.com\/#\/schema\/person\/image\/e08d7fe2cc4ed596372063bbe852b8d0\",\"url\":\"https:\/\/sulsc.com\/wp-content\/uploads\/2023\/09\/redacao.png\",\"contentUrl\":\"https:\/\/sulsc.com\/wp-content\/uploads\/2023\/09\/redacao.png\",\"caption\":\"Reda\u00e7\u00e3o Sul SC\"},\"description\":\"Foco em um jornalismo imparcial, voltado \u00e0 qualidade dos seus conte\u00fados e, assim, levar informa\u00e7\u00e3o de valor que agregue \u00e0 vida dos leitores. Esta \u00e9 grande miss\u00e3o do Portal de Not\u00edcias Sul SC. N\u00e3o \u00e9 quantidade que muda o mundo, sempre foi e seguir\u00e1 sendo qualidade!\",\"sameAs\":[\"https:\/\/sulsc.com\/\",\"https:\/\/www.facebook.com\/profile.php?id=61559278119680\",\"https:\/\/www.instagram.com\/sulscportal\/?hl=pt-br\",\"https:\/\/twitter.com\/https:\/\/twitter.com\/PortalSulSC\",\"https:\/\/www.youtube.com\/channel\/UCv_BE8GeySluDov2n8qhVmw\"],\"url\":\"https:\/\/sulsc.com\/index.php\/author\/redacao\/\"}]}<\/script>\n<!-- \/ Yoast SEO plugin. -->","yoast_head_json":{"title":"Empresa Racli segunda colocada na licita\u00e7\u00e3o do lixo em Tubar\u00e3o apresenta documentos e deve voltar a assumir a coleta na cidade -","robots":{"index":"index","follow":"follow","max-snippet":"max-snippet:-1","max-image-preview":"max-image-preview:large","max-video-preview":"max-video-preview:-1"},"canonical":"https:\/\/sulsc.com\/index.php\/2026\/01\/22\/empresa-racli-segunda-colocada-na-licitacao-do-lixo-em-tubarao-apresenta-documentos-e-deve-voltar-a-assumir-a-coleta-na-cidade\/","og_locale":"en_US","og_type":"article","og_title":"Empresa Racli segunda colocada na licita\u00e7\u00e3o do lixo em Tubar\u00e3o apresenta documentos e deve voltar a assumir a coleta na cidade -","og_description":"O processo de licita\u00e7\u00e3o para a contrata\u00e7\u00e3o definitiva da empresa respons\u00e1vel pela coleta de lixo em Tubar\u00e3o teve novos desdobramentos nesta quarta-feira (21), ap\u00f3s a desist\u00eancia da empresa classificada em primeiro lugar no preg\u00e3o. Com isso, a prefeitura convocou a empresa Racli, segunda colocada, que j\u00e1 entregou a documenta\u00e7\u00e3o exigida pelo edital. Agora, a equipe &hellip; Empresa Racli segunda colocada na licita\u00e7\u00e3o do lixo em Tubar\u00e3o apresenta documentos e deve voltar a assumir a coleta na cidade Read More &raquo;","og_url":"https:\/\/sulsc.com\/index.php\/2026\/01\/22\/empresa-racli-segunda-colocada-na-licitacao-do-lixo-em-tubarao-apresenta-documentos-e-deve-voltar-a-assumir-a-coleta-na-cidade\/","article_author":"https:\/\/www.facebook.com\/profile.php?id=61559278119680","article_published_time":"2026-01-22T10:25:29+00:00","og_image":[{"width":576,"height":384,"url":"http:\/\/sulsc.com\/wp-content\/uploads\/2026\/01\/03f6183a-2289-451b-a7b5-4c3613b35d31.jpeg","type":"image\/jpeg"}],"author":"Reda\u00e7\u00e3o Sul SC","twitter_card":"summary_large_image","twitter_creator":"@https:\/\/twitter.com\/PortalSulSC","twitter_misc":{"Written by":"Reda\u00e7\u00e3o Sul SC","Est. reading time":"2 minutes"},"schema":{"@context":"https:\/\/schema.org","@graph":[{"@type":"WebPage","@id":"https:\/\/sulsc.com\/index.php\/2026\/01\/22\/empresa-racli-segunda-colocada-na-licitacao-do-lixo-em-tubarao-apresenta-documentos-e-deve-voltar-a-assumir-a-coleta-na-cidade\/","url":"https:\/\/sulsc.com\/index.php\/2026\/01\/22\/empresa-racli-segunda-colocada-na-licitacao-do-lixo-em-tubarao-apresenta-documentos-e-deve-voltar-a-assumir-a-coleta-na-cidade\/","name":"Empresa Racli segunda colocada na licita\u00e7\u00e3o do lixo em Tubar\u00e3o apresenta documentos e deve voltar a assumir a coleta na cidade -","isPartOf":{"@id":"https:\/\/sulsc.com\/#website"},"datePublished":"2026-01-22T10:25:29+00:00","dateModified":"2026-01-22T10:25:29+00:00","author":{"@id":"https:\/\/sulsc.com\/#\/schema\/person\/84d2fc571684f6248ba83092f07750a3"},"breadcrumb":{"@id":"https:\/\/sulsc.com\/index.php\/2026\/01\/22\/empresa-racli-segunda-colocada-na-licitacao-do-lixo-em-tubarao-apresenta-documentos-e-deve-voltar-a-assumir-a-coleta-na-cidade\/#breadcrumb"},"inLanguage":"en-US","potentialAction":[{"@type":"ReadAction","target":["https:\/\/sulsc.com\/index.php\/2026\/01\/22\/empresa-racli-segunda-colocada-na-licitacao-do-lixo-em-tubarao-apresenta-documentos-e-deve-voltar-a-assumir-a-coleta-na-cidade\/"]}]},{"@type":"BreadcrumbList","@id":"https:\/\/sulsc.com\/index.php\/2026\/01\/22\/empresa-racli-segunda-colocada-na-licitacao-do-lixo-em-tubarao-apresenta-documentos-e-deve-voltar-a-assumir-a-coleta-na-cidade\/#breadcrumb","itemListElement":[{"@type":"ListItem","position":1,"name":"In\u00edcio","item":"https:\/\/sulsc.com\/"},{"@type":"ListItem","position":2,"name":"Empresa Racli segunda colocada na licita\u00e7\u00e3o do lixo em Tubar\u00e3o apresenta documentos e deve voltar a assumir a coleta na cidade"}]},{"@type":"WebSite","@id":"https:\/\/sulsc.com\/#website","url":"https:\/\/sulsc.com\/","name":"","description":"","potentialAction":[{"@type":"SearchAction","target":{"@type":"EntryPoint","urlTemplate":"https:\/\/sulsc.com\/?s={search_term_string}"},"query-input":"required name=search_term_string"}],"inLanguage":"en-US"},{"@type":"Person","@id":"https:\/\/sulsc.com\/#\/schema\/person\/84d2fc571684f6248ba83092f07750a3","name":"Reda\u00e7\u00e3o Sul SC","image":{"@type":"ImageObject","inLanguage":"en-US","@id":"https:\/\/sulsc.com\/#\/schema\/person\/image\/e08d7fe2cc4ed596372063bbe852b8d0","url":"https:\/\/sulsc.com\/wp-content\/uploads\/2023\/09\/redacao.png","contentUrl":"https:\/\/sulsc.com\/wp-content\/uploads\/2023\/09\/redacao.png","caption":"Reda\u00e7\u00e3o Sul SC"},"description":"Foco em um jornalismo imparcial, voltado \u00e0 qualidade dos seus conte\u00fados e, assim, levar informa\u00e7\u00e3o de valor que agregue \u00e0 vida dos leitores. Esta \u00e9 grande miss\u00e3o do Portal de Not\u00edcias Sul SC. N\u00e3o \u00e9 quantidade que muda o mundo, sempre foi e seguir\u00e1 sendo qualidade!","sameAs":["https:\/\/sulsc.com\/","https:\/\/www.facebook.com\/profile.php?id=61559278119680","https:\/\/www.instagram.com\/sulscportal\/?hl=pt-br","https:\/\/twitter.com\/https:\/\/twitter.com\/PortalSulSC","https:\/\/www.youtube.com\/channel\/UCv_BE8GeySluDov2n8qhVmw"],"url":"https:\/\/sulsc.com\/index.php\/author\/redacao\/"}]}},"authors":[],"_links":{"self":[{"href":"https:\/\/sulsc.com\/index.php\/wp-json\/wp\/v2\/posts\/31714"}],"collection":[{"href":"https:\/\/sulsc.com\/index.php\/wp-json\/wp\/v2\/posts"}],"about":[{"href":"https:\/\/sulsc.com\/index.php\/wp-json\/wp\/v2\/types\/post"}],"author":[{"embeddable":true,"href":"https:\/\/sulsc.com\/index.php\/wp-json\/wp\/v2\/users\/3"}],"replies":[{"embeddable":true,"href":"https:\/\/sulsc.com\/index.php\/wp-json\/wp\/v2\/comments?post=31714"}],"version-history":[{"count":1,"href":"https:\/\/sulsc.com\/index.php\/wp-json\/wp\/v2\/posts\/31714\/revisions"}],"predecessor-version":[{"id":31716,"href":"https:\/\/sulsc.com\/index.php\/wp-json\/wp\/v2\/posts\/31714\/revisions\/31716"}],"wp:featuredmedia":[{"embeddable":true,"href":"https:\/\/sulsc.com\/index.php\/wp-json\/wp\/v2\/media\/31715"}],"wp:attachment":[{"href":"https:\/\/sulsc.com\/index.php\/wp-json\/wp\/v2\/media?parent=31714"}],"wp:term":[{"taxonomy":"category","embeddable":true,"href":"https:\/\/sulsc.com\/index.php\/wp-json\/wp\/v2\/categories?post=31714"},{"taxonomy":"post_tag","embeddable":true,"href":"https:\/\/sulsc.com\/index.php\/wp-json\/wp\/v2\/tags?post=31714"}],"curies":[{"name":"wp","href":"https:\/\/api.w.org\/{rel}","templated":true}]}}