{"id":31728,"date":"2026-01-22T19:06:10","date_gmt":"2026-01-22T22:06:10","guid":{"rendered":"https:\/\/sulsc.com\/?p=31728"},"modified":"2026-01-22T19:06:10","modified_gmt":"2026-01-22T22:06:10","slug":"homem-fica-preso-em-telhado-na-igreja-santo-antonio-de-padua-em-tubarao","status":"publish","type":"post","link":"https:\/\/sulsc.com\/index.php\/2026\/01\/22\/homem-fica-preso-em-telhado-na-igreja-santo-antonio-de-padua-em-tubarao\/","title":{"rendered":"Homem fica preso em telhado na Igreja Santo Ant\u00f4nio de P\u00e1dua em Tubar\u00e3o"},"content":{"rendered":"<p>Na tarde desta quinta-feira (22),\u00a0 o Corpo de Bombeiros de Tubar\u00e3o foi acionado para um resgate em uma igreja\u00a0 Santo Ant\u00f4nio de P\u00e1dua, em Tubar\u00e3o. Um homem sem utilizar qualquer dispositivo de seguran\u00e7a, acabou ficando preso a aproximadamente 10 metros de altura ap\u00f3s subir no telhado para executar servi\u00e7os el\u00e9tricos.<\/p>\n<div id=\"metaslider-id-25573\" style=\"width: 100%;\" class=\"ml-slider-3-99-0 metaslider metaslider-flex metaslider-25573 ml-slider has-onhover-arrows ms-theme-default-base has-dots-nav\" role=\"region\" aria-label=\"Meio\" data-width=\"1200\">\n    <div id=\"metaslider_container_25573\">\n        <div id=\"metaslider_25573\">\n            <ul class='slides'>\n                <li style=\"display: block; width: 100%;\" class=\"slide-25684 ms-image \" aria-roledescription=\"slide\" data-date=\"2025-07-24 07:55:40\"><img src=\"https:\/\/sulsc.com\/wp-content\/uploads\/2025\/07\/Marr-2-1000x166.jpg\" height=\"200\" width=\"1200\" alt=\"\" class=\"slider-25573 slide-25684 msDefaultImage\" title=\"Marr 2\" \/><\/li>\n                <li style=\"display: none; width: 100%;\" class=\"slide-32412 ms-image \" aria-roledescription=\"slide\" data-date=\"2026-02-18 13:59:46\"><img src=\"https:\/\/sulsc.com\/wp-content\/uploads\/2026\/02\/40dc1580-cad5-4867-bc58-c4243821ad38-1000x166.jpeg\" height=\"200\" width=\"1200\" alt=\"\" class=\"slider-25573 slide-32412 msDefaultImage\" title=\"40dc1580-cad5-4867-bc58-c4243821ad38\" \/><\/li>\n                <li style=\"display: none; width: 100%;\" class=\"slide-32766 ms-image \" aria-roledescription=\"slide\" data-date=\"2026-03-03 17:22:59\"><img src=\"https:\/\/sulsc.com\/wp-content\/uploads\/2026\/03\/271ce739-f268-41c5-8051-3de1a1750359-1000x166.jpeg\" height=\"200\" width=\"1200\" alt=\"\" class=\"slider-25573 slide-32766 msDefaultImage\" title=\"271ce739-f268-41c5-8051-3de1a1750359\" \/><\/li>\n            <\/ul>\n        <\/div>\n        \n    <\/div>\n<\/div>\n<p>Ao chegar ao local, a equipe constatou que o telhado havia sofrido um rompimento parcial, deixando a v\u00edtima pendurada no forro da igreja, que tamb\u00e9m apresentava riscos estruturais. Diante da iminente possibilidade de queda, os bombeiros rapidamente iniciaram t\u00e9cnicas de salvamento em altura, realizando a ancoragem do homem para neutralizar o risco.<\/p>\n<p>No entanto, enquanto preparavam um sistema de descida controlada, a estrutura do forro come\u00e7ou a ceder, dificultando a aproxima\u00e7\u00e3o segura das equipes. Para garantir a seguran\u00e7a da opera\u00e7\u00e3o, o CBMSC contatou o Corpo de Bombeiros e acionou equipes de apoio, incluindo caminh\u00f5es com lan\u00e7a tipo Muck e ve\u00edculos com cesto a\u00e9reo.<\/p>\n<p>A empresa CERGAL tamb\u00e9m colaborou, disponibilizando uma caminhonete equipada com cesto elevat\u00f3rio, que foi posicionada no interior da igreja. Ap\u00f3s amarrar o forro para evitar o colapso total da estrutura, a v\u00edtima foi retirada com seguran\u00e7a atrav\u00e9s do cesto, enquanto o sistema de descida controlada garantiu sua seguran\u00e7a.<\/p>\n<p>Al\u00e9m da CERGAL, a opera\u00e7\u00e3o contou com o apoio da empresa FAN Guindastes, que enviou um caminh\u00e3o Muck com lan\u00e7a de 29 metros, e a Copagro, com um caminh\u00e3o Muck de 21 metros. Ap\u00f3s o resgate, a v\u00edtima foi levada ao Hospital de Tubar\u00e3o para avalia\u00e7\u00e3o m\u00e9dica, enquanto o local ficou sob a responsabilidade do Padre Matheus Scremim Magagnim, respons\u00e1vel pela edifica\u00e7\u00e3o.<\/p>\n<p><img fetchpriority=\"high\" decoding=\"async\" class=\"aligncenter size-full wp-image-31729\" src=\"http:\/\/sulsc.com\/wp-content\/uploads\/2026\/01\/e1276d7c-d3fb-4622-976a-bde1943c5225.jpeg\" alt=\"\" width=\"1200\" height=\"1600\" srcset=\"https:\/\/sulsc.com\/wp-content\/uploads\/2026\/01\/e1276d7c-d3fb-4622-976a-bde1943c5225.jpeg 1200w, https:\/\/sulsc.com\/wp-content\/uploads\/2026\/01\/e1276d7c-d3fb-4622-976a-bde1943c5225-225x300.jpeg 225w, https:\/\/sulsc.com\/wp-content\/uploads\/2026\/01\/e1276d7c-d3fb-4622-976a-bde1943c5225-768x1024.jpeg 768w, https:\/\/sulsc.com\/wp-content\/uploads\/2026\/01\/e1276d7c-d3fb-4622-976a-bde1943c5225-1152x1536.jpeg 1152w\" sizes=\"(max-width: 1200px) 100vw, 1200px\" \/><\/p>\n<p>CBMSC\/Divulga\u00e7\u00e3o\/SulSC<\/p>\n","protected":false},"excerpt":{"rendered":"<p>Na tarde desta quinta-feira (22),\u00a0 o Corpo de Bombeiros de Tubar\u00e3o foi acionado para um resgate em uma igreja\u00a0 Santo Ant\u00f4nio de P\u00e1dua, em Tubar\u00e3o. Um homem sem utilizar qualquer dispositivo de seguran\u00e7a, acabou ficando preso a aproximadamente 10 metros de altura ap\u00f3s subir no telhado para executar servi\u00e7os el\u00e9tricos. Ao chegar ao local, a &hellip;<\/p>\n<p class=\"read-more\"> <a class=\"\" href=\"https:\/\/sulsc.com\/index.php\/2026\/01\/22\/homem-fica-preso-em-telhado-na-igreja-santo-antonio-de-padua-em-tubarao\/\"> <span class=\"screen-reader-text\">Homem fica preso em telhado na Igreja Santo Ant\u00f4nio de P\u00e1dua em Tubar\u00e3o<\/span> Read More &raquo;<\/a><\/p>\n","protected":false},"author":3,"featured_media":31730,"comment_status":"open","ping_status":"open","sticky":false,"template":"","format":"standard","meta":{"site-sidebar-layout":"default","site-content-layout":"","ast-site-content-layout":"default","site-content-style":"default","site-sidebar-style":"default","ast-global-header-display":"","ast-banner-title-visibility":"","ast-main-header-display":"","ast-hfb-above-header-display":"","ast-hfb-below-header-display":"","ast-hfb-mobile-header-display":"","site-post-title":"","ast-breadcrumbs-content":"","ast-featured-img":"","footer-sml-layout":"","theme-transparent-header-meta":"default","adv-header-id-meta":"","stick-header-meta":"","header-above-stick-meta":"","header-main-stick-meta":"","header-below-stick-meta":"","astra-migrate-meta-layouts":"set","footnotes":""},"categories":[2231,1,2782,21,12],"tags":[391],"yoast_head":"<!-- This site is optimized with the Yoast SEO plugin v21.4 - https:\/\/yoast.com\/wordpress\/plugins\/seo\/ -->\n<title>Homem fica preso em telhado na Igreja Santo Ant\u00f4nio de P\u00e1dua em Tubar\u00e3o -<\/title>\n<meta name=\"robots\" content=\"index, follow, max-snippet:-1, max-image-preview:large, max-video-preview:-1\" \/>\n<link rel=\"canonical\" href=\"https:\/\/sulsc.com\/index.php\/2026\/01\/22\/homem-fica-preso-em-telhado-na-igreja-santo-antonio-de-padua-em-tubarao\/\" \/>\n<meta property=\"og:locale\" content=\"en_US\" \/>\n<meta property=\"og:type\" content=\"article\" \/>\n<meta property=\"og:title\" content=\"Homem fica preso em telhado na Igreja Santo Ant\u00f4nio de P\u00e1dua em Tubar\u00e3o -\" \/>\n<meta property=\"og:description\" content=\"Na tarde desta quinta-feira (22),\u00a0 o Corpo de Bombeiros de Tubar\u00e3o foi acionado para um resgate em uma igreja\u00a0 Santo Ant\u00f4nio de P\u00e1dua, em Tubar\u00e3o. Um homem sem utilizar qualquer dispositivo de seguran\u00e7a, acabou ficando preso a aproximadamente 10 metros de altura ap\u00f3s subir no telhado para executar servi\u00e7os el\u00e9tricos. Ao chegar ao local, a &hellip; Homem fica preso em telhado na Igreja Santo Ant\u00f4nio de P\u00e1dua em Tubar\u00e3o Read More &raquo;\" \/>\n<meta property=\"og:url\" content=\"https:\/\/sulsc.com\/index.php\/2026\/01\/22\/homem-fica-preso-em-telhado-na-igreja-santo-antonio-de-padua-em-tubarao\/\" \/>\n<meta property=\"article:author\" content=\"https:\/\/www.facebook.com\/profile.php?id=61559278119680\" \/>\n<meta property=\"article:published_time\" content=\"2026-01-22T22:06:10+00:00\" \/>\n<meta property=\"og:image\" content=\"http:\/\/sulsc.com\/wp-content\/uploads\/2026\/01\/56f6d37f-d0c8-40b2-b438-dc70dac2ed44.jpeg\" \/>\n\t<meta property=\"og:image:width\" content=\"1200\" \/>\n\t<meta property=\"og:image:height\" content=\"1600\" \/>\n\t<meta property=\"og:image:type\" content=\"image\/jpeg\" \/>\n<meta name=\"author\" content=\"Reda\u00e7\u00e3o Sul SC\" \/>\n<meta name=\"twitter:card\" content=\"summary_large_image\" \/>\n<meta name=\"twitter:creator\" content=\"@https:\/\/twitter.com\/PortalSulSC\" \/>\n<meta name=\"twitter:label1\" content=\"Written by\" \/>\n\t<meta name=\"twitter:data1\" content=\"Reda\u00e7\u00e3o Sul SC\" \/>\n\t<meta name=\"twitter:label2\" content=\"Est. reading time\" \/>\n\t<meta name=\"twitter:data2\" content=\"2 minutes\" \/>\n<script type=\"application\/ld+json\" class=\"yoast-schema-graph\">{\"@context\":\"https:\/\/schema.org\",\"@graph\":[{\"@type\":\"WebPage\",\"@id\":\"https:\/\/sulsc.com\/index.php\/2026\/01\/22\/homem-fica-preso-em-telhado-na-igreja-santo-antonio-de-padua-em-tubarao\/\",\"url\":\"https:\/\/sulsc.com\/index.php\/2026\/01\/22\/homem-fica-preso-em-telhado-na-igreja-santo-antonio-de-padua-em-tubarao\/\",\"name\":\"Homem fica preso em telhado na Igreja Santo Ant\u00f4nio de P\u00e1dua em Tubar\u00e3o -\",\"isPartOf\":{\"@id\":\"https:\/\/sulsc.com\/#website\"},\"datePublished\":\"2026-01-22T22:06:10+00:00\",\"dateModified\":\"2026-01-22T22:06:10+00:00\",\"author\":{\"@id\":\"https:\/\/sulsc.com\/#\/schema\/person\/84d2fc571684f6248ba83092f07750a3\"},\"breadcrumb\":{\"@id\":\"https:\/\/sulsc.com\/index.php\/2026\/01\/22\/homem-fica-preso-em-telhado-na-igreja-santo-antonio-de-padua-em-tubarao\/#breadcrumb\"},\"inLanguage\":\"en-US\",\"potentialAction\":[{\"@type\":\"ReadAction\",\"target\":[\"https:\/\/sulsc.com\/index.php\/2026\/01\/22\/homem-fica-preso-em-telhado-na-igreja-santo-antonio-de-padua-em-tubarao\/\"]}]},{\"@type\":\"BreadcrumbList\",\"@id\":\"https:\/\/sulsc.com\/index.php\/2026\/01\/22\/homem-fica-preso-em-telhado-na-igreja-santo-antonio-de-padua-em-tubarao\/#breadcrumb\",\"itemListElement\":[{\"@type\":\"ListItem\",\"position\":1,\"name\":\"In\u00edcio\",\"item\":\"https:\/\/sulsc.com\/\"},{\"@type\":\"ListItem\",\"position\":2,\"name\":\"Homem fica preso em telhado na Igreja Santo Ant\u00f4nio de P\u00e1dua em Tubar\u00e3o\"}]},{\"@type\":\"WebSite\",\"@id\":\"https:\/\/sulsc.com\/#website\",\"url\":\"https:\/\/sulsc.com\/\",\"name\":\"\",\"description\":\"\",\"potentialAction\":[{\"@type\":\"SearchAction\",\"target\":{\"@type\":\"EntryPoint\",\"urlTemplate\":\"https:\/\/sulsc.com\/?s={search_term_string}\"},\"query-input\":\"required name=search_term_string\"}],\"inLanguage\":\"en-US\"},{\"@type\":\"Person\",\"@id\":\"https:\/\/sulsc.com\/#\/schema\/person\/84d2fc571684f6248ba83092f07750a3\",\"name\":\"Reda\u00e7\u00e3o Sul SC\",\"image\":{\"@type\":\"ImageObject\",\"inLanguage\":\"en-US\",\"@id\":\"https:\/\/sulsc.com\/#\/schema\/person\/image\/e08d7fe2cc4ed596372063bbe852b8d0\",\"url\":\"https:\/\/sulsc.com\/wp-content\/uploads\/2023\/09\/redacao.png\",\"contentUrl\":\"https:\/\/sulsc.com\/wp-content\/uploads\/2023\/09\/redacao.png\",\"caption\":\"Reda\u00e7\u00e3o Sul SC\"},\"description\":\"Foco em um jornalismo imparcial, voltado \u00e0 qualidade dos seus conte\u00fados e, assim, levar informa\u00e7\u00e3o de valor que agregue \u00e0 vida dos leitores. Esta \u00e9 grande miss\u00e3o do Portal de Not\u00edcias Sul SC. N\u00e3o \u00e9 quantidade que muda o mundo, sempre foi e seguir\u00e1 sendo qualidade!\",\"sameAs\":[\"https:\/\/sulsc.com\/\",\"https:\/\/www.facebook.com\/profile.php?id=61559278119680\",\"https:\/\/www.instagram.com\/sulscportal\/?hl=pt-br\",\"https:\/\/twitter.com\/https:\/\/twitter.com\/PortalSulSC\",\"https:\/\/www.youtube.com\/channel\/UCv_BE8GeySluDov2n8qhVmw\"],\"url\":\"https:\/\/sulsc.com\/index.php\/author\/redacao\/\"}]}<\/script>\n<!-- \/ Yoast SEO plugin. -->","yoast_head_json":{"title":"Homem fica preso em telhado na Igreja Santo Ant\u00f4nio de P\u00e1dua em Tubar\u00e3o -","robots":{"index":"index","follow":"follow","max-snippet":"max-snippet:-1","max-image-preview":"max-image-preview:large","max-video-preview":"max-video-preview:-1"},"canonical":"https:\/\/sulsc.com\/index.php\/2026\/01\/22\/homem-fica-preso-em-telhado-na-igreja-santo-antonio-de-padua-em-tubarao\/","og_locale":"en_US","og_type":"article","og_title":"Homem fica preso em telhado na Igreja Santo Ant\u00f4nio de P\u00e1dua em Tubar\u00e3o -","og_description":"Na tarde desta quinta-feira (22),\u00a0 o Corpo de Bombeiros de Tubar\u00e3o foi acionado para um resgate em uma igreja\u00a0 Santo Ant\u00f4nio de P\u00e1dua, em Tubar\u00e3o. Um homem sem utilizar qualquer dispositivo de seguran\u00e7a, acabou ficando preso a aproximadamente 10 metros de altura ap\u00f3s subir no telhado para executar servi\u00e7os el\u00e9tricos. Ao chegar ao local, a &hellip; Homem fica preso em telhado na Igreja Santo Ant\u00f4nio de P\u00e1dua em Tubar\u00e3o Read More &raquo;","og_url":"https:\/\/sulsc.com\/index.php\/2026\/01\/22\/homem-fica-preso-em-telhado-na-igreja-santo-antonio-de-padua-em-tubarao\/","article_author":"https:\/\/www.facebook.com\/profile.php?id=61559278119680","article_published_time":"2026-01-22T22:06:10+00:00","og_image":[{"width":1200,"height":1600,"url":"http:\/\/sulsc.com\/wp-content\/uploads\/2026\/01\/56f6d37f-d0c8-40b2-b438-dc70dac2ed44.jpeg","type":"image\/jpeg"}],"author":"Reda\u00e7\u00e3o Sul SC","twitter_card":"summary_large_image","twitter_creator":"@https:\/\/twitter.com\/PortalSulSC","twitter_misc":{"Written by":"Reda\u00e7\u00e3o Sul SC","Est. reading time":"2 minutes"},"schema":{"@context":"https:\/\/schema.org","@graph":[{"@type":"WebPage","@id":"https:\/\/sulsc.com\/index.php\/2026\/01\/22\/homem-fica-preso-em-telhado-na-igreja-santo-antonio-de-padua-em-tubarao\/","url":"https:\/\/sulsc.com\/index.php\/2026\/01\/22\/homem-fica-preso-em-telhado-na-igreja-santo-antonio-de-padua-em-tubarao\/","name":"Homem fica preso em telhado na Igreja Santo Ant\u00f4nio de P\u00e1dua em Tubar\u00e3o -","isPartOf":{"@id":"https:\/\/sulsc.com\/#website"},"datePublished":"2026-01-22T22:06:10+00:00","dateModified":"2026-01-22T22:06:10+00:00","author":{"@id":"https:\/\/sulsc.com\/#\/schema\/person\/84d2fc571684f6248ba83092f07750a3"},"breadcrumb":{"@id":"https:\/\/sulsc.com\/index.php\/2026\/01\/22\/homem-fica-preso-em-telhado-na-igreja-santo-antonio-de-padua-em-tubarao\/#breadcrumb"},"inLanguage":"en-US","potentialAction":[{"@type":"ReadAction","target":["https:\/\/sulsc.com\/index.php\/2026\/01\/22\/homem-fica-preso-em-telhado-na-igreja-santo-antonio-de-padua-em-tubarao\/"]}]},{"@type":"BreadcrumbList","@id":"https:\/\/sulsc.com\/index.php\/2026\/01\/22\/homem-fica-preso-em-telhado-na-igreja-santo-antonio-de-padua-em-tubarao\/#breadcrumb","itemListElement":[{"@type":"ListItem","position":1,"name":"In\u00edcio","item":"https:\/\/sulsc.com\/"},{"@type":"ListItem","position":2,"name":"Homem fica preso em telhado na Igreja Santo Ant\u00f4nio de P\u00e1dua em Tubar\u00e3o"}]},{"@type":"WebSite","@id":"https:\/\/sulsc.com\/#website","url":"https:\/\/sulsc.com\/","name":"","description":"","potentialAction":[{"@type":"SearchAction","target":{"@type":"EntryPoint","urlTemplate":"https:\/\/sulsc.com\/?s={search_term_string}"},"query-input":"required name=search_term_string"}],"inLanguage":"en-US"},{"@type":"Person","@id":"https:\/\/sulsc.com\/#\/schema\/person\/84d2fc571684f6248ba83092f07750a3","name":"Reda\u00e7\u00e3o Sul SC","image":{"@type":"ImageObject","inLanguage":"en-US","@id":"https:\/\/sulsc.com\/#\/schema\/person\/image\/e08d7fe2cc4ed596372063bbe852b8d0","url":"https:\/\/sulsc.com\/wp-content\/uploads\/2023\/09\/redacao.png","contentUrl":"https:\/\/sulsc.com\/wp-content\/uploads\/2023\/09\/redacao.png","caption":"Reda\u00e7\u00e3o Sul SC"},"description":"Foco em um jornalismo imparcial, voltado \u00e0 qualidade dos seus conte\u00fados e, assim, levar informa\u00e7\u00e3o de valor que agregue \u00e0 vida dos leitores. Esta \u00e9 grande miss\u00e3o do Portal de Not\u00edcias Sul SC. N\u00e3o \u00e9 quantidade que muda o mundo, sempre foi e seguir\u00e1 sendo qualidade!","sameAs":["https:\/\/sulsc.com\/","https:\/\/www.facebook.com\/profile.php?id=61559278119680","https:\/\/www.instagram.com\/sulscportal\/?hl=pt-br","https:\/\/twitter.com\/https:\/\/twitter.com\/PortalSulSC","https:\/\/www.youtube.com\/channel\/UCv_BE8GeySluDov2n8qhVmw"],"url":"https:\/\/sulsc.com\/index.php\/author\/redacao\/"}]}},"authors":[],"_links":{"self":[{"href":"https:\/\/sulsc.com\/index.php\/wp-json\/wp\/v2\/posts\/31728"}],"collection":[{"href":"https:\/\/sulsc.com\/index.php\/wp-json\/wp\/v2\/posts"}],"about":[{"href":"https:\/\/sulsc.com\/index.php\/wp-json\/wp\/v2\/types\/post"}],"author":[{"embeddable":true,"href":"https:\/\/sulsc.com\/index.php\/wp-json\/wp\/v2\/users\/3"}],"replies":[{"embeddable":true,"href":"https:\/\/sulsc.com\/index.php\/wp-json\/wp\/v2\/comments?post=31728"}],"version-history":[{"count":1,"href":"https:\/\/sulsc.com\/index.php\/wp-json\/wp\/v2\/posts\/31728\/revisions"}],"predecessor-version":[{"id":31731,"href":"https:\/\/sulsc.com\/index.php\/wp-json\/wp\/v2\/posts\/31728\/revisions\/31731"}],"wp:featuredmedia":[{"embeddable":true,"href":"https:\/\/sulsc.com\/index.php\/wp-json\/wp\/v2\/media\/31730"}],"wp:attachment":[{"href":"https:\/\/sulsc.com\/index.php\/wp-json\/wp\/v2\/media?parent=31728"}],"wp:term":[{"taxonomy":"category","embeddable":true,"href":"https:\/\/sulsc.com\/index.php\/wp-json\/wp\/v2\/categories?post=31728"},{"taxonomy":"post_tag","embeddable":true,"href":"https:\/\/sulsc.com\/index.php\/wp-json\/wp\/v2\/tags?post=31728"}],"curies":[{"name":"wp","href":"https:\/\/api.w.org\/{rel}","templated":true}]}}