{"id":31732,"date":"2026-01-23T08:00:10","date_gmt":"2026-01-23T11:00:10","guid":{"rendered":"https:\/\/sulsc.com\/?p=31732"},"modified":"2026-01-23T08:00:10","modified_gmt":"2026-01-23T11:00:10","slug":"tempo-firme-nesta-sexta-feira-23-com-sol-entre-nuvens","status":"publish","type":"post","link":"https:\/\/sulsc.com\/index.php\/2026\/01\/23\/tempo-firme-nesta-sexta-feira-23-com-sol-entre-nuvens\/","title":{"rendered":"Tempo firme nesta sexta-feira (23) com sol entre nuvens"},"content":{"rendered":"<p>Sexta-feira (23) ser\u00e1 mais um dia de tempo firme em grande parte de SC, com temperaturas voltando a subir gradativamente. A circula\u00e7\u00e3o mar\u00edtima mant\u00e9m as condi\u00e7\u00f5es para chuviscos\/chuva fraca e isolada no Litoral e em \u00e1reas pr\u00f3ximas nas primeiras horas da manh\u00e3 e no anoitecer. N\u00e3o h\u00e1 risco para ocorr\u00eancias meteorol\u00f3gicas.<\/p>\n<div id=\"metaslider-id-25573\" style=\"width: 100%;\" class=\"ml-slider-3-99-0 metaslider metaslider-flex metaslider-25573 ml-slider has-onhover-arrows ms-theme-default-base has-dots-nav\" role=\"region\" aria-label=\"Meio\" data-width=\"1200\">\n    <div id=\"metaslider_container_25573\">\n        <div id=\"metaslider_25573\">\n            <ul class='slides'>\n                <li style=\"display: block; width: 100%;\" class=\"slide-25684 ms-image \" aria-roledescription=\"slide\" data-date=\"2025-07-24 07:55:40\"><img src=\"https:\/\/sulsc.com\/wp-content\/uploads\/2025\/07\/Marr-2-1000x166.jpg\" height=\"200\" width=\"1200\" alt=\"\" class=\"slider-25573 slide-25684 msDefaultImage\" title=\"Marr 2\" \/><\/li>\n                <li style=\"display: none; width: 100%;\" class=\"slide-32412 ms-image \" aria-roledescription=\"slide\" data-date=\"2026-02-18 13:59:46\"><img src=\"https:\/\/sulsc.com\/wp-content\/uploads\/2026\/02\/40dc1580-cad5-4867-bc58-c4243821ad38-1000x166.jpeg\" height=\"200\" width=\"1200\" alt=\"\" class=\"slider-25573 slide-32412 msDefaultImage\" title=\"40dc1580-cad5-4867-bc58-c4243821ad38\" \/><\/li>\n                <li style=\"display: none; width: 100%;\" class=\"slide-32766 ms-image \" aria-roledescription=\"slide\" data-date=\"2026-03-03 17:22:59\"><img src=\"https:\/\/sulsc.com\/wp-content\/uploads\/2026\/03\/271ce739-f268-41c5-8051-3de1a1750359-1000x166.jpeg\" height=\"200\" width=\"1200\" alt=\"\" class=\"slider-25573 slide-32766 msDefaultImage\" title=\"271ce739-f268-41c5-8051-3de1a1750359\" \/><\/li>\n            <\/ul>\n        <\/div>\n        \n    <\/div>\n<\/div>\n<p><strong>Temperaturas<\/strong><\/p>\n<p>\u00c0 tarde, com a presen\u00e7a do sol em todas as regi\u00f5es, as temperaturas sobem mais em rela\u00e7\u00e3o aos dias anteriores no Oeste, ultrapassando os 30\u00b0C. Nas demais regi\u00f5es, os term\u00f4metros variam entre 25 e 28\u00b0C.<\/p>\n<p><img fetchpriority=\"high\" decoding=\"async\" class=\"aligncenter size-full wp-image-31733\" src=\"http:\/\/sulsc.com\/wp-content\/uploads\/2026\/01\/image-574-1536x1041-1.png\" alt=\"\" width=\"1536\" height=\"1041\" srcset=\"https:\/\/sulsc.com\/wp-content\/uploads\/2026\/01\/image-574-1536x1041-1.png 1536w, https:\/\/sulsc.com\/wp-content\/uploads\/2026\/01\/image-574-1536x1041-1-300x203.png 300w, https:\/\/sulsc.com\/wp-content\/uploads\/2026\/01\/image-574-1536x1041-1-1024x694.png 1024w, https:\/\/sulsc.com\/wp-content\/uploads\/2026\/01\/image-574-1536x1041-1-768x521.png 768w\" sizes=\"(max-width: 1536px) 100vw, 1536px\" \/><\/p>\n<p><img decoding=\"async\" class=\"aligncenter size-full wp-image-22538\" src=\"http:\/\/sulsc.com\/wp-content\/uploads\/2025\/04\/Tempo-1.png\" alt=\"\" width=\"1024\" height=\"189\" srcset=\"https:\/\/sulsc.com\/wp-content\/uploads\/2025\/04\/Tempo-1.png 1024w, https:\/\/sulsc.com\/wp-content\/uploads\/2025\/04\/Tempo-1-300x55.png 300w, https:\/\/sulsc.com\/wp-content\/uploads\/2025\/04\/Tempo-1-768x142.png 768w\" sizes=\"(max-width: 1024px) 100vw, 1024px\" \/><\/p>\n<p><strong>Ventos:<\/strong> sudeste a leste, fraco a moderado.<\/p>\n<p><strong>Sistema predominante:<\/strong> a combina\u00e7\u00e3o de uma alta press\u00e3o no litoral Sul do Brasil e uma baixa press\u00e3o no litoral de SP favorece a circula\u00e7\u00e3o mar\u00edtima no litoral, com efeito pouco significativo em termos de chuva.<\/p>\n<p><strong>S\u00e1bado e Domingo (24 e 25)<\/strong>, de tempo firme com predom\u00ednio de sol em SC. No litoral e \u00e1reas pr\u00f3ximas, per\u00edodos com nuvens e chuva fraca\/isolada, especialmente nos extremos do dia, devido \u00e0 circula\u00e7\u00e3o mar\u00edtima. As temperaturas ser\u00e3o elevadas, com m\u00e1ximas pr\u00f3ximas e acima de 30\u00b0C na maioria das regi\u00f5es, variando de 36\u00b0C a 38\u00b0C no Extremo Oeste.<\/p>\n<p>Fontes: Defesa Civil-SC\/Epagri-Ciram<\/p>\n","protected":false},"excerpt":{"rendered":"<p>Sexta-feira (23) ser\u00e1 mais um dia de tempo firme em grande parte de SC, com temperaturas voltando a subir gradativamente. A circula\u00e7\u00e3o mar\u00edtima mant\u00e9m as condi\u00e7\u00f5es para chuviscos\/chuva fraca e isolada no Litoral e em \u00e1reas pr\u00f3ximas nas primeiras horas da manh\u00e3 e no anoitecer. N\u00e3o h\u00e1 risco para ocorr\u00eancias meteorol\u00f3gicas. Temperaturas \u00c0 tarde, com &hellip;<\/p>\n<p class=\"read-more\"> <a class=\"\" href=\"https:\/\/sulsc.com\/index.php\/2026\/01\/23\/tempo-firme-nesta-sexta-feira-23-com-sol-entre-nuvens\/\"> <span class=\"screen-reader-text\">Tempo firme nesta sexta-feira (23) com sol entre nuvens<\/span> Read More &raquo;<\/a><\/p>\n","protected":false},"author":3,"featured_media":14284,"comment_status":"open","ping_status":"open","sticky":false,"template":"","format":"standard","meta":{"site-sidebar-layout":"default","site-content-layout":"","ast-site-content-layout":"default","site-content-style":"default","site-sidebar-style":"default","ast-global-header-display":"","ast-banner-title-visibility":"","ast-main-header-display":"","ast-hfb-above-header-display":"","ast-hfb-below-header-display":"","ast-hfb-mobile-header-display":"","site-post-title":"","ast-breadcrumbs-content":"","ast-featured-img":"","footer-sml-layout":"","theme-transparent-header-meta":"default","adv-header-id-meta":"","stick-header-meta":"","header-above-stick-meta":"","header-main-stick-meta":"","header-below-stick-meta":"","astra-migrate-meta-layouts":"set","footnotes":""},"categories":[1,14,38,12],"tags":[90],"yoast_head":"<!-- This site is optimized with the Yoast SEO plugin v21.4 - https:\/\/yoast.com\/wordpress\/plugins\/seo\/ -->\n<title>Tempo firme nesta sexta-feira (23) com sol entre nuvens -<\/title>\n<meta name=\"robots\" content=\"index, follow, max-snippet:-1, max-image-preview:large, max-video-preview:-1\" \/>\n<link rel=\"canonical\" href=\"https:\/\/sulsc.com\/index.php\/2026\/01\/23\/tempo-firme-nesta-sexta-feira-23-com-sol-entre-nuvens\/\" \/>\n<meta property=\"og:locale\" content=\"en_US\" \/>\n<meta property=\"og:type\" content=\"article\" \/>\n<meta property=\"og:title\" content=\"Tempo firme nesta sexta-feira (23) com sol entre nuvens -\" \/>\n<meta property=\"og:description\" content=\"Sexta-feira (23) ser\u00e1 mais um dia de tempo firme em grande parte de SC, com temperaturas voltando a subir gradativamente. A circula\u00e7\u00e3o mar\u00edtima mant\u00e9m as condi\u00e7\u00f5es para chuviscos\/chuva fraca e isolada no Litoral e em \u00e1reas pr\u00f3ximas nas primeiras horas da manh\u00e3 e no anoitecer. N\u00e3o h\u00e1 risco para ocorr\u00eancias meteorol\u00f3gicas. Temperaturas \u00c0 tarde, com &hellip; Tempo firme nesta sexta-feira (23) com sol entre nuvens Read More &raquo;\" \/>\n<meta property=\"og:url\" content=\"https:\/\/sulsc.com\/index.php\/2026\/01\/23\/tempo-firme-nesta-sexta-feira-23-com-sol-entre-nuvens\/\" \/>\n<meta property=\"article:author\" content=\"https:\/\/www.facebook.com\/profile.php?id=61559278119680\" \/>\n<meta property=\"article:published_time\" content=\"2026-01-23T11:00:10+00:00\" \/>\n<meta property=\"og:image\" content=\"http:\/\/sulsc.com\/wp-content\/uploads\/2024\/07\/tempo-nublado-4.jpeg\" \/>\n\t<meta property=\"og:image:width\" content=\"1600\" \/>\n\t<meta property=\"og:image:height\" content=\"900\" \/>\n\t<meta property=\"og:image:type\" content=\"image\/jpeg\" \/>\n<meta name=\"author\" content=\"Reda\u00e7\u00e3o Sul SC\" \/>\n<meta name=\"twitter:card\" content=\"summary_large_image\" \/>\n<meta name=\"twitter:creator\" content=\"@https:\/\/twitter.com\/PortalSulSC\" \/>\n<meta name=\"twitter:label1\" content=\"Written by\" \/>\n\t<meta name=\"twitter:data1\" content=\"Reda\u00e7\u00e3o Sul SC\" \/>\n\t<meta name=\"twitter:label2\" content=\"Est. reading time\" \/>\n\t<meta name=\"twitter:data2\" content=\"2 minutes\" \/>\n<script type=\"application\/ld+json\" class=\"yoast-schema-graph\">{\"@context\":\"https:\/\/schema.org\",\"@graph\":[{\"@type\":\"WebPage\",\"@id\":\"https:\/\/sulsc.com\/index.php\/2026\/01\/23\/tempo-firme-nesta-sexta-feira-23-com-sol-entre-nuvens\/\",\"url\":\"https:\/\/sulsc.com\/index.php\/2026\/01\/23\/tempo-firme-nesta-sexta-feira-23-com-sol-entre-nuvens\/\",\"name\":\"Tempo firme nesta sexta-feira (23) com sol entre nuvens -\",\"isPartOf\":{\"@id\":\"https:\/\/sulsc.com\/#website\"},\"datePublished\":\"2026-01-23T11:00:10+00:00\",\"dateModified\":\"2026-01-23T11:00:10+00:00\",\"author\":{\"@id\":\"https:\/\/sulsc.com\/#\/schema\/person\/84d2fc571684f6248ba83092f07750a3\"},\"breadcrumb\":{\"@id\":\"https:\/\/sulsc.com\/index.php\/2026\/01\/23\/tempo-firme-nesta-sexta-feira-23-com-sol-entre-nuvens\/#breadcrumb\"},\"inLanguage\":\"en-US\",\"potentialAction\":[{\"@type\":\"ReadAction\",\"target\":[\"https:\/\/sulsc.com\/index.php\/2026\/01\/23\/tempo-firme-nesta-sexta-feira-23-com-sol-entre-nuvens\/\"]}]},{\"@type\":\"BreadcrumbList\",\"@id\":\"https:\/\/sulsc.com\/index.php\/2026\/01\/23\/tempo-firme-nesta-sexta-feira-23-com-sol-entre-nuvens\/#breadcrumb\",\"itemListElement\":[{\"@type\":\"ListItem\",\"position\":1,\"name\":\"In\u00edcio\",\"item\":\"https:\/\/sulsc.com\/\"},{\"@type\":\"ListItem\",\"position\":2,\"name\":\"Tempo firme nesta sexta-feira (23) com sol entre nuvens\"}]},{\"@type\":\"WebSite\",\"@id\":\"https:\/\/sulsc.com\/#website\",\"url\":\"https:\/\/sulsc.com\/\",\"name\":\"\",\"description\":\"\",\"potentialAction\":[{\"@type\":\"SearchAction\",\"target\":{\"@type\":\"EntryPoint\",\"urlTemplate\":\"https:\/\/sulsc.com\/?s={search_term_string}\"},\"query-input\":\"required name=search_term_string\"}],\"inLanguage\":\"en-US\"},{\"@type\":\"Person\",\"@id\":\"https:\/\/sulsc.com\/#\/schema\/person\/84d2fc571684f6248ba83092f07750a3\",\"name\":\"Reda\u00e7\u00e3o Sul SC\",\"image\":{\"@type\":\"ImageObject\",\"inLanguage\":\"en-US\",\"@id\":\"https:\/\/sulsc.com\/#\/schema\/person\/image\/e08d7fe2cc4ed596372063bbe852b8d0\",\"url\":\"https:\/\/sulsc.com\/wp-content\/uploads\/2023\/09\/redacao.png\",\"contentUrl\":\"https:\/\/sulsc.com\/wp-content\/uploads\/2023\/09\/redacao.png\",\"caption\":\"Reda\u00e7\u00e3o Sul SC\"},\"description\":\"Foco em um jornalismo imparcial, voltado \u00e0 qualidade dos seus conte\u00fados e, assim, levar informa\u00e7\u00e3o de valor que agregue \u00e0 vida dos leitores. Esta \u00e9 grande miss\u00e3o do Portal de Not\u00edcias Sul SC. N\u00e3o \u00e9 quantidade que muda o mundo, sempre foi e seguir\u00e1 sendo qualidade!\",\"sameAs\":[\"https:\/\/sulsc.com\/\",\"https:\/\/www.facebook.com\/profile.php?id=61559278119680\",\"https:\/\/www.instagram.com\/sulscportal\/?hl=pt-br\",\"https:\/\/twitter.com\/https:\/\/twitter.com\/PortalSulSC\",\"https:\/\/www.youtube.com\/channel\/UCv_BE8GeySluDov2n8qhVmw\"],\"url\":\"https:\/\/sulsc.com\/index.php\/author\/redacao\/\"}]}<\/script>\n<!-- \/ Yoast SEO plugin. -->","yoast_head_json":{"title":"Tempo firme nesta sexta-feira (23) com sol entre nuvens -","robots":{"index":"index","follow":"follow","max-snippet":"max-snippet:-1","max-image-preview":"max-image-preview:large","max-video-preview":"max-video-preview:-1"},"canonical":"https:\/\/sulsc.com\/index.php\/2026\/01\/23\/tempo-firme-nesta-sexta-feira-23-com-sol-entre-nuvens\/","og_locale":"en_US","og_type":"article","og_title":"Tempo firme nesta sexta-feira (23) com sol entre nuvens -","og_description":"Sexta-feira (23) ser\u00e1 mais um dia de tempo firme em grande parte de SC, com temperaturas voltando a subir gradativamente. A circula\u00e7\u00e3o mar\u00edtima mant\u00e9m as condi\u00e7\u00f5es para chuviscos\/chuva fraca e isolada no Litoral e em \u00e1reas pr\u00f3ximas nas primeiras horas da manh\u00e3 e no anoitecer. N\u00e3o h\u00e1 risco para ocorr\u00eancias meteorol\u00f3gicas. Temperaturas \u00c0 tarde, com &hellip; Tempo firme nesta sexta-feira (23) com sol entre nuvens Read More &raquo;","og_url":"https:\/\/sulsc.com\/index.php\/2026\/01\/23\/tempo-firme-nesta-sexta-feira-23-com-sol-entre-nuvens\/","article_author":"https:\/\/www.facebook.com\/profile.php?id=61559278119680","article_published_time":"2026-01-23T11:00:10+00:00","og_image":[{"width":1600,"height":900,"url":"http:\/\/sulsc.com\/wp-content\/uploads\/2024\/07\/tempo-nublado-4.jpeg","type":"image\/jpeg"}],"author":"Reda\u00e7\u00e3o Sul SC","twitter_card":"summary_large_image","twitter_creator":"@https:\/\/twitter.com\/PortalSulSC","twitter_misc":{"Written by":"Reda\u00e7\u00e3o Sul SC","Est. reading time":"2 minutes"},"schema":{"@context":"https:\/\/schema.org","@graph":[{"@type":"WebPage","@id":"https:\/\/sulsc.com\/index.php\/2026\/01\/23\/tempo-firme-nesta-sexta-feira-23-com-sol-entre-nuvens\/","url":"https:\/\/sulsc.com\/index.php\/2026\/01\/23\/tempo-firme-nesta-sexta-feira-23-com-sol-entre-nuvens\/","name":"Tempo firme nesta sexta-feira (23) com sol entre nuvens -","isPartOf":{"@id":"https:\/\/sulsc.com\/#website"},"datePublished":"2026-01-23T11:00:10+00:00","dateModified":"2026-01-23T11:00:10+00:00","author":{"@id":"https:\/\/sulsc.com\/#\/schema\/person\/84d2fc571684f6248ba83092f07750a3"},"breadcrumb":{"@id":"https:\/\/sulsc.com\/index.php\/2026\/01\/23\/tempo-firme-nesta-sexta-feira-23-com-sol-entre-nuvens\/#breadcrumb"},"inLanguage":"en-US","potentialAction":[{"@type":"ReadAction","target":["https:\/\/sulsc.com\/index.php\/2026\/01\/23\/tempo-firme-nesta-sexta-feira-23-com-sol-entre-nuvens\/"]}]},{"@type":"BreadcrumbList","@id":"https:\/\/sulsc.com\/index.php\/2026\/01\/23\/tempo-firme-nesta-sexta-feira-23-com-sol-entre-nuvens\/#breadcrumb","itemListElement":[{"@type":"ListItem","position":1,"name":"In\u00edcio","item":"https:\/\/sulsc.com\/"},{"@type":"ListItem","position":2,"name":"Tempo firme nesta sexta-feira (23) com sol entre nuvens"}]},{"@type":"WebSite","@id":"https:\/\/sulsc.com\/#website","url":"https:\/\/sulsc.com\/","name":"","description":"","potentialAction":[{"@type":"SearchAction","target":{"@type":"EntryPoint","urlTemplate":"https:\/\/sulsc.com\/?s={search_term_string}"},"query-input":"required name=search_term_string"}],"inLanguage":"en-US"},{"@type":"Person","@id":"https:\/\/sulsc.com\/#\/schema\/person\/84d2fc571684f6248ba83092f07750a3","name":"Reda\u00e7\u00e3o Sul SC","image":{"@type":"ImageObject","inLanguage":"en-US","@id":"https:\/\/sulsc.com\/#\/schema\/person\/image\/e08d7fe2cc4ed596372063bbe852b8d0","url":"https:\/\/sulsc.com\/wp-content\/uploads\/2023\/09\/redacao.png","contentUrl":"https:\/\/sulsc.com\/wp-content\/uploads\/2023\/09\/redacao.png","caption":"Reda\u00e7\u00e3o Sul SC"},"description":"Foco em um jornalismo imparcial, voltado \u00e0 qualidade dos seus conte\u00fados e, assim, levar informa\u00e7\u00e3o de valor que agregue \u00e0 vida dos leitores. Esta \u00e9 grande miss\u00e3o do Portal de Not\u00edcias Sul SC. N\u00e3o \u00e9 quantidade que muda o mundo, sempre foi e seguir\u00e1 sendo qualidade!","sameAs":["https:\/\/sulsc.com\/","https:\/\/www.facebook.com\/profile.php?id=61559278119680","https:\/\/www.instagram.com\/sulscportal\/?hl=pt-br","https:\/\/twitter.com\/https:\/\/twitter.com\/PortalSulSC","https:\/\/www.youtube.com\/channel\/UCv_BE8GeySluDov2n8qhVmw"],"url":"https:\/\/sulsc.com\/index.php\/author\/redacao\/"}]}},"authors":[],"_links":{"self":[{"href":"https:\/\/sulsc.com\/index.php\/wp-json\/wp\/v2\/posts\/31732"}],"collection":[{"href":"https:\/\/sulsc.com\/index.php\/wp-json\/wp\/v2\/posts"}],"about":[{"href":"https:\/\/sulsc.com\/index.php\/wp-json\/wp\/v2\/types\/post"}],"author":[{"embeddable":true,"href":"https:\/\/sulsc.com\/index.php\/wp-json\/wp\/v2\/users\/3"}],"replies":[{"embeddable":true,"href":"https:\/\/sulsc.com\/index.php\/wp-json\/wp\/v2\/comments?post=31732"}],"version-history":[{"count":1,"href":"https:\/\/sulsc.com\/index.php\/wp-json\/wp\/v2\/posts\/31732\/revisions"}],"predecessor-version":[{"id":31734,"href":"https:\/\/sulsc.com\/index.php\/wp-json\/wp\/v2\/posts\/31732\/revisions\/31734"}],"wp:featuredmedia":[{"embeddable":true,"href":"https:\/\/sulsc.com\/index.php\/wp-json\/wp\/v2\/media\/14284"}],"wp:attachment":[{"href":"https:\/\/sulsc.com\/index.php\/wp-json\/wp\/v2\/media?parent=31732"}],"wp:term":[{"taxonomy":"category","embeddable":true,"href":"https:\/\/sulsc.com\/index.php\/wp-json\/wp\/v2\/categories?post=31732"},{"taxonomy":"post_tag","embeddable":true,"href":"https:\/\/sulsc.com\/index.php\/wp-json\/wp\/v2\/tags?post=31732"}],"curies":[{"name":"wp","href":"https:\/\/api.w.org\/{rel}","templated":true}]}}