{"id":31741,"date":"2026-01-23T09:25:19","date_gmt":"2026-01-23T12:25:19","guid":{"rendered":"https:\/\/sulsc.com\/?p=31741"},"modified":"2026-01-23T09:25:19","modified_gmt":"2026-01-23T12:25:19","slug":"mulher-sofre-ataque-de-abelhas-ao-colher-butias-em-imbituba","status":"publish","type":"post","link":"https:\/\/sulsc.com\/index.php\/2026\/01\/23\/mulher-sofre-ataque-de-abelhas-ao-colher-butias-em-imbituba\/","title":{"rendered":"Mulher sofre ataque de abelhas ao colher buti\u00e1s em Imbituba"},"content":{"rendered":"<p>Uma mulher de 46 anos nesta quinta-feira (22), foi atacada por abelhas enquanto colhia buti\u00e1s nas dunas de Ibiraquera, em Imbituba. Segundo relato da v\u00edtima ao Corpo de Bombeiros, o ataque resultou em mais de 20 picadas, causando dor intensa e preocupa\u00e7\u00e3o.<\/p>\n<div id=\"metaslider-id-25573\" style=\"width: 100%;\" class=\"ml-slider-3-99-0 metaslider metaslider-flex metaslider-25573 ml-slider has-onhover-arrows ms-theme-default-base has-dots-nav\" role=\"region\" aria-label=\"Meio\" data-width=\"1200\">\n    <div id=\"metaslider_container_25573\">\n        <div id=\"metaslider_25573\">\n            <ul class='slides'>\n                <li style=\"display: block; width: 100%;\" class=\"slide-25684 ms-image \" aria-roledescription=\"slide\" data-date=\"2025-07-24 07:55:40\"><img src=\"https:\/\/sulsc.com\/wp-content\/uploads\/2025\/07\/Marr-2-1000x166.jpg\" height=\"200\" width=\"1200\" alt=\"\" class=\"slider-25573 slide-25684 msDefaultImage\" title=\"Marr 2\" \/><\/li>\n                <li style=\"display: none; width: 100%;\" class=\"slide-32412 ms-image \" aria-roledescription=\"slide\" data-date=\"2026-02-18 13:59:46\"><img src=\"https:\/\/sulsc.com\/wp-content\/uploads\/2026\/02\/40dc1580-cad5-4867-bc58-c4243821ad38-1000x166.jpeg\" height=\"200\" width=\"1200\" alt=\"\" class=\"slider-25573 slide-32412 msDefaultImage\" title=\"40dc1580-cad5-4867-bc58-c4243821ad38\" \/><\/li>\n                <li style=\"display: none; width: 100%;\" class=\"slide-32766 ms-image \" aria-roledescription=\"slide\" data-date=\"2026-03-03 17:22:59\"><img src=\"https:\/\/sulsc.com\/wp-content\/uploads\/2026\/03\/271ce739-f268-41c5-8051-3de1a1750359-1000x166.jpeg\" height=\"200\" width=\"1200\" alt=\"\" class=\"slider-25573 slide-32766 msDefaultImage\" title=\"271ce739-f268-41c5-8051-3de1a1750359\" \/><\/li>\n            <\/ul>\n        <\/div>\n        \n    <\/div>\n<\/div>\n<p>Ap\u00f3s o incidente, a mulher recebeu os primeiros socorros no local, onde apresentou dor no peito, mas estava l\u00facida e orientada. Para uma avalia\u00e7\u00e3o m\u00e9dica mais detalhada, ela foi encaminhada ao Hospital S\u00e3o Camilo.<\/p>\n<p>A situa\u00e7\u00e3o destaca a import\u00e2ncia de cuidados ao se aventurar em \u00e1reas onde a fauna local pode representar riscos. O estado de sa\u00fade da v\u00edtima n\u00e3o foi atualizado at\u00e9 o momento.<\/p>\n<p><img fetchpriority=\"high\" decoding=\"async\" class=\"aligncenter size-full wp-image-31742\" src=\"http:\/\/sulsc.com\/wp-content\/uploads\/2026\/01\/close-up-bee-plant-scaled-e1769171000304.jpg\" alt=\"\" width=\"1706\" height=\"2056\" srcset=\"https:\/\/sulsc.com\/wp-content\/uploads\/2026\/01\/close-up-bee-plant-scaled-e1769171000304.jpg 1706w, https:\/\/sulsc.com\/wp-content\/uploads\/2026\/01\/close-up-bee-plant-scaled-e1769171000304-249x300.jpg 249w, https:\/\/sulsc.com\/wp-content\/uploads\/2026\/01\/close-up-bee-plant-scaled-e1769171000304-850x1024.jpg 850w, https:\/\/sulsc.com\/wp-content\/uploads\/2026\/01\/close-up-bee-plant-scaled-e1769171000304-768x926.jpg 768w, https:\/\/sulsc.com\/wp-content\/uploads\/2026\/01\/close-up-bee-plant-scaled-e1769171000304-1275x1536.jpg 1275w, https:\/\/sulsc.com\/wp-content\/uploads\/2026\/01\/close-up-bee-plant-scaled-e1769171000304-1699x2048.jpg 1699w\" sizes=\"(max-width: 1706px) 100vw, 1706px\" \/><\/p>\n","protected":false},"excerpt":{"rendered":"<p>Uma mulher de 46 anos nesta quinta-feira (22), foi atacada por abelhas enquanto colhia buti\u00e1s nas dunas de Ibiraquera, em Imbituba. Segundo relato da v\u00edtima ao Corpo de Bombeiros, o ataque resultou em mais de 20 picadas, causando dor intensa e preocupa\u00e7\u00e3o. Ap\u00f3s o incidente, a mulher recebeu os primeiros socorros no local, onde apresentou &hellip;<\/p>\n<p class=\"read-more\"> <a class=\"\" href=\"https:\/\/sulsc.com\/index.php\/2026\/01\/23\/mulher-sofre-ataque-de-abelhas-ao-colher-butias-em-imbituba\/\"> <span class=\"screen-reader-text\">Mulher sofre ataque de abelhas ao colher buti\u00e1s em Imbituba<\/span> Read More &raquo;<\/a><\/p>\n","protected":false},"author":3,"featured_media":31742,"comment_status":"open","ping_status":"open","sticky":false,"template":"","format":"standard","meta":{"site-sidebar-layout":"default","site-content-layout":"","ast-site-content-layout":"default","site-content-style":"default","site-sidebar-style":"default","ast-global-header-display":"","ast-banner-title-visibility":"","ast-main-header-display":"","ast-hfb-above-header-display":"","ast-hfb-below-header-display":"","ast-hfb-mobile-header-display":"","site-post-title":"","ast-breadcrumbs-content":"","ast-featured-img":"","footer-sml-layout":"","theme-transparent-header-meta":"default","adv-header-id-meta":"","stick-header-meta":"","header-above-stick-meta":"","header-main-stick-meta":"","header-below-stick-meta":"","astra-migrate-meta-layouts":"set","footnotes":""},"categories":[2231,1,41,14,12],"tags":[133],"yoast_head":"<!-- This site is optimized with the Yoast SEO plugin v21.4 - https:\/\/yoast.com\/wordpress\/plugins\/seo\/ -->\n<title>Mulher sofre ataque de abelhas ao colher buti\u00e1s em Imbituba -<\/title>\n<meta name=\"robots\" content=\"index, follow, max-snippet:-1, max-image-preview:large, max-video-preview:-1\" \/>\n<link rel=\"canonical\" href=\"https:\/\/sulsc.com\/index.php\/2026\/01\/23\/mulher-sofre-ataque-de-abelhas-ao-colher-butias-em-imbituba\/\" \/>\n<meta property=\"og:locale\" content=\"en_US\" \/>\n<meta property=\"og:type\" content=\"article\" \/>\n<meta property=\"og:title\" content=\"Mulher sofre ataque de abelhas ao colher buti\u00e1s em Imbituba -\" \/>\n<meta property=\"og:description\" content=\"Uma mulher de 46 anos nesta quinta-feira (22), foi atacada por abelhas enquanto colhia buti\u00e1s nas dunas de Ibiraquera, em Imbituba. Segundo relato da v\u00edtima ao Corpo de Bombeiros, o ataque resultou em mais de 20 picadas, causando dor intensa e preocupa\u00e7\u00e3o. Ap\u00f3s o incidente, a mulher recebeu os primeiros socorros no local, onde apresentou &hellip; Mulher sofre ataque de abelhas ao colher buti\u00e1s em Imbituba Read More &raquo;\" \/>\n<meta property=\"og:url\" content=\"https:\/\/sulsc.com\/index.php\/2026\/01\/23\/mulher-sofre-ataque-de-abelhas-ao-colher-butias-em-imbituba\/\" \/>\n<meta property=\"article:author\" content=\"https:\/\/www.facebook.com\/profile.php?id=61559278119680\" \/>\n<meta property=\"article:published_time\" content=\"2026-01-23T12:25:19+00:00\" \/>\n<meta property=\"og:image\" content=\"http:\/\/sulsc.com\/wp-content\/uploads\/2026\/01\/close-up-bee-plant-scaled-e1769171000304.jpg\" \/>\n\t<meta property=\"og:image:width\" content=\"1706\" \/>\n\t<meta property=\"og:image:height\" content=\"2056\" \/>\n\t<meta property=\"og:image:type\" content=\"image\/jpeg\" \/>\n<meta name=\"author\" content=\"Reda\u00e7\u00e3o Sul SC\" \/>\n<meta name=\"twitter:card\" content=\"summary_large_image\" \/>\n<meta name=\"twitter:creator\" content=\"@https:\/\/twitter.com\/PortalSulSC\" \/>\n<meta name=\"twitter:label1\" content=\"Written by\" \/>\n\t<meta name=\"twitter:data1\" content=\"Reda\u00e7\u00e3o Sul SC\" \/>\n\t<meta name=\"twitter:label2\" content=\"Est. reading time\" \/>\n\t<meta name=\"twitter:data2\" content=\"1 minute\" \/>\n<script type=\"application\/ld+json\" class=\"yoast-schema-graph\">{\"@context\":\"https:\/\/schema.org\",\"@graph\":[{\"@type\":\"WebPage\",\"@id\":\"https:\/\/sulsc.com\/index.php\/2026\/01\/23\/mulher-sofre-ataque-de-abelhas-ao-colher-butias-em-imbituba\/\",\"url\":\"https:\/\/sulsc.com\/index.php\/2026\/01\/23\/mulher-sofre-ataque-de-abelhas-ao-colher-butias-em-imbituba\/\",\"name\":\"Mulher sofre ataque de abelhas ao colher buti\u00e1s em Imbituba -\",\"isPartOf\":{\"@id\":\"https:\/\/sulsc.com\/#website\"},\"datePublished\":\"2026-01-23T12:25:19+00:00\",\"dateModified\":\"2026-01-23T12:25:19+00:00\",\"author\":{\"@id\":\"https:\/\/sulsc.com\/#\/schema\/person\/84d2fc571684f6248ba83092f07750a3\"},\"breadcrumb\":{\"@id\":\"https:\/\/sulsc.com\/index.php\/2026\/01\/23\/mulher-sofre-ataque-de-abelhas-ao-colher-butias-em-imbituba\/#breadcrumb\"},\"inLanguage\":\"en-US\",\"potentialAction\":[{\"@type\":\"ReadAction\",\"target\":[\"https:\/\/sulsc.com\/index.php\/2026\/01\/23\/mulher-sofre-ataque-de-abelhas-ao-colher-butias-em-imbituba\/\"]}]},{\"@type\":\"BreadcrumbList\",\"@id\":\"https:\/\/sulsc.com\/index.php\/2026\/01\/23\/mulher-sofre-ataque-de-abelhas-ao-colher-butias-em-imbituba\/#breadcrumb\",\"itemListElement\":[{\"@type\":\"ListItem\",\"position\":1,\"name\":\"In\u00edcio\",\"item\":\"https:\/\/sulsc.com\/\"},{\"@type\":\"ListItem\",\"position\":2,\"name\":\"Mulher sofre ataque de abelhas ao colher buti\u00e1s em Imbituba\"}]},{\"@type\":\"WebSite\",\"@id\":\"https:\/\/sulsc.com\/#website\",\"url\":\"https:\/\/sulsc.com\/\",\"name\":\"\",\"description\":\"\",\"potentialAction\":[{\"@type\":\"SearchAction\",\"target\":{\"@type\":\"EntryPoint\",\"urlTemplate\":\"https:\/\/sulsc.com\/?s={search_term_string}\"},\"query-input\":\"required name=search_term_string\"}],\"inLanguage\":\"en-US\"},{\"@type\":\"Person\",\"@id\":\"https:\/\/sulsc.com\/#\/schema\/person\/84d2fc571684f6248ba83092f07750a3\",\"name\":\"Reda\u00e7\u00e3o Sul SC\",\"image\":{\"@type\":\"ImageObject\",\"inLanguage\":\"en-US\",\"@id\":\"https:\/\/sulsc.com\/#\/schema\/person\/image\/e08d7fe2cc4ed596372063bbe852b8d0\",\"url\":\"https:\/\/sulsc.com\/wp-content\/uploads\/2023\/09\/redacao.png\",\"contentUrl\":\"https:\/\/sulsc.com\/wp-content\/uploads\/2023\/09\/redacao.png\",\"caption\":\"Reda\u00e7\u00e3o Sul SC\"},\"description\":\"Foco em um jornalismo imparcial, voltado \u00e0 qualidade dos seus conte\u00fados e, assim, levar informa\u00e7\u00e3o de valor que agregue \u00e0 vida dos leitores. Esta \u00e9 grande miss\u00e3o do Portal de Not\u00edcias Sul SC. N\u00e3o \u00e9 quantidade que muda o mundo, sempre foi e seguir\u00e1 sendo qualidade!\",\"sameAs\":[\"https:\/\/sulsc.com\/\",\"https:\/\/www.facebook.com\/profile.php?id=61559278119680\",\"https:\/\/www.instagram.com\/sulscportal\/?hl=pt-br\",\"https:\/\/twitter.com\/https:\/\/twitter.com\/PortalSulSC\",\"https:\/\/www.youtube.com\/channel\/UCv_BE8GeySluDov2n8qhVmw\"],\"url\":\"https:\/\/sulsc.com\/index.php\/author\/redacao\/\"}]}<\/script>\n<!-- \/ Yoast SEO plugin. -->","yoast_head_json":{"title":"Mulher sofre ataque de abelhas ao colher buti\u00e1s em Imbituba -","robots":{"index":"index","follow":"follow","max-snippet":"max-snippet:-1","max-image-preview":"max-image-preview:large","max-video-preview":"max-video-preview:-1"},"canonical":"https:\/\/sulsc.com\/index.php\/2026\/01\/23\/mulher-sofre-ataque-de-abelhas-ao-colher-butias-em-imbituba\/","og_locale":"en_US","og_type":"article","og_title":"Mulher sofre ataque de abelhas ao colher buti\u00e1s em Imbituba -","og_description":"Uma mulher de 46 anos nesta quinta-feira (22), foi atacada por abelhas enquanto colhia buti\u00e1s nas dunas de Ibiraquera, em Imbituba. Segundo relato da v\u00edtima ao Corpo de Bombeiros, o ataque resultou em mais de 20 picadas, causando dor intensa e preocupa\u00e7\u00e3o. Ap\u00f3s o incidente, a mulher recebeu os primeiros socorros no local, onde apresentou &hellip; Mulher sofre ataque de abelhas ao colher buti\u00e1s em Imbituba Read More &raquo;","og_url":"https:\/\/sulsc.com\/index.php\/2026\/01\/23\/mulher-sofre-ataque-de-abelhas-ao-colher-butias-em-imbituba\/","article_author":"https:\/\/www.facebook.com\/profile.php?id=61559278119680","article_published_time":"2026-01-23T12:25:19+00:00","og_image":[{"width":1706,"height":2056,"url":"http:\/\/sulsc.com\/wp-content\/uploads\/2026\/01\/close-up-bee-plant-scaled-e1769171000304.jpg","type":"image\/jpeg"}],"author":"Reda\u00e7\u00e3o Sul SC","twitter_card":"summary_large_image","twitter_creator":"@https:\/\/twitter.com\/PortalSulSC","twitter_misc":{"Written by":"Reda\u00e7\u00e3o Sul SC","Est. reading time":"1 minute"},"schema":{"@context":"https:\/\/schema.org","@graph":[{"@type":"WebPage","@id":"https:\/\/sulsc.com\/index.php\/2026\/01\/23\/mulher-sofre-ataque-de-abelhas-ao-colher-butias-em-imbituba\/","url":"https:\/\/sulsc.com\/index.php\/2026\/01\/23\/mulher-sofre-ataque-de-abelhas-ao-colher-butias-em-imbituba\/","name":"Mulher sofre ataque de abelhas ao colher buti\u00e1s em Imbituba -","isPartOf":{"@id":"https:\/\/sulsc.com\/#website"},"datePublished":"2026-01-23T12:25:19+00:00","dateModified":"2026-01-23T12:25:19+00:00","author":{"@id":"https:\/\/sulsc.com\/#\/schema\/person\/84d2fc571684f6248ba83092f07750a3"},"breadcrumb":{"@id":"https:\/\/sulsc.com\/index.php\/2026\/01\/23\/mulher-sofre-ataque-de-abelhas-ao-colher-butias-em-imbituba\/#breadcrumb"},"inLanguage":"en-US","potentialAction":[{"@type":"ReadAction","target":["https:\/\/sulsc.com\/index.php\/2026\/01\/23\/mulher-sofre-ataque-de-abelhas-ao-colher-butias-em-imbituba\/"]}]},{"@type":"BreadcrumbList","@id":"https:\/\/sulsc.com\/index.php\/2026\/01\/23\/mulher-sofre-ataque-de-abelhas-ao-colher-butias-em-imbituba\/#breadcrumb","itemListElement":[{"@type":"ListItem","position":1,"name":"In\u00edcio","item":"https:\/\/sulsc.com\/"},{"@type":"ListItem","position":2,"name":"Mulher sofre ataque de abelhas ao colher buti\u00e1s em Imbituba"}]},{"@type":"WebSite","@id":"https:\/\/sulsc.com\/#website","url":"https:\/\/sulsc.com\/","name":"","description":"","potentialAction":[{"@type":"SearchAction","target":{"@type":"EntryPoint","urlTemplate":"https:\/\/sulsc.com\/?s={search_term_string}"},"query-input":"required name=search_term_string"}],"inLanguage":"en-US"},{"@type":"Person","@id":"https:\/\/sulsc.com\/#\/schema\/person\/84d2fc571684f6248ba83092f07750a3","name":"Reda\u00e7\u00e3o Sul SC","image":{"@type":"ImageObject","inLanguage":"en-US","@id":"https:\/\/sulsc.com\/#\/schema\/person\/image\/e08d7fe2cc4ed596372063bbe852b8d0","url":"https:\/\/sulsc.com\/wp-content\/uploads\/2023\/09\/redacao.png","contentUrl":"https:\/\/sulsc.com\/wp-content\/uploads\/2023\/09\/redacao.png","caption":"Reda\u00e7\u00e3o Sul SC"},"description":"Foco em um jornalismo imparcial, voltado \u00e0 qualidade dos seus conte\u00fados e, assim, levar informa\u00e7\u00e3o de valor que agregue \u00e0 vida dos leitores. Esta \u00e9 grande miss\u00e3o do Portal de Not\u00edcias Sul SC. N\u00e3o \u00e9 quantidade que muda o mundo, sempre foi e seguir\u00e1 sendo qualidade!","sameAs":["https:\/\/sulsc.com\/","https:\/\/www.facebook.com\/profile.php?id=61559278119680","https:\/\/www.instagram.com\/sulscportal\/?hl=pt-br","https:\/\/twitter.com\/https:\/\/twitter.com\/PortalSulSC","https:\/\/www.youtube.com\/channel\/UCv_BE8GeySluDov2n8qhVmw"],"url":"https:\/\/sulsc.com\/index.php\/author\/redacao\/"}]}},"authors":[],"_links":{"self":[{"href":"https:\/\/sulsc.com\/index.php\/wp-json\/wp\/v2\/posts\/31741"}],"collection":[{"href":"https:\/\/sulsc.com\/index.php\/wp-json\/wp\/v2\/posts"}],"about":[{"href":"https:\/\/sulsc.com\/index.php\/wp-json\/wp\/v2\/types\/post"}],"author":[{"embeddable":true,"href":"https:\/\/sulsc.com\/index.php\/wp-json\/wp\/v2\/users\/3"}],"replies":[{"embeddable":true,"href":"https:\/\/sulsc.com\/index.php\/wp-json\/wp\/v2\/comments?post=31741"}],"version-history":[{"count":1,"href":"https:\/\/sulsc.com\/index.php\/wp-json\/wp\/v2\/posts\/31741\/revisions"}],"predecessor-version":[{"id":31743,"href":"https:\/\/sulsc.com\/index.php\/wp-json\/wp\/v2\/posts\/31741\/revisions\/31743"}],"wp:featuredmedia":[{"embeddable":true,"href":"https:\/\/sulsc.com\/index.php\/wp-json\/wp\/v2\/media\/31742"}],"wp:attachment":[{"href":"https:\/\/sulsc.com\/index.php\/wp-json\/wp\/v2\/media?parent=31741"}],"wp:term":[{"taxonomy":"category","embeddable":true,"href":"https:\/\/sulsc.com\/index.php\/wp-json\/wp\/v2\/categories?post=31741"},{"taxonomy":"post_tag","embeddable":true,"href":"https:\/\/sulsc.com\/index.php\/wp-json\/wp\/v2\/tags?post=31741"}],"curies":[{"name":"wp","href":"https:\/\/api.w.org\/{rel}","templated":true}]}}