{"id":31780,"date":"2026-01-26T08:08:02","date_gmt":"2026-01-26T11:08:02","guid":{"rendered":"https:\/\/sulsc.com\/?p=31780"},"modified":"2026-01-26T08:08:02","modified_gmt":"2026-01-26T11:08:02","slug":"inss-fechara-suas-agencias-a-partir-desta-quarta-28-a-sexta-feira-desta-semana","status":"publish","type":"post","link":"https:\/\/sulsc.com\/index.php\/2026\/01\/26\/inss-fechara-suas-agencias-a-partir-desta-quarta-28-a-sexta-feira-desta-semana\/","title":{"rendered":"INSS fechar\u00e1 suas ag\u00eancias a partir desta quarta (28) a sexta-feira desta semana"},"content":{"rendered":"<p>A partir desta quarta-feira (28) a sexta-feira (30), as ag\u00eancias do Instituto Nacional do Seguro Social (INSS) em todo o pa\u00eds estar\u00e3o fechadas para atendimento presencial em raz\u00e3o de melhorias programadas nos sistemas previdenci\u00e1rios da Dataprev, empresa respons\u00e1vel pela tecnologia da informa\u00e7\u00e3o da Previd\u00eancia Social.<\/p>\n<div id=\"metaslider-id-25573\" style=\"width: 100%;\" class=\"ml-slider-3-99-0 metaslider metaslider-flex metaslider-25573 ml-slider has-onhover-arrows ms-theme-default-base has-dots-nav\" role=\"region\" aria-label=\"Meio\" data-width=\"1200\">\n    <div id=\"metaslider_container_25573\">\n        <div id=\"metaslider_25573\">\n            <ul class='slides'>\n                <li style=\"display: block; width: 100%;\" class=\"slide-25684 ms-image \" aria-roledescription=\"slide\" data-date=\"2025-07-24 07:55:40\"><img src=\"https:\/\/sulsc.com\/wp-content\/uploads\/2025\/07\/Marr-2-1000x166.jpg\" height=\"200\" width=\"1200\" alt=\"\" class=\"slider-25573 slide-25684 msDefaultImage\" title=\"Marr 2\" \/><\/li>\n                <li style=\"display: none; width: 100%;\" class=\"slide-32412 ms-image \" aria-roledescription=\"slide\" data-date=\"2026-02-18 13:59:46\"><img src=\"https:\/\/sulsc.com\/wp-content\/uploads\/2026\/02\/40dc1580-cad5-4867-bc58-c4243821ad38-1000x166.jpeg\" height=\"200\" width=\"1200\" alt=\"\" class=\"slider-25573 slide-32412 msDefaultImage\" title=\"40dc1580-cad5-4867-bc58-c4243821ad38\" \/><\/li>\n                <li style=\"display: none; width: 100%;\" class=\"slide-32766 ms-image \" aria-roledescription=\"slide\" data-date=\"2026-03-03 17:22:59\"><img src=\"https:\/\/sulsc.com\/wp-content\/uploads\/2026\/03\/271ce739-f268-41c5-8051-3de1a1750359-1000x166.jpeg\" height=\"200\" width=\"1200\" alt=\"\" class=\"slider-25573 slide-32766 msDefaultImage\" title=\"271ce739-f268-41c5-8051-3de1a1750359\" \/><\/li>\n            <\/ul>\n        <\/div>\n        \n    <\/div>\n<\/div>\n<p>Vale lembrar que os canais remotos de atendimento, como o <strong><a href=\"https:\/\/meu.inss.gov.br\/#\/login\" target=\"_blank\" rel=\"noopener\">Meu INSS<\/a><\/strong> (site e aplicativo ) e a central <strong>telef\u00f4nica 135<\/strong>, funcionar\u00e3o normalmente <strong>at\u00e9 o dia 27<\/strong>, com mais de 100 servi\u00e7os dispon\u00edveis.<\/p>\n<p>O INSS alerta ainda que, <strong>a partir das 19h do dia 27 at\u00e9 o dia 31 de janeiro, o<\/strong> <strong><a href=\"https:\/\/meu.inss.gov.br\/#\/login\" target=\"_blank\" rel=\"noopener\">Meu INSS<\/a><\/strong> (site e aplicativo) e a <strong>central telef\u00f4nica 135 ficar\u00e3o indispon\u00edveis<\/strong>.<\/p>\n<p><img fetchpriority=\"high\" decoding=\"async\" class=\"aligncenter size-full wp-image-31781\" src=\"http:\/\/sulsc.com\/wp-content\/uploads\/2026\/01\/966946-07072015-dsc_5210.webp\" alt=\"\" width=\"1170\" height=\"700\" srcset=\"https:\/\/sulsc.com\/wp-content\/uploads\/2026\/01\/966946-07072015-dsc_5210.webp 1170w, https:\/\/sulsc.com\/wp-content\/uploads\/2026\/01\/966946-07072015-dsc_5210-300x179.webp 300w, https:\/\/sulsc.com\/wp-content\/uploads\/2026\/01\/966946-07072015-dsc_5210-1024x613.webp 1024w, https:\/\/sulsc.com\/wp-content\/uploads\/2026\/01\/966946-07072015-dsc_5210-768x459.webp 768w\" sizes=\"(max-width: 1170px) 100vw, 1170px\" \/><\/p>\n<p>A medida, segundo o instituto, \u00e9 necess\u00e1ria para a moderniza\u00e7\u00e3o dos sistemas, de modo a assegurar maior estabilidade, seguran\u00e7a e efici\u00eancia dos servi\u00e7os.<\/p>\n<p>Para reduzir os impactos aos cidad\u00e3os, o INSS realizou atendimento extra no \u00faltimo final de semana, \u201ccom o objetivo de antecipar agendamentos e compensar a suspens\u00e3o tempor\u00e1ria do servi\u00e7o presencial\u201d.<\/p>\n<p>O instituto informou ainda que garantiu o reencaixe nos casos em que o benefici\u00e1rio preferiu receber atendimento presencial em dia \u00fatil.<\/p>\n","protected":false},"excerpt":{"rendered":"<p>A partir desta quarta-feira (28) a sexta-feira (30), as ag\u00eancias do Instituto Nacional do Seguro Social (INSS) em todo o pa\u00eds estar\u00e3o fechadas para atendimento presencial em raz\u00e3o de melhorias programadas nos sistemas previdenci\u00e1rios da Dataprev, empresa respons\u00e1vel pela tecnologia da informa\u00e7\u00e3o da Previd\u00eancia Social. Vale lembrar que os canais remotos de atendimento, como o &hellip;<\/p>\n<p class=\"read-more\"> <a class=\"\" href=\"https:\/\/sulsc.com\/index.php\/2026\/01\/26\/inss-fechara-suas-agencias-a-partir-desta-quarta-28-a-sexta-feira-desta-semana\/\"> <span class=\"screen-reader-text\">INSS fechar\u00e1 suas ag\u00eancias a partir desta quarta (28) a sexta-feira desta semana<\/span> Read More &raquo;<\/a><\/p>\n","protected":false},"author":3,"featured_media":31781,"comment_status":"open","ping_status":"open","sticky":false,"template":"","format":"standard","meta":{"site-sidebar-layout":"default","site-content-layout":"","ast-site-content-layout":"default","site-content-style":"default","site-sidebar-style":"default","ast-global-header-display":"","ast-banner-title-visibility":"","ast-main-header-display":"","ast-hfb-above-header-display":"","ast-hfb-below-header-display":"","ast-hfb-mobile-header-display":"","site-post-title":"","ast-breadcrumbs-content":"","ast-featured-img":"","footer-sml-layout":"","theme-transparent-header-meta":"default","adv-header-id-meta":"","stick-header-meta":"","header-above-stick-meta":"","header-main-stick-meta":"","header-below-stick-meta":"","astra-migrate-meta-layouts":"set","footnotes":""},"categories":[1,15,12],"tags":[1080],"yoast_head":"<!-- This site is optimized with the Yoast SEO plugin v21.4 - https:\/\/yoast.com\/wordpress\/plugins\/seo\/ -->\n<title>INSS fechar\u00e1 suas ag\u00eancias a partir desta quarta (28) a sexta-feira desta semana -<\/title>\n<meta name=\"robots\" content=\"index, follow, max-snippet:-1, max-image-preview:large, max-video-preview:-1\" \/>\n<link rel=\"canonical\" href=\"https:\/\/sulsc.com\/index.php\/2026\/01\/26\/inss-fechara-suas-agencias-a-partir-desta-quarta-28-a-sexta-feira-desta-semana\/\" \/>\n<meta property=\"og:locale\" content=\"en_US\" \/>\n<meta property=\"og:type\" content=\"article\" \/>\n<meta property=\"og:title\" content=\"INSS fechar\u00e1 suas ag\u00eancias a partir desta quarta (28) a sexta-feira desta semana -\" \/>\n<meta property=\"og:description\" content=\"A partir desta quarta-feira (28) a sexta-feira (30), as ag\u00eancias do Instituto Nacional do Seguro Social (INSS) em todo o pa\u00eds estar\u00e3o fechadas para atendimento presencial em raz\u00e3o de melhorias programadas nos sistemas previdenci\u00e1rios da Dataprev, empresa respons\u00e1vel pela tecnologia da informa\u00e7\u00e3o da Previd\u00eancia Social. Vale lembrar que os canais remotos de atendimento, como o &hellip; INSS fechar\u00e1 suas ag\u00eancias a partir desta quarta (28) a sexta-feira desta semana Read More &raquo;\" \/>\n<meta property=\"og:url\" content=\"https:\/\/sulsc.com\/index.php\/2026\/01\/26\/inss-fechara-suas-agencias-a-partir-desta-quarta-28-a-sexta-feira-desta-semana\/\" \/>\n<meta property=\"article:author\" content=\"https:\/\/www.facebook.com\/profile.php?id=61559278119680\" \/>\n<meta property=\"article:published_time\" content=\"2026-01-26T11:08:02+00:00\" \/>\n<meta property=\"og:image\" content=\"http:\/\/sulsc.com\/wp-content\/uploads\/2026\/01\/966946-07072015-dsc_5210.webp\" \/>\n\t<meta property=\"og:image:width\" content=\"1170\" \/>\n\t<meta property=\"og:image:height\" content=\"700\" \/>\n\t<meta property=\"og:image:type\" content=\"image\/webp\" \/>\n<meta name=\"author\" content=\"Reda\u00e7\u00e3o Sul SC\" \/>\n<meta name=\"twitter:card\" content=\"summary_large_image\" \/>\n<meta name=\"twitter:creator\" content=\"@https:\/\/twitter.com\/PortalSulSC\" \/>\n<meta name=\"twitter:label1\" content=\"Written by\" \/>\n\t<meta name=\"twitter:data1\" content=\"Reda\u00e7\u00e3o Sul SC\" \/>\n\t<meta name=\"twitter:label2\" content=\"Est. reading time\" \/>\n\t<meta name=\"twitter:data2\" content=\"2 minutes\" \/>\n<script type=\"application\/ld+json\" class=\"yoast-schema-graph\">{\"@context\":\"https:\/\/schema.org\",\"@graph\":[{\"@type\":\"WebPage\",\"@id\":\"https:\/\/sulsc.com\/index.php\/2026\/01\/26\/inss-fechara-suas-agencias-a-partir-desta-quarta-28-a-sexta-feira-desta-semana\/\",\"url\":\"https:\/\/sulsc.com\/index.php\/2026\/01\/26\/inss-fechara-suas-agencias-a-partir-desta-quarta-28-a-sexta-feira-desta-semana\/\",\"name\":\"INSS fechar\u00e1 suas ag\u00eancias a partir desta quarta (28) a sexta-feira desta semana -\",\"isPartOf\":{\"@id\":\"https:\/\/sulsc.com\/#website\"},\"datePublished\":\"2026-01-26T11:08:02+00:00\",\"dateModified\":\"2026-01-26T11:08:02+00:00\",\"author\":{\"@id\":\"https:\/\/sulsc.com\/#\/schema\/person\/84d2fc571684f6248ba83092f07750a3\"},\"breadcrumb\":{\"@id\":\"https:\/\/sulsc.com\/index.php\/2026\/01\/26\/inss-fechara-suas-agencias-a-partir-desta-quarta-28-a-sexta-feira-desta-semana\/#breadcrumb\"},\"inLanguage\":\"en-US\",\"potentialAction\":[{\"@type\":\"ReadAction\",\"target\":[\"https:\/\/sulsc.com\/index.php\/2026\/01\/26\/inss-fechara-suas-agencias-a-partir-desta-quarta-28-a-sexta-feira-desta-semana\/\"]}]},{\"@type\":\"BreadcrumbList\",\"@id\":\"https:\/\/sulsc.com\/index.php\/2026\/01\/26\/inss-fechara-suas-agencias-a-partir-desta-quarta-28-a-sexta-feira-desta-semana\/#breadcrumb\",\"itemListElement\":[{\"@type\":\"ListItem\",\"position\":1,\"name\":\"In\u00edcio\",\"item\":\"https:\/\/sulsc.com\/\"},{\"@type\":\"ListItem\",\"position\":2,\"name\":\"INSS fechar\u00e1 suas ag\u00eancias a partir desta quarta (28) a sexta-feira desta semana\"}]},{\"@type\":\"WebSite\",\"@id\":\"https:\/\/sulsc.com\/#website\",\"url\":\"https:\/\/sulsc.com\/\",\"name\":\"\",\"description\":\"\",\"potentialAction\":[{\"@type\":\"SearchAction\",\"target\":{\"@type\":\"EntryPoint\",\"urlTemplate\":\"https:\/\/sulsc.com\/?s={search_term_string}\"},\"query-input\":\"required name=search_term_string\"}],\"inLanguage\":\"en-US\"},{\"@type\":\"Person\",\"@id\":\"https:\/\/sulsc.com\/#\/schema\/person\/84d2fc571684f6248ba83092f07750a3\",\"name\":\"Reda\u00e7\u00e3o Sul SC\",\"image\":{\"@type\":\"ImageObject\",\"inLanguage\":\"en-US\",\"@id\":\"https:\/\/sulsc.com\/#\/schema\/person\/image\/e08d7fe2cc4ed596372063bbe852b8d0\",\"url\":\"https:\/\/sulsc.com\/wp-content\/uploads\/2023\/09\/redacao.png\",\"contentUrl\":\"https:\/\/sulsc.com\/wp-content\/uploads\/2023\/09\/redacao.png\",\"caption\":\"Reda\u00e7\u00e3o Sul SC\"},\"description\":\"Foco em um jornalismo imparcial, voltado \u00e0 qualidade dos seus conte\u00fados e, assim, levar informa\u00e7\u00e3o de valor que agregue \u00e0 vida dos leitores. Esta \u00e9 grande miss\u00e3o do Portal de Not\u00edcias Sul SC. N\u00e3o \u00e9 quantidade que muda o mundo, sempre foi e seguir\u00e1 sendo qualidade!\",\"sameAs\":[\"https:\/\/sulsc.com\/\",\"https:\/\/www.facebook.com\/profile.php?id=61559278119680\",\"https:\/\/www.instagram.com\/sulscportal\/?hl=pt-br\",\"https:\/\/twitter.com\/https:\/\/twitter.com\/PortalSulSC\",\"https:\/\/www.youtube.com\/channel\/UCv_BE8GeySluDov2n8qhVmw\"],\"url\":\"https:\/\/sulsc.com\/index.php\/author\/redacao\/\"}]}<\/script>\n<!-- \/ Yoast SEO plugin. -->","yoast_head_json":{"title":"INSS fechar\u00e1 suas ag\u00eancias a partir desta quarta (28) a sexta-feira desta semana -","robots":{"index":"index","follow":"follow","max-snippet":"max-snippet:-1","max-image-preview":"max-image-preview:large","max-video-preview":"max-video-preview:-1"},"canonical":"https:\/\/sulsc.com\/index.php\/2026\/01\/26\/inss-fechara-suas-agencias-a-partir-desta-quarta-28-a-sexta-feira-desta-semana\/","og_locale":"en_US","og_type":"article","og_title":"INSS fechar\u00e1 suas ag\u00eancias a partir desta quarta (28) a sexta-feira desta semana -","og_description":"A partir desta quarta-feira (28) a sexta-feira (30), as ag\u00eancias do Instituto Nacional do Seguro Social (INSS) em todo o pa\u00eds estar\u00e3o fechadas para atendimento presencial em raz\u00e3o de melhorias programadas nos sistemas previdenci\u00e1rios da Dataprev, empresa respons\u00e1vel pela tecnologia da informa\u00e7\u00e3o da Previd\u00eancia Social. Vale lembrar que os canais remotos de atendimento, como o &hellip; INSS fechar\u00e1 suas ag\u00eancias a partir desta quarta (28) a sexta-feira desta semana Read More &raquo;","og_url":"https:\/\/sulsc.com\/index.php\/2026\/01\/26\/inss-fechara-suas-agencias-a-partir-desta-quarta-28-a-sexta-feira-desta-semana\/","article_author":"https:\/\/www.facebook.com\/profile.php?id=61559278119680","article_published_time":"2026-01-26T11:08:02+00:00","og_image":[{"width":1170,"height":700,"url":"http:\/\/sulsc.com\/wp-content\/uploads\/2026\/01\/966946-07072015-dsc_5210.webp","type":"image\/webp"}],"author":"Reda\u00e7\u00e3o Sul SC","twitter_card":"summary_large_image","twitter_creator":"@https:\/\/twitter.com\/PortalSulSC","twitter_misc":{"Written by":"Reda\u00e7\u00e3o Sul SC","Est. reading time":"2 minutes"},"schema":{"@context":"https:\/\/schema.org","@graph":[{"@type":"WebPage","@id":"https:\/\/sulsc.com\/index.php\/2026\/01\/26\/inss-fechara-suas-agencias-a-partir-desta-quarta-28-a-sexta-feira-desta-semana\/","url":"https:\/\/sulsc.com\/index.php\/2026\/01\/26\/inss-fechara-suas-agencias-a-partir-desta-quarta-28-a-sexta-feira-desta-semana\/","name":"INSS fechar\u00e1 suas ag\u00eancias a partir desta quarta (28) a sexta-feira desta semana -","isPartOf":{"@id":"https:\/\/sulsc.com\/#website"},"datePublished":"2026-01-26T11:08:02+00:00","dateModified":"2026-01-26T11:08:02+00:00","author":{"@id":"https:\/\/sulsc.com\/#\/schema\/person\/84d2fc571684f6248ba83092f07750a3"},"breadcrumb":{"@id":"https:\/\/sulsc.com\/index.php\/2026\/01\/26\/inss-fechara-suas-agencias-a-partir-desta-quarta-28-a-sexta-feira-desta-semana\/#breadcrumb"},"inLanguage":"en-US","potentialAction":[{"@type":"ReadAction","target":["https:\/\/sulsc.com\/index.php\/2026\/01\/26\/inss-fechara-suas-agencias-a-partir-desta-quarta-28-a-sexta-feira-desta-semana\/"]}]},{"@type":"BreadcrumbList","@id":"https:\/\/sulsc.com\/index.php\/2026\/01\/26\/inss-fechara-suas-agencias-a-partir-desta-quarta-28-a-sexta-feira-desta-semana\/#breadcrumb","itemListElement":[{"@type":"ListItem","position":1,"name":"In\u00edcio","item":"https:\/\/sulsc.com\/"},{"@type":"ListItem","position":2,"name":"INSS fechar\u00e1 suas ag\u00eancias a partir desta quarta (28) a sexta-feira desta semana"}]},{"@type":"WebSite","@id":"https:\/\/sulsc.com\/#website","url":"https:\/\/sulsc.com\/","name":"","description":"","potentialAction":[{"@type":"SearchAction","target":{"@type":"EntryPoint","urlTemplate":"https:\/\/sulsc.com\/?s={search_term_string}"},"query-input":"required name=search_term_string"}],"inLanguage":"en-US"},{"@type":"Person","@id":"https:\/\/sulsc.com\/#\/schema\/person\/84d2fc571684f6248ba83092f07750a3","name":"Reda\u00e7\u00e3o Sul SC","image":{"@type":"ImageObject","inLanguage":"en-US","@id":"https:\/\/sulsc.com\/#\/schema\/person\/image\/e08d7fe2cc4ed596372063bbe852b8d0","url":"https:\/\/sulsc.com\/wp-content\/uploads\/2023\/09\/redacao.png","contentUrl":"https:\/\/sulsc.com\/wp-content\/uploads\/2023\/09\/redacao.png","caption":"Reda\u00e7\u00e3o Sul SC"},"description":"Foco em um jornalismo imparcial, voltado \u00e0 qualidade dos seus conte\u00fados e, assim, levar informa\u00e7\u00e3o de valor que agregue \u00e0 vida dos leitores. Esta \u00e9 grande miss\u00e3o do Portal de Not\u00edcias Sul SC. N\u00e3o \u00e9 quantidade que muda o mundo, sempre foi e seguir\u00e1 sendo qualidade!","sameAs":["https:\/\/sulsc.com\/","https:\/\/www.facebook.com\/profile.php?id=61559278119680","https:\/\/www.instagram.com\/sulscportal\/?hl=pt-br","https:\/\/twitter.com\/https:\/\/twitter.com\/PortalSulSC","https:\/\/www.youtube.com\/channel\/UCv_BE8GeySluDov2n8qhVmw"],"url":"https:\/\/sulsc.com\/index.php\/author\/redacao\/"}]}},"authors":[],"_links":{"self":[{"href":"https:\/\/sulsc.com\/index.php\/wp-json\/wp\/v2\/posts\/31780"}],"collection":[{"href":"https:\/\/sulsc.com\/index.php\/wp-json\/wp\/v2\/posts"}],"about":[{"href":"https:\/\/sulsc.com\/index.php\/wp-json\/wp\/v2\/types\/post"}],"author":[{"embeddable":true,"href":"https:\/\/sulsc.com\/index.php\/wp-json\/wp\/v2\/users\/3"}],"replies":[{"embeddable":true,"href":"https:\/\/sulsc.com\/index.php\/wp-json\/wp\/v2\/comments?post=31780"}],"version-history":[{"count":1,"href":"https:\/\/sulsc.com\/index.php\/wp-json\/wp\/v2\/posts\/31780\/revisions"}],"predecessor-version":[{"id":31782,"href":"https:\/\/sulsc.com\/index.php\/wp-json\/wp\/v2\/posts\/31780\/revisions\/31782"}],"wp:featuredmedia":[{"embeddable":true,"href":"https:\/\/sulsc.com\/index.php\/wp-json\/wp\/v2\/media\/31781"}],"wp:attachment":[{"href":"https:\/\/sulsc.com\/index.php\/wp-json\/wp\/v2\/media?parent=31780"}],"wp:term":[{"taxonomy":"category","embeddable":true,"href":"https:\/\/sulsc.com\/index.php\/wp-json\/wp\/v2\/categories?post=31780"},{"taxonomy":"post_tag","embeddable":true,"href":"https:\/\/sulsc.com\/index.php\/wp-json\/wp\/v2\/tags?post=31780"}],"curies":[{"name":"wp","href":"https:\/\/api.w.org\/{rel}","templated":true}]}}