{"id":31785,"date":"2026-01-26T09:42:03","date_gmt":"2026-01-26T12:42:03","guid":{"rendered":"https:\/\/sulsc.com\/?p=31785"},"modified":"2026-01-26T09:42:03","modified_gmt":"2026-01-26T12:42:03","slug":"mpsc-lanca-capacitacao-intersetorial-para-profissionais-de-enfrentamento-a-violencia-domestica-em-tubarao","status":"publish","type":"post","link":"https:\/\/sulsc.com\/index.php\/2026\/01\/26\/mpsc-lanca-capacitacao-intersetorial-para-profissionais-de-enfrentamento-a-violencia-domestica-em-tubarao\/","title":{"rendered":"MPSC lan\u00e7a Capacita\u00e7\u00e3o Intersetorial para profissionais de enfrentamento \u00e0 viol\u00eancia dom\u00e9stica em Tubar\u00e3o"},"content":{"rendered":"<p>Buscando sempre o aprimoramento do atendimento \u00e0s mulheres v\u00edtimas de viol\u00eancia, o Minist\u00e9rio P\u00fablico de Santa Catarina (MPSC), por meio da 2\u00aa Promotoria de Justi\u00e7a de Tubar\u00e3o, ir\u00e1 viabilizar uma capacita\u00e7\u00e3o intersetorial voltada aos profissionais que integram a rede de enfrentamento \u00e0 viol\u00eancia dom\u00e9stica no Munic\u00edpio. O alinhamento inicial da iniciativa ocorreu em uma reuni\u00e3o na \u00faltima ter\u00e7a-feira (20\/1) com representantes da Prefeitura de Tubar\u00e3o.<\/p>\n<p>O encontro, proposto pelo MPSC, teve como objetivo apresentar formalmente a ideia do evento de capacita\u00e7\u00e3o e debater aspectos fundamentais para sua realiza\u00e7\u00e3o, como a estrutura necess\u00e1ria, o p\u00fablico-alvo, os objetivos e a viabilidade log\u00edstica. A reuni\u00e3o foi conduzida pelo Promotor de Justi\u00e7a Fred Anderson Vicente, titular da 2\u00aa Promotoria de Justi\u00e7a e respons\u00e1vel pela coordena\u00e7\u00e3o do N\u00facleo de Enfrentamento a Viol\u00eancias e Apoio \u00e0s V\u00edtimas (NEAVIT) em Tubar\u00e3o.<\/p>\n<div id=\"metaslider-id-25573\" style=\"width: 100%;\" class=\"ml-slider-3-99-0 metaslider metaslider-flex metaslider-25573 ml-slider has-onhover-arrows ms-theme-default-base has-dots-nav\" role=\"region\" aria-label=\"Meio\" data-width=\"1200\">\n    <div id=\"metaslider_container_25573\">\n        <div id=\"metaslider_25573\">\n            <ul class='slides'>\n                <li style=\"display: block; width: 100%;\" class=\"slide-25684 ms-image \" aria-roledescription=\"slide\" data-date=\"2025-07-24 07:55:40\"><img src=\"https:\/\/sulsc.com\/wp-content\/uploads\/2025\/07\/Marr-2-1000x166.jpg\" height=\"200\" width=\"1200\" alt=\"\" class=\"slider-25573 slide-25684 msDefaultImage\" title=\"Marr 2\" \/><\/li>\n                <li style=\"display: none; width: 100%;\" class=\"slide-32412 ms-image \" aria-roledescription=\"slide\" data-date=\"2026-02-18 13:59:46\"><img src=\"https:\/\/sulsc.com\/wp-content\/uploads\/2026\/02\/40dc1580-cad5-4867-bc58-c4243821ad38-1000x166.jpeg\" height=\"200\" width=\"1200\" alt=\"\" class=\"slider-25573 slide-32412 msDefaultImage\" title=\"40dc1580-cad5-4867-bc58-c4243821ad38\" \/><\/li>\n                <li style=\"display: none; width: 100%;\" class=\"slide-32766 ms-image \" aria-roledescription=\"slide\" data-date=\"2026-03-03 17:22:59\"><img src=\"https:\/\/sulsc.com\/wp-content\/uploads\/2026\/03\/271ce739-f268-41c5-8051-3de1a1750359-1000x166.jpeg\" height=\"200\" width=\"1200\" alt=\"\" class=\"slider-25573 slide-32766 msDefaultImage\" title=\"271ce739-f268-41c5-8051-3de1a1750359\" \/><\/li>\n            <\/ul>\n        <\/div>\n        \n    <\/div>\n<\/div>\n<p>Durante a reuni\u00e3o, ficou definida a data de 14 de maio de 2026 para a realiza\u00e7\u00e3o do evento, que dever\u00e1 ocorrer no Sigma Park. A proposta \u00e9 reunir profissionais de diferentes \u00e1reas que atuam diretamente no atendimento \u00e0s mulheres em situa\u00e7\u00e3o de viol\u00eancia, promovendo integra\u00e7\u00e3o, troca de experi\u00eancias e qualifica\u00e7\u00e3o t\u00e9cnica. A Prefeitura de Tubar\u00e3o manifestou disponibilidade para colaborar com o evento, dentro das possibilidades administrativas e t\u00e9cnicas do Executivo, al\u00e9m de apoiar a divulga\u00e7\u00e3o junto aos \u00f3rg\u00e3os e profissionais que comp\u00f5em a rede de atendimento no munic\u00edpio.<\/p>\n<p>A partir do alinhamento inicial, a Promotoria de Justi\u00e7a dar\u00e1 continuidade \u00e0 organiza\u00e7\u00e3o do evento, com a defini\u00e7\u00e3o dos palestrantes e a manuten\u00e7\u00e3o da articula\u00e7\u00e3o com a Secretaria de Assist\u00eancia Social sempre que necess\u00e1rio. \u201cA capacita\u00e7\u00e3o cont\u00ednua dos profissionais que integram a rede de enfrentamento \u00e0 viol\u00eancia dom\u00e9stica \u00e9 fundamental para qualificar o atendimento \u00e0s mulheres v\u00edtimas e por isso a import\u00e2ncia deste evento. A parceria com o Munic\u00edpio \u00e9 essencial para fortalecer essa atua\u00e7\u00e3o conjunta e garantir respostas eficazes e articuladas\u201d, declarou o Promotor de Justi\u00e7a.<\/p>\n<p>Participaram do encontro, al\u00e9m do Promotor de Justi\u00e7a e sua equipe, o Prefeito de Tubar\u00e3o, Est\u00eaner Soratto da Silva J\u00fanior; o vice-prefeito, Denis Matiola, a Secret\u00e1ria de Assist\u00eancia Social, Mulher e Fam\u00edlia, Helo\u00edsa Cabral e a Assessora Jur\u00eddica da Secretaria de Assist\u00eancia Social, Mulher e Fam\u00edlia, Mariela Estev\u00e3o Antunes.<\/p>\n<p><img fetchpriority=\"high\" decoding=\"async\" class=\"aligncenter size-full wp-image-31786\" src=\"http:\/\/sulsc.com\/wp-content\/uploads\/2026\/01\/WhatsApp-Image-2026-01-23-at-15.51.32.jpeg\" alt=\"\" width=\"1280\" height=\"718\" srcset=\"https:\/\/sulsc.com\/wp-content\/uploads\/2026\/01\/WhatsApp-Image-2026-01-23-at-15.51.32.jpeg 1280w, https:\/\/sulsc.com\/wp-content\/uploads\/2026\/01\/WhatsApp-Image-2026-01-23-at-15.51.32-300x168.jpeg 300w, https:\/\/sulsc.com\/wp-content\/uploads\/2026\/01\/WhatsApp-Image-2026-01-23-at-15.51.32-1024x574.jpeg 1024w, https:\/\/sulsc.com\/wp-content\/uploads\/2026\/01\/WhatsApp-Image-2026-01-23-at-15.51.32-768x431.jpeg 768w\" sizes=\"(max-width: 1280px) 100vw, 1280px\" \/><\/p>\n<p>MPSC\/Divulga\u00e7\u00e3o\/SulSC<\/p>\n<p>O evento contar\u00e1 com apoio da Coordena\u00e7\u00e3o-Geral do NEAVIT e do Centro de Estudos e Aperfei\u00e7oamento Funcional (CEAF) do MPSC.<\/p>\n<p>Fonte\/Coordenadoria de Comunica\u00e7\u00e3o Social do MPSC<\/p>\n","protected":false},"excerpt":{"rendered":"<p>Buscando sempre o aprimoramento do atendimento \u00e0s mulheres v\u00edtimas de viol\u00eancia, o Minist\u00e9rio P\u00fablico de Santa Catarina (MPSC), por meio da 2\u00aa Promotoria de Justi\u00e7a de Tubar\u00e3o, ir\u00e1 viabilizar uma capacita\u00e7\u00e3o intersetorial voltada aos profissionais que integram a rede de enfrentamento \u00e0 viol\u00eancia dom\u00e9stica no Munic\u00edpio. O alinhamento inicial da iniciativa ocorreu em uma reuni\u00e3o &hellip;<\/p>\n<p class=\"read-more\"> <a class=\"\" href=\"https:\/\/sulsc.com\/index.php\/2026\/01\/26\/mpsc-lanca-capacitacao-intersetorial-para-profissionais-de-enfrentamento-a-violencia-domestica-em-tubarao\/\"> <span class=\"screen-reader-text\">MPSC lan\u00e7a Capacita\u00e7\u00e3o Intersetorial para profissionais de enfrentamento \u00e0 viol\u00eancia dom\u00e9stica em Tubar\u00e3o<\/span> Read More &raquo;<\/a><\/p>\n","protected":false},"author":3,"featured_media":589,"comment_status":"open","ping_status":"open","sticky":false,"template":"","format":"standard","meta":{"site-sidebar-layout":"default","site-content-layout":"","ast-site-content-layout":"default","site-content-style":"default","site-sidebar-style":"default","ast-global-header-display":"","ast-banner-title-visibility":"","ast-main-header-display":"","ast-hfb-above-header-display":"","ast-hfb-below-header-display":"","ast-hfb-mobile-header-display":"","site-post-title":"","ast-breadcrumbs-content":"","ast-featured-img":"","footer-sml-layout":"","theme-transparent-header-meta":"default","adv-header-id-meta":"","stick-header-meta":"","header-above-stick-meta":"","header-main-stick-meta":"","header-below-stick-meta":"","astra-migrate-meta-layouts":"set","footnotes":""},"categories":[2231,1,2313,14,2782,21,12],"tags":[2193,100],"yoast_head":"<!-- This site is optimized with the Yoast SEO plugin v21.4 - https:\/\/yoast.com\/wordpress\/plugins\/seo\/ -->\n<title>MPSC lan\u00e7a Capacita\u00e7\u00e3o Intersetorial para profissionais de enfrentamento \u00e0 viol\u00eancia dom\u00e9stica em Tubar\u00e3o -<\/title>\n<meta name=\"robots\" content=\"index, follow, max-snippet:-1, max-image-preview:large, max-video-preview:-1\" \/>\n<link rel=\"canonical\" href=\"https:\/\/sulsc.com\/index.php\/2026\/01\/26\/mpsc-lanca-capacitacao-intersetorial-para-profissionais-de-enfrentamento-a-violencia-domestica-em-tubarao\/\" \/>\n<meta property=\"og:locale\" content=\"en_US\" \/>\n<meta property=\"og:type\" content=\"article\" \/>\n<meta property=\"og:title\" content=\"MPSC lan\u00e7a Capacita\u00e7\u00e3o Intersetorial para profissionais de enfrentamento \u00e0 viol\u00eancia dom\u00e9stica em Tubar\u00e3o -\" \/>\n<meta property=\"og:description\" content=\"Buscando sempre o aprimoramento do atendimento \u00e0s mulheres v\u00edtimas de viol\u00eancia, o Minist\u00e9rio P\u00fablico de Santa Catarina (MPSC), por meio da 2\u00aa Promotoria de Justi\u00e7a de Tubar\u00e3o, ir\u00e1 viabilizar uma capacita\u00e7\u00e3o intersetorial voltada aos profissionais que integram a rede de enfrentamento \u00e0 viol\u00eancia dom\u00e9stica no Munic\u00edpio. O alinhamento inicial da iniciativa ocorreu em uma reuni\u00e3o &hellip; MPSC lan\u00e7a Capacita\u00e7\u00e3o Intersetorial para profissionais de enfrentamento \u00e0 viol\u00eancia dom\u00e9stica em Tubar\u00e3o Read More &raquo;\" \/>\n<meta property=\"og:url\" content=\"https:\/\/sulsc.com\/index.php\/2026\/01\/26\/mpsc-lanca-capacitacao-intersetorial-para-profissionais-de-enfrentamento-a-violencia-domestica-em-tubarao\/\" \/>\n<meta property=\"article:author\" content=\"https:\/\/www.facebook.com\/profile.php?id=61559278119680\" \/>\n<meta property=\"article:published_time\" content=\"2026-01-26T12:42:03+00:00\" \/>\n<meta property=\"og:image\" content=\"http:\/\/sulsc.com\/wp-content\/uploads\/2023\/08\/tubarao-cidade-ponte-rio_0-1.jpg\" \/>\n\t<meta property=\"og:image:width\" content=\"696\" \/>\n\t<meta property=\"og:image:height\" content=\"522\" \/>\n\t<meta property=\"og:image:type\" content=\"image\/jpeg\" \/>\n<meta name=\"author\" content=\"Reda\u00e7\u00e3o Sul SC\" \/>\n<meta name=\"twitter:card\" content=\"summary_large_image\" \/>\n<meta name=\"twitter:creator\" content=\"@https:\/\/twitter.com\/PortalSulSC\" \/>\n<meta name=\"twitter:label1\" content=\"Written by\" \/>\n\t<meta name=\"twitter:data1\" content=\"Reda\u00e7\u00e3o Sul SC\" \/>\n\t<meta name=\"twitter:label2\" content=\"Est. reading time\" \/>\n\t<meta name=\"twitter:data2\" content=\"2 minutes\" \/>\n<script type=\"application\/ld+json\" class=\"yoast-schema-graph\">{\"@context\":\"https:\/\/schema.org\",\"@graph\":[{\"@type\":\"WebPage\",\"@id\":\"https:\/\/sulsc.com\/index.php\/2026\/01\/26\/mpsc-lanca-capacitacao-intersetorial-para-profissionais-de-enfrentamento-a-violencia-domestica-em-tubarao\/\",\"url\":\"https:\/\/sulsc.com\/index.php\/2026\/01\/26\/mpsc-lanca-capacitacao-intersetorial-para-profissionais-de-enfrentamento-a-violencia-domestica-em-tubarao\/\",\"name\":\"MPSC lan\u00e7a Capacita\u00e7\u00e3o Intersetorial para profissionais de enfrentamento \u00e0 viol\u00eancia dom\u00e9stica em Tubar\u00e3o -\",\"isPartOf\":{\"@id\":\"https:\/\/sulsc.com\/#website\"},\"datePublished\":\"2026-01-26T12:42:03+00:00\",\"dateModified\":\"2026-01-26T12:42:03+00:00\",\"author\":{\"@id\":\"https:\/\/sulsc.com\/#\/schema\/person\/84d2fc571684f6248ba83092f07750a3\"},\"breadcrumb\":{\"@id\":\"https:\/\/sulsc.com\/index.php\/2026\/01\/26\/mpsc-lanca-capacitacao-intersetorial-para-profissionais-de-enfrentamento-a-violencia-domestica-em-tubarao\/#breadcrumb\"},\"inLanguage\":\"en-US\",\"potentialAction\":[{\"@type\":\"ReadAction\",\"target\":[\"https:\/\/sulsc.com\/index.php\/2026\/01\/26\/mpsc-lanca-capacitacao-intersetorial-para-profissionais-de-enfrentamento-a-violencia-domestica-em-tubarao\/\"]}]},{\"@type\":\"BreadcrumbList\",\"@id\":\"https:\/\/sulsc.com\/index.php\/2026\/01\/26\/mpsc-lanca-capacitacao-intersetorial-para-profissionais-de-enfrentamento-a-violencia-domestica-em-tubarao\/#breadcrumb\",\"itemListElement\":[{\"@type\":\"ListItem\",\"position\":1,\"name\":\"In\u00edcio\",\"item\":\"https:\/\/sulsc.com\/\"},{\"@type\":\"ListItem\",\"position\":2,\"name\":\"MPSC lan\u00e7a Capacita\u00e7\u00e3o Intersetorial para profissionais de enfrentamento \u00e0 viol\u00eancia dom\u00e9stica em Tubar\u00e3o\"}]},{\"@type\":\"WebSite\",\"@id\":\"https:\/\/sulsc.com\/#website\",\"url\":\"https:\/\/sulsc.com\/\",\"name\":\"\",\"description\":\"\",\"potentialAction\":[{\"@type\":\"SearchAction\",\"target\":{\"@type\":\"EntryPoint\",\"urlTemplate\":\"https:\/\/sulsc.com\/?s={search_term_string}\"},\"query-input\":\"required name=search_term_string\"}],\"inLanguage\":\"en-US\"},{\"@type\":\"Person\",\"@id\":\"https:\/\/sulsc.com\/#\/schema\/person\/84d2fc571684f6248ba83092f07750a3\",\"name\":\"Reda\u00e7\u00e3o Sul SC\",\"image\":{\"@type\":\"ImageObject\",\"inLanguage\":\"en-US\",\"@id\":\"https:\/\/sulsc.com\/#\/schema\/person\/image\/e08d7fe2cc4ed596372063bbe852b8d0\",\"url\":\"https:\/\/sulsc.com\/wp-content\/uploads\/2023\/09\/redacao.png\",\"contentUrl\":\"https:\/\/sulsc.com\/wp-content\/uploads\/2023\/09\/redacao.png\",\"caption\":\"Reda\u00e7\u00e3o Sul SC\"},\"description\":\"Foco em um jornalismo imparcial, voltado \u00e0 qualidade dos seus conte\u00fados e, assim, levar informa\u00e7\u00e3o de valor que agregue \u00e0 vida dos leitores. Esta \u00e9 grande miss\u00e3o do Portal de Not\u00edcias Sul SC. N\u00e3o \u00e9 quantidade que muda o mundo, sempre foi e seguir\u00e1 sendo qualidade!\",\"sameAs\":[\"https:\/\/sulsc.com\/\",\"https:\/\/www.facebook.com\/profile.php?id=61559278119680\",\"https:\/\/www.instagram.com\/sulscportal\/?hl=pt-br\",\"https:\/\/twitter.com\/https:\/\/twitter.com\/PortalSulSC\",\"https:\/\/www.youtube.com\/channel\/UCv_BE8GeySluDov2n8qhVmw\"],\"url\":\"https:\/\/sulsc.com\/index.php\/author\/redacao\/\"}]}<\/script>\n<!-- \/ Yoast SEO plugin. -->","yoast_head_json":{"title":"MPSC lan\u00e7a Capacita\u00e7\u00e3o Intersetorial para profissionais de enfrentamento \u00e0 viol\u00eancia dom\u00e9stica em Tubar\u00e3o -","robots":{"index":"index","follow":"follow","max-snippet":"max-snippet:-1","max-image-preview":"max-image-preview:large","max-video-preview":"max-video-preview:-1"},"canonical":"https:\/\/sulsc.com\/index.php\/2026\/01\/26\/mpsc-lanca-capacitacao-intersetorial-para-profissionais-de-enfrentamento-a-violencia-domestica-em-tubarao\/","og_locale":"en_US","og_type":"article","og_title":"MPSC lan\u00e7a Capacita\u00e7\u00e3o Intersetorial para profissionais de enfrentamento \u00e0 viol\u00eancia dom\u00e9stica em Tubar\u00e3o -","og_description":"Buscando sempre o aprimoramento do atendimento \u00e0s mulheres v\u00edtimas de viol\u00eancia, o Minist\u00e9rio P\u00fablico de Santa Catarina (MPSC), por meio da 2\u00aa Promotoria de Justi\u00e7a de Tubar\u00e3o, ir\u00e1 viabilizar uma capacita\u00e7\u00e3o intersetorial voltada aos profissionais que integram a rede de enfrentamento \u00e0 viol\u00eancia dom\u00e9stica no Munic\u00edpio. O alinhamento inicial da iniciativa ocorreu em uma reuni\u00e3o &hellip; MPSC lan\u00e7a Capacita\u00e7\u00e3o Intersetorial para profissionais de enfrentamento \u00e0 viol\u00eancia dom\u00e9stica em Tubar\u00e3o Read More &raquo;","og_url":"https:\/\/sulsc.com\/index.php\/2026\/01\/26\/mpsc-lanca-capacitacao-intersetorial-para-profissionais-de-enfrentamento-a-violencia-domestica-em-tubarao\/","article_author":"https:\/\/www.facebook.com\/profile.php?id=61559278119680","article_published_time":"2026-01-26T12:42:03+00:00","og_image":[{"width":696,"height":522,"url":"http:\/\/sulsc.com\/wp-content\/uploads\/2023\/08\/tubarao-cidade-ponte-rio_0-1.jpg","type":"image\/jpeg"}],"author":"Reda\u00e7\u00e3o Sul SC","twitter_card":"summary_large_image","twitter_creator":"@https:\/\/twitter.com\/PortalSulSC","twitter_misc":{"Written by":"Reda\u00e7\u00e3o Sul SC","Est. reading time":"2 minutes"},"schema":{"@context":"https:\/\/schema.org","@graph":[{"@type":"WebPage","@id":"https:\/\/sulsc.com\/index.php\/2026\/01\/26\/mpsc-lanca-capacitacao-intersetorial-para-profissionais-de-enfrentamento-a-violencia-domestica-em-tubarao\/","url":"https:\/\/sulsc.com\/index.php\/2026\/01\/26\/mpsc-lanca-capacitacao-intersetorial-para-profissionais-de-enfrentamento-a-violencia-domestica-em-tubarao\/","name":"MPSC lan\u00e7a Capacita\u00e7\u00e3o Intersetorial para profissionais de enfrentamento \u00e0 viol\u00eancia dom\u00e9stica em Tubar\u00e3o -","isPartOf":{"@id":"https:\/\/sulsc.com\/#website"},"datePublished":"2026-01-26T12:42:03+00:00","dateModified":"2026-01-26T12:42:03+00:00","author":{"@id":"https:\/\/sulsc.com\/#\/schema\/person\/84d2fc571684f6248ba83092f07750a3"},"breadcrumb":{"@id":"https:\/\/sulsc.com\/index.php\/2026\/01\/26\/mpsc-lanca-capacitacao-intersetorial-para-profissionais-de-enfrentamento-a-violencia-domestica-em-tubarao\/#breadcrumb"},"inLanguage":"en-US","potentialAction":[{"@type":"ReadAction","target":["https:\/\/sulsc.com\/index.php\/2026\/01\/26\/mpsc-lanca-capacitacao-intersetorial-para-profissionais-de-enfrentamento-a-violencia-domestica-em-tubarao\/"]}]},{"@type":"BreadcrumbList","@id":"https:\/\/sulsc.com\/index.php\/2026\/01\/26\/mpsc-lanca-capacitacao-intersetorial-para-profissionais-de-enfrentamento-a-violencia-domestica-em-tubarao\/#breadcrumb","itemListElement":[{"@type":"ListItem","position":1,"name":"In\u00edcio","item":"https:\/\/sulsc.com\/"},{"@type":"ListItem","position":2,"name":"MPSC lan\u00e7a Capacita\u00e7\u00e3o Intersetorial para profissionais de enfrentamento \u00e0 viol\u00eancia dom\u00e9stica em Tubar\u00e3o"}]},{"@type":"WebSite","@id":"https:\/\/sulsc.com\/#website","url":"https:\/\/sulsc.com\/","name":"","description":"","potentialAction":[{"@type":"SearchAction","target":{"@type":"EntryPoint","urlTemplate":"https:\/\/sulsc.com\/?s={search_term_string}"},"query-input":"required name=search_term_string"}],"inLanguage":"en-US"},{"@type":"Person","@id":"https:\/\/sulsc.com\/#\/schema\/person\/84d2fc571684f6248ba83092f07750a3","name":"Reda\u00e7\u00e3o Sul SC","image":{"@type":"ImageObject","inLanguage":"en-US","@id":"https:\/\/sulsc.com\/#\/schema\/person\/image\/e08d7fe2cc4ed596372063bbe852b8d0","url":"https:\/\/sulsc.com\/wp-content\/uploads\/2023\/09\/redacao.png","contentUrl":"https:\/\/sulsc.com\/wp-content\/uploads\/2023\/09\/redacao.png","caption":"Reda\u00e7\u00e3o Sul SC"},"description":"Foco em um jornalismo imparcial, voltado \u00e0 qualidade dos seus conte\u00fados e, assim, levar informa\u00e7\u00e3o de valor que agregue \u00e0 vida dos leitores. Esta \u00e9 grande miss\u00e3o do Portal de Not\u00edcias Sul SC. N\u00e3o \u00e9 quantidade que muda o mundo, sempre foi e seguir\u00e1 sendo qualidade!","sameAs":["https:\/\/sulsc.com\/","https:\/\/www.facebook.com\/profile.php?id=61559278119680","https:\/\/www.instagram.com\/sulscportal\/?hl=pt-br","https:\/\/twitter.com\/https:\/\/twitter.com\/PortalSulSC","https:\/\/www.youtube.com\/channel\/UCv_BE8GeySluDov2n8qhVmw"],"url":"https:\/\/sulsc.com\/index.php\/author\/redacao\/"}]}},"authors":[],"_links":{"self":[{"href":"https:\/\/sulsc.com\/index.php\/wp-json\/wp\/v2\/posts\/31785"}],"collection":[{"href":"https:\/\/sulsc.com\/index.php\/wp-json\/wp\/v2\/posts"}],"about":[{"href":"https:\/\/sulsc.com\/index.php\/wp-json\/wp\/v2\/types\/post"}],"author":[{"embeddable":true,"href":"https:\/\/sulsc.com\/index.php\/wp-json\/wp\/v2\/users\/3"}],"replies":[{"embeddable":true,"href":"https:\/\/sulsc.com\/index.php\/wp-json\/wp\/v2\/comments?post=31785"}],"version-history":[{"count":1,"href":"https:\/\/sulsc.com\/index.php\/wp-json\/wp\/v2\/posts\/31785\/revisions"}],"predecessor-version":[{"id":31787,"href":"https:\/\/sulsc.com\/index.php\/wp-json\/wp\/v2\/posts\/31785\/revisions\/31787"}],"wp:featuredmedia":[{"embeddable":true,"href":"https:\/\/sulsc.com\/index.php\/wp-json\/wp\/v2\/media\/589"}],"wp:attachment":[{"href":"https:\/\/sulsc.com\/index.php\/wp-json\/wp\/v2\/media?parent=31785"}],"wp:term":[{"taxonomy":"category","embeddable":true,"href":"https:\/\/sulsc.com\/index.php\/wp-json\/wp\/v2\/categories?post=31785"},{"taxonomy":"post_tag","embeddable":true,"href":"https:\/\/sulsc.com\/index.php\/wp-json\/wp\/v2\/tags?post=31785"}],"curies":[{"name":"wp","href":"https:\/\/api.w.org\/{rel}","templated":true}]}}