{"id":31791,"date":"2026-01-27T07:27:13","date_gmt":"2026-01-27T10:27:13","guid":{"rendered":"https:\/\/sulsc.com\/?p=31791"},"modified":"2026-01-27T07:27:13","modified_gmt":"2026-01-27T10:27:13","slug":"dia-tipico-de-verao-com-sol-e-calor-marcando-esta-terca-feira-27","status":"publish","type":"post","link":"https:\/\/sulsc.com\/index.php\/2026\/01\/27\/dia-tipico-de-verao-com-sol-e-calor-marcando-esta-terca-feira-27\/","title":{"rendered":"Dia t\u00edpico de ver\u00e3o com sol e calor marcando esta ter\u00e7a-feira (27)"},"content":{"rendered":"<p>O dia ser\u00e1 marcado por predom\u00ednio de sol e calor em Santa Catarina, mas com a soma deste calor com a umidade dispon\u00edvel na atmosfera nesta ter\u00e7a-feira (27), favorece a forma\u00e7\u00e3o de pancadas isoladas de chuva entre a tarde e \u00e0 noite, por\u00e9m, sem risco associado \u00e0s condi\u00e7\u00f5es de tempo.<\/p>\n<div id=\"metaslider-id-25573\" style=\"width: 100%;\" class=\"ml-slider-3-99-0 metaslider metaslider-flex metaslider-25573 ml-slider has-onhover-arrows ms-theme-default-base has-dots-nav\" role=\"region\" aria-label=\"Meio\" data-width=\"1200\">\n    <div id=\"metaslider_container_25573\">\n        <div id=\"metaslider_25573\">\n            <ul class='slides'>\n                <li style=\"display: block; width: 100%;\" class=\"slide-25684 ms-image \" aria-roledescription=\"slide\" data-date=\"2025-07-24 07:55:40\"><img src=\"https:\/\/sulsc.com\/wp-content\/uploads\/2025\/07\/Marr-2-1000x166.jpg\" height=\"200\" width=\"1200\" alt=\"\" class=\"slider-25573 slide-25684 msDefaultImage\" title=\"Marr 2\" \/><\/li>\n                <li style=\"display: none; width: 100%;\" class=\"slide-32412 ms-image \" aria-roledescription=\"slide\" data-date=\"2026-02-18 13:59:46\"><img src=\"https:\/\/sulsc.com\/wp-content\/uploads\/2026\/02\/40dc1580-cad5-4867-bc58-c4243821ad38-1000x166.jpeg\" height=\"200\" width=\"1200\" alt=\"\" class=\"slider-25573 slide-32412 msDefaultImage\" title=\"40dc1580-cad5-4867-bc58-c4243821ad38\" \/><\/li>\n                <li style=\"display: none; width: 100%;\" class=\"slide-32766 ms-image \" aria-roledescription=\"slide\" data-date=\"2026-03-03 17:22:59\"><img src=\"https:\/\/sulsc.com\/wp-content\/uploads\/2026\/03\/271ce739-f268-41c5-8051-3de1a1750359-1000x166.jpeg\" height=\"200\" width=\"1200\" alt=\"\" class=\"slider-25573 slide-32766 msDefaultImage\" title=\"271ce739-f268-41c5-8051-3de1a1750359\" \/><\/li>\n            <\/ul>\n        <\/div>\n        \n    <\/div>\n<\/div>\n<p><strong>Temperaturas<\/strong><\/p>\n<p>O dia amanhece com temperaturas m\u00ednimas variando entre 10 e 14\u00b0C nas \u00e1reas serranas e entre 16 e 21\u00b0C nas demais regi\u00f5es. Ao longo das horas, com o dia ensolarado, as temperaturas sobem rapidamente e, \u00e0 tarde, as m\u00e1ximas se aproximam dos 34\u00b0C no Oeste e oscilam entre 25 e 29\u00b0C nas demais \u00e1reas do estado.<\/p>\n<p><img fetchpriority=\"high\" decoding=\"async\" class=\"aligncenter size-full wp-image-31792\" src=\"http:\/\/sulsc.com\/wp-content\/uploads\/2026\/01\/image-581.png\" alt=\"\" width=\"1478\" height=\"1022\" srcset=\"https:\/\/sulsc.com\/wp-content\/uploads\/2026\/01\/image-581.png 1478w, https:\/\/sulsc.com\/wp-content\/uploads\/2026\/01\/image-581-300x207.png 300w, https:\/\/sulsc.com\/wp-content\/uploads\/2026\/01\/image-581-1024x708.png 1024w, https:\/\/sulsc.com\/wp-content\/uploads\/2026\/01\/image-581-768x531.png 768w\" sizes=\"(max-width: 1478px) 100vw, 1478px\" \/><\/p>\n<p><img decoding=\"async\" class=\"aligncenter size-full wp-image-22836\" src=\"http:\/\/sulsc.com\/wp-content\/uploads\/2025\/04\/Tempo-2.png\" alt=\"\" width=\"1024\" height=\"189\" srcset=\"https:\/\/sulsc.com\/wp-content\/uploads\/2025\/04\/Tempo-2.png 1024w, https:\/\/sulsc.com\/wp-content\/uploads\/2025\/04\/Tempo-2-300x55.png 300w, https:\/\/sulsc.com\/wp-content\/uploads\/2025\/04\/Tempo-2-768x142.png 768w\" sizes=\"(max-width: 1024px) 100vw, 1024px\" \/><\/p>\n<p><strong>Vento:<\/strong> nordeste, fraco a moderado.<\/p>\n<p><strong>Sistema predominante:<\/strong> convec\u00e7\u00e3o isolada \u00e0 tarde, associada ao aquecimento diurno e disponibilidade de umidade.<\/p>\n<p><strong>Amanh\u00e3 quarta-feira (28)<\/strong>, o dia ser\u00e1 t\u00edpico de ver\u00e3o em Santa Catarina, com r\u00e1pidas mudan\u00e7as ao longo das horas. Com m\u00e1ximas variando entre 30\u00baC e 32\u00baC na parte da tarde. A partir da tarde, aumento de nuvens e condi\u00e7\u00f5es de pancadas isoladas de chuva no estado, devido ao maior aquecimento e umidade.<\/p>\n<p>Fontes: Defesa Civil-SC\/Epagri-Ciram<\/p>\n","protected":false},"excerpt":{"rendered":"<p>O dia ser\u00e1 marcado por predom\u00ednio de sol e calor em Santa Catarina, mas com a soma deste calor com a umidade dispon\u00edvel na atmosfera nesta ter\u00e7a-feira (27), favorece a forma\u00e7\u00e3o de pancadas isoladas de chuva entre a tarde e \u00e0 noite, por\u00e9m, sem risco associado \u00e0s condi\u00e7\u00f5es de tempo. Temperaturas O dia amanhece com &hellip;<\/p>\n<p class=\"read-more\"> <a class=\"\" href=\"https:\/\/sulsc.com\/index.php\/2026\/01\/27\/dia-tipico-de-verao-com-sol-e-calor-marcando-esta-terca-feira-27\/\"> <span class=\"screen-reader-text\">Dia t\u00edpico de ver\u00e3o com sol e calor marcando esta ter\u00e7a-feira (27)<\/span> Read More &raquo;<\/a><\/p>\n","protected":false},"author":3,"featured_media":31793,"comment_status":"open","ping_status":"open","sticky":false,"template":"","format":"standard","meta":{"site-sidebar-layout":"default","site-content-layout":"","ast-site-content-layout":"default","site-content-style":"default","site-sidebar-style":"default","ast-global-header-display":"","ast-banner-title-visibility":"","ast-main-header-display":"","ast-hfb-above-header-display":"","ast-hfb-below-header-display":"","ast-hfb-mobile-header-display":"","site-post-title":"","ast-breadcrumbs-content":"","ast-featured-img":"","footer-sml-layout":"","theme-transparent-header-meta":"default","adv-header-id-meta":"","stick-header-meta":"","header-above-stick-meta":"","header-main-stick-meta":"","header-below-stick-meta":"","astra-migrate-meta-layouts":"set","footnotes":""},"categories":[2231,1,14,38,12],"tags":[90],"yoast_head":"<!-- This site is optimized with the Yoast SEO plugin v21.4 - https:\/\/yoast.com\/wordpress\/plugins\/seo\/ -->\n<title>Dia t\u00edpico de ver\u00e3o com sol e calor marcando esta ter\u00e7a-feira (27) -<\/title>\n<meta name=\"robots\" content=\"index, follow, max-snippet:-1, max-image-preview:large, max-video-preview:-1\" \/>\n<link rel=\"canonical\" href=\"https:\/\/sulsc.com\/index.php\/2026\/01\/27\/dia-tipico-de-verao-com-sol-e-calor-marcando-esta-terca-feira-27\/\" \/>\n<meta property=\"og:locale\" content=\"en_US\" \/>\n<meta property=\"og:type\" content=\"article\" \/>\n<meta property=\"og:title\" content=\"Dia t\u00edpico de ver\u00e3o com sol e calor marcando esta ter\u00e7a-feira (27) -\" \/>\n<meta property=\"og:description\" content=\"O dia ser\u00e1 marcado por predom\u00ednio de sol e calor em Santa Catarina, mas com a soma deste calor com a umidade dispon\u00edvel na atmosfera nesta ter\u00e7a-feira (27), favorece a forma\u00e7\u00e3o de pancadas isoladas de chuva entre a tarde e \u00e0 noite, por\u00e9m, sem risco associado \u00e0s condi\u00e7\u00f5es de tempo. Temperaturas O dia amanhece com &hellip; Dia t\u00edpico de ver\u00e3o com sol e calor marcando esta ter\u00e7a-feira (27) Read More &raquo;\" \/>\n<meta property=\"og:url\" content=\"https:\/\/sulsc.com\/index.php\/2026\/01\/27\/dia-tipico-de-verao-com-sol-e-calor-marcando-esta-terca-feira-27\/\" \/>\n<meta property=\"article:author\" content=\"https:\/\/www.facebook.com\/profile.php?id=61559278119680\" \/>\n<meta property=\"article:published_time\" content=\"2026-01-27T10:27:13+00:00\" \/>\n<meta property=\"og:image\" content=\"http:\/\/sulsc.com\/wp-content\/uploads\/2026\/01\/9c35e1a5-ac2d-4c77-942f-aaa41fb708c7.jpeg\" \/>\n\t<meta property=\"og:image:width\" content=\"868\" \/>\n\t<meta property=\"og:image:height\" content=\"1156\" \/>\n\t<meta property=\"og:image:type\" content=\"image\/jpeg\" \/>\n<meta name=\"author\" content=\"Reda\u00e7\u00e3o Sul SC\" \/>\n<meta name=\"twitter:card\" content=\"summary_large_image\" \/>\n<meta name=\"twitter:creator\" content=\"@https:\/\/twitter.com\/PortalSulSC\" \/>\n<meta name=\"twitter:label1\" content=\"Written by\" \/>\n\t<meta name=\"twitter:data1\" content=\"Reda\u00e7\u00e3o Sul SC\" \/>\n\t<meta name=\"twitter:label2\" content=\"Est. reading time\" \/>\n\t<meta name=\"twitter:data2\" content=\"2 minutes\" \/>\n<script type=\"application\/ld+json\" class=\"yoast-schema-graph\">{\"@context\":\"https:\/\/schema.org\",\"@graph\":[{\"@type\":\"WebPage\",\"@id\":\"https:\/\/sulsc.com\/index.php\/2026\/01\/27\/dia-tipico-de-verao-com-sol-e-calor-marcando-esta-terca-feira-27\/\",\"url\":\"https:\/\/sulsc.com\/index.php\/2026\/01\/27\/dia-tipico-de-verao-com-sol-e-calor-marcando-esta-terca-feira-27\/\",\"name\":\"Dia t\u00edpico de ver\u00e3o com sol e calor marcando esta ter\u00e7a-feira (27) -\",\"isPartOf\":{\"@id\":\"https:\/\/sulsc.com\/#website\"},\"datePublished\":\"2026-01-27T10:27:13+00:00\",\"dateModified\":\"2026-01-27T10:27:13+00:00\",\"author\":{\"@id\":\"https:\/\/sulsc.com\/#\/schema\/person\/84d2fc571684f6248ba83092f07750a3\"},\"breadcrumb\":{\"@id\":\"https:\/\/sulsc.com\/index.php\/2026\/01\/27\/dia-tipico-de-verao-com-sol-e-calor-marcando-esta-terca-feira-27\/#breadcrumb\"},\"inLanguage\":\"en-US\",\"potentialAction\":[{\"@type\":\"ReadAction\",\"target\":[\"https:\/\/sulsc.com\/index.php\/2026\/01\/27\/dia-tipico-de-verao-com-sol-e-calor-marcando-esta-terca-feira-27\/\"]}]},{\"@type\":\"BreadcrumbList\",\"@id\":\"https:\/\/sulsc.com\/index.php\/2026\/01\/27\/dia-tipico-de-verao-com-sol-e-calor-marcando-esta-terca-feira-27\/#breadcrumb\",\"itemListElement\":[{\"@type\":\"ListItem\",\"position\":1,\"name\":\"In\u00edcio\",\"item\":\"https:\/\/sulsc.com\/\"},{\"@type\":\"ListItem\",\"position\":2,\"name\":\"Dia t\u00edpico de ver\u00e3o com sol e calor marcando esta ter\u00e7a-feira (27)\"}]},{\"@type\":\"WebSite\",\"@id\":\"https:\/\/sulsc.com\/#website\",\"url\":\"https:\/\/sulsc.com\/\",\"name\":\"\",\"description\":\"\",\"potentialAction\":[{\"@type\":\"SearchAction\",\"target\":{\"@type\":\"EntryPoint\",\"urlTemplate\":\"https:\/\/sulsc.com\/?s={search_term_string}\"},\"query-input\":\"required name=search_term_string\"}],\"inLanguage\":\"en-US\"},{\"@type\":\"Person\",\"@id\":\"https:\/\/sulsc.com\/#\/schema\/person\/84d2fc571684f6248ba83092f07750a3\",\"name\":\"Reda\u00e7\u00e3o Sul SC\",\"image\":{\"@type\":\"ImageObject\",\"inLanguage\":\"en-US\",\"@id\":\"https:\/\/sulsc.com\/#\/schema\/person\/image\/e08d7fe2cc4ed596372063bbe852b8d0\",\"url\":\"https:\/\/sulsc.com\/wp-content\/uploads\/2023\/09\/redacao.png\",\"contentUrl\":\"https:\/\/sulsc.com\/wp-content\/uploads\/2023\/09\/redacao.png\",\"caption\":\"Reda\u00e7\u00e3o Sul SC\"},\"description\":\"Foco em um jornalismo imparcial, voltado \u00e0 qualidade dos seus conte\u00fados e, assim, levar informa\u00e7\u00e3o de valor que agregue \u00e0 vida dos leitores. Esta \u00e9 grande miss\u00e3o do Portal de Not\u00edcias Sul SC. N\u00e3o \u00e9 quantidade que muda o mundo, sempre foi e seguir\u00e1 sendo qualidade!\",\"sameAs\":[\"https:\/\/sulsc.com\/\",\"https:\/\/www.facebook.com\/profile.php?id=61559278119680\",\"https:\/\/www.instagram.com\/sulscportal\/?hl=pt-br\",\"https:\/\/twitter.com\/https:\/\/twitter.com\/PortalSulSC\",\"https:\/\/www.youtube.com\/channel\/UCv_BE8GeySluDov2n8qhVmw\"],\"url\":\"https:\/\/sulsc.com\/index.php\/author\/redacao\/\"}]}<\/script>\n<!-- \/ Yoast SEO plugin. -->","yoast_head_json":{"title":"Dia t\u00edpico de ver\u00e3o com sol e calor marcando esta ter\u00e7a-feira (27) -","robots":{"index":"index","follow":"follow","max-snippet":"max-snippet:-1","max-image-preview":"max-image-preview:large","max-video-preview":"max-video-preview:-1"},"canonical":"https:\/\/sulsc.com\/index.php\/2026\/01\/27\/dia-tipico-de-verao-com-sol-e-calor-marcando-esta-terca-feira-27\/","og_locale":"en_US","og_type":"article","og_title":"Dia t\u00edpico de ver\u00e3o com sol e calor marcando esta ter\u00e7a-feira (27) -","og_description":"O dia ser\u00e1 marcado por predom\u00ednio de sol e calor em Santa Catarina, mas com a soma deste calor com a umidade dispon\u00edvel na atmosfera nesta ter\u00e7a-feira (27), favorece a forma\u00e7\u00e3o de pancadas isoladas de chuva entre a tarde e \u00e0 noite, por\u00e9m, sem risco associado \u00e0s condi\u00e7\u00f5es de tempo. Temperaturas O dia amanhece com &hellip; Dia t\u00edpico de ver\u00e3o com sol e calor marcando esta ter\u00e7a-feira (27) Read More &raquo;","og_url":"https:\/\/sulsc.com\/index.php\/2026\/01\/27\/dia-tipico-de-verao-com-sol-e-calor-marcando-esta-terca-feira-27\/","article_author":"https:\/\/www.facebook.com\/profile.php?id=61559278119680","article_published_time":"2026-01-27T10:27:13+00:00","og_image":[{"width":868,"height":1156,"url":"http:\/\/sulsc.com\/wp-content\/uploads\/2026\/01\/9c35e1a5-ac2d-4c77-942f-aaa41fb708c7.jpeg","type":"image\/jpeg"}],"author":"Reda\u00e7\u00e3o Sul SC","twitter_card":"summary_large_image","twitter_creator":"@https:\/\/twitter.com\/PortalSulSC","twitter_misc":{"Written by":"Reda\u00e7\u00e3o Sul SC","Est. reading time":"2 minutes"},"schema":{"@context":"https:\/\/schema.org","@graph":[{"@type":"WebPage","@id":"https:\/\/sulsc.com\/index.php\/2026\/01\/27\/dia-tipico-de-verao-com-sol-e-calor-marcando-esta-terca-feira-27\/","url":"https:\/\/sulsc.com\/index.php\/2026\/01\/27\/dia-tipico-de-verao-com-sol-e-calor-marcando-esta-terca-feira-27\/","name":"Dia t\u00edpico de ver\u00e3o com sol e calor marcando esta ter\u00e7a-feira (27) -","isPartOf":{"@id":"https:\/\/sulsc.com\/#website"},"datePublished":"2026-01-27T10:27:13+00:00","dateModified":"2026-01-27T10:27:13+00:00","author":{"@id":"https:\/\/sulsc.com\/#\/schema\/person\/84d2fc571684f6248ba83092f07750a3"},"breadcrumb":{"@id":"https:\/\/sulsc.com\/index.php\/2026\/01\/27\/dia-tipico-de-verao-com-sol-e-calor-marcando-esta-terca-feira-27\/#breadcrumb"},"inLanguage":"en-US","potentialAction":[{"@type":"ReadAction","target":["https:\/\/sulsc.com\/index.php\/2026\/01\/27\/dia-tipico-de-verao-com-sol-e-calor-marcando-esta-terca-feira-27\/"]}]},{"@type":"BreadcrumbList","@id":"https:\/\/sulsc.com\/index.php\/2026\/01\/27\/dia-tipico-de-verao-com-sol-e-calor-marcando-esta-terca-feira-27\/#breadcrumb","itemListElement":[{"@type":"ListItem","position":1,"name":"In\u00edcio","item":"https:\/\/sulsc.com\/"},{"@type":"ListItem","position":2,"name":"Dia t\u00edpico de ver\u00e3o com sol e calor marcando esta ter\u00e7a-feira (27)"}]},{"@type":"WebSite","@id":"https:\/\/sulsc.com\/#website","url":"https:\/\/sulsc.com\/","name":"","description":"","potentialAction":[{"@type":"SearchAction","target":{"@type":"EntryPoint","urlTemplate":"https:\/\/sulsc.com\/?s={search_term_string}"},"query-input":"required name=search_term_string"}],"inLanguage":"en-US"},{"@type":"Person","@id":"https:\/\/sulsc.com\/#\/schema\/person\/84d2fc571684f6248ba83092f07750a3","name":"Reda\u00e7\u00e3o Sul SC","image":{"@type":"ImageObject","inLanguage":"en-US","@id":"https:\/\/sulsc.com\/#\/schema\/person\/image\/e08d7fe2cc4ed596372063bbe852b8d0","url":"https:\/\/sulsc.com\/wp-content\/uploads\/2023\/09\/redacao.png","contentUrl":"https:\/\/sulsc.com\/wp-content\/uploads\/2023\/09\/redacao.png","caption":"Reda\u00e7\u00e3o Sul SC"},"description":"Foco em um jornalismo imparcial, voltado \u00e0 qualidade dos seus conte\u00fados e, assim, levar informa\u00e7\u00e3o de valor que agregue \u00e0 vida dos leitores. Esta \u00e9 grande miss\u00e3o do Portal de Not\u00edcias Sul SC. N\u00e3o \u00e9 quantidade que muda o mundo, sempre foi e seguir\u00e1 sendo qualidade!","sameAs":["https:\/\/sulsc.com\/","https:\/\/www.facebook.com\/profile.php?id=61559278119680","https:\/\/www.instagram.com\/sulscportal\/?hl=pt-br","https:\/\/twitter.com\/https:\/\/twitter.com\/PortalSulSC","https:\/\/www.youtube.com\/channel\/UCv_BE8GeySluDov2n8qhVmw"],"url":"https:\/\/sulsc.com\/index.php\/author\/redacao\/"}]}},"authors":[],"_links":{"self":[{"href":"https:\/\/sulsc.com\/index.php\/wp-json\/wp\/v2\/posts\/31791"}],"collection":[{"href":"https:\/\/sulsc.com\/index.php\/wp-json\/wp\/v2\/posts"}],"about":[{"href":"https:\/\/sulsc.com\/index.php\/wp-json\/wp\/v2\/types\/post"}],"author":[{"embeddable":true,"href":"https:\/\/sulsc.com\/index.php\/wp-json\/wp\/v2\/users\/3"}],"replies":[{"embeddable":true,"href":"https:\/\/sulsc.com\/index.php\/wp-json\/wp\/v2\/comments?post=31791"}],"version-history":[{"count":1,"href":"https:\/\/sulsc.com\/index.php\/wp-json\/wp\/v2\/posts\/31791\/revisions"}],"predecessor-version":[{"id":31794,"href":"https:\/\/sulsc.com\/index.php\/wp-json\/wp\/v2\/posts\/31791\/revisions\/31794"}],"wp:featuredmedia":[{"embeddable":true,"href":"https:\/\/sulsc.com\/index.php\/wp-json\/wp\/v2\/media\/31793"}],"wp:attachment":[{"href":"https:\/\/sulsc.com\/index.php\/wp-json\/wp\/v2\/media?parent=31791"}],"wp:term":[{"taxonomy":"category","embeddable":true,"href":"https:\/\/sulsc.com\/index.php\/wp-json\/wp\/v2\/categories?post=31791"},{"taxonomy":"post_tag","embeddable":true,"href":"https:\/\/sulsc.com\/index.php\/wp-json\/wp\/v2\/tags?post=31791"}],"curies":[{"name":"wp","href":"https:\/\/api.w.org\/{rel}","templated":true}]}}