{"id":31799,"date":"2026-01-27T07:59:33","date_gmt":"2026-01-27T10:59:33","guid":{"rendered":"https:\/\/sulsc.com\/?p=31799"},"modified":"2026-01-27T07:59:33","modified_gmt":"2026-01-27T10:59:33","slug":"tentativa-de-captura-de-fugitivo-termina-em-apreensao-de-entorpecentes-e-prisoes-em-braco-do-norte","status":"publish","type":"post","link":"https:\/\/sulsc.com\/index.php\/2026\/01\/27\/tentativa-de-captura-de-fugitivo-termina-em-apreensao-de-entorpecentes-e-prisoes-em-braco-do-norte\/","title":{"rendered":"Tentativa de captura de fugitivo termina em apreens\u00e3o de entorpecentes e pris\u00f5es em Bra\u00e7o do Norte"},"content":{"rendered":"<p>Na noite desta segunda-feira (26), policiais militares do 35\u00ba Batalh\u00e3o de Pol\u00edcia Militar de Bra\u00e7o do Norte, estavam em dilig\u00eancias para localizar um homem com mandado de pris\u00e3o ativo pelo crime de tentativa de feminic\u00eddio.<\/p>\n<p>Durante a aproxima\u00e7\u00e3o de uma resid\u00eancia onde o suspeito poderia estar escondido, a equipe percebeu a presen\u00e7a de um indiv\u00edduo que, ao avistar a viatura, alertou os demais e tentou fugir em dire\u00e7\u00e3o a kitnets localizadas nos fundos do im\u00f3vel. Apesar das buscas, um adolescente conseguiu escapar pulando muros e n\u00e3o foi localizado.<\/p>\n<div id=\"metaslider-id-25573\" style=\"width: 100%;\" class=\"ml-slider-3-99-0 metaslider metaslider-flex metaslider-25573 ml-slider has-onhover-arrows ms-theme-default-base has-dots-nav\" role=\"region\" aria-label=\"Meio\" data-width=\"1200\">\n    <div id=\"metaslider_container_25573\">\n        <div id=\"metaslider_25573\">\n            <ul class='slides'>\n                <li style=\"display: block; width: 100%;\" class=\"slide-25684 ms-image \" aria-roledescription=\"slide\" data-date=\"2025-07-24 07:55:40\"><img src=\"https:\/\/sulsc.com\/wp-content\/uploads\/2025\/07\/Marr-2-1000x166.jpg\" height=\"200\" width=\"1200\" alt=\"\" class=\"slider-25573 slide-25684 msDefaultImage\" title=\"Marr 2\" \/><\/li>\n                <li style=\"display: none; width: 100%;\" class=\"slide-32412 ms-image \" aria-roledescription=\"slide\" data-date=\"2026-02-18 13:59:46\"><img src=\"https:\/\/sulsc.com\/wp-content\/uploads\/2026\/02\/40dc1580-cad5-4867-bc58-c4243821ad38-1000x166.jpeg\" height=\"200\" width=\"1200\" alt=\"\" class=\"slider-25573 slide-32412 msDefaultImage\" title=\"40dc1580-cad5-4867-bc58-c4243821ad38\" \/><\/li>\n                <li style=\"display: none; width: 100%;\" class=\"slide-32766 ms-image \" aria-roledescription=\"slide\" data-date=\"2026-03-03 17:22:59\"><img src=\"https:\/\/sulsc.com\/wp-content\/uploads\/2026\/03\/271ce739-f268-41c5-8051-3de1a1750359-1000x166.jpeg\" height=\"200\" width=\"1200\" alt=\"\" class=\"slider-25573 slide-32766 msDefaultImage\" title=\"271ce739-f268-41c5-8051-3de1a1750359\" \/><\/li>\n            <\/ul>\n        <\/div>\n        \n    <\/div>\n<\/div>\n<p>Durante a a\u00e7\u00e3o, os policiais abordaram tr\u00eas suspeitos. Um deles, que usava tornozeleira eletr\u00f4nica por tr\u00e1fico de drogas, foi flagrado arremessando uma sacola pl\u00e1stica sobre o telhado de uma resid\u00eancia vizinha. Ap\u00f3s buscas, a sacola foi recuperada e continha 390 gramas de maconha.<\/p>\n<p>Em dilig\u00eancia posterior na resid\u00eancia do adolescente, a pol\u00edcia apreendeu uma pochete deixada por ele, que continha 19 por\u00e7\u00f5es de coca\u00edna, totalizando 13,6 gramas, al\u00e9m de uma balan\u00e7a de precis\u00e3o e R$ 235,00 em dinheiro. Dois aparelhos celulares tamb\u00e9m foram apreendidos com os suspeitos.<\/p>\n<p>Diante dos fatos, as drogas, objetos e o dinheiro foram confiscados, e o trio foi encaminhado \u00e0 Central de Plant\u00e3o Policial de Tubar\u00e3o para os procedimentos legais cab\u00edveis.<\/p>\n<p><img fetchpriority=\"high\" decoding=\"async\" class=\"aligncenter size-full wp-image-31800\" src=\"http:\/\/sulsc.com\/wp-content\/uploads\/2026\/01\/7f03fccb-526e-495a-905a-3fd0b0a89f01.jpeg\" alt=\"\" width=\"900\" height=\"1600\" srcset=\"https:\/\/sulsc.com\/wp-content\/uploads\/2026\/01\/7f03fccb-526e-495a-905a-3fd0b0a89f01.jpeg 900w, https:\/\/sulsc.com\/wp-content\/uploads\/2026\/01\/7f03fccb-526e-495a-905a-3fd0b0a89f01-169x300.jpeg 169w, https:\/\/sulsc.com\/wp-content\/uploads\/2026\/01\/7f03fccb-526e-495a-905a-3fd0b0a89f01-576x1024.jpeg 576w, https:\/\/sulsc.com\/wp-content\/uploads\/2026\/01\/7f03fccb-526e-495a-905a-3fd0b0a89f01-768x1365.jpeg 768w, https:\/\/sulsc.com\/wp-content\/uploads\/2026\/01\/7f03fccb-526e-495a-905a-3fd0b0a89f01-864x1536.jpeg 864w\" sizes=\"(max-width: 900px) 100vw, 900px\" \/><\/p>\n<p>PMSC\/Divulga\u00e7\u00e3o\/SulSC<\/p>\n","protected":false},"excerpt":{"rendered":"<p>Na noite desta segunda-feira (26), policiais militares do 35\u00ba Batalh\u00e3o de Pol\u00edcia Militar de Bra\u00e7o do Norte, estavam em dilig\u00eancias para localizar um homem com mandado de pris\u00e3o ativo pelo crime de tentativa de feminic\u00eddio. Durante a aproxima\u00e7\u00e3o de uma resid\u00eancia onde o suspeito poderia estar escondido, a equipe percebeu a presen\u00e7a de um indiv\u00edduo &hellip;<\/p>\n<p class=\"read-more\"> <a class=\"\" href=\"https:\/\/sulsc.com\/index.php\/2026\/01\/27\/tentativa-de-captura-de-fugitivo-termina-em-apreensao-de-entorpecentes-e-prisoes-em-braco-do-norte\/\"> <span class=\"screen-reader-text\">Tentativa de captura de fugitivo termina em apreens\u00e3o de entorpecentes e pris\u00f5es em Bra\u00e7o do Norte<\/span> Read More &raquo;<\/a><\/p>\n","protected":false},"author":3,"featured_media":27046,"comment_status":"open","ping_status":"open","sticky":false,"template":"","format":"standard","meta":{"site-sidebar-layout":"default","site-content-layout":"","ast-site-content-layout":"default","site-content-style":"default","site-sidebar-style":"default","ast-global-header-display":"","ast-banner-title-visibility":"","ast-main-header-display":"","ast-hfb-above-header-display":"","ast-hfb-below-header-display":"","ast-hfb-mobile-header-display":"","site-post-title":"","ast-breadcrumbs-content":"","ast-featured-img":"","footer-sml-layout":"","theme-transparent-header-meta":"default","adv-header-id-meta":"","stick-header-meta":"","header-above-stick-meta":"","header-main-stick-meta":"","header-below-stick-meta":"","astra-migrate-meta-layouts":"set","footnotes":""},"categories":[2282,1,14,2782,12],"tags":[2273],"yoast_head":"<!-- This site is optimized with the Yoast SEO plugin v21.4 - https:\/\/yoast.com\/wordpress\/plugins\/seo\/ -->\n<title>Tentativa de captura de fugitivo termina em apreens\u00e3o de entorpecentes e pris\u00f5es em Bra\u00e7o do Norte -<\/title>\n<meta name=\"robots\" content=\"index, follow, max-snippet:-1, max-image-preview:large, max-video-preview:-1\" \/>\n<link rel=\"canonical\" href=\"https:\/\/sulsc.com\/index.php\/2026\/01\/27\/tentativa-de-captura-de-fugitivo-termina-em-apreensao-de-entorpecentes-e-prisoes-em-braco-do-norte\/\" \/>\n<meta property=\"og:locale\" content=\"en_US\" \/>\n<meta property=\"og:type\" content=\"article\" \/>\n<meta property=\"og:title\" content=\"Tentativa de captura de fugitivo termina em apreens\u00e3o de entorpecentes e pris\u00f5es em Bra\u00e7o do Norte -\" \/>\n<meta property=\"og:description\" content=\"Na noite desta segunda-feira (26), policiais militares do 35\u00ba Batalh\u00e3o de Pol\u00edcia Militar de Bra\u00e7o do Norte, estavam em dilig\u00eancias para localizar um homem com mandado de pris\u00e3o ativo pelo crime de tentativa de feminic\u00eddio. Durante a aproxima\u00e7\u00e3o de uma resid\u00eancia onde o suspeito poderia estar escondido, a equipe percebeu a presen\u00e7a de um indiv\u00edduo &hellip; Tentativa de captura de fugitivo termina em apreens\u00e3o de entorpecentes e pris\u00f5es em Bra\u00e7o do Norte Read More &raquo;\" \/>\n<meta property=\"og:url\" content=\"https:\/\/sulsc.com\/index.php\/2026\/01\/27\/tentativa-de-captura-de-fugitivo-termina-em-apreensao-de-entorpecentes-e-prisoes-em-braco-do-norte\/\" \/>\n<meta property=\"article:author\" content=\"https:\/\/www.facebook.com\/profile.php?id=61559278119680\" \/>\n<meta property=\"article:published_time\" content=\"2026-01-27T10:59:33+00:00\" \/>\n<meta property=\"og:image\" content=\"http:\/\/sulsc.com\/wp-content\/uploads\/2025\/09\/policia-militar-sirene.jpg\" \/>\n\t<meta property=\"og:image:width\" content=\"1200\" \/>\n\t<meta property=\"og:image:height\" content=\"792\" \/>\n\t<meta property=\"og:image:type\" content=\"image\/jpeg\" \/>\n<meta name=\"author\" content=\"Reda\u00e7\u00e3o Sul SC\" \/>\n<meta name=\"twitter:card\" content=\"summary_large_image\" \/>\n<meta name=\"twitter:creator\" content=\"@https:\/\/twitter.com\/PortalSulSC\" \/>\n<meta name=\"twitter:label1\" content=\"Written by\" \/>\n\t<meta name=\"twitter:data1\" content=\"Reda\u00e7\u00e3o Sul SC\" \/>\n\t<meta name=\"twitter:label2\" content=\"Est. reading time\" \/>\n\t<meta name=\"twitter:data2\" content=\"2 minutes\" \/>\n<script type=\"application\/ld+json\" class=\"yoast-schema-graph\">{\"@context\":\"https:\/\/schema.org\",\"@graph\":[{\"@type\":\"WebPage\",\"@id\":\"https:\/\/sulsc.com\/index.php\/2026\/01\/27\/tentativa-de-captura-de-fugitivo-termina-em-apreensao-de-entorpecentes-e-prisoes-em-braco-do-norte\/\",\"url\":\"https:\/\/sulsc.com\/index.php\/2026\/01\/27\/tentativa-de-captura-de-fugitivo-termina-em-apreensao-de-entorpecentes-e-prisoes-em-braco-do-norte\/\",\"name\":\"Tentativa de captura de fugitivo termina em apreens\u00e3o de entorpecentes e pris\u00f5es em Bra\u00e7o do Norte -\",\"isPartOf\":{\"@id\":\"https:\/\/sulsc.com\/#website\"},\"datePublished\":\"2026-01-27T10:59:33+00:00\",\"dateModified\":\"2026-01-27T10:59:33+00:00\",\"author\":{\"@id\":\"https:\/\/sulsc.com\/#\/schema\/person\/84d2fc571684f6248ba83092f07750a3\"},\"breadcrumb\":{\"@id\":\"https:\/\/sulsc.com\/index.php\/2026\/01\/27\/tentativa-de-captura-de-fugitivo-termina-em-apreensao-de-entorpecentes-e-prisoes-em-braco-do-norte\/#breadcrumb\"},\"inLanguage\":\"en-US\",\"potentialAction\":[{\"@type\":\"ReadAction\",\"target\":[\"https:\/\/sulsc.com\/index.php\/2026\/01\/27\/tentativa-de-captura-de-fugitivo-termina-em-apreensao-de-entorpecentes-e-prisoes-em-braco-do-norte\/\"]}]},{\"@type\":\"BreadcrumbList\",\"@id\":\"https:\/\/sulsc.com\/index.php\/2026\/01\/27\/tentativa-de-captura-de-fugitivo-termina-em-apreensao-de-entorpecentes-e-prisoes-em-braco-do-norte\/#breadcrumb\",\"itemListElement\":[{\"@type\":\"ListItem\",\"position\":1,\"name\":\"In\u00edcio\",\"item\":\"https:\/\/sulsc.com\/\"},{\"@type\":\"ListItem\",\"position\":2,\"name\":\"Tentativa de captura de fugitivo termina em apreens\u00e3o de entorpecentes e pris\u00f5es em Bra\u00e7o do Norte\"}]},{\"@type\":\"WebSite\",\"@id\":\"https:\/\/sulsc.com\/#website\",\"url\":\"https:\/\/sulsc.com\/\",\"name\":\"\",\"description\":\"\",\"potentialAction\":[{\"@type\":\"SearchAction\",\"target\":{\"@type\":\"EntryPoint\",\"urlTemplate\":\"https:\/\/sulsc.com\/?s={search_term_string}\"},\"query-input\":\"required name=search_term_string\"}],\"inLanguage\":\"en-US\"},{\"@type\":\"Person\",\"@id\":\"https:\/\/sulsc.com\/#\/schema\/person\/84d2fc571684f6248ba83092f07750a3\",\"name\":\"Reda\u00e7\u00e3o Sul SC\",\"image\":{\"@type\":\"ImageObject\",\"inLanguage\":\"en-US\",\"@id\":\"https:\/\/sulsc.com\/#\/schema\/person\/image\/e08d7fe2cc4ed596372063bbe852b8d0\",\"url\":\"https:\/\/sulsc.com\/wp-content\/uploads\/2023\/09\/redacao.png\",\"contentUrl\":\"https:\/\/sulsc.com\/wp-content\/uploads\/2023\/09\/redacao.png\",\"caption\":\"Reda\u00e7\u00e3o Sul SC\"},\"description\":\"Foco em um jornalismo imparcial, voltado \u00e0 qualidade dos seus conte\u00fados e, assim, levar informa\u00e7\u00e3o de valor que agregue \u00e0 vida dos leitores. Esta \u00e9 grande miss\u00e3o do Portal de Not\u00edcias Sul SC. N\u00e3o \u00e9 quantidade que muda o mundo, sempre foi e seguir\u00e1 sendo qualidade!\",\"sameAs\":[\"https:\/\/sulsc.com\/\",\"https:\/\/www.facebook.com\/profile.php?id=61559278119680\",\"https:\/\/www.instagram.com\/sulscportal\/?hl=pt-br\",\"https:\/\/twitter.com\/https:\/\/twitter.com\/PortalSulSC\",\"https:\/\/www.youtube.com\/channel\/UCv_BE8GeySluDov2n8qhVmw\"],\"url\":\"https:\/\/sulsc.com\/index.php\/author\/redacao\/\"}]}<\/script>\n<!-- \/ Yoast SEO plugin. -->","yoast_head_json":{"title":"Tentativa de captura de fugitivo termina em apreens\u00e3o de entorpecentes e pris\u00f5es em Bra\u00e7o do Norte -","robots":{"index":"index","follow":"follow","max-snippet":"max-snippet:-1","max-image-preview":"max-image-preview:large","max-video-preview":"max-video-preview:-1"},"canonical":"https:\/\/sulsc.com\/index.php\/2026\/01\/27\/tentativa-de-captura-de-fugitivo-termina-em-apreensao-de-entorpecentes-e-prisoes-em-braco-do-norte\/","og_locale":"en_US","og_type":"article","og_title":"Tentativa de captura de fugitivo termina em apreens\u00e3o de entorpecentes e pris\u00f5es em Bra\u00e7o do Norte -","og_description":"Na noite desta segunda-feira (26), policiais militares do 35\u00ba Batalh\u00e3o de Pol\u00edcia Militar de Bra\u00e7o do Norte, estavam em dilig\u00eancias para localizar um homem com mandado de pris\u00e3o ativo pelo crime de tentativa de feminic\u00eddio. Durante a aproxima\u00e7\u00e3o de uma resid\u00eancia onde o suspeito poderia estar escondido, a equipe percebeu a presen\u00e7a de um indiv\u00edduo &hellip; Tentativa de captura de fugitivo termina em apreens\u00e3o de entorpecentes e pris\u00f5es em Bra\u00e7o do Norte Read More &raquo;","og_url":"https:\/\/sulsc.com\/index.php\/2026\/01\/27\/tentativa-de-captura-de-fugitivo-termina-em-apreensao-de-entorpecentes-e-prisoes-em-braco-do-norte\/","article_author":"https:\/\/www.facebook.com\/profile.php?id=61559278119680","article_published_time":"2026-01-27T10:59:33+00:00","og_image":[{"width":1200,"height":792,"url":"http:\/\/sulsc.com\/wp-content\/uploads\/2025\/09\/policia-militar-sirene.jpg","type":"image\/jpeg"}],"author":"Reda\u00e7\u00e3o Sul SC","twitter_card":"summary_large_image","twitter_creator":"@https:\/\/twitter.com\/PortalSulSC","twitter_misc":{"Written by":"Reda\u00e7\u00e3o Sul SC","Est. reading time":"2 minutes"},"schema":{"@context":"https:\/\/schema.org","@graph":[{"@type":"WebPage","@id":"https:\/\/sulsc.com\/index.php\/2026\/01\/27\/tentativa-de-captura-de-fugitivo-termina-em-apreensao-de-entorpecentes-e-prisoes-em-braco-do-norte\/","url":"https:\/\/sulsc.com\/index.php\/2026\/01\/27\/tentativa-de-captura-de-fugitivo-termina-em-apreensao-de-entorpecentes-e-prisoes-em-braco-do-norte\/","name":"Tentativa de captura de fugitivo termina em apreens\u00e3o de entorpecentes e pris\u00f5es em Bra\u00e7o do Norte -","isPartOf":{"@id":"https:\/\/sulsc.com\/#website"},"datePublished":"2026-01-27T10:59:33+00:00","dateModified":"2026-01-27T10:59:33+00:00","author":{"@id":"https:\/\/sulsc.com\/#\/schema\/person\/84d2fc571684f6248ba83092f07750a3"},"breadcrumb":{"@id":"https:\/\/sulsc.com\/index.php\/2026\/01\/27\/tentativa-de-captura-de-fugitivo-termina-em-apreensao-de-entorpecentes-e-prisoes-em-braco-do-norte\/#breadcrumb"},"inLanguage":"en-US","potentialAction":[{"@type":"ReadAction","target":["https:\/\/sulsc.com\/index.php\/2026\/01\/27\/tentativa-de-captura-de-fugitivo-termina-em-apreensao-de-entorpecentes-e-prisoes-em-braco-do-norte\/"]}]},{"@type":"BreadcrumbList","@id":"https:\/\/sulsc.com\/index.php\/2026\/01\/27\/tentativa-de-captura-de-fugitivo-termina-em-apreensao-de-entorpecentes-e-prisoes-em-braco-do-norte\/#breadcrumb","itemListElement":[{"@type":"ListItem","position":1,"name":"In\u00edcio","item":"https:\/\/sulsc.com\/"},{"@type":"ListItem","position":2,"name":"Tentativa de captura de fugitivo termina em apreens\u00e3o de entorpecentes e pris\u00f5es em Bra\u00e7o do Norte"}]},{"@type":"WebSite","@id":"https:\/\/sulsc.com\/#website","url":"https:\/\/sulsc.com\/","name":"","description":"","potentialAction":[{"@type":"SearchAction","target":{"@type":"EntryPoint","urlTemplate":"https:\/\/sulsc.com\/?s={search_term_string}"},"query-input":"required name=search_term_string"}],"inLanguage":"en-US"},{"@type":"Person","@id":"https:\/\/sulsc.com\/#\/schema\/person\/84d2fc571684f6248ba83092f07750a3","name":"Reda\u00e7\u00e3o Sul SC","image":{"@type":"ImageObject","inLanguage":"en-US","@id":"https:\/\/sulsc.com\/#\/schema\/person\/image\/e08d7fe2cc4ed596372063bbe852b8d0","url":"https:\/\/sulsc.com\/wp-content\/uploads\/2023\/09\/redacao.png","contentUrl":"https:\/\/sulsc.com\/wp-content\/uploads\/2023\/09\/redacao.png","caption":"Reda\u00e7\u00e3o Sul SC"},"description":"Foco em um jornalismo imparcial, voltado \u00e0 qualidade dos seus conte\u00fados e, assim, levar informa\u00e7\u00e3o de valor que agregue \u00e0 vida dos leitores. Esta \u00e9 grande miss\u00e3o do Portal de Not\u00edcias Sul SC. N\u00e3o \u00e9 quantidade que muda o mundo, sempre foi e seguir\u00e1 sendo qualidade!","sameAs":["https:\/\/sulsc.com\/","https:\/\/www.facebook.com\/profile.php?id=61559278119680","https:\/\/www.instagram.com\/sulscportal\/?hl=pt-br","https:\/\/twitter.com\/https:\/\/twitter.com\/PortalSulSC","https:\/\/www.youtube.com\/channel\/UCv_BE8GeySluDov2n8qhVmw"],"url":"https:\/\/sulsc.com\/index.php\/author\/redacao\/"}]}},"authors":[],"_links":{"self":[{"href":"https:\/\/sulsc.com\/index.php\/wp-json\/wp\/v2\/posts\/31799"}],"collection":[{"href":"https:\/\/sulsc.com\/index.php\/wp-json\/wp\/v2\/posts"}],"about":[{"href":"https:\/\/sulsc.com\/index.php\/wp-json\/wp\/v2\/types\/post"}],"author":[{"embeddable":true,"href":"https:\/\/sulsc.com\/index.php\/wp-json\/wp\/v2\/users\/3"}],"replies":[{"embeddable":true,"href":"https:\/\/sulsc.com\/index.php\/wp-json\/wp\/v2\/comments?post=31799"}],"version-history":[{"count":1,"href":"https:\/\/sulsc.com\/index.php\/wp-json\/wp\/v2\/posts\/31799\/revisions"}],"predecessor-version":[{"id":31801,"href":"https:\/\/sulsc.com\/index.php\/wp-json\/wp\/v2\/posts\/31799\/revisions\/31801"}],"wp:featuredmedia":[{"embeddable":true,"href":"https:\/\/sulsc.com\/index.php\/wp-json\/wp\/v2\/media\/27046"}],"wp:attachment":[{"href":"https:\/\/sulsc.com\/index.php\/wp-json\/wp\/v2\/media?parent=31799"}],"wp:term":[{"taxonomy":"category","embeddable":true,"href":"https:\/\/sulsc.com\/index.php\/wp-json\/wp\/v2\/categories?post=31799"},{"taxonomy":"post_tag","embeddable":true,"href":"https:\/\/sulsc.com\/index.php\/wp-json\/wp\/v2\/tags?post=31799"}],"curies":[{"name":"wp","href":"https:\/\/api.w.org\/{rel}","templated":true}]}}