{"id":31802,"date":"2026-01-27T08:39:07","date_gmt":"2026-01-27T11:39:07","guid":{"rendered":"https:\/\/sulsc.com\/?p=31802"},"modified":"2026-01-27T08:39:07","modified_gmt":"2026-01-27T11:39:07","slug":"artigo-janeiro-branco-saude-mental-como-compromisso-coletivo","status":"publish","type":"post","link":"https:\/\/sulsc.com\/index.php\/2026\/01\/27\/artigo-janeiro-branco-saude-mental-como-compromisso-coletivo\/","title":{"rendered":"Artigo &#8211; Janeiro Branco: Sa\u00fade mental como compromisso coletivo"},"content":{"rendered":"<p>Janeiro \u00e9 tradicionalmente associado a recome\u00e7os, planos e expectativas. \u00c9 justamente nesse contexto que surge o Janeiro Branco, campanha nacional de conscientiza\u00e7\u00e3o sobre a sa\u00fade mental, um tema que deixou de ser invis\u00edvel e passou a ocupar espa\u00e7o central nos debates sobre qualidade de vida e pol\u00edticas p\u00fablicas.<\/p>\n<p>O sofrimento ps\u00edquico \u00e9 uma realidade crescente no Brasil. Ansiedade, depress\u00e3o, estresse cr\u00f4nico e esgotamento emocional atingem crian\u00e7as, jovens, adultos e idosos, impactando fam\u00edlias inteiras e refletindo diretamente em \u00e1reas como educa\u00e7\u00e3o, trabalho, sa\u00fade e seguran\u00e7a p\u00fablica. Ainda assim, muitas pessoas seguem enfrentando essas dores em sil\u00eancio, seja por falta de acesso a atendimento adequado, seja pelo medo do julgamento social.<\/p>\n<p>O Janeiro Branco prop\u00f5e uma mudan\u00e7a cultural: reconhecer que a sa\u00fade mental \u00e9 parte essencial da sa\u00fade integral. Assim como ningu\u00e9m ignora uma dor f\u00edsica persistente, n\u00e3o \u00e9 mais aceit\u00e1vel tratar o sofrimento emocional como algo menor ou passageiro. Cuidar da mente \u00e9 cuidar da vida.<\/p>\n<div id=\"metaslider-id-25573\" style=\"width: 100%;\" class=\"ml-slider-3-99-0 metaslider metaslider-flex metaslider-25573 ml-slider has-onhover-arrows ms-theme-default-base has-dots-nav\" role=\"region\" aria-label=\"Meio\" data-width=\"1200\">\n    <div id=\"metaslider_container_25573\">\n        <div id=\"metaslider_25573\">\n            <ul class='slides'>\n                <li style=\"display: block; width: 100%;\" class=\"slide-25684 ms-image \" aria-roledescription=\"slide\" data-date=\"2025-07-24 07:55:40\"><img src=\"https:\/\/sulsc.com\/wp-content\/uploads\/2025\/07\/Marr-2-1000x166.jpg\" height=\"200\" width=\"1200\" alt=\"\" class=\"slider-25573 slide-25684 msDefaultImage\" title=\"Marr 2\" \/><\/li>\n                <li style=\"display: none; width: 100%;\" class=\"slide-32412 ms-image \" aria-roledescription=\"slide\" data-date=\"2026-02-18 13:59:46\"><img src=\"https:\/\/sulsc.com\/wp-content\/uploads\/2026\/02\/40dc1580-cad5-4867-bc58-c4243821ad38-1000x166.jpeg\" height=\"200\" width=\"1200\" alt=\"\" class=\"slider-25573 slide-32412 msDefaultImage\" title=\"40dc1580-cad5-4867-bc58-c4243821ad38\" \/><\/li>\n                <li style=\"display: none; width: 100%;\" class=\"slide-32766 ms-image \" aria-roledescription=\"slide\" data-date=\"2026-03-03 17:22:59\"><img src=\"https:\/\/sulsc.com\/wp-content\/uploads\/2026\/03\/271ce739-f268-41c5-8051-3de1a1750359-1000x166.jpeg\" height=\"200\" width=\"1200\" alt=\"\" class=\"slider-25573 slide-32766 msDefaultImage\" title=\"271ce739-f268-41c5-8051-3de1a1750359\" \/><\/li>\n            <\/ul>\n        <\/div>\n        \n    <\/div>\n<\/div>\n<p>Nesse cen\u00e1rio, o papel do poder p\u00fablico \u00e9 decisivo. A conscientiza\u00e7\u00e3o precisa caminhar junto com a\u00e7\u00f5es concretas, planejamento e investimento. Fortalecer a rede de aten\u00e7\u00e3o psicossocial, ampliar o acesso a atendimentos psicol\u00f3gicos e psiqui\u00e1tricos, valorizar os profissionais da sa\u00fade e investir em pol\u00edticas de preven\u00e7\u00e3o s\u00e3o medidas fundamentais para enfrentar um problema que n\u00e3o pode mais ser empurrado para o futuro.<\/p>\n<p>A preven\u00e7\u00e3o \u00e9 um dos pontos centrais desse debate. Falar de sa\u00fade mental nas escolas, nos ambientes de trabalho e nos espa\u00e7os comunit\u00e1rios contribui para reduzir o estigma e possibilita que o cuidado aconte\u00e7a antes que o sofrimento se agrave. Informa\u00e7\u00e3o, escuta e acolhimento s\u00e3o ferramentas essenciais na promo\u00e7\u00e3o do bem-estar emocional.<\/p>\n<p>Outro desafio importante \u00e9 combater o preconceito. Ainda existe a falsa ideia de que buscar ajuda psicol\u00f3gica \u00e9 sinal de fraqueza. O Janeiro Branco refor\u00e7a exatamente o oposto: procurar apoio \u00e9 um ato de responsabilidade, coragem e maturidade emocional.<\/p>\n<p>Como presidente da C\u00e2mara Municipal de Tubar\u00e3o, tenho defendido que a sa\u00fade mental seja tratada como prioridade nas pol\u00edticas p\u00fablicas do munic\u00edpio. O Legislativo tem a responsabilidade de promover o debate, criar leis, apoiar iniciativas e abrir espa\u00e7o para a escuta da sociedade. Uma cidade que cuida da sa\u00fade emocional da sua popula\u00e7\u00e3o investe no seu pr\u00f3prio desenvolvimento humano e social.<\/p>\n<p>O Janeiro Branco n\u00e3o deve se limitar a um m\u00eas de campanha. Ele precisa servir como ponto de partida para um compromisso permanente com a vida, com o bem-estar das pessoas e com a constru\u00e7\u00e3o de uma sociedade mais emp\u00e1tica e consciente.<\/p>\n<p>Cuidar da sa\u00fade mental \u00e9 um compromisso coletivo.<\/p>\n<p><img fetchpriority=\"high\" decoding=\"async\" class=\"aligncenter size-full wp-image-31803\" src=\"http:\/\/sulsc.com\/wp-content\/uploads\/2026\/01\/IMG_7580.jpg-1-scaled-e1769513508843.jpeg\" alt=\"\" width=\"1693\" height=\"1864\" srcset=\"https:\/\/sulsc.com\/wp-content\/uploads\/2026\/01\/IMG_7580.jpg-1-scaled-e1769513508843.jpeg 1693w, https:\/\/sulsc.com\/wp-content\/uploads\/2026\/01\/IMG_7580.jpg-1-scaled-e1769513508843-272x300.jpeg 272w, https:\/\/sulsc.com\/wp-content\/uploads\/2026\/01\/IMG_7580.jpg-1-scaled-e1769513508843-930x1024.jpeg 930w, https:\/\/sulsc.com\/wp-content\/uploads\/2026\/01\/IMG_7580.jpg-1-scaled-e1769513508843-768x846.jpeg 768w, https:\/\/sulsc.com\/wp-content\/uploads\/2026\/01\/IMG_7580.jpg-1-scaled-e1769513508843-1395x1536.jpeg 1395w\" sizes=\"(max-width: 1693px) 100vw, 1693px\" \/><\/p>\n<p>Artigo sobre o Janeiro Branco , movimento que visa conscientizar sobre a import\u00e2ncia da sa\u00fade mental e emocional.<\/p>\n<p>Escrito por: Everson Martins<\/p>\n<p>Vereador e presidente da C\u00e2mara de Tubar\u00e3o &#8211; SC<br \/>\n\u2060Defensor da Sa\u00fade Mental<br \/>\n\u2060Graduado em Gest\u00e3o P\u00fablica<br \/>\n\u2060P\u00f3s-Graduado em Sa\u00fade P\u00fablica<br \/>\n\u2060MBA em Gest\u00e3o e Pol\u00edticas P\u00fablicas Municipais<\/p>\n","protected":false},"excerpt":{"rendered":"<p>Janeiro \u00e9 tradicionalmente associado a recome\u00e7os, planos e expectativas. \u00c9 justamente nesse contexto que surge o Janeiro Branco, campanha nacional de conscientiza\u00e7\u00e3o sobre a sa\u00fade mental, um tema que deixou de ser invis\u00edvel e passou a ocupar espa\u00e7o central nos debates sobre qualidade de vida e pol\u00edticas p\u00fablicas. O sofrimento ps\u00edquico \u00e9 uma realidade crescente &hellip;<\/p>\n<p class=\"read-more\"> <a class=\"\" href=\"https:\/\/sulsc.com\/index.php\/2026\/01\/27\/artigo-janeiro-branco-saude-mental-como-compromisso-coletivo\/\"> <span class=\"screen-reader-text\">Artigo &#8211; Janeiro Branco: Sa\u00fade mental como compromisso coletivo<\/span> Read More &raquo;<\/a><\/p>\n","protected":false},"author":3,"featured_media":31804,"comment_status":"open","ping_status":"open","sticky":false,"template":"","format":"standard","meta":{"site-sidebar-layout":"default","site-content-layout":"","ast-site-content-layout":"default","site-content-style":"default","site-sidebar-style":"default","ast-global-header-display":"","ast-banner-title-visibility":"","ast-main-header-display":"","ast-hfb-above-header-display":"","ast-hfb-below-header-display":"","ast-hfb-mobile-header-display":"","site-post-title":"","ast-breadcrumbs-content":"","ast-featured-img":"","footer-sml-layout":"","theme-transparent-header-meta":"default","adv-header-id-meta":"","stick-header-meta":"","header-above-stick-meta":"","header-main-stick-meta":"","header-below-stick-meta":"","astra-migrate-meta-layouts":"set","footnotes":""},"categories":[2231,1,14,12],"tags":[2812],"yoast_head":"<!-- This site is optimized with the Yoast SEO plugin v21.4 - https:\/\/yoast.com\/wordpress\/plugins\/seo\/ -->\n<title>Artigo - Janeiro Branco: Sa\u00fade mental como compromisso coletivo -<\/title>\n<meta name=\"robots\" content=\"index, follow, max-snippet:-1, max-image-preview:large, max-video-preview:-1\" \/>\n<link rel=\"canonical\" href=\"https:\/\/sulsc.com\/index.php\/2026\/01\/27\/artigo-janeiro-branco-saude-mental-como-compromisso-coletivo\/\" \/>\n<meta property=\"og:locale\" content=\"en_US\" \/>\n<meta property=\"og:type\" content=\"article\" \/>\n<meta property=\"og:title\" content=\"Artigo - Janeiro Branco: Sa\u00fade mental como compromisso coletivo -\" \/>\n<meta property=\"og:description\" content=\"Janeiro \u00e9 tradicionalmente associado a recome\u00e7os, planos e expectativas. \u00c9 justamente nesse contexto que surge o Janeiro Branco, campanha nacional de conscientiza\u00e7\u00e3o sobre a sa\u00fade mental, um tema que deixou de ser invis\u00edvel e passou a ocupar espa\u00e7o central nos debates sobre qualidade de vida e pol\u00edticas p\u00fablicas. O sofrimento ps\u00edquico \u00e9 uma realidade crescente &hellip; Artigo &#8211; Janeiro Branco: Sa\u00fade mental como compromisso coletivo Read More &raquo;\" \/>\n<meta property=\"og:url\" content=\"https:\/\/sulsc.com\/index.php\/2026\/01\/27\/artigo-janeiro-branco-saude-mental-como-compromisso-coletivo\/\" \/>\n<meta property=\"article:author\" content=\"https:\/\/www.facebook.com\/profile.php?id=61559278119680\" \/>\n<meta property=\"article:published_time\" content=\"2026-01-27T11:39:07+00:00\" \/>\n<meta property=\"og:image\" content=\"http:\/\/sulsc.com\/wp-content\/uploads\/2026\/01\/bc08bd3b-222d-4e52-a90b-be2dffe1d957.jpeg\" \/>\n\t<meta property=\"og:image:width\" content=\"1080\" \/>\n\t<meta property=\"og:image:height\" content=\"1376\" \/>\n\t<meta property=\"og:image:type\" content=\"image\/jpeg\" \/>\n<meta name=\"author\" content=\"Reda\u00e7\u00e3o Sul SC\" \/>\n<meta name=\"twitter:card\" content=\"summary_large_image\" \/>\n<meta name=\"twitter:creator\" content=\"@https:\/\/twitter.com\/PortalSulSC\" \/>\n<meta name=\"twitter:label1\" content=\"Written by\" \/>\n\t<meta name=\"twitter:data1\" content=\"Reda\u00e7\u00e3o Sul SC\" \/>\n\t<meta name=\"twitter:label2\" content=\"Est. reading time\" \/>\n\t<meta name=\"twitter:data2\" content=\"3 minutes\" \/>\n<script type=\"application\/ld+json\" class=\"yoast-schema-graph\">{\"@context\":\"https:\/\/schema.org\",\"@graph\":[{\"@type\":\"WebPage\",\"@id\":\"https:\/\/sulsc.com\/index.php\/2026\/01\/27\/artigo-janeiro-branco-saude-mental-como-compromisso-coletivo\/\",\"url\":\"https:\/\/sulsc.com\/index.php\/2026\/01\/27\/artigo-janeiro-branco-saude-mental-como-compromisso-coletivo\/\",\"name\":\"Artigo - Janeiro Branco: Sa\u00fade mental como compromisso coletivo -\",\"isPartOf\":{\"@id\":\"https:\/\/sulsc.com\/#website\"},\"datePublished\":\"2026-01-27T11:39:07+00:00\",\"dateModified\":\"2026-01-27T11:39:07+00:00\",\"author\":{\"@id\":\"https:\/\/sulsc.com\/#\/schema\/person\/84d2fc571684f6248ba83092f07750a3\"},\"breadcrumb\":{\"@id\":\"https:\/\/sulsc.com\/index.php\/2026\/01\/27\/artigo-janeiro-branco-saude-mental-como-compromisso-coletivo\/#breadcrumb\"},\"inLanguage\":\"en-US\",\"potentialAction\":[{\"@type\":\"ReadAction\",\"target\":[\"https:\/\/sulsc.com\/index.php\/2026\/01\/27\/artigo-janeiro-branco-saude-mental-como-compromisso-coletivo\/\"]}]},{\"@type\":\"BreadcrumbList\",\"@id\":\"https:\/\/sulsc.com\/index.php\/2026\/01\/27\/artigo-janeiro-branco-saude-mental-como-compromisso-coletivo\/#breadcrumb\",\"itemListElement\":[{\"@type\":\"ListItem\",\"position\":1,\"name\":\"In\u00edcio\",\"item\":\"https:\/\/sulsc.com\/\"},{\"@type\":\"ListItem\",\"position\":2,\"name\":\"Artigo &#8211; Janeiro Branco: Sa\u00fade mental como compromisso coletivo\"}]},{\"@type\":\"WebSite\",\"@id\":\"https:\/\/sulsc.com\/#website\",\"url\":\"https:\/\/sulsc.com\/\",\"name\":\"\",\"description\":\"\",\"potentialAction\":[{\"@type\":\"SearchAction\",\"target\":{\"@type\":\"EntryPoint\",\"urlTemplate\":\"https:\/\/sulsc.com\/?s={search_term_string}\"},\"query-input\":\"required name=search_term_string\"}],\"inLanguage\":\"en-US\"},{\"@type\":\"Person\",\"@id\":\"https:\/\/sulsc.com\/#\/schema\/person\/84d2fc571684f6248ba83092f07750a3\",\"name\":\"Reda\u00e7\u00e3o Sul SC\",\"image\":{\"@type\":\"ImageObject\",\"inLanguage\":\"en-US\",\"@id\":\"https:\/\/sulsc.com\/#\/schema\/person\/image\/e08d7fe2cc4ed596372063bbe852b8d0\",\"url\":\"https:\/\/sulsc.com\/wp-content\/uploads\/2023\/09\/redacao.png\",\"contentUrl\":\"https:\/\/sulsc.com\/wp-content\/uploads\/2023\/09\/redacao.png\",\"caption\":\"Reda\u00e7\u00e3o Sul SC\"},\"description\":\"Foco em um jornalismo imparcial, voltado \u00e0 qualidade dos seus conte\u00fados e, assim, levar informa\u00e7\u00e3o de valor que agregue \u00e0 vida dos leitores. Esta \u00e9 grande miss\u00e3o do Portal de Not\u00edcias Sul SC. N\u00e3o \u00e9 quantidade que muda o mundo, sempre foi e seguir\u00e1 sendo qualidade!\",\"sameAs\":[\"https:\/\/sulsc.com\/\",\"https:\/\/www.facebook.com\/profile.php?id=61559278119680\",\"https:\/\/www.instagram.com\/sulscportal\/?hl=pt-br\",\"https:\/\/twitter.com\/https:\/\/twitter.com\/PortalSulSC\",\"https:\/\/www.youtube.com\/channel\/UCv_BE8GeySluDov2n8qhVmw\"],\"url\":\"https:\/\/sulsc.com\/index.php\/author\/redacao\/\"}]}<\/script>\n<!-- \/ Yoast SEO plugin. -->","yoast_head_json":{"title":"Artigo - Janeiro Branco: Sa\u00fade mental como compromisso coletivo -","robots":{"index":"index","follow":"follow","max-snippet":"max-snippet:-1","max-image-preview":"max-image-preview:large","max-video-preview":"max-video-preview:-1"},"canonical":"https:\/\/sulsc.com\/index.php\/2026\/01\/27\/artigo-janeiro-branco-saude-mental-como-compromisso-coletivo\/","og_locale":"en_US","og_type":"article","og_title":"Artigo - Janeiro Branco: Sa\u00fade mental como compromisso coletivo -","og_description":"Janeiro \u00e9 tradicionalmente associado a recome\u00e7os, planos e expectativas. \u00c9 justamente nesse contexto que surge o Janeiro Branco, campanha nacional de conscientiza\u00e7\u00e3o sobre a sa\u00fade mental, um tema que deixou de ser invis\u00edvel e passou a ocupar espa\u00e7o central nos debates sobre qualidade de vida e pol\u00edticas p\u00fablicas. O sofrimento ps\u00edquico \u00e9 uma realidade crescente &hellip; Artigo &#8211; Janeiro Branco: Sa\u00fade mental como compromisso coletivo Read More &raquo;","og_url":"https:\/\/sulsc.com\/index.php\/2026\/01\/27\/artigo-janeiro-branco-saude-mental-como-compromisso-coletivo\/","article_author":"https:\/\/www.facebook.com\/profile.php?id=61559278119680","article_published_time":"2026-01-27T11:39:07+00:00","og_image":[{"width":1080,"height":1376,"url":"http:\/\/sulsc.com\/wp-content\/uploads\/2026\/01\/bc08bd3b-222d-4e52-a90b-be2dffe1d957.jpeg","type":"image\/jpeg"}],"author":"Reda\u00e7\u00e3o Sul SC","twitter_card":"summary_large_image","twitter_creator":"@https:\/\/twitter.com\/PortalSulSC","twitter_misc":{"Written by":"Reda\u00e7\u00e3o Sul SC","Est. reading time":"3 minutes"},"schema":{"@context":"https:\/\/schema.org","@graph":[{"@type":"WebPage","@id":"https:\/\/sulsc.com\/index.php\/2026\/01\/27\/artigo-janeiro-branco-saude-mental-como-compromisso-coletivo\/","url":"https:\/\/sulsc.com\/index.php\/2026\/01\/27\/artigo-janeiro-branco-saude-mental-como-compromisso-coletivo\/","name":"Artigo - Janeiro Branco: Sa\u00fade mental como compromisso coletivo -","isPartOf":{"@id":"https:\/\/sulsc.com\/#website"},"datePublished":"2026-01-27T11:39:07+00:00","dateModified":"2026-01-27T11:39:07+00:00","author":{"@id":"https:\/\/sulsc.com\/#\/schema\/person\/84d2fc571684f6248ba83092f07750a3"},"breadcrumb":{"@id":"https:\/\/sulsc.com\/index.php\/2026\/01\/27\/artigo-janeiro-branco-saude-mental-como-compromisso-coletivo\/#breadcrumb"},"inLanguage":"en-US","potentialAction":[{"@type":"ReadAction","target":["https:\/\/sulsc.com\/index.php\/2026\/01\/27\/artigo-janeiro-branco-saude-mental-como-compromisso-coletivo\/"]}]},{"@type":"BreadcrumbList","@id":"https:\/\/sulsc.com\/index.php\/2026\/01\/27\/artigo-janeiro-branco-saude-mental-como-compromisso-coletivo\/#breadcrumb","itemListElement":[{"@type":"ListItem","position":1,"name":"In\u00edcio","item":"https:\/\/sulsc.com\/"},{"@type":"ListItem","position":2,"name":"Artigo &#8211; Janeiro Branco: Sa\u00fade mental como compromisso coletivo"}]},{"@type":"WebSite","@id":"https:\/\/sulsc.com\/#website","url":"https:\/\/sulsc.com\/","name":"","description":"","potentialAction":[{"@type":"SearchAction","target":{"@type":"EntryPoint","urlTemplate":"https:\/\/sulsc.com\/?s={search_term_string}"},"query-input":"required name=search_term_string"}],"inLanguage":"en-US"},{"@type":"Person","@id":"https:\/\/sulsc.com\/#\/schema\/person\/84d2fc571684f6248ba83092f07750a3","name":"Reda\u00e7\u00e3o Sul SC","image":{"@type":"ImageObject","inLanguage":"en-US","@id":"https:\/\/sulsc.com\/#\/schema\/person\/image\/e08d7fe2cc4ed596372063bbe852b8d0","url":"https:\/\/sulsc.com\/wp-content\/uploads\/2023\/09\/redacao.png","contentUrl":"https:\/\/sulsc.com\/wp-content\/uploads\/2023\/09\/redacao.png","caption":"Reda\u00e7\u00e3o Sul SC"},"description":"Foco em um jornalismo imparcial, voltado \u00e0 qualidade dos seus conte\u00fados e, assim, levar informa\u00e7\u00e3o de valor que agregue \u00e0 vida dos leitores. Esta \u00e9 grande miss\u00e3o do Portal de Not\u00edcias Sul SC. N\u00e3o \u00e9 quantidade que muda o mundo, sempre foi e seguir\u00e1 sendo qualidade!","sameAs":["https:\/\/sulsc.com\/","https:\/\/www.facebook.com\/profile.php?id=61559278119680","https:\/\/www.instagram.com\/sulscportal\/?hl=pt-br","https:\/\/twitter.com\/https:\/\/twitter.com\/PortalSulSC","https:\/\/www.youtube.com\/channel\/UCv_BE8GeySluDov2n8qhVmw"],"url":"https:\/\/sulsc.com\/index.php\/author\/redacao\/"}]}},"authors":[],"_links":{"self":[{"href":"https:\/\/sulsc.com\/index.php\/wp-json\/wp\/v2\/posts\/31802"}],"collection":[{"href":"https:\/\/sulsc.com\/index.php\/wp-json\/wp\/v2\/posts"}],"about":[{"href":"https:\/\/sulsc.com\/index.php\/wp-json\/wp\/v2\/types\/post"}],"author":[{"embeddable":true,"href":"https:\/\/sulsc.com\/index.php\/wp-json\/wp\/v2\/users\/3"}],"replies":[{"embeddable":true,"href":"https:\/\/sulsc.com\/index.php\/wp-json\/wp\/v2\/comments?post=31802"}],"version-history":[{"count":1,"href":"https:\/\/sulsc.com\/index.php\/wp-json\/wp\/v2\/posts\/31802\/revisions"}],"predecessor-version":[{"id":31805,"href":"https:\/\/sulsc.com\/index.php\/wp-json\/wp\/v2\/posts\/31802\/revisions\/31805"}],"wp:featuredmedia":[{"embeddable":true,"href":"https:\/\/sulsc.com\/index.php\/wp-json\/wp\/v2\/media\/31804"}],"wp:attachment":[{"href":"https:\/\/sulsc.com\/index.php\/wp-json\/wp\/v2\/media?parent=31802"}],"wp:term":[{"taxonomy":"category","embeddable":true,"href":"https:\/\/sulsc.com\/index.php\/wp-json\/wp\/v2\/categories?post=31802"},{"taxonomy":"post_tag","embeddable":true,"href":"https:\/\/sulsc.com\/index.php\/wp-json\/wp\/v2\/tags?post=31802"}],"curies":[{"name":"wp","href":"https:\/\/api.w.org\/{rel}","templated":true}]}}