{"id":31811,"date":"2026-01-27T09:30:02","date_gmt":"2026-01-27T12:30:02","guid":{"rendered":"https:\/\/sulsc.com\/?p=31811"},"modified":"2026-01-27T09:30:02","modified_gmt":"2026-01-27T12:30:02","slug":"laguna-secretaria-de-saude-convoca-classificados-em-processo-seletivo","status":"publish","type":"post","link":"https:\/\/sulsc.com\/index.php\/2026\/01\/27\/laguna-secretaria-de-saude-convoca-classificados-em-processo-seletivo\/","title":{"rendered":"Laguna &#8211; Secretaria de Sa\u00fade convoca classificados em processo seletivo"},"content":{"rendered":"<p>Nesta segunda-feira (26), a Prefeitura de Laguna, por meio da Secretaria Municipal de Sa\u00fade, publicou a convoca\u00e7\u00e3o dos candidatos classificados no Processo Seletivo ADM n\u00ba 002\/2025 (Instituto FUCAP). O chamamento visa o preenchimento de vagas estrat\u00e9gicas para o atendimento \u00e0 popula\u00e7\u00e3o e manuten\u00e7\u00e3o dos servi\u00e7os municipais.<\/p>\n<div id=\"metaslider-id-25573\" style=\"width: 100%;\" class=\"ml-slider-3-99-0 metaslider metaslider-flex metaslider-25573 ml-slider has-onhover-arrows ms-theme-default-base has-dots-nav\" role=\"region\" aria-label=\"Meio\" data-width=\"1200\">\n    <div id=\"metaslider_container_25573\">\n        <div id=\"metaslider_25573\">\n            <ul class='slides'>\n                <li style=\"display: block; width: 100%;\" class=\"slide-25684 ms-image \" aria-roledescription=\"slide\" data-date=\"2025-07-24 07:55:40\"><img src=\"https:\/\/sulsc.com\/wp-content\/uploads\/2025\/07\/Marr-2-1000x166.jpg\" height=\"200\" width=\"1200\" alt=\"\" class=\"slider-25573 slide-25684 msDefaultImage\" title=\"Marr 2\" \/><\/li>\n                <li style=\"display: none; width: 100%;\" class=\"slide-32412 ms-image \" aria-roledescription=\"slide\" data-date=\"2026-02-18 13:59:46\"><img src=\"https:\/\/sulsc.com\/wp-content\/uploads\/2026\/02\/40dc1580-cad5-4867-bc58-c4243821ad38-1000x166.jpeg\" height=\"200\" width=\"1200\" alt=\"\" class=\"slider-25573 slide-32412 msDefaultImage\" title=\"40dc1580-cad5-4867-bc58-c4243821ad38\" \/><\/li>\n                <li style=\"display: none; width: 100%;\" class=\"slide-32766 ms-image \" aria-roledescription=\"slide\" data-date=\"2026-03-03 17:22:59\"><img src=\"https:\/\/sulsc.com\/wp-content\/uploads\/2026\/03\/271ce739-f268-41c5-8051-3de1a1750359-1000x166.jpeg\" height=\"200\" width=\"1200\" alt=\"\" class=\"slider-25573 slide-32766 msDefaultImage\" title=\"271ce739-f268-41c5-8051-3de1a1750359\" \/><\/li>\n            <\/ul>\n        <\/div>\n        \n    <\/div>\n<\/div>\n<p>Os candidatos devem comparecer presencialmente at\u00e9 amanh\u00e3 quarta-feira (28), na Sala de Reuni\u00f5es da Secretaria de Sa\u00fade, localizada na Rua Nereu Ramos, n\u00ba 88, no bairro Magalh\u00e3es.<\/p>\n<p><strong>Confira o cronograma e as vagas:<\/strong><br \/>\n15h00 \u2013 Assistente Administrativo (1\u00aa Chamada)<\/p>\n<p>Vagas: 02<\/p>\n<p>Carga hor\u00e1ria: 40h<\/p>\n<p>Local de atua\u00e7\u00e3o: Farm\u00e1cia Municipal<\/p>\n<p>Requisito: Ensino M\u00e9dio Completo<\/p>\n<p>15h30 \u2013 Motorista de Ve\u00edculo Pesado (3\u00aa Chamada)<\/p>\n<p>Vagas: 07<\/p>\n<p>Requisito: Ensino M\u00e9dio Completo<\/p>\n<p>Atua\u00e7\u00e3o: Hor\u00e1rio e local a combinar com a gest\u00e3o.<\/p>\n<p>Documenta\u00e7\u00e3o Necess\u00e1ria<br \/>\nPara garantir a vaga, o interessado deve estar munido de:<\/p>\n<p>Documento de identifica\u00e7\u00e3o original com foto;<\/p>\n<p>Comprovante de forma\u00e7\u00e3o acad\u00eamica exigida para a fun\u00e7\u00e3o;<\/p>\n<p>Comprovante de t\u00edtulos (caso tenham sido informados na Prova de T\u00edtulos).<\/p>\n<p><img fetchpriority=\"high\" decoding=\"async\" class=\"aligncenter size-full wp-image-31812\" src=\"http:\/\/sulsc.com\/wp-content\/uploads\/2026\/01\/847e37ce-6966-41eb-b555-afe014a2ec8d.jpeg\" alt=\"\" width=\"960\" height=\"540\" srcset=\"https:\/\/sulsc.com\/wp-content\/uploads\/2026\/01\/847e37ce-6966-41eb-b555-afe014a2ec8d.jpeg 960w, https:\/\/sulsc.com\/wp-content\/uploads\/2026\/01\/847e37ce-6966-41eb-b555-afe014a2ec8d-300x169.jpeg 300w, https:\/\/sulsc.com\/wp-content\/uploads\/2026\/01\/847e37ce-6966-41eb-b555-afe014a2ec8d-768x432.jpeg 768w\" sizes=\"(max-width: 960px) 100vw, 960px\" \/><\/p>\n<p>Divulga\u00e7\u00e3o\/SulSC<\/p>\n<p><strong>Chamada P\u00fablica<\/strong><br \/>\nA Secretaria informa que, caso as vagas n\u00e3o sejam totalmente preenchidas pelos candidatos do processo seletivo, ser\u00e1 realizada automaticamente uma Chamada P\u00fablica no mesmo local e data.<\/p>\n<p>Para participar desta etapa, os interessados devem levar documento de identifica\u00e7\u00e3o, comprovante de escolaridade, t\u00edtulos e comprovante de tempo de servi\u00e7o (item necess\u00e1rio em caso de crit\u00e9rio de desempate).<\/p>\n","protected":false},"excerpt":{"rendered":"<p>Nesta segunda-feira (26), a Prefeitura de Laguna, por meio da Secretaria Municipal de Sa\u00fade, publicou a convoca\u00e7\u00e3o dos candidatos classificados no Processo Seletivo ADM n\u00ba 002\/2025 (Instituto FUCAP). O chamamento visa o preenchimento de vagas estrat\u00e9gicas para o atendimento \u00e0 popula\u00e7\u00e3o e manuten\u00e7\u00e3o dos servi\u00e7os municipais. Os candidatos devem comparecer presencialmente at\u00e9 amanh\u00e3 quarta-feira (28), &hellip;<\/p>\n<p class=\"read-more\"> <a class=\"\" href=\"https:\/\/sulsc.com\/index.php\/2026\/01\/27\/laguna-secretaria-de-saude-convoca-classificados-em-processo-seletivo\/\"> <span class=\"screen-reader-text\">Laguna &#8211; Secretaria de Sa\u00fade convoca classificados em processo seletivo<\/span> Read More &raquo;<\/a><\/p>\n","protected":false},"author":3,"featured_media":16928,"comment_status":"open","ping_status":"open","sticky":false,"template":"","format":"standard","meta":{"site-sidebar-layout":"default","site-content-layout":"","ast-site-content-layout":"default","site-content-style":"default","site-sidebar-style":"default","ast-global-header-display":"","ast-banner-title-visibility":"","ast-main-header-display":"","ast-hfb-above-header-display":"","ast-hfb-below-header-display":"","ast-hfb-mobile-header-display":"","site-post-title":"","ast-breadcrumbs-content":"","ast-featured-img":"","footer-sml-layout":"","theme-transparent-header-meta":"default","adv-header-id-meta":"","stick-header-meta":"","header-above-stick-meta":"","header-main-stick-meta":"","header-below-stick-meta":"","astra-migrate-meta-layouts":"set","footnotes":""},"categories":[2231,1,22,2281,14,12],"tags":[1193],"yoast_head":"<!-- This site is optimized with the Yoast SEO plugin v21.4 - https:\/\/yoast.com\/wordpress\/plugins\/seo\/ -->\n<title>Laguna - Secretaria de Sa\u00fade convoca classificados em processo seletivo -<\/title>\n<meta name=\"robots\" content=\"index, follow, max-snippet:-1, max-image-preview:large, max-video-preview:-1\" \/>\n<link rel=\"canonical\" href=\"https:\/\/sulsc.com\/index.php\/2026\/01\/27\/laguna-secretaria-de-saude-convoca-classificados-em-processo-seletivo\/\" \/>\n<meta property=\"og:locale\" content=\"en_US\" \/>\n<meta property=\"og:type\" content=\"article\" \/>\n<meta property=\"og:title\" content=\"Laguna - Secretaria de Sa\u00fade convoca classificados em processo seletivo -\" \/>\n<meta property=\"og:description\" content=\"Nesta segunda-feira (26), a Prefeitura de Laguna, por meio da Secretaria Municipal de Sa\u00fade, publicou a convoca\u00e7\u00e3o dos candidatos classificados no Processo Seletivo ADM n\u00ba 002\/2025 (Instituto FUCAP). O chamamento visa o preenchimento de vagas estrat\u00e9gicas para o atendimento \u00e0 popula\u00e7\u00e3o e manuten\u00e7\u00e3o dos servi\u00e7os municipais. Os candidatos devem comparecer presencialmente at\u00e9 amanh\u00e3 quarta-feira (28), &hellip; Laguna &#8211; Secretaria de Sa\u00fade convoca classificados em processo seletivo Read More &raquo;\" \/>\n<meta property=\"og:url\" content=\"https:\/\/sulsc.com\/index.php\/2026\/01\/27\/laguna-secretaria-de-saude-convoca-classificados-em-processo-seletivo\/\" \/>\n<meta property=\"article:author\" content=\"https:\/\/www.facebook.com\/profile.php?id=61559278119680\" \/>\n<meta property=\"article:published_time\" content=\"2026-01-27T12:30:02+00:00\" \/>\n<meta property=\"og:image\" content=\"http:\/\/sulsc.com\/wp-content\/uploads\/2024\/11\/Tempo-3.jpg\" \/>\n\t<meta property=\"og:image:width\" content=\"640\" \/>\n\t<meta property=\"og:image:height\" content=\"480\" \/>\n\t<meta property=\"og:image:type\" content=\"image\/jpeg\" \/>\n<meta name=\"author\" content=\"Reda\u00e7\u00e3o Sul SC\" \/>\n<meta name=\"twitter:card\" content=\"summary_large_image\" \/>\n<meta name=\"twitter:creator\" content=\"@https:\/\/twitter.com\/PortalSulSC\" \/>\n<meta name=\"twitter:label1\" content=\"Written by\" \/>\n\t<meta name=\"twitter:data1\" content=\"Reda\u00e7\u00e3o Sul SC\" \/>\n\t<meta name=\"twitter:label2\" content=\"Est. reading time\" \/>\n\t<meta name=\"twitter:data2\" content=\"2 minutes\" \/>\n<script type=\"application\/ld+json\" class=\"yoast-schema-graph\">{\"@context\":\"https:\/\/schema.org\",\"@graph\":[{\"@type\":\"WebPage\",\"@id\":\"https:\/\/sulsc.com\/index.php\/2026\/01\/27\/laguna-secretaria-de-saude-convoca-classificados-em-processo-seletivo\/\",\"url\":\"https:\/\/sulsc.com\/index.php\/2026\/01\/27\/laguna-secretaria-de-saude-convoca-classificados-em-processo-seletivo\/\",\"name\":\"Laguna - Secretaria de Sa\u00fade convoca classificados em processo seletivo -\",\"isPartOf\":{\"@id\":\"https:\/\/sulsc.com\/#website\"},\"datePublished\":\"2026-01-27T12:30:02+00:00\",\"dateModified\":\"2026-01-27T12:30:02+00:00\",\"author\":{\"@id\":\"https:\/\/sulsc.com\/#\/schema\/person\/84d2fc571684f6248ba83092f07750a3\"},\"breadcrumb\":{\"@id\":\"https:\/\/sulsc.com\/index.php\/2026\/01\/27\/laguna-secretaria-de-saude-convoca-classificados-em-processo-seletivo\/#breadcrumb\"},\"inLanguage\":\"en-US\",\"potentialAction\":[{\"@type\":\"ReadAction\",\"target\":[\"https:\/\/sulsc.com\/index.php\/2026\/01\/27\/laguna-secretaria-de-saude-convoca-classificados-em-processo-seletivo\/\"]}]},{\"@type\":\"BreadcrumbList\",\"@id\":\"https:\/\/sulsc.com\/index.php\/2026\/01\/27\/laguna-secretaria-de-saude-convoca-classificados-em-processo-seletivo\/#breadcrumb\",\"itemListElement\":[{\"@type\":\"ListItem\",\"position\":1,\"name\":\"In\u00edcio\",\"item\":\"https:\/\/sulsc.com\/\"},{\"@type\":\"ListItem\",\"position\":2,\"name\":\"Laguna &#8211; Secretaria de Sa\u00fade convoca classificados em processo seletivo\"}]},{\"@type\":\"WebSite\",\"@id\":\"https:\/\/sulsc.com\/#website\",\"url\":\"https:\/\/sulsc.com\/\",\"name\":\"\",\"description\":\"\",\"potentialAction\":[{\"@type\":\"SearchAction\",\"target\":{\"@type\":\"EntryPoint\",\"urlTemplate\":\"https:\/\/sulsc.com\/?s={search_term_string}\"},\"query-input\":\"required name=search_term_string\"}],\"inLanguage\":\"en-US\"},{\"@type\":\"Person\",\"@id\":\"https:\/\/sulsc.com\/#\/schema\/person\/84d2fc571684f6248ba83092f07750a3\",\"name\":\"Reda\u00e7\u00e3o Sul SC\",\"image\":{\"@type\":\"ImageObject\",\"inLanguage\":\"en-US\",\"@id\":\"https:\/\/sulsc.com\/#\/schema\/person\/image\/e08d7fe2cc4ed596372063bbe852b8d0\",\"url\":\"https:\/\/sulsc.com\/wp-content\/uploads\/2023\/09\/redacao.png\",\"contentUrl\":\"https:\/\/sulsc.com\/wp-content\/uploads\/2023\/09\/redacao.png\",\"caption\":\"Reda\u00e7\u00e3o Sul SC\"},\"description\":\"Foco em um jornalismo imparcial, voltado \u00e0 qualidade dos seus conte\u00fados e, assim, levar informa\u00e7\u00e3o de valor que agregue \u00e0 vida dos leitores. Esta \u00e9 grande miss\u00e3o do Portal de Not\u00edcias Sul SC. N\u00e3o \u00e9 quantidade que muda o mundo, sempre foi e seguir\u00e1 sendo qualidade!\",\"sameAs\":[\"https:\/\/sulsc.com\/\",\"https:\/\/www.facebook.com\/profile.php?id=61559278119680\",\"https:\/\/www.instagram.com\/sulscportal\/?hl=pt-br\",\"https:\/\/twitter.com\/https:\/\/twitter.com\/PortalSulSC\",\"https:\/\/www.youtube.com\/channel\/UCv_BE8GeySluDov2n8qhVmw\"],\"url\":\"https:\/\/sulsc.com\/index.php\/author\/redacao\/\"}]}<\/script>\n<!-- \/ Yoast SEO plugin. -->","yoast_head_json":{"title":"Laguna - Secretaria de Sa\u00fade convoca classificados em processo seletivo -","robots":{"index":"index","follow":"follow","max-snippet":"max-snippet:-1","max-image-preview":"max-image-preview:large","max-video-preview":"max-video-preview:-1"},"canonical":"https:\/\/sulsc.com\/index.php\/2026\/01\/27\/laguna-secretaria-de-saude-convoca-classificados-em-processo-seletivo\/","og_locale":"en_US","og_type":"article","og_title":"Laguna - Secretaria de Sa\u00fade convoca classificados em processo seletivo -","og_description":"Nesta segunda-feira (26), a Prefeitura de Laguna, por meio da Secretaria Municipal de Sa\u00fade, publicou a convoca\u00e7\u00e3o dos candidatos classificados no Processo Seletivo ADM n\u00ba 002\/2025 (Instituto FUCAP). O chamamento visa o preenchimento de vagas estrat\u00e9gicas para o atendimento \u00e0 popula\u00e7\u00e3o e manuten\u00e7\u00e3o dos servi\u00e7os municipais. Os candidatos devem comparecer presencialmente at\u00e9 amanh\u00e3 quarta-feira (28), &hellip; Laguna &#8211; Secretaria de Sa\u00fade convoca classificados em processo seletivo Read More &raquo;","og_url":"https:\/\/sulsc.com\/index.php\/2026\/01\/27\/laguna-secretaria-de-saude-convoca-classificados-em-processo-seletivo\/","article_author":"https:\/\/www.facebook.com\/profile.php?id=61559278119680","article_published_time":"2026-01-27T12:30:02+00:00","og_image":[{"width":640,"height":480,"url":"http:\/\/sulsc.com\/wp-content\/uploads\/2024\/11\/Tempo-3.jpg","type":"image\/jpeg"}],"author":"Reda\u00e7\u00e3o Sul SC","twitter_card":"summary_large_image","twitter_creator":"@https:\/\/twitter.com\/PortalSulSC","twitter_misc":{"Written by":"Reda\u00e7\u00e3o Sul SC","Est. reading time":"2 minutes"},"schema":{"@context":"https:\/\/schema.org","@graph":[{"@type":"WebPage","@id":"https:\/\/sulsc.com\/index.php\/2026\/01\/27\/laguna-secretaria-de-saude-convoca-classificados-em-processo-seletivo\/","url":"https:\/\/sulsc.com\/index.php\/2026\/01\/27\/laguna-secretaria-de-saude-convoca-classificados-em-processo-seletivo\/","name":"Laguna - Secretaria de Sa\u00fade convoca classificados em processo seletivo -","isPartOf":{"@id":"https:\/\/sulsc.com\/#website"},"datePublished":"2026-01-27T12:30:02+00:00","dateModified":"2026-01-27T12:30:02+00:00","author":{"@id":"https:\/\/sulsc.com\/#\/schema\/person\/84d2fc571684f6248ba83092f07750a3"},"breadcrumb":{"@id":"https:\/\/sulsc.com\/index.php\/2026\/01\/27\/laguna-secretaria-de-saude-convoca-classificados-em-processo-seletivo\/#breadcrumb"},"inLanguage":"en-US","potentialAction":[{"@type":"ReadAction","target":["https:\/\/sulsc.com\/index.php\/2026\/01\/27\/laguna-secretaria-de-saude-convoca-classificados-em-processo-seletivo\/"]}]},{"@type":"BreadcrumbList","@id":"https:\/\/sulsc.com\/index.php\/2026\/01\/27\/laguna-secretaria-de-saude-convoca-classificados-em-processo-seletivo\/#breadcrumb","itemListElement":[{"@type":"ListItem","position":1,"name":"In\u00edcio","item":"https:\/\/sulsc.com\/"},{"@type":"ListItem","position":2,"name":"Laguna &#8211; Secretaria de Sa\u00fade convoca classificados em processo seletivo"}]},{"@type":"WebSite","@id":"https:\/\/sulsc.com\/#website","url":"https:\/\/sulsc.com\/","name":"","description":"","potentialAction":[{"@type":"SearchAction","target":{"@type":"EntryPoint","urlTemplate":"https:\/\/sulsc.com\/?s={search_term_string}"},"query-input":"required name=search_term_string"}],"inLanguage":"en-US"},{"@type":"Person","@id":"https:\/\/sulsc.com\/#\/schema\/person\/84d2fc571684f6248ba83092f07750a3","name":"Reda\u00e7\u00e3o Sul SC","image":{"@type":"ImageObject","inLanguage":"en-US","@id":"https:\/\/sulsc.com\/#\/schema\/person\/image\/e08d7fe2cc4ed596372063bbe852b8d0","url":"https:\/\/sulsc.com\/wp-content\/uploads\/2023\/09\/redacao.png","contentUrl":"https:\/\/sulsc.com\/wp-content\/uploads\/2023\/09\/redacao.png","caption":"Reda\u00e7\u00e3o Sul SC"},"description":"Foco em um jornalismo imparcial, voltado \u00e0 qualidade dos seus conte\u00fados e, assim, levar informa\u00e7\u00e3o de valor que agregue \u00e0 vida dos leitores. Esta \u00e9 grande miss\u00e3o do Portal de Not\u00edcias Sul SC. N\u00e3o \u00e9 quantidade que muda o mundo, sempre foi e seguir\u00e1 sendo qualidade!","sameAs":["https:\/\/sulsc.com\/","https:\/\/www.facebook.com\/profile.php?id=61559278119680","https:\/\/www.instagram.com\/sulscportal\/?hl=pt-br","https:\/\/twitter.com\/https:\/\/twitter.com\/PortalSulSC","https:\/\/www.youtube.com\/channel\/UCv_BE8GeySluDov2n8qhVmw"],"url":"https:\/\/sulsc.com\/index.php\/author\/redacao\/"}]}},"authors":[],"_links":{"self":[{"href":"https:\/\/sulsc.com\/index.php\/wp-json\/wp\/v2\/posts\/31811"}],"collection":[{"href":"https:\/\/sulsc.com\/index.php\/wp-json\/wp\/v2\/posts"}],"about":[{"href":"https:\/\/sulsc.com\/index.php\/wp-json\/wp\/v2\/types\/post"}],"author":[{"embeddable":true,"href":"https:\/\/sulsc.com\/index.php\/wp-json\/wp\/v2\/users\/3"}],"replies":[{"embeddable":true,"href":"https:\/\/sulsc.com\/index.php\/wp-json\/wp\/v2\/comments?post=31811"}],"version-history":[{"count":1,"href":"https:\/\/sulsc.com\/index.php\/wp-json\/wp\/v2\/posts\/31811\/revisions"}],"predecessor-version":[{"id":31813,"href":"https:\/\/sulsc.com\/index.php\/wp-json\/wp\/v2\/posts\/31811\/revisions\/31813"}],"wp:featuredmedia":[{"embeddable":true,"href":"https:\/\/sulsc.com\/index.php\/wp-json\/wp\/v2\/media\/16928"}],"wp:attachment":[{"href":"https:\/\/sulsc.com\/index.php\/wp-json\/wp\/v2\/media?parent=31811"}],"wp:term":[{"taxonomy":"category","embeddable":true,"href":"https:\/\/sulsc.com\/index.php\/wp-json\/wp\/v2\/categories?post=31811"},{"taxonomy":"post_tag","embeddable":true,"href":"https:\/\/sulsc.com\/index.php\/wp-json\/wp\/v2\/tags?post=31811"}],"curies":[{"name":"wp","href":"https:\/\/api.w.org\/{rel}","templated":true}]}}