{"id":31820,"date":"2026-01-27T10:50:28","date_gmt":"2026-01-27T13:50:28","guid":{"rendered":"https:\/\/sulsc.com\/?p=31820"},"modified":"2026-01-27T10:50:28","modified_gmt":"2026-01-27T13:50:28","slug":"governo-federal-anuncia-projeto-para-a-construcao-de-tuneis-no-morro-dos-cavalos-em-palhoca","status":"publish","type":"post","link":"https:\/\/sulsc.com\/index.php\/2026\/01\/27\/governo-federal-anuncia-projeto-para-a-construcao-de-tuneis-no-morro-dos-cavalos-em-palhoca\/","title":{"rendered":"Governo Federal anuncia projeto para a constru\u00e7\u00e3o de t\u00faneis no Morro dos Cavalos em Palho\u00e7a"},"content":{"rendered":"<p>Em agenda oficial por Santa Catarina nesta ter\u00e7a e quarta-feira (27 e 28), o ministro dos Transportes, Renan Filho, deve formalizar o plano de obras para o trecho do Morro dos Cavalos, na BR-101, em Palho\u00e7a.<\/p>\n<div id=\"metaslider-id-25573\" style=\"width: 100%;\" class=\"ml-slider-3-99-0 metaslider metaslider-flex metaslider-25573 ml-slider has-onhover-arrows ms-theme-default-base has-dots-nav\" role=\"region\" aria-label=\"Meio\" data-width=\"1200\">\n    <div id=\"metaslider_container_25573\">\n        <div id=\"metaslider_25573\">\n            <ul class='slides'>\n                <li style=\"display: block; width: 100%;\" class=\"slide-25684 ms-image \" aria-roledescription=\"slide\" data-date=\"2025-07-24 07:55:40\"><img src=\"https:\/\/sulsc.com\/wp-content\/uploads\/2025\/07\/Marr-2-1000x166.jpg\" height=\"200\" width=\"1200\" alt=\"\" class=\"slider-25573 slide-25684 msDefaultImage\" title=\"Marr 2\" \/><\/li>\n                <li style=\"display: none; width: 100%;\" class=\"slide-32412 ms-image \" aria-roledescription=\"slide\" data-date=\"2026-02-18 13:59:46\"><img src=\"https:\/\/sulsc.com\/wp-content\/uploads\/2026\/02\/40dc1580-cad5-4867-bc58-c4243821ad38-1000x166.jpeg\" height=\"200\" width=\"1200\" alt=\"\" class=\"slider-25573 slide-32412 msDefaultImage\" title=\"40dc1580-cad5-4867-bc58-c4243821ad38\" \/><\/li>\n                <li style=\"display: none; width: 100%;\" class=\"slide-32766 ms-image \" aria-roledescription=\"slide\" data-date=\"2026-03-03 17:22:59\"><img src=\"https:\/\/sulsc.com\/wp-content\/uploads\/2026\/03\/271ce739-f268-41c5-8051-3de1a1750359-1000x166.jpeg\" height=\"200\" width=\"1200\" alt=\"\" class=\"slider-25573 slide-32766 msDefaultImage\" title=\"271ce739-f268-41c5-8051-3de1a1750359\" \/><\/li>\n            <\/ul>\n        <\/div>\n        \n    <\/div>\n<\/div>\n<p>A iniciativa visa solucionar os constantes problemas de fluidez e seguran\u00e7a em um dos pontos mais cr\u00edticos da rodovia no estado.\u00a0O projeto, desenvolvido pelo Departamento Nacional de Infraestrutura de Transportes (DNIT), prev\u00ea a implanta\u00e7\u00e3o de dois t\u00faneis no local.<\/p>\n<p>Atualmente, a proposta passa por uma fase de revis\u00e3o e atualiza\u00e7\u00e3o t\u00e9cnica, que inclui estudos para a amplia\u00e7\u00e3o do n\u00famero de faixas de rolagem, visando adequar a capacidade da via ao volume de tr\u00e1fego atual e futuro.<\/p>\n<p>A execu\u00e7\u00e3o da obra poder\u00e1 ocorrer por meio de um ajuste contratual com a concession\u00e1ria ViaCosteira, que j\u00e1 administra o trecho Sul da BR-101.\u00a0Esta modalidade de aditivo permitiria que a iniciativa privada assumisse a responsabilidade direta pela constru\u00e7\u00e3o, o que, segundo o F\u00f3rum Parlamentar Catarinense, pode dar celeridade ao processo.<\/p>\n<p><img fetchpriority=\"high\" decoding=\"async\" class=\"aligncenter size-full wp-image-31821\" src=\"http:\/\/sulsc.com\/wp-content\/uploads\/2026\/01\/f00e42f4-acb4-4434-9fd2-6058541f01a0.jpeg\" alt=\"\" width=\"720\" height=\"405\" srcset=\"https:\/\/sulsc.com\/wp-content\/uploads\/2026\/01\/f00e42f4-acb4-4434-9fd2-6058541f01a0.jpeg 720w, https:\/\/sulsc.com\/wp-content\/uploads\/2026\/01\/f00e42f4-acb4-4434-9fd2-6058541f01a0-300x169.jpeg 300w\" sizes=\"(max-width: 720px) 100vw, 720px\" \/><\/p>\n<p>De acordo com o coordenador do F\u00f3rum, deputado federal Pedro Uczai (PT), o cronograma atual trabalha com a perspectiva de que as frentes de trabalho sejam abertas ainda no decorrer de 2026.\u00a0A articula\u00e7\u00e3o \u00e9 apresentada como o desfecho de dois anos de tratativas t\u00e9cnicas e pol\u00edticas entre o governo federal e a bancada catarinense.<\/p>\n<p>O Morro dos Cavalos \u00e9 conhecido por interrup\u00e7\u00f5es frequentes devido a deslizamentos de encostas e acidentes, o que gera preju\u00edzos log\u00edsticos para o transporte de cargas e para o turismo.\u00a0A transi\u00e7\u00e3o do tra\u00e7ado atual para t\u00faneis \u00e9 vista por especialistas como a alternativa mais sustent\u00e1vel para mitigar os impactos ambientais e geol\u00f3gicos da regi\u00e3o.<\/p>\n<p>Foto capa\/Jekupe Maw\u00e9<\/p>\n","protected":false},"excerpt":{"rendered":"<p>Em agenda oficial por Santa Catarina nesta ter\u00e7a e quarta-feira (27 e 28), o ministro dos Transportes, Renan Filho, deve formalizar o plano de obras para o trecho do Morro dos Cavalos, na BR-101, em Palho\u00e7a. A iniciativa visa solucionar os constantes problemas de fluidez e seguran\u00e7a em um dos pontos mais cr\u00edticos da rodovia &hellip;<\/p>\n<p class=\"read-more\"> <a class=\"\" href=\"https:\/\/sulsc.com\/index.php\/2026\/01\/27\/governo-federal-anuncia-projeto-para-a-construcao-de-tuneis-no-morro-dos-cavalos-em-palhoca\/\"> <span class=\"screen-reader-text\">Governo Federal anuncia projeto para a constru\u00e7\u00e3o de t\u00faneis no Morro dos Cavalos em Palho\u00e7a<\/span> Read More &raquo;<\/a><\/p>\n","protected":false},"author":3,"featured_media":31822,"comment_status":"open","ping_status":"open","sticky":false,"template":"","format":"standard","meta":{"site-sidebar-layout":"default","site-content-layout":"","ast-site-content-layout":"default","site-content-style":"default","site-sidebar-style":"default","ast-global-header-display":"","ast-banner-title-visibility":"","ast-main-header-display":"","ast-hfb-above-header-display":"","ast-hfb-below-header-display":"","ast-hfb-mobile-header-display":"","site-post-title":"","ast-breadcrumbs-content":"","ast-featured-img":"","footer-sml-layout":"","theme-transparent-header-meta":"default","adv-header-id-meta":"","stick-header-meta":"","header-above-stick-meta":"","header-main-stick-meta":"","header-below-stick-meta":"","astra-migrate-meta-layouts":"set","footnotes":""},"categories":[1,15,14,12],"tags":[2303],"yoast_head":"<!-- This site is optimized with the Yoast SEO plugin v21.4 - https:\/\/yoast.com\/wordpress\/plugins\/seo\/ -->\n<title>Governo Federal anuncia projeto para a constru\u00e7\u00e3o de t\u00faneis no Morro dos Cavalos em Palho\u00e7a -<\/title>\n<meta name=\"robots\" content=\"index, follow, max-snippet:-1, max-image-preview:large, max-video-preview:-1\" \/>\n<link rel=\"canonical\" href=\"https:\/\/sulsc.com\/index.php\/2026\/01\/27\/governo-federal-anuncia-projeto-para-a-construcao-de-tuneis-no-morro-dos-cavalos-em-palhoca\/\" \/>\n<meta property=\"og:locale\" content=\"en_US\" \/>\n<meta property=\"og:type\" content=\"article\" \/>\n<meta property=\"og:title\" content=\"Governo Federal anuncia projeto para a constru\u00e7\u00e3o de t\u00faneis no Morro dos Cavalos em Palho\u00e7a -\" \/>\n<meta property=\"og:description\" content=\"Em agenda oficial por Santa Catarina nesta ter\u00e7a e quarta-feira (27 e 28), o ministro dos Transportes, Renan Filho, deve formalizar o plano de obras para o trecho do Morro dos Cavalos, na BR-101, em Palho\u00e7a. A iniciativa visa solucionar os constantes problemas de fluidez e seguran\u00e7a em um dos pontos mais cr\u00edticos da rodovia &hellip; Governo Federal anuncia projeto para a constru\u00e7\u00e3o de t\u00faneis no Morro dos Cavalos em Palho\u00e7a Read More &raquo;\" \/>\n<meta property=\"og:url\" content=\"https:\/\/sulsc.com\/index.php\/2026\/01\/27\/governo-federal-anuncia-projeto-para-a-construcao-de-tuneis-no-morro-dos-cavalos-em-palhoca\/\" \/>\n<meta property=\"article:author\" content=\"https:\/\/www.facebook.com\/profile.php?id=61559278119680\" \/>\n<meta property=\"article:published_time\" content=\"2026-01-27T13:50:28+00:00\" \/>\n<meta property=\"og:image\" content=\"http:\/\/sulsc.com\/wp-content\/uploads\/2026\/01\/bc6c73fc-17b7-4626-af91-38c58ad12c70.jpeg\" \/>\n\t<meta property=\"og:image:width\" content=\"728\" \/>\n\t<meta property=\"og:image:height\" content=\"544\" \/>\n\t<meta property=\"og:image:type\" content=\"image\/jpeg\" \/>\n<meta name=\"author\" content=\"Reda\u00e7\u00e3o Sul SC\" \/>\n<meta name=\"twitter:card\" content=\"summary_large_image\" \/>\n<meta name=\"twitter:creator\" content=\"@https:\/\/twitter.com\/PortalSulSC\" \/>\n<meta name=\"twitter:label1\" content=\"Written by\" \/>\n\t<meta name=\"twitter:data1\" content=\"Reda\u00e7\u00e3o Sul SC\" \/>\n\t<meta name=\"twitter:label2\" content=\"Est. reading time\" \/>\n\t<meta name=\"twitter:data2\" content=\"2 minutes\" \/>\n<script type=\"application\/ld+json\" class=\"yoast-schema-graph\">{\"@context\":\"https:\/\/schema.org\",\"@graph\":[{\"@type\":\"WebPage\",\"@id\":\"https:\/\/sulsc.com\/index.php\/2026\/01\/27\/governo-federal-anuncia-projeto-para-a-construcao-de-tuneis-no-morro-dos-cavalos-em-palhoca\/\",\"url\":\"https:\/\/sulsc.com\/index.php\/2026\/01\/27\/governo-federal-anuncia-projeto-para-a-construcao-de-tuneis-no-morro-dos-cavalos-em-palhoca\/\",\"name\":\"Governo Federal anuncia projeto para a constru\u00e7\u00e3o de t\u00faneis no Morro dos Cavalos em Palho\u00e7a -\",\"isPartOf\":{\"@id\":\"https:\/\/sulsc.com\/#website\"},\"datePublished\":\"2026-01-27T13:50:28+00:00\",\"dateModified\":\"2026-01-27T13:50:28+00:00\",\"author\":{\"@id\":\"https:\/\/sulsc.com\/#\/schema\/person\/84d2fc571684f6248ba83092f07750a3\"},\"breadcrumb\":{\"@id\":\"https:\/\/sulsc.com\/index.php\/2026\/01\/27\/governo-federal-anuncia-projeto-para-a-construcao-de-tuneis-no-morro-dos-cavalos-em-palhoca\/#breadcrumb\"},\"inLanguage\":\"en-US\",\"potentialAction\":[{\"@type\":\"ReadAction\",\"target\":[\"https:\/\/sulsc.com\/index.php\/2026\/01\/27\/governo-federal-anuncia-projeto-para-a-construcao-de-tuneis-no-morro-dos-cavalos-em-palhoca\/\"]}]},{\"@type\":\"BreadcrumbList\",\"@id\":\"https:\/\/sulsc.com\/index.php\/2026\/01\/27\/governo-federal-anuncia-projeto-para-a-construcao-de-tuneis-no-morro-dos-cavalos-em-palhoca\/#breadcrumb\",\"itemListElement\":[{\"@type\":\"ListItem\",\"position\":1,\"name\":\"In\u00edcio\",\"item\":\"https:\/\/sulsc.com\/\"},{\"@type\":\"ListItem\",\"position\":2,\"name\":\"Governo Federal anuncia projeto para a constru\u00e7\u00e3o de t\u00faneis no Morro dos Cavalos em Palho\u00e7a\"}]},{\"@type\":\"WebSite\",\"@id\":\"https:\/\/sulsc.com\/#website\",\"url\":\"https:\/\/sulsc.com\/\",\"name\":\"\",\"description\":\"\",\"potentialAction\":[{\"@type\":\"SearchAction\",\"target\":{\"@type\":\"EntryPoint\",\"urlTemplate\":\"https:\/\/sulsc.com\/?s={search_term_string}\"},\"query-input\":\"required name=search_term_string\"}],\"inLanguage\":\"en-US\"},{\"@type\":\"Person\",\"@id\":\"https:\/\/sulsc.com\/#\/schema\/person\/84d2fc571684f6248ba83092f07750a3\",\"name\":\"Reda\u00e7\u00e3o Sul SC\",\"image\":{\"@type\":\"ImageObject\",\"inLanguage\":\"en-US\",\"@id\":\"https:\/\/sulsc.com\/#\/schema\/person\/image\/e08d7fe2cc4ed596372063bbe852b8d0\",\"url\":\"https:\/\/sulsc.com\/wp-content\/uploads\/2023\/09\/redacao.png\",\"contentUrl\":\"https:\/\/sulsc.com\/wp-content\/uploads\/2023\/09\/redacao.png\",\"caption\":\"Reda\u00e7\u00e3o Sul SC\"},\"description\":\"Foco em um jornalismo imparcial, voltado \u00e0 qualidade dos seus conte\u00fados e, assim, levar informa\u00e7\u00e3o de valor que agregue \u00e0 vida dos leitores. Esta \u00e9 grande miss\u00e3o do Portal de Not\u00edcias Sul SC. N\u00e3o \u00e9 quantidade que muda o mundo, sempre foi e seguir\u00e1 sendo qualidade!\",\"sameAs\":[\"https:\/\/sulsc.com\/\",\"https:\/\/www.facebook.com\/profile.php?id=61559278119680\",\"https:\/\/www.instagram.com\/sulscportal\/?hl=pt-br\",\"https:\/\/twitter.com\/https:\/\/twitter.com\/PortalSulSC\",\"https:\/\/www.youtube.com\/channel\/UCv_BE8GeySluDov2n8qhVmw\"],\"url\":\"https:\/\/sulsc.com\/index.php\/author\/redacao\/\"}]}<\/script>\n<!-- \/ Yoast SEO plugin. -->","yoast_head_json":{"title":"Governo Federal anuncia projeto para a constru\u00e7\u00e3o de t\u00faneis no Morro dos Cavalos em Palho\u00e7a -","robots":{"index":"index","follow":"follow","max-snippet":"max-snippet:-1","max-image-preview":"max-image-preview:large","max-video-preview":"max-video-preview:-1"},"canonical":"https:\/\/sulsc.com\/index.php\/2026\/01\/27\/governo-federal-anuncia-projeto-para-a-construcao-de-tuneis-no-morro-dos-cavalos-em-palhoca\/","og_locale":"en_US","og_type":"article","og_title":"Governo Federal anuncia projeto para a constru\u00e7\u00e3o de t\u00faneis no Morro dos Cavalos em Palho\u00e7a -","og_description":"Em agenda oficial por Santa Catarina nesta ter\u00e7a e quarta-feira (27 e 28), o ministro dos Transportes, Renan Filho, deve formalizar o plano de obras para o trecho do Morro dos Cavalos, na BR-101, em Palho\u00e7a. A iniciativa visa solucionar os constantes problemas de fluidez e seguran\u00e7a em um dos pontos mais cr\u00edticos da rodovia &hellip; Governo Federal anuncia projeto para a constru\u00e7\u00e3o de t\u00faneis no Morro dos Cavalos em Palho\u00e7a Read More &raquo;","og_url":"https:\/\/sulsc.com\/index.php\/2026\/01\/27\/governo-federal-anuncia-projeto-para-a-construcao-de-tuneis-no-morro-dos-cavalos-em-palhoca\/","article_author":"https:\/\/www.facebook.com\/profile.php?id=61559278119680","article_published_time":"2026-01-27T13:50:28+00:00","og_image":[{"width":728,"height":544,"url":"http:\/\/sulsc.com\/wp-content\/uploads\/2026\/01\/bc6c73fc-17b7-4626-af91-38c58ad12c70.jpeg","type":"image\/jpeg"}],"author":"Reda\u00e7\u00e3o Sul SC","twitter_card":"summary_large_image","twitter_creator":"@https:\/\/twitter.com\/PortalSulSC","twitter_misc":{"Written by":"Reda\u00e7\u00e3o Sul SC","Est. reading time":"2 minutes"},"schema":{"@context":"https:\/\/schema.org","@graph":[{"@type":"WebPage","@id":"https:\/\/sulsc.com\/index.php\/2026\/01\/27\/governo-federal-anuncia-projeto-para-a-construcao-de-tuneis-no-morro-dos-cavalos-em-palhoca\/","url":"https:\/\/sulsc.com\/index.php\/2026\/01\/27\/governo-federal-anuncia-projeto-para-a-construcao-de-tuneis-no-morro-dos-cavalos-em-palhoca\/","name":"Governo Federal anuncia projeto para a constru\u00e7\u00e3o de t\u00faneis no Morro dos Cavalos em Palho\u00e7a -","isPartOf":{"@id":"https:\/\/sulsc.com\/#website"},"datePublished":"2026-01-27T13:50:28+00:00","dateModified":"2026-01-27T13:50:28+00:00","author":{"@id":"https:\/\/sulsc.com\/#\/schema\/person\/84d2fc571684f6248ba83092f07750a3"},"breadcrumb":{"@id":"https:\/\/sulsc.com\/index.php\/2026\/01\/27\/governo-federal-anuncia-projeto-para-a-construcao-de-tuneis-no-morro-dos-cavalos-em-palhoca\/#breadcrumb"},"inLanguage":"en-US","potentialAction":[{"@type":"ReadAction","target":["https:\/\/sulsc.com\/index.php\/2026\/01\/27\/governo-federal-anuncia-projeto-para-a-construcao-de-tuneis-no-morro-dos-cavalos-em-palhoca\/"]}]},{"@type":"BreadcrumbList","@id":"https:\/\/sulsc.com\/index.php\/2026\/01\/27\/governo-federal-anuncia-projeto-para-a-construcao-de-tuneis-no-morro-dos-cavalos-em-palhoca\/#breadcrumb","itemListElement":[{"@type":"ListItem","position":1,"name":"In\u00edcio","item":"https:\/\/sulsc.com\/"},{"@type":"ListItem","position":2,"name":"Governo Federal anuncia projeto para a constru\u00e7\u00e3o de t\u00faneis no Morro dos Cavalos em Palho\u00e7a"}]},{"@type":"WebSite","@id":"https:\/\/sulsc.com\/#website","url":"https:\/\/sulsc.com\/","name":"","description":"","potentialAction":[{"@type":"SearchAction","target":{"@type":"EntryPoint","urlTemplate":"https:\/\/sulsc.com\/?s={search_term_string}"},"query-input":"required name=search_term_string"}],"inLanguage":"en-US"},{"@type":"Person","@id":"https:\/\/sulsc.com\/#\/schema\/person\/84d2fc571684f6248ba83092f07750a3","name":"Reda\u00e7\u00e3o Sul SC","image":{"@type":"ImageObject","inLanguage":"en-US","@id":"https:\/\/sulsc.com\/#\/schema\/person\/image\/e08d7fe2cc4ed596372063bbe852b8d0","url":"https:\/\/sulsc.com\/wp-content\/uploads\/2023\/09\/redacao.png","contentUrl":"https:\/\/sulsc.com\/wp-content\/uploads\/2023\/09\/redacao.png","caption":"Reda\u00e7\u00e3o Sul SC"},"description":"Foco em um jornalismo imparcial, voltado \u00e0 qualidade dos seus conte\u00fados e, assim, levar informa\u00e7\u00e3o de valor que agregue \u00e0 vida dos leitores. Esta \u00e9 grande miss\u00e3o do Portal de Not\u00edcias Sul SC. N\u00e3o \u00e9 quantidade que muda o mundo, sempre foi e seguir\u00e1 sendo qualidade!","sameAs":["https:\/\/sulsc.com\/","https:\/\/www.facebook.com\/profile.php?id=61559278119680","https:\/\/www.instagram.com\/sulscportal\/?hl=pt-br","https:\/\/twitter.com\/https:\/\/twitter.com\/PortalSulSC","https:\/\/www.youtube.com\/channel\/UCv_BE8GeySluDov2n8qhVmw"],"url":"https:\/\/sulsc.com\/index.php\/author\/redacao\/"}]}},"authors":[],"_links":{"self":[{"href":"https:\/\/sulsc.com\/index.php\/wp-json\/wp\/v2\/posts\/31820"}],"collection":[{"href":"https:\/\/sulsc.com\/index.php\/wp-json\/wp\/v2\/posts"}],"about":[{"href":"https:\/\/sulsc.com\/index.php\/wp-json\/wp\/v2\/types\/post"}],"author":[{"embeddable":true,"href":"https:\/\/sulsc.com\/index.php\/wp-json\/wp\/v2\/users\/3"}],"replies":[{"embeddable":true,"href":"https:\/\/sulsc.com\/index.php\/wp-json\/wp\/v2\/comments?post=31820"}],"version-history":[{"count":1,"href":"https:\/\/sulsc.com\/index.php\/wp-json\/wp\/v2\/posts\/31820\/revisions"}],"predecessor-version":[{"id":31823,"href":"https:\/\/sulsc.com\/index.php\/wp-json\/wp\/v2\/posts\/31820\/revisions\/31823"}],"wp:featuredmedia":[{"embeddable":true,"href":"https:\/\/sulsc.com\/index.php\/wp-json\/wp\/v2\/media\/31822"}],"wp:attachment":[{"href":"https:\/\/sulsc.com\/index.php\/wp-json\/wp\/v2\/media?parent=31820"}],"wp:term":[{"taxonomy":"category","embeddable":true,"href":"https:\/\/sulsc.com\/index.php\/wp-json\/wp\/v2\/categories?post=31820"},{"taxonomy":"post_tag","embeddable":true,"href":"https:\/\/sulsc.com\/index.php\/wp-json\/wp\/v2\/tags?post=31820"}],"curies":[{"name":"wp","href":"https:\/\/api.w.org\/{rel}","templated":true}]}}