{"id":31841,"date":"2026-01-27T19:00:46","date_gmt":"2026-01-27T22:00:46","guid":{"rendered":"https:\/\/sulsc.com\/?p=31841"},"modified":"2026-01-27T19:00:46","modified_gmt":"2026-01-27T22:00:46","slug":"carmen-zanotto-oficializa-migracao-para-o-republicanos","status":"publish","type":"post","link":"https:\/\/sulsc.com\/index.php\/2026\/01\/27\/carmen-zanotto-oficializa-migracao-para-o-republicanos\/","title":{"rendered":"Carmen Zanotto oficializa migra\u00e7\u00e3o para o Republicanos"},"content":{"rendered":"<p>A prefeita de Lages, Carmen Zanotto, deixar\u00e1 o Cidadania para se filiar ao Republicanos na pr\u00f3xima segunda-feira, dia 2 de fevereiro.\u00a0O movimento consolida a expans\u00e3o da legenda em Santa Catarina e refor\u00e7a a base de apoio ao projeto de reelei\u00e7\u00e3o do governador Jorginho Mello (PL).<\/p>\n<p>Com a chegada da prefeita, Lages passa a ser o maior munic\u00edpio catarinense sob o comando do Republicanos, elevando o status da sigla no tabuleiro pol\u00edtico estadual.\u00a0O ato oficial acontecer\u00e1 em Florian\u00f3polis, no Hotel Slaviero Ba\u00eda Norte.<\/p>\n<div id=\"metaslider-id-25573\" style=\"width: 100%;\" class=\"ml-slider-3-99-0 metaslider metaslider-flex metaslider-25573 ml-slider has-onhover-arrows ms-theme-default-base has-dots-nav\" role=\"region\" aria-label=\"Meio\" data-width=\"1200\">\n    <div id=\"metaslider_container_25573\">\n        <div id=\"metaslider_25573\">\n            <ul class='slides'>\n                <li style=\"display: block; width: 100%;\" class=\"slide-25684 ms-image \" aria-roledescription=\"slide\" data-date=\"2025-07-24 07:55:40\"><img src=\"https:\/\/sulsc.com\/wp-content\/uploads\/2025\/07\/Marr-2-1000x166.jpg\" height=\"200\" width=\"1200\" alt=\"\" class=\"slider-25573 slide-25684 msDefaultImage\" title=\"Marr 2\" \/><\/li>\n                <li style=\"display: none; width: 100%;\" class=\"slide-32412 ms-image \" aria-roledescription=\"slide\" data-date=\"2026-02-18 13:59:46\"><img src=\"https:\/\/sulsc.com\/wp-content\/uploads\/2026\/02\/40dc1580-cad5-4867-bc58-c4243821ad38-1000x166.jpeg\" height=\"200\" width=\"1200\" alt=\"\" class=\"slider-25573 slide-32412 msDefaultImage\" title=\"40dc1580-cad5-4867-bc58-c4243821ad38\" \/><\/li>\n                <li style=\"display: none; width: 100%;\" class=\"slide-32766 ms-image \" aria-roledescription=\"slide\" data-date=\"2026-03-03 17:22:59\"><img src=\"https:\/\/sulsc.com\/wp-content\/uploads\/2026\/03\/271ce739-f268-41c5-8051-3de1a1750359-1000x166.jpeg\" height=\"200\" width=\"1200\" alt=\"\" class=\"slider-25573 slide-32766 msDefaultImage\" title=\"271ce739-f268-41c5-8051-3de1a1750359\" \/><\/li>\n            <\/ul>\n        <\/div>\n        \n    <\/div>\n<\/div>\n<p>A agenda est\u00e1 organizada da seguinte forma:<br \/>\n10h10: Coletiva de imprensa com as lideran\u00e7as.<br \/>\n10h30: Solenidade de filia\u00e7\u00e3o de Carmen Zanotto e de outros novos quadros do partido.<\/p>\n<p>A cerim\u00f4nia ter\u00e1 peso nacional, contando com a participa\u00e7\u00e3o do presidente nacional do Republicanos, Marcos Pereira, al\u00e9m do presidente estadual e deputado federal, Jorge Goetten.\u00a0Para Jorge Goetten, a entrada de Carmen \u00e9 um marco estrat\u00e9gico. Ele destaca que a prefeita une o prest\u00edgio de sua trajet\u00f3ria no parlamento \u00e0 sua compet\u00eancia na gest\u00e3o municipal.<\/p>\n<p>A mudan\u00e7a de partido sinaliza uma nova fase para a administra\u00e7\u00e3o de Lages e posiciona o Republicanos como um player ainda mais relevante nas articula\u00e7\u00f5es para os pr\u00f3ximos ciclos eleitorais no estado.<\/p>\n<p>&nbsp;<\/p>\n<p><img fetchpriority=\"high\" decoding=\"async\" class=\"aligncenter size-full wp-image-31843\" src=\"http:\/\/sulsc.com\/wp-content\/uploads\/2026\/01\/477f6cbc-cdcd-4708-8668-f63ef383965d.jpeg\" alt=\"\" width=\"640\" height=\"419\" srcset=\"https:\/\/sulsc.com\/wp-content\/uploads\/2026\/01\/477f6cbc-cdcd-4708-8668-f63ef383965d.jpeg 640w, https:\/\/sulsc.com\/wp-content\/uploads\/2026\/01\/477f6cbc-cdcd-4708-8668-f63ef383965d-300x196.jpeg 300w\" sizes=\"(max-width: 640px) 100vw, 640px\" \/><\/p>\n","protected":false},"excerpt":{"rendered":"<p>A prefeita de Lages, Carmen Zanotto, deixar\u00e1 o Cidadania para se filiar ao Republicanos na pr\u00f3xima segunda-feira, dia 2 de fevereiro.\u00a0O movimento consolida a expans\u00e3o da legenda em Santa Catarina e refor\u00e7a a base de apoio ao projeto de reelei\u00e7\u00e3o do governador Jorginho Mello (PL). Com a chegada da prefeita, Lages passa a ser o &hellip;<\/p>\n<p class=\"read-more\"> <a class=\"\" href=\"https:\/\/sulsc.com\/index.php\/2026\/01\/27\/carmen-zanotto-oficializa-migracao-para-o-republicanos\/\"> <span class=\"screen-reader-text\">Carmen Zanotto oficializa migra\u00e7\u00e3o para o Republicanos<\/span> Read More &raquo;<\/a><\/p>\n","protected":false},"author":3,"featured_media":31843,"comment_status":"open","ping_status":"open","sticky":false,"template":"","format":"standard","meta":{"site-sidebar-layout":"default","site-content-layout":"","ast-site-content-layout":"default","site-content-style":"default","site-sidebar-style":"default","ast-global-header-display":"","ast-banner-title-visibility":"","ast-main-header-display":"","ast-hfb-above-header-display":"","ast-hfb-below-header-display":"","ast-hfb-mobile-header-display":"","site-post-title":"","ast-breadcrumbs-content":"","ast-featured-img":"","footer-sml-layout":"","theme-transparent-header-meta":"default","adv-header-id-meta":"","stick-header-meta":"","header-above-stick-meta":"","header-main-stick-meta":"","header-below-stick-meta":"","astra-migrate-meta-layouts":"set","footnotes":""},"categories":[1,6,14,12],"tags":[134],"yoast_head":"<!-- This site is optimized with the Yoast SEO plugin v21.4 - https:\/\/yoast.com\/wordpress\/plugins\/seo\/ -->\n<title>Carmen Zanotto oficializa migra\u00e7\u00e3o para o Republicanos -<\/title>\n<meta name=\"robots\" content=\"index, follow, max-snippet:-1, max-image-preview:large, max-video-preview:-1\" \/>\n<link rel=\"canonical\" href=\"https:\/\/sulsc.com\/index.php\/2026\/01\/27\/carmen-zanotto-oficializa-migracao-para-o-republicanos\/\" \/>\n<meta property=\"og:locale\" content=\"en_US\" \/>\n<meta property=\"og:type\" content=\"article\" \/>\n<meta property=\"og:title\" content=\"Carmen Zanotto oficializa migra\u00e7\u00e3o para o Republicanos -\" \/>\n<meta property=\"og:description\" content=\"A prefeita de Lages, Carmen Zanotto, deixar\u00e1 o Cidadania para se filiar ao Republicanos na pr\u00f3xima segunda-feira, dia 2 de fevereiro.\u00a0O movimento consolida a expans\u00e3o da legenda em Santa Catarina e refor\u00e7a a base de apoio ao projeto de reelei\u00e7\u00e3o do governador Jorginho Mello (PL). Com a chegada da prefeita, Lages passa a ser o &hellip; Carmen Zanotto oficializa migra\u00e7\u00e3o para o Republicanos Read More &raquo;\" \/>\n<meta property=\"og:url\" content=\"https:\/\/sulsc.com\/index.php\/2026\/01\/27\/carmen-zanotto-oficializa-migracao-para-o-republicanos\/\" \/>\n<meta property=\"article:author\" content=\"https:\/\/www.facebook.com\/profile.php?id=61559278119680\" \/>\n<meta property=\"article:published_time\" content=\"2026-01-27T22:00:46+00:00\" \/>\n<meta property=\"og:image\" content=\"http:\/\/sulsc.com\/wp-content\/uploads\/2026\/01\/477f6cbc-cdcd-4708-8668-f63ef383965d.jpeg\" \/>\n\t<meta property=\"og:image:width\" content=\"640\" \/>\n\t<meta property=\"og:image:height\" content=\"419\" \/>\n\t<meta property=\"og:image:type\" content=\"image\/jpeg\" \/>\n<meta name=\"author\" content=\"Reda\u00e7\u00e3o Sul SC\" \/>\n<meta name=\"twitter:card\" content=\"summary_large_image\" \/>\n<meta name=\"twitter:creator\" content=\"@https:\/\/twitter.com\/PortalSulSC\" \/>\n<meta name=\"twitter:label1\" content=\"Written by\" \/>\n\t<meta name=\"twitter:data1\" content=\"Reda\u00e7\u00e3o Sul SC\" \/>\n\t<meta name=\"twitter:label2\" content=\"Est. reading time\" \/>\n\t<meta name=\"twitter:data2\" content=\"2 minutes\" \/>\n<script type=\"application\/ld+json\" class=\"yoast-schema-graph\">{\"@context\":\"https:\/\/schema.org\",\"@graph\":[{\"@type\":\"WebPage\",\"@id\":\"https:\/\/sulsc.com\/index.php\/2026\/01\/27\/carmen-zanotto-oficializa-migracao-para-o-republicanos\/\",\"url\":\"https:\/\/sulsc.com\/index.php\/2026\/01\/27\/carmen-zanotto-oficializa-migracao-para-o-republicanos\/\",\"name\":\"Carmen Zanotto oficializa migra\u00e7\u00e3o para o Republicanos -\",\"isPartOf\":{\"@id\":\"https:\/\/sulsc.com\/#website\"},\"datePublished\":\"2026-01-27T22:00:46+00:00\",\"dateModified\":\"2026-01-27T22:00:46+00:00\",\"author\":{\"@id\":\"https:\/\/sulsc.com\/#\/schema\/person\/84d2fc571684f6248ba83092f07750a3\"},\"breadcrumb\":{\"@id\":\"https:\/\/sulsc.com\/index.php\/2026\/01\/27\/carmen-zanotto-oficializa-migracao-para-o-republicanos\/#breadcrumb\"},\"inLanguage\":\"en-US\",\"potentialAction\":[{\"@type\":\"ReadAction\",\"target\":[\"https:\/\/sulsc.com\/index.php\/2026\/01\/27\/carmen-zanotto-oficializa-migracao-para-o-republicanos\/\"]}]},{\"@type\":\"BreadcrumbList\",\"@id\":\"https:\/\/sulsc.com\/index.php\/2026\/01\/27\/carmen-zanotto-oficializa-migracao-para-o-republicanos\/#breadcrumb\",\"itemListElement\":[{\"@type\":\"ListItem\",\"position\":1,\"name\":\"In\u00edcio\",\"item\":\"https:\/\/sulsc.com\/\"},{\"@type\":\"ListItem\",\"position\":2,\"name\":\"Carmen Zanotto oficializa migra\u00e7\u00e3o para o Republicanos\"}]},{\"@type\":\"WebSite\",\"@id\":\"https:\/\/sulsc.com\/#website\",\"url\":\"https:\/\/sulsc.com\/\",\"name\":\"\",\"description\":\"\",\"potentialAction\":[{\"@type\":\"SearchAction\",\"target\":{\"@type\":\"EntryPoint\",\"urlTemplate\":\"https:\/\/sulsc.com\/?s={search_term_string}\"},\"query-input\":\"required name=search_term_string\"}],\"inLanguage\":\"en-US\"},{\"@type\":\"Person\",\"@id\":\"https:\/\/sulsc.com\/#\/schema\/person\/84d2fc571684f6248ba83092f07750a3\",\"name\":\"Reda\u00e7\u00e3o Sul SC\",\"image\":{\"@type\":\"ImageObject\",\"inLanguage\":\"en-US\",\"@id\":\"https:\/\/sulsc.com\/#\/schema\/person\/image\/e08d7fe2cc4ed596372063bbe852b8d0\",\"url\":\"https:\/\/sulsc.com\/wp-content\/uploads\/2023\/09\/redacao.png\",\"contentUrl\":\"https:\/\/sulsc.com\/wp-content\/uploads\/2023\/09\/redacao.png\",\"caption\":\"Reda\u00e7\u00e3o Sul SC\"},\"description\":\"Foco em um jornalismo imparcial, voltado \u00e0 qualidade dos seus conte\u00fados e, assim, levar informa\u00e7\u00e3o de valor que agregue \u00e0 vida dos leitores. Esta \u00e9 grande miss\u00e3o do Portal de Not\u00edcias Sul SC. N\u00e3o \u00e9 quantidade que muda o mundo, sempre foi e seguir\u00e1 sendo qualidade!\",\"sameAs\":[\"https:\/\/sulsc.com\/\",\"https:\/\/www.facebook.com\/profile.php?id=61559278119680\",\"https:\/\/www.instagram.com\/sulscportal\/?hl=pt-br\",\"https:\/\/twitter.com\/https:\/\/twitter.com\/PortalSulSC\",\"https:\/\/www.youtube.com\/channel\/UCv_BE8GeySluDov2n8qhVmw\"],\"url\":\"https:\/\/sulsc.com\/index.php\/author\/redacao\/\"}]}<\/script>\n<!-- \/ Yoast SEO plugin. -->","yoast_head_json":{"title":"Carmen Zanotto oficializa migra\u00e7\u00e3o para o Republicanos -","robots":{"index":"index","follow":"follow","max-snippet":"max-snippet:-1","max-image-preview":"max-image-preview:large","max-video-preview":"max-video-preview:-1"},"canonical":"https:\/\/sulsc.com\/index.php\/2026\/01\/27\/carmen-zanotto-oficializa-migracao-para-o-republicanos\/","og_locale":"en_US","og_type":"article","og_title":"Carmen Zanotto oficializa migra\u00e7\u00e3o para o Republicanos -","og_description":"A prefeita de Lages, Carmen Zanotto, deixar\u00e1 o Cidadania para se filiar ao Republicanos na pr\u00f3xima segunda-feira, dia 2 de fevereiro.\u00a0O movimento consolida a expans\u00e3o da legenda em Santa Catarina e refor\u00e7a a base de apoio ao projeto de reelei\u00e7\u00e3o do governador Jorginho Mello (PL). Com a chegada da prefeita, Lages passa a ser o &hellip; Carmen Zanotto oficializa migra\u00e7\u00e3o para o Republicanos Read More &raquo;","og_url":"https:\/\/sulsc.com\/index.php\/2026\/01\/27\/carmen-zanotto-oficializa-migracao-para-o-republicanos\/","article_author":"https:\/\/www.facebook.com\/profile.php?id=61559278119680","article_published_time":"2026-01-27T22:00:46+00:00","og_image":[{"width":640,"height":419,"url":"http:\/\/sulsc.com\/wp-content\/uploads\/2026\/01\/477f6cbc-cdcd-4708-8668-f63ef383965d.jpeg","type":"image\/jpeg"}],"author":"Reda\u00e7\u00e3o Sul SC","twitter_card":"summary_large_image","twitter_creator":"@https:\/\/twitter.com\/PortalSulSC","twitter_misc":{"Written by":"Reda\u00e7\u00e3o Sul SC","Est. reading time":"2 minutes"},"schema":{"@context":"https:\/\/schema.org","@graph":[{"@type":"WebPage","@id":"https:\/\/sulsc.com\/index.php\/2026\/01\/27\/carmen-zanotto-oficializa-migracao-para-o-republicanos\/","url":"https:\/\/sulsc.com\/index.php\/2026\/01\/27\/carmen-zanotto-oficializa-migracao-para-o-republicanos\/","name":"Carmen Zanotto oficializa migra\u00e7\u00e3o para o Republicanos -","isPartOf":{"@id":"https:\/\/sulsc.com\/#website"},"datePublished":"2026-01-27T22:00:46+00:00","dateModified":"2026-01-27T22:00:46+00:00","author":{"@id":"https:\/\/sulsc.com\/#\/schema\/person\/84d2fc571684f6248ba83092f07750a3"},"breadcrumb":{"@id":"https:\/\/sulsc.com\/index.php\/2026\/01\/27\/carmen-zanotto-oficializa-migracao-para-o-republicanos\/#breadcrumb"},"inLanguage":"en-US","potentialAction":[{"@type":"ReadAction","target":["https:\/\/sulsc.com\/index.php\/2026\/01\/27\/carmen-zanotto-oficializa-migracao-para-o-republicanos\/"]}]},{"@type":"BreadcrumbList","@id":"https:\/\/sulsc.com\/index.php\/2026\/01\/27\/carmen-zanotto-oficializa-migracao-para-o-republicanos\/#breadcrumb","itemListElement":[{"@type":"ListItem","position":1,"name":"In\u00edcio","item":"https:\/\/sulsc.com\/"},{"@type":"ListItem","position":2,"name":"Carmen Zanotto oficializa migra\u00e7\u00e3o para o Republicanos"}]},{"@type":"WebSite","@id":"https:\/\/sulsc.com\/#website","url":"https:\/\/sulsc.com\/","name":"","description":"","potentialAction":[{"@type":"SearchAction","target":{"@type":"EntryPoint","urlTemplate":"https:\/\/sulsc.com\/?s={search_term_string}"},"query-input":"required name=search_term_string"}],"inLanguage":"en-US"},{"@type":"Person","@id":"https:\/\/sulsc.com\/#\/schema\/person\/84d2fc571684f6248ba83092f07750a3","name":"Reda\u00e7\u00e3o Sul SC","image":{"@type":"ImageObject","inLanguage":"en-US","@id":"https:\/\/sulsc.com\/#\/schema\/person\/image\/e08d7fe2cc4ed596372063bbe852b8d0","url":"https:\/\/sulsc.com\/wp-content\/uploads\/2023\/09\/redacao.png","contentUrl":"https:\/\/sulsc.com\/wp-content\/uploads\/2023\/09\/redacao.png","caption":"Reda\u00e7\u00e3o Sul SC"},"description":"Foco em um jornalismo imparcial, voltado \u00e0 qualidade dos seus conte\u00fados e, assim, levar informa\u00e7\u00e3o de valor que agregue \u00e0 vida dos leitores. Esta \u00e9 grande miss\u00e3o do Portal de Not\u00edcias Sul SC. N\u00e3o \u00e9 quantidade que muda o mundo, sempre foi e seguir\u00e1 sendo qualidade!","sameAs":["https:\/\/sulsc.com\/","https:\/\/www.facebook.com\/profile.php?id=61559278119680","https:\/\/www.instagram.com\/sulscportal\/?hl=pt-br","https:\/\/twitter.com\/https:\/\/twitter.com\/PortalSulSC","https:\/\/www.youtube.com\/channel\/UCv_BE8GeySluDov2n8qhVmw"],"url":"https:\/\/sulsc.com\/index.php\/author\/redacao\/"}]}},"authors":[],"_links":{"self":[{"href":"https:\/\/sulsc.com\/index.php\/wp-json\/wp\/v2\/posts\/31841"}],"collection":[{"href":"https:\/\/sulsc.com\/index.php\/wp-json\/wp\/v2\/posts"}],"about":[{"href":"https:\/\/sulsc.com\/index.php\/wp-json\/wp\/v2\/types\/post"}],"author":[{"embeddable":true,"href":"https:\/\/sulsc.com\/index.php\/wp-json\/wp\/v2\/users\/3"}],"replies":[{"embeddable":true,"href":"https:\/\/sulsc.com\/index.php\/wp-json\/wp\/v2\/comments?post=31841"}],"version-history":[{"count":1,"href":"https:\/\/sulsc.com\/index.php\/wp-json\/wp\/v2\/posts\/31841\/revisions"}],"predecessor-version":[{"id":31844,"href":"https:\/\/sulsc.com\/index.php\/wp-json\/wp\/v2\/posts\/31841\/revisions\/31844"}],"wp:featuredmedia":[{"embeddable":true,"href":"https:\/\/sulsc.com\/index.php\/wp-json\/wp\/v2\/media\/31843"}],"wp:attachment":[{"href":"https:\/\/sulsc.com\/index.php\/wp-json\/wp\/v2\/media?parent=31841"}],"wp:term":[{"taxonomy":"category","embeddable":true,"href":"https:\/\/sulsc.com\/index.php\/wp-json\/wp\/v2\/categories?post=31841"},{"taxonomy":"post_tag","embeddable":true,"href":"https:\/\/sulsc.com\/index.php\/wp-json\/wp\/v2\/tags?post=31841"}],"curies":[{"name":"wp","href":"https:\/\/api.w.org\/{rel}","templated":true}]}}