{"id":31855,"date":"2026-01-28T07:32:26","date_gmt":"2026-01-28T10:32:26","guid":{"rendered":"https:\/\/sulsc.com\/?p=31855"},"modified":"2026-01-28T07:32:26","modified_gmt":"2026-01-28T10:32:26","slug":"homem-de-70-anos-e-preso-por-estupro-de-vulneravel-em-treze-de-maio","status":"publish","type":"post","link":"https:\/\/sulsc.com\/index.php\/2026\/01\/28\/homem-de-70-anos-e-preso-por-estupro-de-vulneravel-em-treze-de-maio\/","title":{"rendered":"Homem de 70 anos \u00e9 preso por estupro de vulner\u00e1vel em Treze de Maio"},"content":{"rendered":"<p>A Pol\u00edcia Militar na tarde de ter\u00e7a-feira (27), cumpriu um mandado de pris\u00e3o no bairro Vila Nande, em Treze de Maio. O autor, um homem de 70 anos, foi localizado em sua resid\u00eancia ap\u00f3s a pol\u00edcia receber informa\u00e7\u00f5es sobre um mandado judicial em aberto pelo crime de estupro de vulner\u00e1vel.<\/p>\n<div id=\"metaslider-id-25573\" style=\"width: 100%;\" class=\"ml-slider-3-99-0 metaslider metaslider-flex metaslider-25573 ml-slider has-onhover-arrows ms-theme-default-base has-dots-nav\" role=\"region\" aria-label=\"Meio\" data-width=\"1200\">\n    <div id=\"metaslider_container_25573\">\n        <div id=\"metaslider_25573\">\n            <ul class='slides'>\n                <li style=\"display: block; width: 100%;\" class=\"slide-25684 ms-image \" aria-roledescription=\"slide\" data-date=\"2025-07-24 07:55:40\"><img src=\"https:\/\/sulsc.com\/wp-content\/uploads\/2025\/07\/Marr-2-1000x166.jpg\" height=\"200\" width=\"1200\" alt=\"\" class=\"slider-25573 slide-25684 msDefaultImage\" title=\"Marr 2\" \/><\/li>\n                <li style=\"display: none; width: 100%;\" class=\"slide-32412 ms-image \" aria-roledescription=\"slide\" data-date=\"2026-02-18 13:59:46\"><img src=\"https:\/\/sulsc.com\/wp-content\/uploads\/2026\/02\/40dc1580-cad5-4867-bc58-c4243821ad38-1000x166.jpeg\" height=\"200\" width=\"1200\" alt=\"\" class=\"slider-25573 slide-32412 msDefaultImage\" title=\"40dc1580-cad5-4867-bc58-c4243821ad38\" \/><\/li>\n                <li style=\"display: none; width: 100%;\" class=\"slide-32766 ms-image \" aria-roledescription=\"slide\" data-date=\"2026-03-03 17:22:59\"><img src=\"https:\/\/sulsc.com\/wp-content\/uploads\/2026\/03\/271ce739-f268-41c5-8051-3de1a1750359-1000x166.jpeg\" height=\"200\" width=\"1200\" alt=\"\" class=\"slider-25573 slide-32766 msDefaultImage\" title=\"271ce739-f268-41c5-8051-3de1a1750359\" \/><\/li>\n            <\/ul>\n        <\/div>\n        \n    <\/div>\n<\/div>\n<p>A policia realizou dilig\u00eancias na localidade onde acabaram efetuando a captura do suspeito, que foi detido e encaminhado ao sistema prisional da regi\u00e3o. Ele permanecer\u00e1 \u00e0 disposi\u00e7\u00e3o da Justi\u00e7a enquanto o caso avan\u00e7a nas inst\u00e2ncias legais.<\/p>\n<p><img fetchpriority=\"high\" decoding=\"async\" class=\"aligncenter size-full wp-image-5754\" src=\"http:\/\/sulsc.com\/wp-content\/uploads\/2023\/12\/prisao.jpeg\" alt=\"\" width=\"1170\" height=\"766\" srcset=\"https:\/\/sulsc.com\/wp-content\/uploads\/2023\/12\/prisao.jpeg 1170w, https:\/\/sulsc.com\/wp-content\/uploads\/2023\/12\/prisao-300x196.jpeg 300w, https:\/\/sulsc.com\/wp-content\/uploads\/2023\/12\/prisao-1024x670.jpeg 1024w, https:\/\/sulsc.com\/wp-content\/uploads\/2023\/12\/prisao-768x503.jpeg 768w\" sizes=\"(max-width: 1170px) 100vw, 1170px\" \/><\/p>\n","protected":false},"excerpt":{"rendered":"<p>A Pol\u00edcia Militar na tarde de ter\u00e7a-feira (27), cumpriu um mandado de pris\u00e3o no bairro Vila Nande, em Treze de Maio. O autor, um homem de 70 anos, foi localizado em sua resid\u00eancia ap\u00f3s a pol\u00edcia receber informa\u00e7\u00f5es sobre um mandado judicial em aberto pelo crime de estupro de vulner\u00e1vel. A policia realizou dilig\u00eancias na &hellip;<\/p>\n<p class=\"read-more\"> <a class=\"\" href=\"https:\/\/sulsc.com\/index.php\/2026\/01\/28\/homem-de-70-anos-e-preso-por-estupro-de-vulneravel-em-treze-de-maio\/\"> <span class=\"screen-reader-text\">Homem de 70 anos \u00e9 preso por estupro de vulner\u00e1vel em Treze de Maio<\/span> Read More &raquo;<\/a><\/p>\n","protected":false},"author":3,"featured_media":5754,"comment_status":"open","ping_status":"open","sticky":false,"template":"","format":"standard","meta":{"site-sidebar-layout":"default","site-content-layout":"","ast-site-content-layout":"default","site-content-style":"default","site-sidebar-style":"default","ast-global-header-display":"","ast-banner-title-visibility":"","ast-main-header-display":"","ast-hfb-above-header-display":"","ast-hfb-below-header-display":"","ast-hfb-mobile-header-display":"","site-post-title":"","ast-breadcrumbs-content":"","ast-featured-img":"","footer-sml-layout":"","theme-transparent-header-meta":"default","adv-header-id-meta":"","stick-header-meta":"","header-above-stick-meta":"","header-main-stick-meta":"","header-below-stick-meta":"","astra-migrate-meta-layouts":"set","footnotes":""},"categories":[2231,1,2782,2764,12],"tags":[1031],"yoast_head":"<!-- This site is optimized with the Yoast SEO plugin v21.4 - https:\/\/yoast.com\/wordpress\/plugins\/seo\/ -->\n<title>Homem de 70 anos \u00e9 preso por estupro de vulner\u00e1vel em Treze de Maio -<\/title>\n<meta name=\"robots\" content=\"index, follow, max-snippet:-1, max-image-preview:large, max-video-preview:-1\" \/>\n<link rel=\"canonical\" href=\"https:\/\/sulsc.com\/index.php\/2026\/01\/28\/homem-de-70-anos-e-preso-por-estupro-de-vulneravel-em-treze-de-maio\/\" \/>\n<meta property=\"og:locale\" content=\"en_US\" \/>\n<meta property=\"og:type\" content=\"article\" \/>\n<meta property=\"og:title\" content=\"Homem de 70 anos \u00e9 preso por estupro de vulner\u00e1vel em Treze de Maio -\" \/>\n<meta property=\"og:description\" content=\"A Pol\u00edcia Militar na tarde de ter\u00e7a-feira (27), cumpriu um mandado de pris\u00e3o no bairro Vila Nande, em Treze de Maio. O autor, um homem de 70 anos, foi localizado em sua resid\u00eancia ap\u00f3s a pol\u00edcia receber informa\u00e7\u00f5es sobre um mandado judicial em aberto pelo crime de estupro de vulner\u00e1vel. A policia realizou dilig\u00eancias na &hellip; Homem de 70 anos \u00e9 preso por estupro de vulner\u00e1vel em Treze de Maio Read More &raquo;\" \/>\n<meta property=\"og:url\" content=\"https:\/\/sulsc.com\/index.php\/2026\/01\/28\/homem-de-70-anos-e-preso-por-estupro-de-vulneravel-em-treze-de-maio\/\" \/>\n<meta property=\"article:author\" content=\"https:\/\/www.facebook.com\/profile.php?id=61559278119680\" \/>\n<meta property=\"article:published_time\" content=\"2026-01-28T10:32:26+00:00\" \/>\n<meta property=\"og:image\" content=\"http:\/\/sulsc.com\/wp-content\/uploads\/2023\/12\/prisao.jpeg\" \/>\n\t<meta property=\"og:image:width\" content=\"1170\" \/>\n\t<meta property=\"og:image:height\" content=\"766\" \/>\n\t<meta property=\"og:image:type\" content=\"image\/jpeg\" \/>\n<meta name=\"author\" content=\"Reda\u00e7\u00e3o Sul SC\" \/>\n<meta name=\"twitter:card\" content=\"summary_large_image\" \/>\n<meta name=\"twitter:creator\" content=\"@https:\/\/twitter.com\/PortalSulSC\" \/>\n<meta name=\"twitter:label1\" content=\"Written by\" \/>\n\t<meta name=\"twitter:data1\" content=\"Reda\u00e7\u00e3o Sul SC\" \/>\n\t<meta name=\"twitter:label2\" content=\"Est. reading time\" \/>\n\t<meta name=\"twitter:data2\" content=\"1 minute\" \/>\n<script type=\"application\/ld+json\" class=\"yoast-schema-graph\">{\"@context\":\"https:\/\/schema.org\",\"@graph\":[{\"@type\":\"WebPage\",\"@id\":\"https:\/\/sulsc.com\/index.php\/2026\/01\/28\/homem-de-70-anos-e-preso-por-estupro-de-vulneravel-em-treze-de-maio\/\",\"url\":\"https:\/\/sulsc.com\/index.php\/2026\/01\/28\/homem-de-70-anos-e-preso-por-estupro-de-vulneravel-em-treze-de-maio\/\",\"name\":\"Homem de 70 anos \u00e9 preso por estupro de vulner\u00e1vel em Treze de Maio -\",\"isPartOf\":{\"@id\":\"https:\/\/sulsc.com\/#website\"},\"datePublished\":\"2026-01-28T10:32:26+00:00\",\"dateModified\":\"2026-01-28T10:32:26+00:00\",\"author\":{\"@id\":\"https:\/\/sulsc.com\/#\/schema\/person\/84d2fc571684f6248ba83092f07750a3\"},\"breadcrumb\":{\"@id\":\"https:\/\/sulsc.com\/index.php\/2026\/01\/28\/homem-de-70-anos-e-preso-por-estupro-de-vulneravel-em-treze-de-maio\/#breadcrumb\"},\"inLanguage\":\"en-US\",\"potentialAction\":[{\"@type\":\"ReadAction\",\"target\":[\"https:\/\/sulsc.com\/index.php\/2026\/01\/28\/homem-de-70-anos-e-preso-por-estupro-de-vulneravel-em-treze-de-maio\/\"]}]},{\"@type\":\"BreadcrumbList\",\"@id\":\"https:\/\/sulsc.com\/index.php\/2026\/01\/28\/homem-de-70-anos-e-preso-por-estupro-de-vulneravel-em-treze-de-maio\/#breadcrumb\",\"itemListElement\":[{\"@type\":\"ListItem\",\"position\":1,\"name\":\"In\u00edcio\",\"item\":\"https:\/\/sulsc.com\/\"},{\"@type\":\"ListItem\",\"position\":2,\"name\":\"Homem de 70 anos \u00e9 preso por estupro de vulner\u00e1vel em Treze de Maio\"}]},{\"@type\":\"WebSite\",\"@id\":\"https:\/\/sulsc.com\/#website\",\"url\":\"https:\/\/sulsc.com\/\",\"name\":\"\",\"description\":\"\",\"potentialAction\":[{\"@type\":\"SearchAction\",\"target\":{\"@type\":\"EntryPoint\",\"urlTemplate\":\"https:\/\/sulsc.com\/?s={search_term_string}\"},\"query-input\":\"required name=search_term_string\"}],\"inLanguage\":\"en-US\"},{\"@type\":\"Person\",\"@id\":\"https:\/\/sulsc.com\/#\/schema\/person\/84d2fc571684f6248ba83092f07750a3\",\"name\":\"Reda\u00e7\u00e3o Sul SC\",\"image\":{\"@type\":\"ImageObject\",\"inLanguage\":\"en-US\",\"@id\":\"https:\/\/sulsc.com\/#\/schema\/person\/image\/e08d7fe2cc4ed596372063bbe852b8d0\",\"url\":\"https:\/\/sulsc.com\/wp-content\/uploads\/2023\/09\/redacao.png\",\"contentUrl\":\"https:\/\/sulsc.com\/wp-content\/uploads\/2023\/09\/redacao.png\",\"caption\":\"Reda\u00e7\u00e3o Sul SC\"},\"description\":\"Foco em um jornalismo imparcial, voltado \u00e0 qualidade dos seus conte\u00fados e, assim, levar informa\u00e7\u00e3o de valor que agregue \u00e0 vida dos leitores. Esta \u00e9 grande miss\u00e3o do Portal de Not\u00edcias Sul SC. N\u00e3o \u00e9 quantidade que muda o mundo, sempre foi e seguir\u00e1 sendo qualidade!\",\"sameAs\":[\"https:\/\/sulsc.com\/\",\"https:\/\/www.facebook.com\/profile.php?id=61559278119680\",\"https:\/\/www.instagram.com\/sulscportal\/?hl=pt-br\",\"https:\/\/twitter.com\/https:\/\/twitter.com\/PortalSulSC\",\"https:\/\/www.youtube.com\/channel\/UCv_BE8GeySluDov2n8qhVmw\"],\"url\":\"https:\/\/sulsc.com\/index.php\/author\/redacao\/\"}]}<\/script>\n<!-- \/ Yoast SEO plugin. -->","yoast_head_json":{"title":"Homem de 70 anos \u00e9 preso por estupro de vulner\u00e1vel em Treze de Maio -","robots":{"index":"index","follow":"follow","max-snippet":"max-snippet:-1","max-image-preview":"max-image-preview:large","max-video-preview":"max-video-preview:-1"},"canonical":"https:\/\/sulsc.com\/index.php\/2026\/01\/28\/homem-de-70-anos-e-preso-por-estupro-de-vulneravel-em-treze-de-maio\/","og_locale":"en_US","og_type":"article","og_title":"Homem de 70 anos \u00e9 preso por estupro de vulner\u00e1vel em Treze de Maio -","og_description":"A Pol\u00edcia Militar na tarde de ter\u00e7a-feira (27), cumpriu um mandado de pris\u00e3o no bairro Vila Nande, em Treze de Maio. O autor, um homem de 70 anos, foi localizado em sua resid\u00eancia ap\u00f3s a pol\u00edcia receber informa\u00e7\u00f5es sobre um mandado judicial em aberto pelo crime de estupro de vulner\u00e1vel. A policia realizou dilig\u00eancias na &hellip; Homem de 70 anos \u00e9 preso por estupro de vulner\u00e1vel em Treze de Maio Read More &raquo;","og_url":"https:\/\/sulsc.com\/index.php\/2026\/01\/28\/homem-de-70-anos-e-preso-por-estupro-de-vulneravel-em-treze-de-maio\/","article_author":"https:\/\/www.facebook.com\/profile.php?id=61559278119680","article_published_time":"2026-01-28T10:32:26+00:00","og_image":[{"width":1170,"height":766,"url":"http:\/\/sulsc.com\/wp-content\/uploads\/2023\/12\/prisao.jpeg","type":"image\/jpeg"}],"author":"Reda\u00e7\u00e3o Sul SC","twitter_card":"summary_large_image","twitter_creator":"@https:\/\/twitter.com\/PortalSulSC","twitter_misc":{"Written by":"Reda\u00e7\u00e3o Sul SC","Est. reading time":"1 minute"},"schema":{"@context":"https:\/\/schema.org","@graph":[{"@type":"WebPage","@id":"https:\/\/sulsc.com\/index.php\/2026\/01\/28\/homem-de-70-anos-e-preso-por-estupro-de-vulneravel-em-treze-de-maio\/","url":"https:\/\/sulsc.com\/index.php\/2026\/01\/28\/homem-de-70-anos-e-preso-por-estupro-de-vulneravel-em-treze-de-maio\/","name":"Homem de 70 anos \u00e9 preso por estupro de vulner\u00e1vel em Treze de Maio -","isPartOf":{"@id":"https:\/\/sulsc.com\/#website"},"datePublished":"2026-01-28T10:32:26+00:00","dateModified":"2026-01-28T10:32:26+00:00","author":{"@id":"https:\/\/sulsc.com\/#\/schema\/person\/84d2fc571684f6248ba83092f07750a3"},"breadcrumb":{"@id":"https:\/\/sulsc.com\/index.php\/2026\/01\/28\/homem-de-70-anos-e-preso-por-estupro-de-vulneravel-em-treze-de-maio\/#breadcrumb"},"inLanguage":"en-US","potentialAction":[{"@type":"ReadAction","target":["https:\/\/sulsc.com\/index.php\/2026\/01\/28\/homem-de-70-anos-e-preso-por-estupro-de-vulneravel-em-treze-de-maio\/"]}]},{"@type":"BreadcrumbList","@id":"https:\/\/sulsc.com\/index.php\/2026\/01\/28\/homem-de-70-anos-e-preso-por-estupro-de-vulneravel-em-treze-de-maio\/#breadcrumb","itemListElement":[{"@type":"ListItem","position":1,"name":"In\u00edcio","item":"https:\/\/sulsc.com\/"},{"@type":"ListItem","position":2,"name":"Homem de 70 anos \u00e9 preso por estupro de vulner\u00e1vel em Treze de Maio"}]},{"@type":"WebSite","@id":"https:\/\/sulsc.com\/#website","url":"https:\/\/sulsc.com\/","name":"","description":"","potentialAction":[{"@type":"SearchAction","target":{"@type":"EntryPoint","urlTemplate":"https:\/\/sulsc.com\/?s={search_term_string}"},"query-input":"required name=search_term_string"}],"inLanguage":"en-US"},{"@type":"Person","@id":"https:\/\/sulsc.com\/#\/schema\/person\/84d2fc571684f6248ba83092f07750a3","name":"Reda\u00e7\u00e3o Sul SC","image":{"@type":"ImageObject","inLanguage":"en-US","@id":"https:\/\/sulsc.com\/#\/schema\/person\/image\/e08d7fe2cc4ed596372063bbe852b8d0","url":"https:\/\/sulsc.com\/wp-content\/uploads\/2023\/09\/redacao.png","contentUrl":"https:\/\/sulsc.com\/wp-content\/uploads\/2023\/09\/redacao.png","caption":"Reda\u00e7\u00e3o Sul SC"},"description":"Foco em um jornalismo imparcial, voltado \u00e0 qualidade dos seus conte\u00fados e, assim, levar informa\u00e7\u00e3o de valor que agregue \u00e0 vida dos leitores. Esta \u00e9 grande miss\u00e3o do Portal de Not\u00edcias Sul SC. N\u00e3o \u00e9 quantidade que muda o mundo, sempre foi e seguir\u00e1 sendo qualidade!","sameAs":["https:\/\/sulsc.com\/","https:\/\/www.facebook.com\/profile.php?id=61559278119680","https:\/\/www.instagram.com\/sulscportal\/?hl=pt-br","https:\/\/twitter.com\/https:\/\/twitter.com\/PortalSulSC","https:\/\/www.youtube.com\/channel\/UCv_BE8GeySluDov2n8qhVmw"],"url":"https:\/\/sulsc.com\/index.php\/author\/redacao\/"}]}},"authors":[],"_links":{"self":[{"href":"https:\/\/sulsc.com\/index.php\/wp-json\/wp\/v2\/posts\/31855"}],"collection":[{"href":"https:\/\/sulsc.com\/index.php\/wp-json\/wp\/v2\/posts"}],"about":[{"href":"https:\/\/sulsc.com\/index.php\/wp-json\/wp\/v2\/types\/post"}],"author":[{"embeddable":true,"href":"https:\/\/sulsc.com\/index.php\/wp-json\/wp\/v2\/users\/3"}],"replies":[{"embeddable":true,"href":"https:\/\/sulsc.com\/index.php\/wp-json\/wp\/v2\/comments?post=31855"}],"version-history":[{"count":1,"href":"https:\/\/sulsc.com\/index.php\/wp-json\/wp\/v2\/posts\/31855\/revisions"}],"predecessor-version":[{"id":31856,"href":"https:\/\/sulsc.com\/index.php\/wp-json\/wp\/v2\/posts\/31855\/revisions\/31856"}],"wp:featuredmedia":[{"embeddable":true,"href":"https:\/\/sulsc.com\/index.php\/wp-json\/wp\/v2\/media\/5754"}],"wp:attachment":[{"href":"https:\/\/sulsc.com\/index.php\/wp-json\/wp\/v2\/media?parent=31855"}],"wp:term":[{"taxonomy":"category","embeddable":true,"href":"https:\/\/sulsc.com\/index.php\/wp-json\/wp\/v2\/categories?post=31855"},{"taxonomy":"post_tag","embeddable":true,"href":"https:\/\/sulsc.com\/index.php\/wp-json\/wp\/v2\/tags?post=31855"}],"curies":[{"name":"wp","href":"https:\/\/api.w.org\/{rel}","templated":true}]}}