{"id":31860,"date":"2026-01-28T08:38:27","date_gmt":"2026-01-28T11:38:27","guid":{"rendered":"https:\/\/sulsc.com\/?p=31860"},"modified":"2026-01-28T08:40:05","modified_gmt":"2026-01-28T11:40:05","slug":"vacinacao-contra-a-dengue-para-publico-de-10-a-14-anos-e-iniciada-em-tubarao","status":"publish","type":"post","link":"https:\/\/sulsc.com\/index.php\/2026\/01\/28\/vacinacao-contra-a-dengue-para-publico-de-10-a-14-anos-e-iniciada-em-tubarao\/","title":{"rendered":"Vacina\u00e7\u00e3o contra a Dengue para p\u00fablico de 10 a 14 anos \u00e9 iniciada em Tubar\u00e3o"},"content":{"rendered":"<p><span dir=\"auto\" style=\"vertical-align: inherit;\"><span dir=\"auto\" style=\"vertical-align: inherit;\">O munic\u00edpio de Tubar\u00e3o recebeu nesta segunda-feira (26), lote de vacinas contra a Dengue e j\u00e1 iniciou a imuniza\u00e7\u00e3o do p\u00fablico-alvo nesta ter\u00e7a-feira (27). Ao todo, foram designadas 1.020 doses para a cidade, seguindo a estrat\u00e9gia de amplia\u00e7\u00e3o do Minist\u00e9rio da Sa\u00fade para todos os munic\u00edpios brasileiros.<\/span><\/span><\/p>\n<p><span dir=\"auto\" style=\"vertical-align: inherit;\"><span dir=\"auto\" style=\"vertical-align: inherit;\">Conforme as diretrizes federais, a vacina\u00e7\u00e3o de rotina \u00e9 exclusiva para a faixa et\u00e1ria de 10 a 14 anos. O esquema vacinal completo \u00e9 composto por duas doses (D1 e D2), com um intervalo de tr\u00eas meses entre as aplica\u00e7\u00f5es. Um ponto importante para os pais e respons\u00e1veis \u200b\u200b\u00e9 que a vacina contra a dengue pode ser administrada simultaneamente com outras vacinas do Calend\u00e1rio Nacional de Vacina\u00e7\u00e3o.<\/span><\/span><\/p>\n<div id=\"metaslider-id-25573\" style=\"width: 100%;\" class=\"ml-slider-3-99-0 metaslider metaslider-flex metaslider-25573 ml-slider has-onhover-arrows ms-theme-default-base has-dots-nav\" role=\"region\" aria-label=\"Meio\" data-width=\"1200\">\n    <div id=\"metaslider_container_25573\">\n        <div id=\"metaslider_25573\">\n            <ul class='slides'>\n                <li style=\"display: block; width: 100%;\" class=\"slide-25684 ms-image \" aria-roledescription=\"slide\" data-date=\"2025-07-24 07:55:40\"><img src=\"https:\/\/sulsc.com\/wp-content\/uploads\/2025\/07\/Marr-2-1000x166.jpg\" height=\"200\" width=\"1200\" alt=\"\" class=\"slider-25573 slide-25684 msDefaultImage\" title=\"Marr 2\" \/><\/li>\n                <li style=\"display: none; width: 100%;\" class=\"slide-32412 ms-image \" aria-roledescription=\"slide\" data-date=\"2026-02-18 13:59:46\"><img src=\"https:\/\/sulsc.com\/wp-content\/uploads\/2026\/02\/40dc1580-cad5-4867-bc58-c4243821ad38-1000x166.jpeg\" height=\"200\" width=\"1200\" alt=\"\" class=\"slider-25573 slide-32412 msDefaultImage\" title=\"40dc1580-cad5-4867-bc58-c4243821ad38\" \/><\/li>\n                <li style=\"display: none; width: 100%;\" class=\"slide-32766 ms-image \" aria-roledescription=\"slide\" data-date=\"2026-03-03 17:22:59\"><img src=\"https:\/\/sulsc.com\/wp-content\/uploads\/2026\/03\/271ce739-f268-41c5-8051-3de1a1750359-1000x166.jpeg\" height=\"200\" width=\"1200\" alt=\"\" class=\"slider-25573 slide-32766 msDefaultImage\" title=\"271ce739-f268-41c5-8051-3de1a1750359\" \/><\/li>\n            <\/ul>\n        <\/div>\n        \n    <\/div>\n<\/div>\n<p><strong><span dir=\"auto\" style=\"vertical-align: inherit;\"><span dir=\"auto\" style=\"vertical-align: inherit;\">A Secret\u00e1ria de Sa\u00fade de Tubar\u00e3o, Carina Port\u00e3o<\/span><\/span><\/strong><span dir=\"auto\" style=\"vertical-align: inherit;\"><span dir=\"auto\" style=\"vertical-align: inherit;\"> , explica que, embora o perfil epidemiol\u00f3gico local apresente maior incid\u00eancia em outras faixas et\u00e1rias, a ades\u00e3o dos jovens \u00e9 fundamental para o controle da doen\u00e7a. <\/span><\/span><strong><span dir=\"auto\" style=\"vertical-align: inherit;\"><span dir=\"auto\" style=\"vertical-align: inherit;\">\u201c<\/span><\/span><\/strong><span dir=\"auto\" style=\"vertical-align: inherit;\"><span dir=\"auto\" style=\"vertical-align: inherit;\"> Recebemos as vacinas na segunda-feira e fizemos a distribui\u00e7\u00e3o imediata para que, desde esta ter\u00e7a, elas j\u00e1 estejam dispon\u00edveis nas salas de vacina. O Minist\u00e9rio da Sa\u00fade defini o p\u00fablico de 10 a 14 anos com base em um levantamento federal de maior cont\u00e1gio. Apesar de em nossa regi\u00e3o o p\u00fablico mais afetado ser o de 30 a 45 anos, precisamos seguir as normativas federais <\/span><\/span><strong><span dir=\"auto\" style=\"vertical-align: inherit;\"><span dir=\"auto\" style=\"vertical-align: inherit;\">\u201d, afirma Carina.<\/span><\/span><\/strong><\/p>\n<p><span dir=\"auto\" style=\"vertical-align: inherit;\"><span dir=\"auto\" style=\"vertical-align: inherit;\">A ajuda refor\u00e7a o conceito de prote\u00e7\u00e3o coletiva: <\/span><\/span><strong><span dir=\"auto\" style=\"vertical-align: inherit;\"><span dir=\"auto\" style=\"vertical-align: inherit;\">&#8220;<\/span><\/span><\/strong><span dir=\"auto\" style=\"vertical-align: inherit;\"><span dir=\"auto\" style=\"vertical-align: inherit;\"> Solicitamos que esses jovens se vacinem, pois assim promovemos a imuniza\u00e7\u00e3o de rebanhos, impedindo a circula\u00e7\u00e3o do v\u00edrus na cidade. \u00c9 um passo importante, especialmente porque, embora tenhamos focos do mosquito, Tubar\u00e3o ainda n\u00e3o registrou casos positivos este ano. <\/span><\/span><strong><span dir=\"auto\" style=\"vertical-align: inherit;\"><span dir=\"auto\" style=\"vertical-align: inherit;\">&#8220;<\/span><\/span><\/strong><\/p>\n<p><img fetchpriority=\"high\" decoding=\"async\" class=\"size-full wp-image-31861\" src=\"http:\/\/sulsc.com\/wp-content\/uploads\/2026\/01\/coronavirus-vaccination-vaccinated-arab-woman-pointing-arm-with-plaster-bandage-scaled.jpg\" alt=\"\" width=\"2560\" height=\"1707\" srcset=\"https:\/\/sulsc.com\/wp-content\/uploads\/2026\/01\/coronavirus-vaccination-vaccinated-arab-woman-pointing-arm-with-plaster-bandage-scaled.jpg 2560w, https:\/\/sulsc.com\/wp-content\/uploads\/2026\/01\/coronavirus-vaccination-vaccinated-arab-woman-pointing-arm-with-plaster-bandage-300x200.jpg 300w, https:\/\/sulsc.com\/wp-content\/uploads\/2026\/01\/coronavirus-vaccination-vaccinated-arab-woman-pointing-arm-with-plaster-bandage-1024x683.jpg 1024w, https:\/\/sulsc.com\/wp-content\/uploads\/2026\/01\/coronavirus-vaccination-vaccinated-arab-woman-pointing-arm-with-plaster-bandage-768x512.jpg 768w, https:\/\/sulsc.com\/wp-content\/uploads\/2026\/01\/coronavirus-vaccination-vaccinated-arab-woman-pointing-arm-with-plaster-bandage-1536x1024.jpg 1536w, https:\/\/sulsc.com\/wp-content\/uploads\/2026\/01\/coronavirus-vaccination-vaccinated-arab-woman-pointing-arm-with-plaster-bandage-2048x1365.jpg 2048w\" sizes=\"(max-width: 2560px) 100vw, 2560px\" \/><\/p>\n<p><span dir=\"auto\" style=\"vertical-align: inherit;\"><span dir=\"auto\" style=\"vertical-align: inherit;\">Divulga\u00e7\u00e3o\/SulSC<\/span><\/span><\/p>\n<p><strong><span dir=\"auto\" style=\"vertical-align: inherit;\"><span dir=\"auto\" style=\"vertical-align: inherit;\">Onde se vacinar <\/span><\/span><\/strong><br \/>\n<strong><span dir=\"auto\" style=\"vertical-align: inherit;\"><span dir=\"auto\" style=\"vertical-align: inherit;\">neste m\u00eas de janeiro<\/span><\/span><\/strong><span dir=\"auto\" style=\"vertical-align: inherit;\"><span dir=\"auto\" style=\"vertical-align: inherit;\"> , as doses est\u00e3o dispon\u00edveis nos seguintes postos que possuem sala de vacina aberta.<\/span><\/span><\/p>\n<p><strong><span dir=\"auto\" style=\"vertical-align: inherit;\"><span dir=\"auto\" style=\"vertical-align: inherit;\">Confira os locais:<\/span><\/span><\/strong><\/p>\n<p><strong><span dir=\"auto\" style=\"vertical-align: inherit;\"><span dir=\"auto\" style=\"vertical-align: inherit;\">Policl\u00ednica: 07h30 \u00e0s 19h00 (distribui\u00e7\u00e3o de senhas at\u00e9 18h30)<\/span><\/span><\/strong><\/p>\n<p><span dir=\"auto\" style=\"vertical-align: inherit;\"><span dir=\"auto\" style=\"vertical-align: inherit;\">Bom Pastor: 07h30 \u00e0s 11h30 \u2013 13h00 \u00e0s 15h30 <\/span><\/span><br \/>\n<span dir=\"auto\" style=\"vertical-align: inherit;\"><span dir=\"auto\" style=\"vertical-align: inherit;\">Congonhas: 08h00 \u00e0s 11h30 \u2013 13h00 \u00e0s 15h30 <\/span><\/span><br \/>\n<span dir=\"auto\" style=\"vertical-align: inherit;\"><span dir=\"auto\" style=\"vertical-align: inherit;\">Dehon: 07h30 \u00e0s 11h30 \u2013 13h00 \u00e0s 15h30 <\/span><\/span><br \/>\n<span dir=\"auto\" style=\"vertical-align: inherit;\"><span dir=\"auto\" style=\"vertical-align: inherit;\">F\u00e1bio Silva: 07h30 \u00e0s 11h30 \u2013 13h00 15h30 <\/span><\/span><br \/>\n<span dir=\"auto\" style=\"vertical-align: inherit;\"><span dir=\"auto\" style=\"vertical-align: inherit;\">Humait\u00e1: 07h30 \u00e0s 11h30 \u2013 13h00 \u00e0s 15h30 <\/span><\/span><br \/>\n<span dir=\"auto\" style=\"vertical-align: inherit;\"><span dir=\"auto\" style=\"vertical-align: inherit;\">Mato Alto: 07h30 \u00e0s 11h30 \u2013 13h00 \u00e0s 15h30 <\/span><\/span><br \/>\n<span dir=\"auto\" style=\"vertical-align: inherit;\"><span dir=\"auto\" style=\"vertical-align: inherit;\">Revoredo: 07h30 \u00e0s 11h30 \u2013 13h00 \u00e0s 15h30 <\/span><\/span><br \/>\n<span dir=\"auto\" style=\"vertical-align: inherit;\"><span dir=\"auto\" style=\"vertical-align: inherit;\">S\u00e3o Crist\u00f3v\u00e3o: 07h30 \u00e0s 11h30 \u2013 13h00 15h30 <\/span><\/span><br \/>\n<span dir=\"auto\" style=\"vertical-align: inherit;\"><span dir=\"auto\" style=\"vertical-align: inherit;\">S\u00e3o Martinho I: 07h30 \u00e0s 11h30 \u2013 13h00 \u00e0s 15h30 <\/span><\/span><br \/>\n<span dir=\"auto\" style=\"vertical-align: inherit;\"><span dir=\"auto\" style=\"vertical-align: inherit;\">S\u00e3o Martinho II: 07h30 \u00e0s 11h30 \u2013 13h00 \u00e0s 15h30 <\/span><\/span><br \/>\n<span dir=\"auto\" style=\"vertical-align: inherit;\"><span dir=\"auto\" style=\"vertical-align: inherit;\">Sert\u00e3o dos Corr\u00eaa: 07h30 \u00e0s 11h30 \u2013 13h00 \u00e0s 15h30 <\/span><\/span><br \/>\n<span dir=\"auto\" style=\"vertical-align: inherit;\"><span dir=\"auto\" style=\"vertical-align: inherit;\">S\u00e3o Jo\u00e3o: 07h30 \u00e0s 11h30 \u2013 13h00 \u00e0s 15h30 <\/span><\/span><br \/>\n<span dir=\"auto\" style=\"vertical-align: inherit;\"><span dir=\"auto\" style=\"vertical-align: inherit;\">S\u00e3o Luiz: 07h30 \u00e0s 11h30 \u2013 13h00 \u00e0s 15h30 <\/span><\/span><br \/>\n<span dir=\"auto\" style=\"vertical-align: inherit;\"><span dir=\"auto\" style=\"vertical-align: inherit;\">Vila Esperan\u00e7a: 08h00 \u00e0s 11h00 \u2013 13h00 \u00e0s 15h00 <\/span><\/span><br \/>\n<span dir=\"auto\" style=\"vertical-align: inherit;\"><span dir=\"auto\" style=\"vertical-align: inherit;\">Guarda: 07h30 \u00e0s 11h30 \u2013 13h00 \u00e0s 15h30 <\/span><\/span><br \/>\n<strong><span dir=\"auto\" style=\"vertical-align: inherit;\"><span dir=\"auto\" style=\"vertical-align: inherit;\">Em fevereiro, ser\u00e1 poss\u00edvel fazer a vacina nos seguintes posts:<\/span><\/span><\/strong><\/p>\n<p><strong><span dir=\"auto\" style=\"vertical-align: inherit;\"><span dir=\"auto\" style=\"vertical-align: inherit;\">Policl\u00ednica: 07h30 \u00e0s 19h00 (distribui\u00e7\u00e3o de senhas at\u00e9 18h30)<\/span><\/span><\/strong><\/p>\n<p><span dir=\"auto\" style=\"vertical-align: inherit;\"><span dir=\"auto\" style=\"vertical-align: inherit;\">Bom Pastor: 07h30 \u00e0s 11h30 \u2013 13h00 \u00e0s 15h30 <\/span><\/span><br \/>\n<span dir=\"auto\" style=\"vertical-align: inherit;\"><span dir=\"auto\" style=\"vertical-align: inherit;\">Congonhas: 08h00 \u00e0s 11h30 \u2013 13h00 \u00e0s 15h30 <\/span><\/span><br \/>\n<span dir=\"auto\" style=\"vertical-align: inherit;\"><span dir=\"auto\" style=\"vertical-align: inherit;\">F\u00e1bio Silva: 07h30 \u00e0s 11h30 \u2013 13h00 \u00e0s 15h30 <\/span><\/span><br \/>\n<span dir=\"auto\" style=\"vertical-align: inherit;\"><span dir=\"auto\" style=\"vertical-align: inherit;\">Humait\u00e1: 07h30 \u00e0s 11h30 \u2013 13h00 \u00e0s 15h30 <\/span><\/span><br \/>\n<span dir=\"auto\" style=\"vertical-align: inherit;\"><span dir=\"auto\" style=\"vertical-align: inherit;\">Km 60: 07h30 \u00e0s 12h00 <\/span><\/span><br \/>\n<span dir=\"auto\" style=\"vertical-align: inherit;\"><span dir=\"auto\" style=\"vertical-align: inherit;\">Mato Alto: 07h30 \u00e0s 11h30 \u2013 13h00 \u00e0s 15h30 <\/span><\/span><br \/>\n<span dir=\"auto\" style=\"vertical-align: inherit;\"><span dir=\"auto\" style=\"vertical-align: inherit;\">Morro da Caixa: 07h30 \u00e0s 11h30 \u2013 13h00 \u00e0s 15h30 <\/span><\/span><br \/>\n<span dir=\"auto\" style=\"vertical-align: inherit;\"><span dir=\"auto\" style=\"vertical-align: inherit;\">Monte Castelo: 07h30 \u00e0s 11h30 \u2013 13h00 \u00e0s 15h30 <\/span><\/span><br \/>\n<span dir=\"auto\" style=\"vertical-align: inherit;\"><span dir=\"auto\" style=\"vertical-align: inherit;\">Oficinas II: 07h30 \u00e0s 11h30 \u2013 13h00 \u00e0s 15h30 <\/span><\/span><br \/>\n<span dir=\"auto\" style=\"vertical-align: inherit;\"><span dir=\"auto\" style=\"vertical-align: inherit;\">Santo Ant\u00f4nio de P\u00e1dua: 07h30 \u00e0s 11h30 \u2013 13h00 \u00e0s 15h30 <\/span><\/span><br \/>\n<span dir=\"auto\" style=\"vertical-align: inherit;\"><span dir=\"auto\" style=\"vertical-align: inherit;\">S\u00e3o Crist\u00f3v\u00e3o: 07h30 \u00e0s 11h30 \u2013 13h00 \u00e0s 15h30 <\/span><\/span><br \/>\n<span dir=\"auto\" style=\"vertical-align: inherit;\"><span dir=\"auto\" style=\"vertical-align: inherit;\">S\u00e3o Martinho I: 07h30 \u00e0s 11h30 \u2013 13h00 15h30 <\/span><\/span><br \/>\n<span dir=\"auto\" style=\"vertical-align: inherit;\"><span dir=\"auto\" style=\"vertical-align: inherit;\">S\u00e3o Martinho II: 07h30 \u00e0s 11h30 \u2013 13h00 \u00e0s 15h30 <\/span><\/span><br \/>\n<span dir=\"auto\" style=\"vertical-align: inherit;\"><span dir=\"auto\" style=\"vertical-align: inherit;\">S\u00e3o Jo\u00e3o: 07h30 \u00e0s 11h30 \u2013 13h00 \u00e0s 15h30 <\/span><\/span><br \/>\n<span dir=\"auto\" style=\"vertical-align: inherit;\"><span dir=\"auto\" style=\"vertical-align: inherit;\">S\u00e3o Luiz: 07h30 \u00e0s 11h30 \u2013 13h00 \u00e0s 15h30 <\/span><\/span><br \/>\n<span dir=\"auto\" style=\"vertical-align: inherit;\"><span dir=\"auto\" style=\"vertical-align: inherit;\">Guarda: 07h30 \u00e0s 11h30 \u2013 13h00 \u00e0s 15h30 <\/span><\/span><br \/>\n<span dir=\"auto\" style=\"vertical-align: inherit;\"><span dir=\"auto\" style=\"vertical-align: inherit;\">Vila Esperan\u00e7a: 08h00 \u00e0s 11h00 \u2013 13h00 \u00e0s 15h00 <\/span><\/span><br \/>\n<span dir=\"auto\" style=\"vertical-align: inherit;\"><span dir=\"auto\" style=\"vertical-align: inherit;\">Passagem: 08h00 \u00e0s 11h30<\/span><\/span><\/p>\n<p><strong>Charges SulSC !<\/strong><\/p>\n<p><img decoding=\"async\" class=\"size-full wp-image-10818\" src=\"http:\/\/sulsc.com\/wp-content\/uploads\/2024\/04\/WhatsApp-Image-2024-04-04-at-14.54.15-e1756412727996.jpeg\" alt=\"\" width=\"1570\" height=\"1024\" srcset=\"https:\/\/sulsc.com\/wp-content\/uploads\/2024\/04\/WhatsApp-Image-2024-04-04-at-14.54.15-e1756412727996.jpeg 1570w, https:\/\/sulsc.com\/wp-content\/uploads\/2024\/04\/WhatsApp-Image-2024-04-04-at-14.54.15-e1756412727996-300x196.jpeg 300w, https:\/\/sulsc.com\/wp-content\/uploads\/2024\/04\/WhatsApp-Image-2024-04-04-at-14.54.15-e1756412727996-1024x668.jpeg 1024w, https:\/\/sulsc.com\/wp-content\/uploads\/2024\/04\/WhatsApp-Image-2024-04-04-at-14.54.15-e1756412727996-768x501.jpeg 768w, https:\/\/sulsc.com\/wp-content\/uploads\/2024\/04\/WhatsApp-Image-2024-04-04-at-14.54.15-e1756412727996-1536x1002.jpeg 1536w\" sizes=\"(max-width: 1570px) 100vw, 1570px\" \/><\/p>\n<p>&nbsp;<\/p>\n","protected":false},"excerpt":{"rendered":"<p>O munic\u00edpio de Tubar\u00e3o recebeu nesta segunda-feira (26), lote de vacinas contra a Dengue e j\u00e1 iniciou a imuniza\u00e7\u00e3o do p\u00fablico-alvo nesta ter\u00e7a-feira (27). Ao todo, foram designadas 1.020 doses para a cidade, seguindo a estrat\u00e9gia de amplia\u00e7\u00e3o do Minist\u00e9rio da Sa\u00fade para todos os munic\u00edpios brasileiros. Conforme as diretrizes federais, a vacina\u00e7\u00e3o de rotina &hellip;<\/p>\n<p class=\"read-more\"> <a class=\"\" href=\"https:\/\/sulsc.com\/index.php\/2026\/01\/28\/vacinacao-contra-a-dengue-para-publico-de-10-a-14-anos-e-iniciada-em-tubarao\/\"> <span class=\"screen-reader-text\">Vacina\u00e7\u00e3o contra a Dengue para p\u00fablico de 10 a 14 anos \u00e9 iniciada em Tubar\u00e3o<\/span> Read More &raquo;<\/a><\/p>\n","protected":false},"author":3,"featured_media":31862,"comment_status":"open","ping_status":"open","sticky":false,"template":"","format":"standard","meta":{"site-sidebar-layout":"default","site-content-layout":"","ast-site-content-layout":"default","site-content-style":"default","site-sidebar-style":"default","ast-global-header-display":"","ast-banner-title-visibility":"","ast-main-header-display":"","ast-hfb-above-header-display":"","ast-hfb-below-header-display":"","ast-hfb-mobile-header-display":"","site-post-title":"","ast-breadcrumbs-content":"","ast-featured-img":"","footer-sml-layout":"","theme-transparent-header-meta":"default","adv-header-id-meta":"","stick-header-meta":"","header-above-stick-meta":"","header-main-stick-meta":"","header-below-stick-meta":"","astra-migrate-meta-layouts":"set","footnotes":""},"categories":[2231,1,2281,14,21,12],"tags":[2109],"yoast_head":"<!-- This site is optimized with the Yoast SEO plugin v21.4 - https:\/\/yoast.com\/wordpress\/plugins\/seo\/ -->\n<title>Vacina\u00e7\u00e3o contra a Dengue para p\u00fablico de 10 a 14 anos \u00e9 iniciada em Tubar\u00e3o -<\/title>\n<meta name=\"robots\" content=\"index, follow, max-snippet:-1, max-image-preview:large, max-video-preview:-1\" \/>\n<link rel=\"canonical\" href=\"https:\/\/sulsc.com\/index.php\/2026\/01\/28\/vacinacao-contra-a-dengue-para-publico-de-10-a-14-anos-e-iniciada-em-tubarao\/\" \/>\n<meta property=\"og:locale\" content=\"en_US\" \/>\n<meta property=\"og:type\" content=\"article\" \/>\n<meta property=\"og:title\" content=\"Vacina\u00e7\u00e3o contra a Dengue para p\u00fablico de 10 a 14 anos \u00e9 iniciada em Tubar\u00e3o -\" \/>\n<meta property=\"og:description\" content=\"O munic\u00edpio de Tubar\u00e3o recebeu nesta segunda-feira (26), lote de vacinas contra a Dengue e j\u00e1 iniciou a imuniza\u00e7\u00e3o do p\u00fablico-alvo nesta ter\u00e7a-feira (27). Ao todo, foram designadas 1.020 doses para a cidade, seguindo a estrat\u00e9gia de amplia\u00e7\u00e3o do Minist\u00e9rio da Sa\u00fade para todos os munic\u00edpios brasileiros. Conforme as diretrizes federais, a vacina\u00e7\u00e3o de rotina &hellip; Vacina\u00e7\u00e3o contra a Dengue para p\u00fablico de 10 a 14 anos \u00e9 iniciada em Tubar\u00e3o Read More &raquo;\" \/>\n<meta property=\"og:url\" content=\"https:\/\/sulsc.com\/index.php\/2026\/01\/28\/vacinacao-contra-a-dengue-para-publico-de-10-a-14-anos-e-iniciada-em-tubarao\/\" \/>\n<meta property=\"article:author\" content=\"https:\/\/www.facebook.com\/profile.php?id=61559278119680\" \/>\n<meta property=\"article:published_time\" content=\"2026-01-28T11:38:27+00:00\" \/>\n<meta property=\"article:modified_time\" content=\"2026-01-28T11:40:05+00:00\" \/>\n<meta property=\"og:image\" content=\"http:\/\/sulsc.com\/wp-content\/uploads\/2026\/01\/african-brave-boy-getting-vaccination-shoulder-from-nurse-procedure-hospital-with-other-scaled.jpg\" \/>\n\t<meta property=\"og:image:width\" content=\"2560\" \/>\n\t<meta property=\"og:image:height\" content=\"1709\" \/>\n\t<meta property=\"og:image:type\" content=\"image\/jpeg\" \/>\n<meta name=\"author\" content=\"Reda\u00e7\u00e3o Sul SC\" \/>\n<meta name=\"twitter:card\" content=\"summary_large_image\" \/>\n<meta name=\"twitter:creator\" content=\"@https:\/\/twitter.com\/PortalSulSC\" \/>\n<meta name=\"twitter:label1\" content=\"Written by\" \/>\n\t<meta name=\"twitter:data1\" content=\"Reda\u00e7\u00e3o Sul SC\" \/>\n\t<meta name=\"twitter:label2\" content=\"Est. reading time\" \/>\n\t<meta name=\"twitter:data2\" content=\"3 minutes\" \/>\n<script type=\"application\/ld+json\" class=\"yoast-schema-graph\">{\"@context\":\"https:\/\/schema.org\",\"@graph\":[{\"@type\":\"WebPage\",\"@id\":\"https:\/\/sulsc.com\/index.php\/2026\/01\/28\/vacinacao-contra-a-dengue-para-publico-de-10-a-14-anos-e-iniciada-em-tubarao\/\",\"url\":\"https:\/\/sulsc.com\/index.php\/2026\/01\/28\/vacinacao-contra-a-dengue-para-publico-de-10-a-14-anos-e-iniciada-em-tubarao\/\",\"name\":\"Vacina\u00e7\u00e3o contra a Dengue para p\u00fablico de 10 a 14 anos \u00e9 iniciada em Tubar\u00e3o -\",\"isPartOf\":{\"@id\":\"https:\/\/sulsc.com\/#website\"},\"datePublished\":\"2026-01-28T11:38:27+00:00\",\"dateModified\":\"2026-01-28T11:40:05+00:00\",\"author\":{\"@id\":\"https:\/\/sulsc.com\/#\/schema\/person\/84d2fc571684f6248ba83092f07750a3\"},\"breadcrumb\":{\"@id\":\"https:\/\/sulsc.com\/index.php\/2026\/01\/28\/vacinacao-contra-a-dengue-para-publico-de-10-a-14-anos-e-iniciada-em-tubarao\/#breadcrumb\"},\"inLanguage\":\"en-US\",\"potentialAction\":[{\"@type\":\"ReadAction\",\"target\":[\"https:\/\/sulsc.com\/index.php\/2026\/01\/28\/vacinacao-contra-a-dengue-para-publico-de-10-a-14-anos-e-iniciada-em-tubarao\/\"]}]},{\"@type\":\"BreadcrumbList\",\"@id\":\"https:\/\/sulsc.com\/index.php\/2026\/01\/28\/vacinacao-contra-a-dengue-para-publico-de-10-a-14-anos-e-iniciada-em-tubarao\/#breadcrumb\",\"itemListElement\":[{\"@type\":\"ListItem\",\"position\":1,\"name\":\"In\u00edcio\",\"item\":\"https:\/\/sulsc.com\/\"},{\"@type\":\"ListItem\",\"position\":2,\"name\":\"Vacina\u00e7\u00e3o contra a Dengue para p\u00fablico de 10 a 14 anos \u00e9 iniciada em Tubar\u00e3o\"}]},{\"@type\":\"WebSite\",\"@id\":\"https:\/\/sulsc.com\/#website\",\"url\":\"https:\/\/sulsc.com\/\",\"name\":\"\",\"description\":\"\",\"potentialAction\":[{\"@type\":\"SearchAction\",\"target\":{\"@type\":\"EntryPoint\",\"urlTemplate\":\"https:\/\/sulsc.com\/?s={search_term_string}\"},\"query-input\":\"required name=search_term_string\"}],\"inLanguage\":\"en-US\"},{\"@type\":\"Person\",\"@id\":\"https:\/\/sulsc.com\/#\/schema\/person\/84d2fc571684f6248ba83092f07750a3\",\"name\":\"Reda\u00e7\u00e3o Sul SC\",\"image\":{\"@type\":\"ImageObject\",\"inLanguage\":\"en-US\",\"@id\":\"https:\/\/sulsc.com\/#\/schema\/person\/image\/e08d7fe2cc4ed596372063bbe852b8d0\",\"url\":\"https:\/\/sulsc.com\/wp-content\/uploads\/2023\/09\/redacao.png\",\"contentUrl\":\"https:\/\/sulsc.com\/wp-content\/uploads\/2023\/09\/redacao.png\",\"caption\":\"Reda\u00e7\u00e3o Sul SC\"},\"description\":\"Foco em um jornalismo imparcial, voltado \u00e0 qualidade dos seus conte\u00fados e, assim, levar informa\u00e7\u00e3o de valor que agregue \u00e0 vida dos leitores. Esta \u00e9 grande miss\u00e3o do Portal de Not\u00edcias Sul SC. N\u00e3o \u00e9 quantidade que muda o mundo, sempre foi e seguir\u00e1 sendo qualidade!\",\"sameAs\":[\"https:\/\/sulsc.com\/\",\"https:\/\/www.facebook.com\/profile.php?id=61559278119680\",\"https:\/\/www.instagram.com\/sulscportal\/?hl=pt-br\",\"https:\/\/twitter.com\/https:\/\/twitter.com\/PortalSulSC\",\"https:\/\/www.youtube.com\/channel\/UCv_BE8GeySluDov2n8qhVmw\"],\"url\":\"https:\/\/sulsc.com\/index.php\/author\/redacao\/\"}]}<\/script>\n<!-- \/ Yoast SEO plugin. -->","yoast_head_json":{"title":"Vacina\u00e7\u00e3o contra a Dengue para p\u00fablico de 10 a 14 anos \u00e9 iniciada em Tubar\u00e3o -","robots":{"index":"index","follow":"follow","max-snippet":"max-snippet:-1","max-image-preview":"max-image-preview:large","max-video-preview":"max-video-preview:-1"},"canonical":"https:\/\/sulsc.com\/index.php\/2026\/01\/28\/vacinacao-contra-a-dengue-para-publico-de-10-a-14-anos-e-iniciada-em-tubarao\/","og_locale":"en_US","og_type":"article","og_title":"Vacina\u00e7\u00e3o contra a Dengue para p\u00fablico de 10 a 14 anos \u00e9 iniciada em Tubar\u00e3o -","og_description":"O munic\u00edpio de Tubar\u00e3o recebeu nesta segunda-feira (26), lote de vacinas contra a Dengue e j\u00e1 iniciou a imuniza\u00e7\u00e3o do p\u00fablico-alvo nesta ter\u00e7a-feira (27). Ao todo, foram designadas 1.020 doses para a cidade, seguindo a estrat\u00e9gia de amplia\u00e7\u00e3o do Minist\u00e9rio da Sa\u00fade para todos os munic\u00edpios brasileiros. Conforme as diretrizes federais, a vacina\u00e7\u00e3o de rotina &hellip; Vacina\u00e7\u00e3o contra a Dengue para p\u00fablico de 10 a 14 anos \u00e9 iniciada em Tubar\u00e3o Read More &raquo;","og_url":"https:\/\/sulsc.com\/index.php\/2026\/01\/28\/vacinacao-contra-a-dengue-para-publico-de-10-a-14-anos-e-iniciada-em-tubarao\/","article_author":"https:\/\/www.facebook.com\/profile.php?id=61559278119680","article_published_time":"2026-01-28T11:38:27+00:00","article_modified_time":"2026-01-28T11:40:05+00:00","og_image":[{"width":2560,"height":1709,"url":"http:\/\/sulsc.com\/wp-content\/uploads\/2026\/01\/african-brave-boy-getting-vaccination-shoulder-from-nurse-procedure-hospital-with-other-scaled.jpg","type":"image\/jpeg"}],"author":"Reda\u00e7\u00e3o Sul SC","twitter_card":"summary_large_image","twitter_creator":"@https:\/\/twitter.com\/PortalSulSC","twitter_misc":{"Written by":"Reda\u00e7\u00e3o Sul SC","Est. reading time":"3 minutes"},"schema":{"@context":"https:\/\/schema.org","@graph":[{"@type":"WebPage","@id":"https:\/\/sulsc.com\/index.php\/2026\/01\/28\/vacinacao-contra-a-dengue-para-publico-de-10-a-14-anos-e-iniciada-em-tubarao\/","url":"https:\/\/sulsc.com\/index.php\/2026\/01\/28\/vacinacao-contra-a-dengue-para-publico-de-10-a-14-anos-e-iniciada-em-tubarao\/","name":"Vacina\u00e7\u00e3o contra a Dengue para p\u00fablico de 10 a 14 anos \u00e9 iniciada em Tubar\u00e3o -","isPartOf":{"@id":"https:\/\/sulsc.com\/#website"},"datePublished":"2026-01-28T11:38:27+00:00","dateModified":"2026-01-28T11:40:05+00:00","author":{"@id":"https:\/\/sulsc.com\/#\/schema\/person\/84d2fc571684f6248ba83092f07750a3"},"breadcrumb":{"@id":"https:\/\/sulsc.com\/index.php\/2026\/01\/28\/vacinacao-contra-a-dengue-para-publico-de-10-a-14-anos-e-iniciada-em-tubarao\/#breadcrumb"},"inLanguage":"en-US","potentialAction":[{"@type":"ReadAction","target":["https:\/\/sulsc.com\/index.php\/2026\/01\/28\/vacinacao-contra-a-dengue-para-publico-de-10-a-14-anos-e-iniciada-em-tubarao\/"]}]},{"@type":"BreadcrumbList","@id":"https:\/\/sulsc.com\/index.php\/2026\/01\/28\/vacinacao-contra-a-dengue-para-publico-de-10-a-14-anos-e-iniciada-em-tubarao\/#breadcrumb","itemListElement":[{"@type":"ListItem","position":1,"name":"In\u00edcio","item":"https:\/\/sulsc.com\/"},{"@type":"ListItem","position":2,"name":"Vacina\u00e7\u00e3o contra a Dengue para p\u00fablico de 10 a 14 anos \u00e9 iniciada em Tubar\u00e3o"}]},{"@type":"WebSite","@id":"https:\/\/sulsc.com\/#website","url":"https:\/\/sulsc.com\/","name":"","description":"","potentialAction":[{"@type":"SearchAction","target":{"@type":"EntryPoint","urlTemplate":"https:\/\/sulsc.com\/?s={search_term_string}"},"query-input":"required name=search_term_string"}],"inLanguage":"en-US"},{"@type":"Person","@id":"https:\/\/sulsc.com\/#\/schema\/person\/84d2fc571684f6248ba83092f07750a3","name":"Reda\u00e7\u00e3o Sul SC","image":{"@type":"ImageObject","inLanguage":"en-US","@id":"https:\/\/sulsc.com\/#\/schema\/person\/image\/e08d7fe2cc4ed596372063bbe852b8d0","url":"https:\/\/sulsc.com\/wp-content\/uploads\/2023\/09\/redacao.png","contentUrl":"https:\/\/sulsc.com\/wp-content\/uploads\/2023\/09\/redacao.png","caption":"Reda\u00e7\u00e3o Sul SC"},"description":"Foco em um jornalismo imparcial, voltado \u00e0 qualidade dos seus conte\u00fados e, assim, levar informa\u00e7\u00e3o de valor que agregue \u00e0 vida dos leitores. Esta \u00e9 grande miss\u00e3o do Portal de Not\u00edcias Sul SC. N\u00e3o \u00e9 quantidade que muda o mundo, sempre foi e seguir\u00e1 sendo qualidade!","sameAs":["https:\/\/sulsc.com\/","https:\/\/www.facebook.com\/profile.php?id=61559278119680","https:\/\/www.instagram.com\/sulscportal\/?hl=pt-br","https:\/\/twitter.com\/https:\/\/twitter.com\/PortalSulSC","https:\/\/www.youtube.com\/channel\/UCv_BE8GeySluDov2n8qhVmw"],"url":"https:\/\/sulsc.com\/index.php\/author\/redacao\/"}]}},"authors":[],"_links":{"self":[{"href":"https:\/\/sulsc.com\/index.php\/wp-json\/wp\/v2\/posts\/31860"}],"collection":[{"href":"https:\/\/sulsc.com\/index.php\/wp-json\/wp\/v2\/posts"}],"about":[{"href":"https:\/\/sulsc.com\/index.php\/wp-json\/wp\/v2\/types\/post"}],"author":[{"embeddable":true,"href":"https:\/\/sulsc.com\/index.php\/wp-json\/wp\/v2\/users\/3"}],"replies":[{"embeddable":true,"href":"https:\/\/sulsc.com\/index.php\/wp-json\/wp\/v2\/comments?post=31860"}],"version-history":[{"count":3,"href":"https:\/\/sulsc.com\/index.php\/wp-json\/wp\/v2\/posts\/31860\/revisions"}],"predecessor-version":[{"id":31865,"href":"https:\/\/sulsc.com\/index.php\/wp-json\/wp\/v2\/posts\/31860\/revisions\/31865"}],"wp:featuredmedia":[{"embeddable":true,"href":"https:\/\/sulsc.com\/index.php\/wp-json\/wp\/v2\/media\/31862"}],"wp:attachment":[{"href":"https:\/\/sulsc.com\/index.php\/wp-json\/wp\/v2\/media?parent=31860"}],"wp:term":[{"taxonomy":"category","embeddable":true,"href":"https:\/\/sulsc.com\/index.php\/wp-json\/wp\/v2\/categories?post=31860"},{"taxonomy":"post_tag","embeddable":true,"href":"https:\/\/sulsc.com\/index.php\/wp-json\/wp\/v2\/tags?post=31860"}],"curies":[{"name":"wp","href":"https:\/\/api.w.org\/{rel}","templated":true}]}}