{"id":31869,"date":"2026-01-28T13:15:25","date_gmt":"2026-01-28T16:15:25","guid":{"rendered":"https:\/\/sulsc.com\/?p=31869"},"modified":"2026-01-28T13:15:25","modified_gmt":"2026-01-28T16:15:25","slug":"justica-por-orelha-o-crime-que-mobilizou-o-brasil-e-mudou-as-leis-em-santa-catarina","status":"publish","type":"post","link":"https:\/\/sulsc.com\/index.php\/2026\/01\/28\/justica-por-orelha-o-crime-que-mobilizou-o-brasil-e-mudou-as-leis-em-santa-catarina\/","title":{"rendered":"Justi\u00e7a por Orelha &#8211; O Crime que Mobilizou o Brasil e Mudou as Leis em Santa Catarina"},"content":{"rendered":"<p>O que come\u00e7ou como um ato de crueldade isolado em uma das praias mais valorizadas do litoral catarinense transformou-se em um marco jur\u00eddico e social. O caso do c\u00e3o Orelha, um animal comunit\u00e1rio da Praia Brava, em Florian\u00f3polis, deixou de ser apenas uma not\u00edcia policial para se tornar o motor de uma reforma nas leis de prote\u00e7\u00e3o animal do estado.<\/p>\n<p>No dia 15 de janeiro de 2026, a rotina pac\u00edfica da Praia Brava foi interrompida. Orelha, um c\u00e3o idoso de aproximadamente 10 anos, conhecido por sua docilidade e por ser cuidado coletivamente por moradores, foi encontrado em estado de choque.<br \/>\nO animal apresentava sinais n\u00edtidos de espancamento. Ap\u00f3s ser resgatado por volunt\u00e1rios e levado a uma cl\u00ednica veterin\u00e1ria, exames confirmaram um traumatismo craniano severo. Devido \u00e0 irreversibilidade dos danos e ao sofrimento extremo, a equipe m\u00e9dica optou pela eutan\u00e1sia humanit\u00e1ria. A investiga\u00e7\u00e3o policial posterior revelou que o grupo de agressores tamb\u00e9m tentou afogar outro c\u00e3o, o Caramelo, que conseguiu escapar.<\/p>\n<div id=\"metaslider-id-25573\" style=\"width: 100%;\" class=\"ml-slider-3-99-0 metaslider metaslider-flex metaslider-25573 ml-slider has-onhover-arrows ms-theme-default-base has-dots-nav\" role=\"region\" aria-label=\"Meio\" data-width=\"1200\">\n    <div id=\"metaslider_container_25573\">\n        <div id=\"metaslider_25573\">\n            <ul class='slides'>\n                <li style=\"display: block; width: 100%;\" class=\"slide-25684 ms-image \" aria-roledescription=\"slide\" data-date=\"2025-07-24 07:55:40\"><img src=\"https:\/\/sulsc.com\/wp-content\/uploads\/2025\/07\/Marr-2-1000x166.jpg\" height=\"200\" width=\"1200\" alt=\"\" class=\"slider-25573 slide-25684 msDefaultImage\" title=\"Marr 2\" \/><\/li>\n                <li style=\"display: none; width: 100%;\" class=\"slide-32412 ms-image \" aria-roledescription=\"slide\" data-date=\"2026-02-18 13:59:46\"><img src=\"https:\/\/sulsc.com\/wp-content\/uploads\/2026\/02\/40dc1580-cad5-4867-bc58-c4243821ad38-1000x166.jpeg\" height=\"200\" width=\"1200\" alt=\"\" class=\"slider-25573 slide-32412 msDefaultImage\" title=\"40dc1580-cad5-4867-bc58-c4243821ad38\" \/><\/li>\n                <li style=\"display: none; width: 100%;\" class=\"slide-32766 ms-image \" aria-roledescription=\"slide\" data-date=\"2026-03-03 17:22:59\"><img src=\"https:\/\/sulsc.com\/wp-content\/uploads\/2026\/03\/271ce739-f268-41c5-8051-3de1a1750359-1000x166.jpeg\" height=\"200\" width=\"1200\" alt=\"\" class=\"slider-25573 slide-32766 msDefaultImage\" title=\"271ce739-f268-41c5-8051-3de1a1750359\" \/><\/li>\n            <\/ul>\n        <\/div>\n        \n    <\/div>\n<\/div>\n<p>A Pol\u00edcia Civil de Santa Catarina (PCSC), sob a coordena\u00e7\u00e3o do delegado-geral Ulisses Gabriel, agiu r\u00e1pido. Atrav\u00e9s de c\u00e2meras de monitoramento e depoimentos, quatro adolescentes foram identificados como os autores das agress\u00f5es.<br \/>\nO caso tomou contornos ainda mais graves quando a pol\u00edcia descobriu que os pais e um tio dos jovens tentaram interferir nas investiga\u00e7\u00f5es.<\/p>\n<p>Os adultos foram indiciados por tentar intimidar testemunhas e funcion\u00e1rios de condom\u00ednios locais.\u00a0Parte dos adolescentes envolvidos est\u00e1 em viagem ao exterior, mas a justi\u00e7a j\u00e1 determinou que prestem esclarecimentos assim que retornarem ao pa\u00eds.<\/p>\n<p>A indigna\u00e7\u00e3o p\u00fablica, amplificada por figuras como a cantora Ana Castela, pressionou o governo estadual a agir. O resultado foi a r\u00e1pida tramita\u00e7\u00e3o e san\u00e7\u00e3o de medidas que agora protegem o &#8220;animal comunit\u00e1rio&#8221;.<\/p>\n<p><img fetchpriority=\"high\" decoding=\"async\" class=\"aligncenter size-full wp-image-31870\" src=\"http:\/\/sulsc.com\/wp-content\/uploads\/2026\/01\/bee57013-05df-42ba-ac71-2023dbe189a5.jpeg\" alt=\"\" width=\"984\" height=\"544\" srcset=\"https:\/\/sulsc.com\/wp-content\/uploads\/2026\/01\/bee57013-05df-42ba-ac71-2023dbe189a5.jpeg 984w, https:\/\/sulsc.com\/wp-content\/uploads\/2026\/01\/bee57013-05df-42ba-ac71-2023dbe189a5-300x166.jpeg 300w, https:\/\/sulsc.com\/wp-content\/uploads\/2026\/01\/bee57013-05df-42ba-ac71-2023dbe189a5-768x425.jpeg 768w\" sizes=\"(max-width: 984px) 100vw, 984px\" \/><\/p>\n<p>Imagem\/Rede Social<\/p>\n<p>Recentemente, o governador Jorginho Mello sancionou a Lei Estadual n\u00ba 19.726\/2026, que define e protege legalmente os c\u00e3es e gatos que vivem em espa\u00e7os p\u00fablicos com cuidados da comunidade.\u00a0O animal comunit\u00e1rio passa a ter direito \u00e0 perman\u00eancia em seu local habitual.<\/p>\n<p>Valores das multas por maus-tratos foram atualizados, podendo chegar a R$ 60 mil em casos de morte.\u00a0Facilita o indiciamento de agressores, mesmo quando o animal n\u00e3o tem um &#8220;dono&#8221; formal.\u00a0O caso Orelha encerra um ciclo de impunidade que frequentemente cercava animais sem tutor fixo.<\/p>\n<p>Hoje, a Praia Brava possui um memorial simb\u00f3lico onde ficavam as casinhas do c\u00e3o, servindo como um lembrete de que a crueldade n\u00e3o ser\u00e1 mais tolerada sob o pretexto de &#8220;falta de dono&#8221;.\u00a0Embora a vida de Orelha n\u00e3o possa ser recuperada, sua hist\u00f3ria for\u00e7ou o sistema judici\u00e1rio a olhar com mais rigor para a viol\u00eancia contra seres vulner\u00e1veis, estabelecendo um precedente para todo o Brasil.<\/p>\n","protected":false},"excerpt":{"rendered":"<p>O que come\u00e7ou como um ato de crueldade isolado em uma das praias mais valorizadas do litoral catarinense transformou-se em um marco jur\u00eddico e social. O caso do c\u00e3o Orelha, um animal comunit\u00e1rio da Praia Brava, em Florian\u00f3polis, deixou de ser apenas uma not\u00edcia policial para se tornar o motor de uma reforma nas leis &hellip;<\/p>\n<p class=\"read-more\"> <a class=\"\" href=\"https:\/\/sulsc.com\/index.php\/2026\/01\/28\/justica-por-orelha-o-crime-que-mobilizou-o-brasil-e-mudou-as-leis-em-santa-catarina\/\"> <span class=\"screen-reader-text\">Justi\u00e7a por Orelha &#8211; O Crime que Mobilizou o Brasil e Mudou as Leis em Santa Catarina<\/span> Read More &raquo;<\/a><\/p>\n","protected":false},"author":3,"featured_media":31870,"comment_status":"open","ping_status":"open","sticky":false,"template":"","format":"standard","meta":{"site-sidebar-layout":"default","site-content-layout":"","ast-site-content-layout":"default","site-content-style":"default","site-sidebar-style":"default","ast-global-header-display":"","ast-banner-title-visibility":"","ast-main-header-display":"","ast-hfb-above-header-display":"","ast-hfb-below-header-display":"","ast-hfb-mobile-header-display":"","site-post-title":"","ast-breadcrumbs-content":"","ast-featured-img":"","footer-sml-layout":"","theme-transparent-header-meta":"default","adv-header-id-meta":"","stick-header-meta":"","header-above-stick-meta":"","header-main-stick-meta":"","header-below-stick-meta":"","astra-migrate-meta-layouts":"set","footnotes":""},"categories":[1,16,15,14,12],"tags":[2814,2798],"yoast_head":"<!-- This site is optimized with the Yoast SEO plugin v21.4 - https:\/\/yoast.com\/wordpress\/plugins\/seo\/ -->\n<title>Justi\u00e7a por Orelha - O Crime que Mobilizou o Brasil e Mudou as Leis em Santa Catarina -<\/title>\n<meta name=\"robots\" content=\"index, follow, max-snippet:-1, max-image-preview:large, max-video-preview:-1\" \/>\n<link rel=\"canonical\" href=\"https:\/\/sulsc.com\/index.php\/2026\/01\/28\/justica-por-orelha-o-crime-que-mobilizou-o-brasil-e-mudou-as-leis-em-santa-catarina\/\" \/>\n<meta property=\"og:locale\" content=\"en_US\" \/>\n<meta property=\"og:type\" content=\"article\" \/>\n<meta property=\"og:title\" content=\"Justi\u00e7a por Orelha - O Crime que Mobilizou o Brasil e Mudou as Leis em Santa Catarina -\" \/>\n<meta property=\"og:description\" content=\"O que come\u00e7ou como um ato de crueldade isolado em uma das praias mais valorizadas do litoral catarinense transformou-se em um marco jur\u00eddico e social. O caso do c\u00e3o Orelha, um animal comunit\u00e1rio da Praia Brava, em Florian\u00f3polis, deixou de ser apenas uma not\u00edcia policial para se tornar o motor de uma reforma nas leis &hellip; Justi\u00e7a por Orelha &#8211; O Crime que Mobilizou o Brasil e Mudou as Leis em Santa Catarina Read More &raquo;\" \/>\n<meta property=\"og:url\" content=\"https:\/\/sulsc.com\/index.php\/2026\/01\/28\/justica-por-orelha-o-crime-que-mobilizou-o-brasil-e-mudou-as-leis-em-santa-catarina\/\" \/>\n<meta property=\"article:author\" content=\"https:\/\/www.facebook.com\/profile.php?id=61559278119680\" \/>\n<meta property=\"article:published_time\" content=\"2026-01-28T16:15:25+00:00\" \/>\n<meta property=\"og:image\" content=\"http:\/\/sulsc.com\/wp-content\/uploads\/2026\/01\/bee57013-05df-42ba-ac71-2023dbe189a5.jpeg\" \/>\n\t<meta property=\"og:image:width\" content=\"984\" \/>\n\t<meta property=\"og:image:height\" content=\"544\" \/>\n\t<meta property=\"og:image:type\" content=\"image\/jpeg\" \/>\n<meta name=\"author\" content=\"Reda\u00e7\u00e3o Sul SC\" \/>\n<meta name=\"twitter:card\" content=\"summary_large_image\" \/>\n<meta name=\"twitter:creator\" content=\"@https:\/\/twitter.com\/PortalSulSC\" \/>\n<meta name=\"twitter:label1\" content=\"Written by\" \/>\n\t<meta name=\"twitter:data1\" content=\"Reda\u00e7\u00e3o Sul SC\" \/>\n\t<meta name=\"twitter:label2\" content=\"Est. reading time\" \/>\n\t<meta name=\"twitter:data2\" content=\"3 minutes\" \/>\n<script type=\"application\/ld+json\" class=\"yoast-schema-graph\">{\"@context\":\"https:\/\/schema.org\",\"@graph\":[{\"@type\":\"WebPage\",\"@id\":\"https:\/\/sulsc.com\/index.php\/2026\/01\/28\/justica-por-orelha-o-crime-que-mobilizou-o-brasil-e-mudou-as-leis-em-santa-catarina\/\",\"url\":\"https:\/\/sulsc.com\/index.php\/2026\/01\/28\/justica-por-orelha-o-crime-que-mobilizou-o-brasil-e-mudou-as-leis-em-santa-catarina\/\",\"name\":\"Justi\u00e7a por Orelha - O Crime que Mobilizou o Brasil e Mudou as Leis em Santa Catarina -\",\"isPartOf\":{\"@id\":\"https:\/\/sulsc.com\/#website\"},\"datePublished\":\"2026-01-28T16:15:25+00:00\",\"dateModified\":\"2026-01-28T16:15:25+00:00\",\"author\":{\"@id\":\"https:\/\/sulsc.com\/#\/schema\/person\/84d2fc571684f6248ba83092f07750a3\"},\"breadcrumb\":{\"@id\":\"https:\/\/sulsc.com\/index.php\/2026\/01\/28\/justica-por-orelha-o-crime-que-mobilizou-o-brasil-e-mudou-as-leis-em-santa-catarina\/#breadcrumb\"},\"inLanguage\":\"en-US\",\"potentialAction\":[{\"@type\":\"ReadAction\",\"target\":[\"https:\/\/sulsc.com\/index.php\/2026\/01\/28\/justica-por-orelha-o-crime-que-mobilizou-o-brasil-e-mudou-as-leis-em-santa-catarina\/\"]}]},{\"@type\":\"BreadcrumbList\",\"@id\":\"https:\/\/sulsc.com\/index.php\/2026\/01\/28\/justica-por-orelha-o-crime-que-mobilizou-o-brasil-e-mudou-as-leis-em-santa-catarina\/#breadcrumb\",\"itemListElement\":[{\"@type\":\"ListItem\",\"position\":1,\"name\":\"In\u00edcio\",\"item\":\"https:\/\/sulsc.com\/\"},{\"@type\":\"ListItem\",\"position\":2,\"name\":\"Justi\u00e7a por Orelha &#8211; O Crime que Mobilizou o Brasil e Mudou as Leis em Santa Catarina\"}]},{\"@type\":\"WebSite\",\"@id\":\"https:\/\/sulsc.com\/#website\",\"url\":\"https:\/\/sulsc.com\/\",\"name\":\"\",\"description\":\"\",\"potentialAction\":[{\"@type\":\"SearchAction\",\"target\":{\"@type\":\"EntryPoint\",\"urlTemplate\":\"https:\/\/sulsc.com\/?s={search_term_string}\"},\"query-input\":\"required name=search_term_string\"}],\"inLanguage\":\"en-US\"},{\"@type\":\"Person\",\"@id\":\"https:\/\/sulsc.com\/#\/schema\/person\/84d2fc571684f6248ba83092f07750a3\",\"name\":\"Reda\u00e7\u00e3o Sul SC\",\"image\":{\"@type\":\"ImageObject\",\"inLanguage\":\"en-US\",\"@id\":\"https:\/\/sulsc.com\/#\/schema\/person\/image\/e08d7fe2cc4ed596372063bbe852b8d0\",\"url\":\"https:\/\/sulsc.com\/wp-content\/uploads\/2023\/09\/redacao.png\",\"contentUrl\":\"https:\/\/sulsc.com\/wp-content\/uploads\/2023\/09\/redacao.png\",\"caption\":\"Reda\u00e7\u00e3o Sul SC\"},\"description\":\"Foco em um jornalismo imparcial, voltado \u00e0 qualidade dos seus conte\u00fados e, assim, levar informa\u00e7\u00e3o de valor que agregue \u00e0 vida dos leitores. Esta \u00e9 grande miss\u00e3o do Portal de Not\u00edcias Sul SC. N\u00e3o \u00e9 quantidade que muda o mundo, sempre foi e seguir\u00e1 sendo qualidade!\",\"sameAs\":[\"https:\/\/sulsc.com\/\",\"https:\/\/www.facebook.com\/profile.php?id=61559278119680\",\"https:\/\/www.instagram.com\/sulscportal\/?hl=pt-br\",\"https:\/\/twitter.com\/https:\/\/twitter.com\/PortalSulSC\",\"https:\/\/www.youtube.com\/channel\/UCv_BE8GeySluDov2n8qhVmw\"],\"url\":\"https:\/\/sulsc.com\/index.php\/author\/redacao\/\"}]}<\/script>\n<!-- \/ Yoast SEO plugin. -->","yoast_head_json":{"title":"Justi\u00e7a por Orelha - O Crime que Mobilizou o Brasil e Mudou as Leis em Santa Catarina -","robots":{"index":"index","follow":"follow","max-snippet":"max-snippet:-1","max-image-preview":"max-image-preview:large","max-video-preview":"max-video-preview:-1"},"canonical":"https:\/\/sulsc.com\/index.php\/2026\/01\/28\/justica-por-orelha-o-crime-que-mobilizou-o-brasil-e-mudou-as-leis-em-santa-catarina\/","og_locale":"en_US","og_type":"article","og_title":"Justi\u00e7a por Orelha - O Crime que Mobilizou o Brasil e Mudou as Leis em Santa Catarina -","og_description":"O que come\u00e7ou como um ato de crueldade isolado em uma das praias mais valorizadas do litoral catarinense transformou-se em um marco jur\u00eddico e social. O caso do c\u00e3o Orelha, um animal comunit\u00e1rio da Praia Brava, em Florian\u00f3polis, deixou de ser apenas uma not\u00edcia policial para se tornar o motor de uma reforma nas leis &hellip; Justi\u00e7a por Orelha &#8211; O Crime que Mobilizou o Brasil e Mudou as Leis em Santa Catarina Read More &raquo;","og_url":"https:\/\/sulsc.com\/index.php\/2026\/01\/28\/justica-por-orelha-o-crime-que-mobilizou-o-brasil-e-mudou-as-leis-em-santa-catarina\/","article_author":"https:\/\/www.facebook.com\/profile.php?id=61559278119680","article_published_time":"2026-01-28T16:15:25+00:00","og_image":[{"width":984,"height":544,"url":"http:\/\/sulsc.com\/wp-content\/uploads\/2026\/01\/bee57013-05df-42ba-ac71-2023dbe189a5.jpeg","type":"image\/jpeg"}],"author":"Reda\u00e7\u00e3o Sul SC","twitter_card":"summary_large_image","twitter_creator":"@https:\/\/twitter.com\/PortalSulSC","twitter_misc":{"Written by":"Reda\u00e7\u00e3o Sul SC","Est. reading time":"3 minutes"},"schema":{"@context":"https:\/\/schema.org","@graph":[{"@type":"WebPage","@id":"https:\/\/sulsc.com\/index.php\/2026\/01\/28\/justica-por-orelha-o-crime-que-mobilizou-o-brasil-e-mudou-as-leis-em-santa-catarina\/","url":"https:\/\/sulsc.com\/index.php\/2026\/01\/28\/justica-por-orelha-o-crime-que-mobilizou-o-brasil-e-mudou-as-leis-em-santa-catarina\/","name":"Justi\u00e7a por Orelha - O Crime que Mobilizou o Brasil e Mudou as Leis em Santa Catarina -","isPartOf":{"@id":"https:\/\/sulsc.com\/#website"},"datePublished":"2026-01-28T16:15:25+00:00","dateModified":"2026-01-28T16:15:25+00:00","author":{"@id":"https:\/\/sulsc.com\/#\/schema\/person\/84d2fc571684f6248ba83092f07750a3"},"breadcrumb":{"@id":"https:\/\/sulsc.com\/index.php\/2026\/01\/28\/justica-por-orelha-o-crime-que-mobilizou-o-brasil-e-mudou-as-leis-em-santa-catarina\/#breadcrumb"},"inLanguage":"en-US","potentialAction":[{"@type":"ReadAction","target":["https:\/\/sulsc.com\/index.php\/2026\/01\/28\/justica-por-orelha-o-crime-que-mobilizou-o-brasil-e-mudou-as-leis-em-santa-catarina\/"]}]},{"@type":"BreadcrumbList","@id":"https:\/\/sulsc.com\/index.php\/2026\/01\/28\/justica-por-orelha-o-crime-que-mobilizou-o-brasil-e-mudou-as-leis-em-santa-catarina\/#breadcrumb","itemListElement":[{"@type":"ListItem","position":1,"name":"In\u00edcio","item":"https:\/\/sulsc.com\/"},{"@type":"ListItem","position":2,"name":"Justi\u00e7a por Orelha &#8211; O Crime que Mobilizou o Brasil e Mudou as Leis em Santa Catarina"}]},{"@type":"WebSite","@id":"https:\/\/sulsc.com\/#website","url":"https:\/\/sulsc.com\/","name":"","description":"","potentialAction":[{"@type":"SearchAction","target":{"@type":"EntryPoint","urlTemplate":"https:\/\/sulsc.com\/?s={search_term_string}"},"query-input":"required name=search_term_string"}],"inLanguage":"en-US"},{"@type":"Person","@id":"https:\/\/sulsc.com\/#\/schema\/person\/84d2fc571684f6248ba83092f07750a3","name":"Reda\u00e7\u00e3o Sul SC","image":{"@type":"ImageObject","inLanguage":"en-US","@id":"https:\/\/sulsc.com\/#\/schema\/person\/image\/e08d7fe2cc4ed596372063bbe852b8d0","url":"https:\/\/sulsc.com\/wp-content\/uploads\/2023\/09\/redacao.png","contentUrl":"https:\/\/sulsc.com\/wp-content\/uploads\/2023\/09\/redacao.png","caption":"Reda\u00e7\u00e3o Sul SC"},"description":"Foco em um jornalismo imparcial, voltado \u00e0 qualidade dos seus conte\u00fados e, assim, levar informa\u00e7\u00e3o de valor que agregue \u00e0 vida dos leitores. Esta \u00e9 grande miss\u00e3o do Portal de Not\u00edcias Sul SC. N\u00e3o \u00e9 quantidade que muda o mundo, sempre foi e seguir\u00e1 sendo qualidade!","sameAs":["https:\/\/sulsc.com\/","https:\/\/www.facebook.com\/profile.php?id=61559278119680","https:\/\/www.instagram.com\/sulscportal\/?hl=pt-br","https:\/\/twitter.com\/https:\/\/twitter.com\/PortalSulSC","https:\/\/www.youtube.com\/channel\/UCv_BE8GeySluDov2n8qhVmw"],"url":"https:\/\/sulsc.com\/index.php\/author\/redacao\/"}]}},"authors":[],"_links":{"self":[{"href":"https:\/\/sulsc.com\/index.php\/wp-json\/wp\/v2\/posts\/31869"}],"collection":[{"href":"https:\/\/sulsc.com\/index.php\/wp-json\/wp\/v2\/posts"}],"about":[{"href":"https:\/\/sulsc.com\/index.php\/wp-json\/wp\/v2\/types\/post"}],"author":[{"embeddable":true,"href":"https:\/\/sulsc.com\/index.php\/wp-json\/wp\/v2\/users\/3"}],"replies":[{"embeddable":true,"href":"https:\/\/sulsc.com\/index.php\/wp-json\/wp\/v2\/comments?post=31869"}],"version-history":[{"count":1,"href":"https:\/\/sulsc.com\/index.php\/wp-json\/wp\/v2\/posts\/31869\/revisions"}],"predecessor-version":[{"id":31871,"href":"https:\/\/sulsc.com\/index.php\/wp-json\/wp\/v2\/posts\/31869\/revisions\/31871"}],"wp:featuredmedia":[{"embeddable":true,"href":"https:\/\/sulsc.com\/index.php\/wp-json\/wp\/v2\/media\/31870"}],"wp:attachment":[{"href":"https:\/\/sulsc.com\/index.php\/wp-json\/wp\/v2\/media?parent=31869"}],"wp:term":[{"taxonomy":"category","embeddable":true,"href":"https:\/\/sulsc.com\/index.php\/wp-json\/wp\/v2\/categories?post=31869"},{"taxonomy":"post_tag","embeddable":true,"href":"https:\/\/sulsc.com\/index.php\/wp-json\/wp\/v2\/tags?post=31869"}],"curies":[{"name":"wp","href":"https:\/\/api.w.org\/{rel}","templated":true}]}}