{"id":31889,"date":"2026-01-29T08:49:50","date_gmt":"2026-01-29T11:49:50","guid":{"rendered":"https:\/\/sulsc.com\/?p=31889"},"modified":"2026-01-29T08:49:50","modified_gmt":"2026-01-29T11:49:50","slug":"farmacia-componente-especializado-de-tubarao-amplia-horario-de-atendimento-para-melhorar-acesso-a-populacao","status":"publish","type":"post","link":"https:\/\/sulsc.com\/index.php\/2026\/01\/29\/farmacia-componente-especializado-de-tubarao-amplia-horario-de-atendimento-para-melhorar-acesso-a-populacao\/","title":{"rendered":"Farm\u00e1cia Componente Especializado de Tubar\u00e3o amplia hor\u00e1rio de atendimento para melhorar acesso \u00e0 popula\u00e7\u00e3o"},"content":{"rendered":"<p>A Farm\u00e1cia do Componente Especializado anuncia uma mudan\u00e7a em seu hor\u00e1rio de atendimento, com a inten\u00e7\u00e3o de aprimorar o servi\u00e7o e facilitar o acesso da popula\u00e7\u00e3o a medicamentos. A partir do dia 2 de fevereiro, a farm\u00e1cia funcionar\u00e1 de <strong>segunda a sexta-feira, das 7h \u00e0s 17h30, de forma ininterrupta<\/strong>.<\/p>\n<div id=\"metaslider-id-25573\" style=\"width: 100%;\" class=\"ml-slider-3-99-0 metaslider metaslider-flex metaslider-25573 ml-slider has-onhover-arrows ms-theme-default-base has-dots-nav\" role=\"region\" aria-label=\"Meio\" data-width=\"1200\">\n    <div id=\"metaslider_container_25573\">\n        <div id=\"metaslider_25573\">\n            <ul class='slides'>\n                <li style=\"display: block; width: 100%;\" class=\"slide-25684 ms-image \" aria-roledescription=\"slide\" data-date=\"2025-07-24 07:55:40\"><img src=\"https:\/\/sulsc.com\/wp-content\/uploads\/2025\/07\/Marr-2-1000x166.jpg\" height=\"200\" width=\"1200\" alt=\"\" class=\"slider-25573 slide-25684 msDefaultImage\" title=\"Marr 2\" \/><\/li>\n                <li style=\"display: none; width: 100%;\" class=\"slide-32412 ms-image \" aria-roledescription=\"slide\" data-date=\"2026-02-18 13:59:46\"><img src=\"https:\/\/sulsc.com\/wp-content\/uploads\/2026\/02\/40dc1580-cad5-4867-bc58-c4243821ad38-1000x166.jpeg\" height=\"200\" width=\"1200\" alt=\"\" class=\"slider-25573 slide-32412 msDefaultImage\" title=\"40dc1580-cad5-4867-bc58-c4243821ad38\" \/><\/li>\n                <li style=\"display: none; width: 100%;\" class=\"slide-32766 ms-image \" aria-roledescription=\"slide\" data-date=\"2026-03-03 17:22:59\"><img src=\"https:\/\/sulsc.com\/wp-content\/uploads\/2026\/03\/271ce739-f268-41c5-8051-3de1a1750359-1000x166.jpeg\" height=\"200\" width=\"1200\" alt=\"\" class=\"slider-25573 slide-32766 msDefaultImage\" title=\"271ce739-f268-41c5-8051-3de1a1750359\" \/><\/li>\n            <\/ul>\n        <\/div>\n        \n    <\/div>\n<\/div>\n<p>Essa altera\u00e7\u00e3o visa oferecer mais comodidade aos usu\u00e1rios, que poder\u00e3o contar com um atendimento mais amplo e acess\u00edvel. \u00c9 importante ressaltar que essa mudan\u00e7a n\u00e3o afeta as demais unidades da Farm\u00e1cia Central, como a B\u00e1sica e a Judicial, que continuar\u00e3o operando em seus hor\u00e1rios habituais. A iniciativa refor\u00e7a o compromisso da institui\u00e7\u00e3o com a sa\u00fade e bem-estar da comunidade.<\/p>\n<p><img fetchpriority=\"high\" decoding=\"async\" class=\"aligncenter size-full wp-image-31890\" src=\"http:\/\/sulsc.com\/wp-content\/uploads\/2026\/01\/54323024411_92d3b7b45b_b-800x445-1.jpg\" alt=\"\" width=\"800\" height=\"445\" srcset=\"https:\/\/sulsc.com\/wp-content\/uploads\/2026\/01\/54323024411_92d3b7b45b_b-800x445-1.jpg 800w, https:\/\/sulsc.com\/wp-content\/uploads\/2026\/01\/54323024411_92d3b7b45b_b-800x445-1-300x167.jpg 300w, https:\/\/sulsc.com\/wp-content\/uploads\/2026\/01\/54323024411_92d3b7b45b_b-800x445-1-768x427.jpg 768w\" sizes=\"(max-width: 800px) 100vw, 800px\" \/><\/p>\n<p>Foto: PMT\/Divulga\u00e7\u00e3o\/SulSC<\/p>\n<p><strong>A FARM\u00c1CIA DO COMPONENTE ESPECIALIZADO<\/strong> \u2013 Programa institu\u00eddo pelo Minist\u00e9rio da Sa\u00fade para fornecimento de medicamentos de alto custo, geralmente de uso cont\u00ednuo, utilizados em n\u00edvel ambulatorial no tratamento de doen\u00e7as cr\u00f4nicas e raras.<\/p>\n","protected":false},"excerpt":{"rendered":"<p>A Farm\u00e1cia do Componente Especializado anuncia uma mudan\u00e7a em seu hor\u00e1rio de atendimento, com a inten\u00e7\u00e3o de aprimorar o servi\u00e7o e facilitar o acesso da popula\u00e7\u00e3o a medicamentos. A partir do dia 2 de fevereiro, a farm\u00e1cia funcionar\u00e1 de segunda a sexta-feira, das 7h \u00e0s 17h30, de forma ininterrupta. Essa altera\u00e7\u00e3o visa oferecer mais comodidade &hellip;<\/p>\n<p class=\"read-more\"> <a class=\"\" href=\"https:\/\/sulsc.com\/index.php\/2026\/01\/29\/farmacia-componente-especializado-de-tubarao-amplia-horario-de-atendimento-para-melhorar-acesso-a-populacao\/\"> <span class=\"screen-reader-text\">Farm\u00e1cia Componente Especializado de Tubar\u00e3o amplia hor\u00e1rio de atendimento para melhorar acesso \u00e0 popula\u00e7\u00e3o<\/span> Read More &raquo;<\/a><\/p>\n","protected":false},"author":3,"featured_media":31891,"comment_status":"open","ping_status":"open","sticky":false,"template":"","format":"standard","meta":{"site-sidebar-layout":"default","site-content-layout":"","ast-site-content-layout":"default","site-content-style":"default","site-sidebar-style":"default","ast-global-header-display":"","ast-banner-title-visibility":"","ast-main-header-display":"","ast-hfb-above-header-display":"","ast-hfb-below-header-display":"","ast-hfb-mobile-header-display":"","site-post-title":"","ast-breadcrumbs-content":"","ast-featured-img":"","footer-sml-layout":"","theme-transparent-header-meta":"default","adv-header-id-meta":"","stick-header-meta":"","header-above-stick-meta":"","header-main-stick-meta":"","header-below-stick-meta":"","astra-migrate-meta-layouts":"set","footnotes":""},"categories":[2231,1,2281,14,21,12],"tags":[1193,486],"yoast_head":"<!-- This site is optimized with the Yoast SEO plugin v21.4 - https:\/\/yoast.com\/wordpress\/plugins\/seo\/ -->\n<title>Farm\u00e1cia Componente Especializado de Tubar\u00e3o amplia hor\u00e1rio de atendimento para melhorar acesso \u00e0 popula\u00e7\u00e3o -<\/title>\n<meta name=\"robots\" content=\"index, follow, max-snippet:-1, max-image-preview:large, max-video-preview:-1\" \/>\n<link rel=\"canonical\" href=\"https:\/\/sulsc.com\/index.php\/2026\/01\/29\/farmacia-componente-especializado-de-tubarao-amplia-horario-de-atendimento-para-melhorar-acesso-a-populacao\/\" \/>\n<meta property=\"og:locale\" content=\"en_US\" \/>\n<meta property=\"og:type\" content=\"article\" \/>\n<meta property=\"og:title\" content=\"Farm\u00e1cia Componente Especializado de Tubar\u00e3o amplia hor\u00e1rio de atendimento para melhorar acesso \u00e0 popula\u00e7\u00e3o -\" \/>\n<meta property=\"og:description\" content=\"A Farm\u00e1cia do Componente Especializado anuncia uma mudan\u00e7a em seu hor\u00e1rio de atendimento, com a inten\u00e7\u00e3o de aprimorar o servi\u00e7o e facilitar o acesso da popula\u00e7\u00e3o a medicamentos. A partir do dia 2 de fevereiro, a farm\u00e1cia funcionar\u00e1 de segunda a sexta-feira, das 7h \u00e0s 17h30, de forma ininterrupta. Essa altera\u00e7\u00e3o visa oferecer mais comodidade &hellip; Farm\u00e1cia Componente Especializado de Tubar\u00e3o amplia hor\u00e1rio de atendimento para melhorar acesso \u00e0 popula\u00e7\u00e3o Read More &raquo;\" \/>\n<meta property=\"og:url\" content=\"https:\/\/sulsc.com\/index.php\/2026\/01\/29\/farmacia-componente-especializado-de-tubarao-amplia-horario-de-atendimento-para-melhorar-acesso-a-populacao\/\" \/>\n<meta property=\"article:author\" content=\"https:\/\/www.facebook.com\/profile.php?id=61559278119680\" \/>\n<meta property=\"article:published_time\" content=\"2026-01-29T11:49:50+00:00\" \/>\n<meta property=\"og:image\" content=\"http:\/\/sulsc.com\/wp-content\/uploads\/2026\/01\/abstract-blur-shopping-mall-scaled.jpg\" \/>\n\t<meta property=\"og:image:width\" content=\"2560\" \/>\n\t<meta property=\"og:image:height\" content=\"1707\" \/>\n\t<meta property=\"og:image:type\" content=\"image\/jpeg\" \/>\n<meta name=\"author\" content=\"Reda\u00e7\u00e3o Sul SC\" \/>\n<meta name=\"twitter:card\" content=\"summary_large_image\" \/>\n<meta name=\"twitter:creator\" content=\"@https:\/\/twitter.com\/PortalSulSC\" \/>\n<meta name=\"twitter:label1\" content=\"Written by\" \/>\n\t<meta name=\"twitter:data1\" content=\"Reda\u00e7\u00e3o Sul SC\" \/>\n\t<meta name=\"twitter:label2\" content=\"Est. reading time\" \/>\n\t<meta name=\"twitter:data2\" content=\"1 minute\" \/>\n<script type=\"application\/ld+json\" class=\"yoast-schema-graph\">{\"@context\":\"https:\/\/schema.org\",\"@graph\":[{\"@type\":\"WebPage\",\"@id\":\"https:\/\/sulsc.com\/index.php\/2026\/01\/29\/farmacia-componente-especializado-de-tubarao-amplia-horario-de-atendimento-para-melhorar-acesso-a-populacao\/\",\"url\":\"https:\/\/sulsc.com\/index.php\/2026\/01\/29\/farmacia-componente-especializado-de-tubarao-amplia-horario-de-atendimento-para-melhorar-acesso-a-populacao\/\",\"name\":\"Farm\u00e1cia Componente Especializado de Tubar\u00e3o amplia hor\u00e1rio de atendimento para melhorar acesso \u00e0 popula\u00e7\u00e3o -\",\"isPartOf\":{\"@id\":\"https:\/\/sulsc.com\/#website\"},\"datePublished\":\"2026-01-29T11:49:50+00:00\",\"dateModified\":\"2026-01-29T11:49:50+00:00\",\"author\":{\"@id\":\"https:\/\/sulsc.com\/#\/schema\/person\/84d2fc571684f6248ba83092f07750a3\"},\"breadcrumb\":{\"@id\":\"https:\/\/sulsc.com\/index.php\/2026\/01\/29\/farmacia-componente-especializado-de-tubarao-amplia-horario-de-atendimento-para-melhorar-acesso-a-populacao\/#breadcrumb\"},\"inLanguage\":\"en-US\",\"potentialAction\":[{\"@type\":\"ReadAction\",\"target\":[\"https:\/\/sulsc.com\/index.php\/2026\/01\/29\/farmacia-componente-especializado-de-tubarao-amplia-horario-de-atendimento-para-melhorar-acesso-a-populacao\/\"]}]},{\"@type\":\"BreadcrumbList\",\"@id\":\"https:\/\/sulsc.com\/index.php\/2026\/01\/29\/farmacia-componente-especializado-de-tubarao-amplia-horario-de-atendimento-para-melhorar-acesso-a-populacao\/#breadcrumb\",\"itemListElement\":[{\"@type\":\"ListItem\",\"position\":1,\"name\":\"In\u00edcio\",\"item\":\"https:\/\/sulsc.com\/\"},{\"@type\":\"ListItem\",\"position\":2,\"name\":\"Farm\u00e1cia Componente Especializado de Tubar\u00e3o amplia hor\u00e1rio de atendimento para melhorar acesso \u00e0 popula\u00e7\u00e3o\"}]},{\"@type\":\"WebSite\",\"@id\":\"https:\/\/sulsc.com\/#website\",\"url\":\"https:\/\/sulsc.com\/\",\"name\":\"\",\"description\":\"\",\"potentialAction\":[{\"@type\":\"SearchAction\",\"target\":{\"@type\":\"EntryPoint\",\"urlTemplate\":\"https:\/\/sulsc.com\/?s={search_term_string}\"},\"query-input\":\"required name=search_term_string\"}],\"inLanguage\":\"en-US\"},{\"@type\":\"Person\",\"@id\":\"https:\/\/sulsc.com\/#\/schema\/person\/84d2fc571684f6248ba83092f07750a3\",\"name\":\"Reda\u00e7\u00e3o Sul SC\",\"image\":{\"@type\":\"ImageObject\",\"inLanguage\":\"en-US\",\"@id\":\"https:\/\/sulsc.com\/#\/schema\/person\/image\/e08d7fe2cc4ed596372063bbe852b8d0\",\"url\":\"https:\/\/sulsc.com\/wp-content\/uploads\/2023\/09\/redacao.png\",\"contentUrl\":\"https:\/\/sulsc.com\/wp-content\/uploads\/2023\/09\/redacao.png\",\"caption\":\"Reda\u00e7\u00e3o Sul SC\"},\"description\":\"Foco em um jornalismo imparcial, voltado \u00e0 qualidade dos seus conte\u00fados e, assim, levar informa\u00e7\u00e3o de valor que agregue \u00e0 vida dos leitores. Esta \u00e9 grande miss\u00e3o do Portal de Not\u00edcias Sul SC. N\u00e3o \u00e9 quantidade que muda o mundo, sempre foi e seguir\u00e1 sendo qualidade!\",\"sameAs\":[\"https:\/\/sulsc.com\/\",\"https:\/\/www.facebook.com\/profile.php?id=61559278119680\",\"https:\/\/www.instagram.com\/sulscportal\/?hl=pt-br\",\"https:\/\/twitter.com\/https:\/\/twitter.com\/PortalSulSC\",\"https:\/\/www.youtube.com\/channel\/UCv_BE8GeySluDov2n8qhVmw\"],\"url\":\"https:\/\/sulsc.com\/index.php\/author\/redacao\/\"}]}<\/script>\n<!-- \/ Yoast SEO plugin. -->","yoast_head_json":{"title":"Farm\u00e1cia Componente Especializado de Tubar\u00e3o amplia hor\u00e1rio de atendimento para melhorar acesso \u00e0 popula\u00e7\u00e3o -","robots":{"index":"index","follow":"follow","max-snippet":"max-snippet:-1","max-image-preview":"max-image-preview:large","max-video-preview":"max-video-preview:-1"},"canonical":"https:\/\/sulsc.com\/index.php\/2026\/01\/29\/farmacia-componente-especializado-de-tubarao-amplia-horario-de-atendimento-para-melhorar-acesso-a-populacao\/","og_locale":"en_US","og_type":"article","og_title":"Farm\u00e1cia Componente Especializado de Tubar\u00e3o amplia hor\u00e1rio de atendimento para melhorar acesso \u00e0 popula\u00e7\u00e3o -","og_description":"A Farm\u00e1cia do Componente Especializado anuncia uma mudan\u00e7a em seu hor\u00e1rio de atendimento, com a inten\u00e7\u00e3o de aprimorar o servi\u00e7o e facilitar o acesso da popula\u00e7\u00e3o a medicamentos. A partir do dia 2 de fevereiro, a farm\u00e1cia funcionar\u00e1 de segunda a sexta-feira, das 7h \u00e0s 17h30, de forma ininterrupta. Essa altera\u00e7\u00e3o visa oferecer mais comodidade &hellip; Farm\u00e1cia Componente Especializado de Tubar\u00e3o amplia hor\u00e1rio de atendimento para melhorar acesso \u00e0 popula\u00e7\u00e3o Read More &raquo;","og_url":"https:\/\/sulsc.com\/index.php\/2026\/01\/29\/farmacia-componente-especializado-de-tubarao-amplia-horario-de-atendimento-para-melhorar-acesso-a-populacao\/","article_author":"https:\/\/www.facebook.com\/profile.php?id=61559278119680","article_published_time":"2026-01-29T11:49:50+00:00","og_image":[{"width":2560,"height":1707,"url":"http:\/\/sulsc.com\/wp-content\/uploads\/2026\/01\/abstract-blur-shopping-mall-scaled.jpg","type":"image\/jpeg"}],"author":"Reda\u00e7\u00e3o Sul SC","twitter_card":"summary_large_image","twitter_creator":"@https:\/\/twitter.com\/PortalSulSC","twitter_misc":{"Written by":"Reda\u00e7\u00e3o Sul SC","Est. reading time":"1 minute"},"schema":{"@context":"https:\/\/schema.org","@graph":[{"@type":"WebPage","@id":"https:\/\/sulsc.com\/index.php\/2026\/01\/29\/farmacia-componente-especializado-de-tubarao-amplia-horario-de-atendimento-para-melhorar-acesso-a-populacao\/","url":"https:\/\/sulsc.com\/index.php\/2026\/01\/29\/farmacia-componente-especializado-de-tubarao-amplia-horario-de-atendimento-para-melhorar-acesso-a-populacao\/","name":"Farm\u00e1cia Componente Especializado de Tubar\u00e3o amplia hor\u00e1rio de atendimento para melhorar acesso \u00e0 popula\u00e7\u00e3o -","isPartOf":{"@id":"https:\/\/sulsc.com\/#website"},"datePublished":"2026-01-29T11:49:50+00:00","dateModified":"2026-01-29T11:49:50+00:00","author":{"@id":"https:\/\/sulsc.com\/#\/schema\/person\/84d2fc571684f6248ba83092f07750a3"},"breadcrumb":{"@id":"https:\/\/sulsc.com\/index.php\/2026\/01\/29\/farmacia-componente-especializado-de-tubarao-amplia-horario-de-atendimento-para-melhorar-acesso-a-populacao\/#breadcrumb"},"inLanguage":"en-US","potentialAction":[{"@type":"ReadAction","target":["https:\/\/sulsc.com\/index.php\/2026\/01\/29\/farmacia-componente-especializado-de-tubarao-amplia-horario-de-atendimento-para-melhorar-acesso-a-populacao\/"]}]},{"@type":"BreadcrumbList","@id":"https:\/\/sulsc.com\/index.php\/2026\/01\/29\/farmacia-componente-especializado-de-tubarao-amplia-horario-de-atendimento-para-melhorar-acesso-a-populacao\/#breadcrumb","itemListElement":[{"@type":"ListItem","position":1,"name":"In\u00edcio","item":"https:\/\/sulsc.com\/"},{"@type":"ListItem","position":2,"name":"Farm\u00e1cia Componente Especializado de Tubar\u00e3o amplia hor\u00e1rio de atendimento para melhorar acesso \u00e0 popula\u00e7\u00e3o"}]},{"@type":"WebSite","@id":"https:\/\/sulsc.com\/#website","url":"https:\/\/sulsc.com\/","name":"","description":"","potentialAction":[{"@type":"SearchAction","target":{"@type":"EntryPoint","urlTemplate":"https:\/\/sulsc.com\/?s={search_term_string}"},"query-input":"required name=search_term_string"}],"inLanguage":"en-US"},{"@type":"Person","@id":"https:\/\/sulsc.com\/#\/schema\/person\/84d2fc571684f6248ba83092f07750a3","name":"Reda\u00e7\u00e3o Sul SC","image":{"@type":"ImageObject","inLanguage":"en-US","@id":"https:\/\/sulsc.com\/#\/schema\/person\/image\/e08d7fe2cc4ed596372063bbe852b8d0","url":"https:\/\/sulsc.com\/wp-content\/uploads\/2023\/09\/redacao.png","contentUrl":"https:\/\/sulsc.com\/wp-content\/uploads\/2023\/09\/redacao.png","caption":"Reda\u00e7\u00e3o Sul SC"},"description":"Foco em um jornalismo imparcial, voltado \u00e0 qualidade dos seus conte\u00fados e, assim, levar informa\u00e7\u00e3o de valor que agregue \u00e0 vida dos leitores. Esta \u00e9 grande miss\u00e3o do Portal de Not\u00edcias Sul SC. N\u00e3o \u00e9 quantidade que muda o mundo, sempre foi e seguir\u00e1 sendo qualidade!","sameAs":["https:\/\/sulsc.com\/","https:\/\/www.facebook.com\/profile.php?id=61559278119680","https:\/\/www.instagram.com\/sulscportal\/?hl=pt-br","https:\/\/twitter.com\/https:\/\/twitter.com\/PortalSulSC","https:\/\/www.youtube.com\/channel\/UCv_BE8GeySluDov2n8qhVmw"],"url":"https:\/\/sulsc.com\/index.php\/author\/redacao\/"}]}},"authors":[],"_links":{"self":[{"href":"https:\/\/sulsc.com\/index.php\/wp-json\/wp\/v2\/posts\/31889"}],"collection":[{"href":"https:\/\/sulsc.com\/index.php\/wp-json\/wp\/v2\/posts"}],"about":[{"href":"https:\/\/sulsc.com\/index.php\/wp-json\/wp\/v2\/types\/post"}],"author":[{"embeddable":true,"href":"https:\/\/sulsc.com\/index.php\/wp-json\/wp\/v2\/users\/3"}],"replies":[{"embeddable":true,"href":"https:\/\/sulsc.com\/index.php\/wp-json\/wp\/v2\/comments?post=31889"}],"version-history":[{"count":1,"href":"https:\/\/sulsc.com\/index.php\/wp-json\/wp\/v2\/posts\/31889\/revisions"}],"predecessor-version":[{"id":31892,"href":"https:\/\/sulsc.com\/index.php\/wp-json\/wp\/v2\/posts\/31889\/revisions\/31892"}],"wp:featuredmedia":[{"embeddable":true,"href":"https:\/\/sulsc.com\/index.php\/wp-json\/wp\/v2\/media\/31891"}],"wp:attachment":[{"href":"https:\/\/sulsc.com\/index.php\/wp-json\/wp\/v2\/media?parent=31889"}],"wp:term":[{"taxonomy":"category","embeddable":true,"href":"https:\/\/sulsc.com\/index.php\/wp-json\/wp\/v2\/categories?post=31889"},{"taxonomy":"post_tag","embeddable":true,"href":"https:\/\/sulsc.com\/index.php\/wp-json\/wp\/v2\/tags?post=31889"}],"curies":[{"name":"wp","href":"https:\/\/api.w.org\/{rel}","templated":true}]}}