{"id":31902,"date":"2026-01-29T16:06:12","date_gmt":"2026-01-29T19:06:12","guid":{"rendered":"https:\/\/sulsc.com\/?p=31902"},"modified":"2026-01-29T16:08:26","modified_gmt":"2026-01-29T19:08:26","slug":"vacinacao-contra-a-dengue-laguna-inicia-para-criancas-e-adolescentes-de-10-a-14-anos","status":"publish","type":"post","link":"https:\/\/sulsc.com\/index.php\/2026\/01\/29\/vacinacao-contra-a-dengue-laguna-inicia-para-criancas-e-adolescentes-de-10-a-14-anos\/","title":{"rendered":"Vacina\u00e7\u00e3o contra a dengue &#8211; Laguna inicia para crian\u00e7as e adolescentes de 10 a 14 anos"},"content":{"rendered":"<p><span dir=\"auto\" style=\"vertical-align: inherit;\"><span dir=\"auto\" style=\"vertical-align: inherit;\"><span dir=\"auto\" style=\"vertical-align: inherit;\"><span dir=\"auto\" style=\"vertical-align: inherit;\">A vacina\u00e7\u00e3o contra a dengue para crian\u00e7as e adolescentes de 10 a 14 anos de idade j\u00e1 est\u00e1 \u00e0 disposi\u00e7\u00e3o dos moradores de Laguna. . A a\u00e7\u00e3o segue a pactua\u00e7\u00e3o nacional do Programa Nacional de Imuniza\u00e7\u00f5es (PNI), em conformidade com as orienta\u00e7\u00f5es do Conselho Nacional de Secret\u00e1rios de Sa\u00fade (CONASS) e do Conselho Nacional de Secretarias Municipais de Sa\u00fade (CONASEMS).<\/span><\/span><\/span><\/span><\/p>\n<p><span dir=\"auto\" style=\"vertical-align: inherit;\"><span dir=\"auto\" style=\"vertical-align: inherit;\"><span dir=\"auto\" style=\"vertical-align: inherit;\"><span dir=\"auto\" style=\"vertical-align: inherit;\">O esquema vacinal contempla a aplica\u00e7\u00e3o de duas doses, com intervalo de tr\u00eas meses entre a primeira e a segunda. O imunizante disponibilizado \u00e9 a vacina Qdenga, do laborat\u00f3rio Takeda, indicada para a preven\u00e7\u00e3o da dengue nessa faixa et\u00e1ria.<\/span><\/span><\/span><\/span><\/p>\n<div id=\"metaslider-id-25573\" style=\"width: 100%;\" class=\"ml-slider-3-99-0 metaslider metaslider-flex metaslider-25573 ml-slider has-onhover-arrows ms-theme-default-base has-dots-nav\" role=\"region\" aria-label=\"Meio\" data-width=\"1200\">\n    <div id=\"metaslider_container_25573\">\n        <div id=\"metaslider_25573\">\n            <ul class='slides'>\n                <li style=\"display: block; width: 100%;\" class=\"slide-25684 ms-image \" aria-roledescription=\"slide\" data-date=\"2025-07-24 07:55:40\"><img src=\"https:\/\/sulsc.com\/wp-content\/uploads\/2025\/07\/Marr-2-1000x166.jpg\" height=\"200\" width=\"1200\" alt=\"\" class=\"slider-25573 slide-25684 msDefaultImage\" title=\"Marr 2\" \/><\/li>\n                <li style=\"display: none; width: 100%;\" class=\"slide-32412 ms-image \" aria-roledescription=\"slide\" data-date=\"2026-02-18 13:59:46\"><img src=\"https:\/\/sulsc.com\/wp-content\/uploads\/2026\/02\/40dc1580-cad5-4867-bc58-c4243821ad38-1000x166.jpeg\" height=\"200\" width=\"1200\" alt=\"\" class=\"slider-25573 slide-32412 msDefaultImage\" title=\"40dc1580-cad5-4867-bc58-c4243821ad38\" \/><\/li>\n                <li style=\"display: none; width: 100%;\" class=\"slide-32766 ms-image \" aria-roledescription=\"slide\" data-date=\"2026-03-03 17:22:59\"><img src=\"https:\/\/sulsc.com\/wp-content\/uploads\/2026\/03\/271ce739-f268-41c5-8051-3de1a1750359-1000x166.jpeg\" height=\"200\" width=\"1200\" alt=\"\" class=\"slider-25573 slide-32766 msDefaultImage\" title=\"271ce739-f268-41c5-8051-3de1a1750359\" \/><\/li>\n            <\/ul>\n        <\/div>\n        \n    <\/div>\n<\/div>\n<p><strong><span dir=\"auto\" style=\"vertical-align: inherit;\"><span dir=\"auto\" style=\"vertical-align: inherit;\"><span dir=\"auto\" style=\"vertical-align: inherit;\"><span dir=\"auto\" style=\"vertical-align: inherit;\">As doses j\u00e1 dispon\u00edveis est\u00e3o nas salas de vacina do munic\u00edpio, localizadas nos bairros:<\/span><\/span><\/span><\/span><\/strong><\/p>\n<p><span dir=\"auto\" style=\"vertical-align: inherit;\"><span dir=\"auto\" style=\"vertical-align: inherit;\"><span dir=\"auto\" style=\"vertical-align: inherit;\"><span dir=\"auto\" style=\"vertical-align: inherit;\">Passagem da Barra, Mar Grosso, Magalh\u00e3es, Campo de Fora\/Centro, Progresso, Portinho e Cabe\u00e7uda.<\/span><\/span><\/span><\/span><\/p>\n<p><span dir=\"auto\" style=\"vertical-align: inherit;\"><span dir=\"auto\" style=\"vertical-align: inherit;\"><span dir=\"auto\" style=\"vertical-align: inherit;\"><span dir=\"auto\" style=\"vertical-align: inherit;\">O hor\u00e1rio de atendimento nas salas de vacina \u00e9 das 8h \u00e0s 11h e das 13h \u00e0s 16h. Nas quartas-feiras, no per\u00edodo da tarde, das 13h \u00e0s 16h, a Sala de Vacina do Campo de Fora\/Centro realiza atendimento priorit\u00e1rio para rec\u00e9m-nascidos, com aplica\u00e7\u00e3o de BCG e Hepatite B.<\/span><\/span><\/span><\/span><\/p>\n<p><img fetchpriority=\"high\" decoding=\"async\" class=\"size-full wp-image-31862\" src=\"http:\/\/sulsc.com\/wp-content\/uploads\/2026\/01\/african-brave-boy-getting-vaccination-shoulder-from-nurse-procedure-hospital-with-other-scaled.jpg\" alt=\"\" width=\"2560\" height=\"1709\" srcset=\"https:\/\/sulsc.com\/wp-content\/uploads\/2026\/01\/african-brave-boy-getting-vaccination-shoulder-from-nurse-procedure-hospital-with-other-scaled.jpg 2560w, https:\/\/sulsc.com\/wp-content\/uploads\/2026\/01\/african-brave-boy-getting-vaccination-shoulder-from-nurse-procedure-hospital-with-other-300x200.jpg 300w, https:\/\/sulsc.com\/wp-content\/uploads\/2026\/01\/african-brave-boy-getting-vaccination-shoulder-from-nurse-procedure-hospital-with-other-1024x683.jpg 1024w, https:\/\/sulsc.com\/wp-content\/uploads\/2026\/01\/african-brave-boy-getting-vaccination-shoulder-from-nurse-procedure-hospital-with-other-768x513.jpg 768w, https:\/\/sulsc.com\/wp-content\/uploads\/2026\/01\/african-brave-boy-getting-vaccination-shoulder-from-nurse-procedure-hospital-with-other-1536x1025.jpg 1536w, https:\/\/sulsc.com\/wp-content\/uploads\/2026\/01\/african-brave-boy-getting-vaccination-shoulder-from-nurse-procedure-hospital-with-other-2048x1367.jpg 2048w\" sizes=\"(max-width: 2560px) 100vw, 2560px\" \/><\/p>\n<p><span dir=\"auto\" style=\"vertical-align: inherit;\"><span dir=\"auto\" style=\"vertical-align: inherit;\"><span dir=\"auto\" style=\"vertical-align: inherit;\"><span dir=\"auto\" style=\"vertical-align: inherit;\">A Secretaria de Sa\u00fade tamb\u00e9m orienta a popula\u00e7\u00e3o sobre as configura\u00e7\u00f5es no funcionamento das unidades. <\/span><\/span><\/span><\/span><strong><span dir=\"auto\" style=\"vertical-align: inherit;\"><span dir=\"auto\" style=\"vertical-align: inherit;\"><span dir=\"auto\" style=\"vertical-align: inherit;\"><span dir=\"auto\" style=\"vertical-align: inherit;\">\u201c<\/span><\/span><\/span><\/span><\/strong><span dir=\"auto\" style=\"vertical-align: inherit;\"><span dir=\"auto\" style=\"vertical-align: inherit;\"><span dir=\"auto\" style=\"vertical-align: inherit;\"><span dir=\"auto\" style=\"vertical-align: inherit;\"> Nas quintas-feiras \u00e0 tarde, a partir das 15h30, todas as unidades de sa\u00fade fecham para reuni\u00e3o de equipe. A sala de vacina encerra o atendimento \u00e0s 16h, sendo um hor\u00e1rio limitado. J\u00e1 a sala de vacina do Portinho conta com hor\u00e1rio estendido para vacina\u00e7\u00e3o, com atendimento at\u00e9 as 20h30, garantindo tempo h\u00e1bil para o armazenamento adequado das doses ao final do expediente <\/span><\/span><\/span><\/span><strong><span dir=\"auto\" style=\"vertical-align: inherit;\"><span dir=\"auto\" style=\"vertical-align: inherit;\"><span dir=\"auto\" style=\"vertical-align: inherit;\"><span dir=\"auto\" style=\"vertical-align: inherit;\">\u201d, informa o transportador.<\/span><\/span><\/span><\/span><\/strong><\/p>\n<p><strong><span dir=\"auto\" style=\"vertical-align: inherit;\"><span dir=\"auto\" style=\"vertical-align: inherit;\"><span dir=\"auto\" style=\"vertical-align: inherit;\"><span dir=\"auto\" style=\"vertical-align: inherit;\">Cobrar SulSC!<\/span><\/span><\/span><\/span><\/strong><\/p>\n<p><img decoding=\"async\" class=\"size-full wp-image-10818\" src=\"http:\/\/sulsc.com\/wp-content\/uploads\/2024\/04\/WhatsApp-Image-2024-04-04-at-14.54.15-e1756412727996.jpeg\" alt=\"\" width=\"1570\" height=\"1024\" srcset=\"https:\/\/sulsc.com\/wp-content\/uploads\/2024\/04\/WhatsApp-Image-2024-04-04-at-14.54.15-e1756412727996.jpeg 1570w, https:\/\/sulsc.com\/wp-content\/uploads\/2024\/04\/WhatsApp-Image-2024-04-04-at-14.54.15-e1756412727996-300x196.jpeg 300w, https:\/\/sulsc.com\/wp-content\/uploads\/2024\/04\/WhatsApp-Image-2024-04-04-at-14.54.15-e1756412727996-1024x668.jpeg 1024w, https:\/\/sulsc.com\/wp-content\/uploads\/2024\/04\/WhatsApp-Image-2024-04-04-at-14.54.15-e1756412727996-768x501.jpeg 768w, https:\/\/sulsc.com\/wp-content\/uploads\/2024\/04\/WhatsApp-Image-2024-04-04-at-14.54.15-e1756412727996-1536x1002.jpeg 1536w\" sizes=\"(max-width: 1570px) 100vw, 1570px\" \/><\/p>\n<p>&nbsp;<\/p>\n","protected":false},"excerpt":{"rendered":"<p>A vacina\u00e7\u00e3o contra a dengue para crian\u00e7as e adolescentes de 10 a 14 anos de idade j\u00e1 est\u00e1 \u00e0 disposi\u00e7\u00e3o dos moradores de Laguna. . A a\u00e7\u00e3o segue a pactua\u00e7\u00e3o nacional do Programa Nacional de Imuniza\u00e7\u00f5es (PNI), em conformidade com as orienta\u00e7\u00f5es do Conselho Nacional de Secret\u00e1rios de Sa\u00fade (CONASS) e do Conselho Nacional de &hellip;<\/p>\n<p class=\"read-more\"> <a class=\"\" href=\"https:\/\/sulsc.com\/index.php\/2026\/01\/29\/vacinacao-contra-a-dengue-laguna-inicia-para-criancas-e-adolescentes-de-10-a-14-anos\/\"> <span class=\"screen-reader-text\">Vacina\u00e7\u00e3o contra a dengue &#8211; Laguna inicia para crian\u00e7as e adolescentes de 10 a 14 anos<\/span> Read More &raquo;<\/a><\/p>\n","protected":false},"author":3,"featured_media":31861,"comment_status":"open","ping_status":"open","sticky":false,"template":"","format":"standard","meta":{"site-sidebar-layout":"default","site-content-layout":"","ast-site-content-layout":"default","site-content-style":"default","site-sidebar-style":"default","ast-global-header-display":"","ast-banner-title-visibility":"","ast-main-header-display":"","ast-hfb-above-header-display":"","ast-hfb-below-header-display":"","ast-hfb-mobile-header-display":"","site-post-title":"","ast-breadcrumbs-content":"","ast-featured-img":"","footer-sml-layout":"","theme-transparent-header-meta":"default","adv-header-id-meta":"","stick-header-meta":"","header-above-stick-meta":"","header-main-stick-meta":"","header-below-stick-meta":"","astra-migrate-meta-layouts":"set","footnotes":""},"categories":[1,22,2281,14],"tags":[1049],"yoast_head":"<!-- This site is optimized with the Yoast SEO plugin v21.4 - https:\/\/yoast.com\/wordpress\/plugins\/seo\/ -->\n<title>Vacina\u00e7\u00e3o contra a dengue - Laguna inicia para crian\u00e7as e adolescentes de 10 a 14 anos -<\/title>\n<meta name=\"robots\" content=\"index, follow, max-snippet:-1, max-image-preview:large, max-video-preview:-1\" \/>\n<link rel=\"canonical\" href=\"https:\/\/sulsc.com\/index.php\/2026\/01\/29\/vacinacao-contra-a-dengue-laguna-inicia-para-criancas-e-adolescentes-de-10-a-14-anos\/\" \/>\n<meta property=\"og:locale\" content=\"en_US\" \/>\n<meta property=\"og:type\" content=\"article\" \/>\n<meta property=\"og:title\" content=\"Vacina\u00e7\u00e3o contra a dengue - Laguna inicia para crian\u00e7as e adolescentes de 10 a 14 anos -\" \/>\n<meta property=\"og:description\" content=\"A vacina\u00e7\u00e3o contra a dengue para crian\u00e7as e adolescentes de 10 a 14 anos de idade j\u00e1 est\u00e1 \u00e0 disposi\u00e7\u00e3o dos moradores de Laguna. . A a\u00e7\u00e3o segue a pactua\u00e7\u00e3o nacional do Programa Nacional de Imuniza\u00e7\u00f5es (PNI), em conformidade com as orienta\u00e7\u00f5es do Conselho Nacional de Secret\u00e1rios de Sa\u00fade (CONASS) e do Conselho Nacional de &hellip; Vacina\u00e7\u00e3o contra a dengue &#8211; Laguna inicia para crian\u00e7as e adolescentes de 10 a 14 anos Read More &raquo;\" \/>\n<meta property=\"og:url\" content=\"https:\/\/sulsc.com\/index.php\/2026\/01\/29\/vacinacao-contra-a-dengue-laguna-inicia-para-criancas-e-adolescentes-de-10-a-14-anos\/\" \/>\n<meta property=\"article:author\" content=\"https:\/\/www.facebook.com\/profile.php?id=61559278119680\" \/>\n<meta property=\"article:published_time\" content=\"2026-01-29T19:06:12+00:00\" \/>\n<meta property=\"article:modified_time\" content=\"2026-01-29T19:08:26+00:00\" \/>\n<meta property=\"og:image\" content=\"http:\/\/sulsc.com\/wp-content\/uploads\/2026\/01\/coronavirus-vaccination-vaccinated-arab-woman-pointing-arm-with-plaster-bandage-scaled.jpg\" \/>\n\t<meta property=\"og:image:width\" content=\"2560\" \/>\n\t<meta property=\"og:image:height\" content=\"1707\" \/>\n\t<meta property=\"og:image:type\" content=\"image\/jpeg\" \/>\n<meta name=\"author\" content=\"Reda\u00e7\u00e3o Sul SC\" \/>\n<meta name=\"twitter:card\" content=\"summary_large_image\" \/>\n<meta name=\"twitter:creator\" content=\"@https:\/\/twitter.com\/PortalSulSC\" \/>\n<meta name=\"twitter:label1\" content=\"Written by\" \/>\n\t<meta name=\"twitter:data1\" content=\"Reda\u00e7\u00e3o Sul SC\" \/>\n\t<meta name=\"twitter:label2\" content=\"Est. reading time\" \/>\n\t<meta name=\"twitter:data2\" content=\"2 minutes\" \/>\n<script type=\"application\/ld+json\" class=\"yoast-schema-graph\">{\"@context\":\"https:\/\/schema.org\",\"@graph\":[{\"@type\":\"WebPage\",\"@id\":\"https:\/\/sulsc.com\/index.php\/2026\/01\/29\/vacinacao-contra-a-dengue-laguna-inicia-para-criancas-e-adolescentes-de-10-a-14-anos\/\",\"url\":\"https:\/\/sulsc.com\/index.php\/2026\/01\/29\/vacinacao-contra-a-dengue-laguna-inicia-para-criancas-e-adolescentes-de-10-a-14-anos\/\",\"name\":\"Vacina\u00e7\u00e3o contra a dengue - Laguna inicia para crian\u00e7as e adolescentes de 10 a 14 anos -\",\"isPartOf\":{\"@id\":\"https:\/\/sulsc.com\/#website\"},\"datePublished\":\"2026-01-29T19:06:12+00:00\",\"dateModified\":\"2026-01-29T19:08:26+00:00\",\"author\":{\"@id\":\"https:\/\/sulsc.com\/#\/schema\/person\/84d2fc571684f6248ba83092f07750a3\"},\"breadcrumb\":{\"@id\":\"https:\/\/sulsc.com\/index.php\/2026\/01\/29\/vacinacao-contra-a-dengue-laguna-inicia-para-criancas-e-adolescentes-de-10-a-14-anos\/#breadcrumb\"},\"inLanguage\":\"en-US\",\"potentialAction\":[{\"@type\":\"ReadAction\",\"target\":[\"https:\/\/sulsc.com\/index.php\/2026\/01\/29\/vacinacao-contra-a-dengue-laguna-inicia-para-criancas-e-adolescentes-de-10-a-14-anos\/\"]}]},{\"@type\":\"BreadcrumbList\",\"@id\":\"https:\/\/sulsc.com\/index.php\/2026\/01\/29\/vacinacao-contra-a-dengue-laguna-inicia-para-criancas-e-adolescentes-de-10-a-14-anos\/#breadcrumb\",\"itemListElement\":[{\"@type\":\"ListItem\",\"position\":1,\"name\":\"In\u00edcio\",\"item\":\"https:\/\/sulsc.com\/\"},{\"@type\":\"ListItem\",\"position\":2,\"name\":\"Vacina\u00e7\u00e3o contra a dengue &#8211; Laguna inicia para crian\u00e7as e adolescentes de 10 a 14 anos\"}]},{\"@type\":\"WebSite\",\"@id\":\"https:\/\/sulsc.com\/#website\",\"url\":\"https:\/\/sulsc.com\/\",\"name\":\"\",\"description\":\"\",\"potentialAction\":[{\"@type\":\"SearchAction\",\"target\":{\"@type\":\"EntryPoint\",\"urlTemplate\":\"https:\/\/sulsc.com\/?s={search_term_string}\"},\"query-input\":\"required name=search_term_string\"}],\"inLanguage\":\"en-US\"},{\"@type\":\"Person\",\"@id\":\"https:\/\/sulsc.com\/#\/schema\/person\/84d2fc571684f6248ba83092f07750a3\",\"name\":\"Reda\u00e7\u00e3o Sul SC\",\"image\":{\"@type\":\"ImageObject\",\"inLanguage\":\"en-US\",\"@id\":\"https:\/\/sulsc.com\/#\/schema\/person\/image\/e08d7fe2cc4ed596372063bbe852b8d0\",\"url\":\"https:\/\/sulsc.com\/wp-content\/uploads\/2023\/09\/redacao.png\",\"contentUrl\":\"https:\/\/sulsc.com\/wp-content\/uploads\/2023\/09\/redacao.png\",\"caption\":\"Reda\u00e7\u00e3o Sul SC\"},\"description\":\"Foco em um jornalismo imparcial, voltado \u00e0 qualidade dos seus conte\u00fados e, assim, levar informa\u00e7\u00e3o de valor que agregue \u00e0 vida dos leitores. Esta \u00e9 grande miss\u00e3o do Portal de Not\u00edcias Sul SC. N\u00e3o \u00e9 quantidade que muda o mundo, sempre foi e seguir\u00e1 sendo qualidade!\",\"sameAs\":[\"https:\/\/sulsc.com\/\",\"https:\/\/www.facebook.com\/profile.php?id=61559278119680\",\"https:\/\/www.instagram.com\/sulscportal\/?hl=pt-br\",\"https:\/\/twitter.com\/https:\/\/twitter.com\/PortalSulSC\",\"https:\/\/www.youtube.com\/channel\/UCv_BE8GeySluDov2n8qhVmw\"],\"url\":\"https:\/\/sulsc.com\/index.php\/author\/redacao\/\"}]}<\/script>\n<!-- \/ Yoast SEO plugin. -->","yoast_head_json":{"title":"Vacina\u00e7\u00e3o contra a dengue - Laguna inicia para crian\u00e7as e adolescentes de 10 a 14 anos -","robots":{"index":"index","follow":"follow","max-snippet":"max-snippet:-1","max-image-preview":"max-image-preview:large","max-video-preview":"max-video-preview:-1"},"canonical":"https:\/\/sulsc.com\/index.php\/2026\/01\/29\/vacinacao-contra-a-dengue-laguna-inicia-para-criancas-e-adolescentes-de-10-a-14-anos\/","og_locale":"en_US","og_type":"article","og_title":"Vacina\u00e7\u00e3o contra a dengue - Laguna inicia para crian\u00e7as e adolescentes de 10 a 14 anos -","og_description":"A vacina\u00e7\u00e3o contra a dengue para crian\u00e7as e adolescentes de 10 a 14 anos de idade j\u00e1 est\u00e1 \u00e0 disposi\u00e7\u00e3o dos moradores de Laguna. . A a\u00e7\u00e3o segue a pactua\u00e7\u00e3o nacional do Programa Nacional de Imuniza\u00e7\u00f5es (PNI), em conformidade com as orienta\u00e7\u00f5es do Conselho Nacional de Secret\u00e1rios de Sa\u00fade (CONASS) e do Conselho Nacional de &hellip; Vacina\u00e7\u00e3o contra a dengue &#8211; Laguna inicia para crian\u00e7as e adolescentes de 10 a 14 anos Read More &raquo;","og_url":"https:\/\/sulsc.com\/index.php\/2026\/01\/29\/vacinacao-contra-a-dengue-laguna-inicia-para-criancas-e-adolescentes-de-10-a-14-anos\/","article_author":"https:\/\/www.facebook.com\/profile.php?id=61559278119680","article_published_time":"2026-01-29T19:06:12+00:00","article_modified_time":"2026-01-29T19:08:26+00:00","og_image":[{"width":2560,"height":1707,"url":"http:\/\/sulsc.com\/wp-content\/uploads\/2026\/01\/coronavirus-vaccination-vaccinated-arab-woman-pointing-arm-with-plaster-bandage-scaled.jpg","type":"image\/jpeg"}],"author":"Reda\u00e7\u00e3o Sul SC","twitter_card":"summary_large_image","twitter_creator":"@https:\/\/twitter.com\/PortalSulSC","twitter_misc":{"Written by":"Reda\u00e7\u00e3o Sul SC","Est. reading time":"2 minutes"},"schema":{"@context":"https:\/\/schema.org","@graph":[{"@type":"WebPage","@id":"https:\/\/sulsc.com\/index.php\/2026\/01\/29\/vacinacao-contra-a-dengue-laguna-inicia-para-criancas-e-adolescentes-de-10-a-14-anos\/","url":"https:\/\/sulsc.com\/index.php\/2026\/01\/29\/vacinacao-contra-a-dengue-laguna-inicia-para-criancas-e-adolescentes-de-10-a-14-anos\/","name":"Vacina\u00e7\u00e3o contra a dengue - Laguna inicia para crian\u00e7as e adolescentes de 10 a 14 anos -","isPartOf":{"@id":"https:\/\/sulsc.com\/#website"},"datePublished":"2026-01-29T19:06:12+00:00","dateModified":"2026-01-29T19:08:26+00:00","author":{"@id":"https:\/\/sulsc.com\/#\/schema\/person\/84d2fc571684f6248ba83092f07750a3"},"breadcrumb":{"@id":"https:\/\/sulsc.com\/index.php\/2026\/01\/29\/vacinacao-contra-a-dengue-laguna-inicia-para-criancas-e-adolescentes-de-10-a-14-anos\/#breadcrumb"},"inLanguage":"en-US","potentialAction":[{"@type":"ReadAction","target":["https:\/\/sulsc.com\/index.php\/2026\/01\/29\/vacinacao-contra-a-dengue-laguna-inicia-para-criancas-e-adolescentes-de-10-a-14-anos\/"]}]},{"@type":"BreadcrumbList","@id":"https:\/\/sulsc.com\/index.php\/2026\/01\/29\/vacinacao-contra-a-dengue-laguna-inicia-para-criancas-e-adolescentes-de-10-a-14-anos\/#breadcrumb","itemListElement":[{"@type":"ListItem","position":1,"name":"In\u00edcio","item":"https:\/\/sulsc.com\/"},{"@type":"ListItem","position":2,"name":"Vacina\u00e7\u00e3o contra a dengue &#8211; Laguna inicia para crian\u00e7as e adolescentes de 10 a 14 anos"}]},{"@type":"WebSite","@id":"https:\/\/sulsc.com\/#website","url":"https:\/\/sulsc.com\/","name":"","description":"","potentialAction":[{"@type":"SearchAction","target":{"@type":"EntryPoint","urlTemplate":"https:\/\/sulsc.com\/?s={search_term_string}"},"query-input":"required name=search_term_string"}],"inLanguage":"en-US"},{"@type":"Person","@id":"https:\/\/sulsc.com\/#\/schema\/person\/84d2fc571684f6248ba83092f07750a3","name":"Reda\u00e7\u00e3o Sul SC","image":{"@type":"ImageObject","inLanguage":"en-US","@id":"https:\/\/sulsc.com\/#\/schema\/person\/image\/e08d7fe2cc4ed596372063bbe852b8d0","url":"https:\/\/sulsc.com\/wp-content\/uploads\/2023\/09\/redacao.png","contentUrl":"https:\/\/sulsc.com\/wp-content\/uploads\/2023\/09\/redacao.png","caption":"Reda\u00e7\u00e3o Sul SC"},"description":"Foco em um jornalismo imparcial, voltado \u00e0 qualidade dos seus conte\u00fados e, assim, levar informa\u00e7\u00e3o de valor que agregue \u00e0 vida dos leitores. Esta \u00e9 grande miss\u00e3o do Portal de Not\u00edcias Sul SC. N\u00e3o \u00e9 quantidade que muda o mundo, sempre foi e seguir\u00e1 sendo qualidade!","sameAs":["https:\/\/sulsc.com\/","https:\/\/www.facebook.com\/profile.php?id=61559278119680","https:\/\/www.instagram.com\/sulscportal\/?hl=pt-br","https:\/\/twitter.com\/https:\/\/twitter.com\/PortalSulSC","https:\/\/www.youtube.com\/channel\/UCv_BE8GeySluDov2n8qhVmw"],"url":"https:\/\/sulsc.com\/index.php\/author\/redacao\/"}]}},"authors":[],"_links":{"self":[{"href":"https:\/\/sulsc.com\/index.php\/wp-json\/wp\/v2\/posts\/31902"}],"collection":[{"href":"https:\/\/sulsc.com\/index.php\/wp-json\/wp\/v2\/posts"}],"about":[{"href":"https:\/\/sulsc.com\/index.php\/wp-json\/wp\/v2\/types\/post"}],"author":[{"embeddable":true,"href":"https:\/\/sulsc.com\/index.php\/wp-json\/wp\/v2\/users\/3"}],"replies":[{"embeddable":true,"href":"https:\/\/sulsc.com\/index.php\/wp-json\/wp\/v2\/comments?post=31902"}],"version-history":[{"count":4,"href":"https:\/\/sulsc.com\/index.php\/wp-json\/wp\/v2\/posts\/31902\/revisions"}],"predecessor-version":[{"id":31906,"href":"https:\/\/sulsc.com\/index.php\/wp-json\/wp\/v2\/posts\/31902\/revisions\/31906"}],"wp:featuredmedia":[{"embeddable":true,"href":"https:\/\/sulsc.com\/index.php\/wp-json\/wp\/v2\/media\/31861"}],"wp:attachment":[{"href":"https:\/\/sulsc.com\/index.php\/wp-json\/wp\/v2\/media?parent=31902"}],"wp:term":[{"taxonomy":"category","embeddable":true,"href":"https:\/\/sulsc.com\/index.php\/wp-json\/wp\/v2\/categories?post=31902"},{"taxonomy":"post_tag","embeddable":true,"href":"https:\/\/sulsc.com\/index.php\/wp-json\/wp\/v2\/tags?post=31902"}],"curies":[{"name":"wp","href":"https:\/\/api.w.org\/{rel}","templated":true}]}}