{"id":3205,"date":"2023-11-01T08:00:05","date_gmt":"2023-11-01T11:00:05","guid":{"rendered":"https:\/\/sulsc.com\/?p=3205"},"modified":"2023-11-01T07:55:30","modified_gmt":"2023-11-01T10:55:30","slug":"suspeito-de-uma-sequencia-de-roubos-em-criciuma-e-preso-em-rapida-acao-da-pm","status":"publish","type":"post","link":"https:\/\/sulsc.com\/index.php\/2023\/11\/01\/suspeito-de-uma-sequencia-de-roubos-em-criciuma-e-preso-em-rapida-acao-da-pm\/","title":{"rendered":"Suspeito de uma sequ\u00eancia de roubos em Crici\u00fama \u00e9 preso em r\u00e1pida a\u00e7\u00e3o da PM"},"content":{"rendered":"<p>Um crime de roubo foi registrado na tarde desta ter\u00e7a-feira (31), no bairro Bras\u00edlia, em Crici\u00fama. A Pol\u00edcia Militar foi acionada para atender a ocorr\u00eancia em que uma mulher havia sido assaltada na rua atr\u00e1s de um mercado, por um homem de moto. A informa\u00e7\u00e3o \u00e9 de que ele teria levado seu celular.<\/p>\n<p>Ap\u00f3s identifica\u00e7\u00e3o das caracter\u00edsticas repassadas, as guarni\u00e7\u00f5es da cidade permaneceram em rondas e em pouco tempo, localizaram o homem nas proximidades da r\u00f3tula da empresa ouro negro (apenas como refer\u00eancia). Durante a abordagem o suspeito tentou ocultar os objetos do roubo, dois celulares com capinha rosa, dentro de sua roupa \u00edntima.<\/p>\n<p>Ao consultar suas passagens policiais, foram encontrados em desfavor do suspeito informa\u00e7\u00f5es criminais por tr\u00e1fico de drogas, dire\u00e7\u00e3o perigosa em ve\u00edculo automotor, amea\u00e7a, roubo a pedestre e furto. Al\u00e9m disso, a moto que ele portava, uam Yamaha Crosser, possu\u00eda registro de furto, sendo recuperada e encaminhada \u00e0 delegacia de pol\u00edcia.<\/p>\n<p>Ap\u00f3s a pris\u00e3o em flagrante do homem, de 37anos, foram identificados mais quatro den\u00fancias de roubo, realizadas por um homem com as mesmas caracter\u00edsticas do suspeito.<\/p>\n<p><img fetchpriority=\"high\" decoding=\"async\" class=\"alignnone size-large wp-image-3191\" src=\"http:\/\/sulsc.com\/wp-content\/uploads\/2023\/10\/WhatsApp-Image-2023-10-31-at-16.52.01-1024x576.jpeg\" alt=\"\" width=\"1024\" height=\"576\" srcset=\"https:\/\/sulsc.com\/wp-content\/uploads\/2023\/10\/WhatsApp-Image-2023-10-31-at-16.52.01-1024x576.jpeg 1024w, https:\/\/sulsc.com\/wp-content\/uploads\/2023\/10\/WhatsApp-Image-2023-10-31-at-16.52.01-300x169.jpeg 300w, https:\/\/sulsc.com\/wp-content\/uploads\/2023\/10\/WhatsApp-Image-2023-10-31-at-16.52.01-768x432.jpeg 768w, https:\/\/sulsc.com\/wp-content\/uploads\/2023\/10\/WhatsApp-Image-2023-10-31-at-16.52.01-1536x864.jpeg 1536w, https:\/\/sulsc.com\/wp-content\/uploads\/2023\/10\/WhatsApp-Image-2023-10-31-at-16.52.01.jpeg 1600w\" sizes=\"(max-width: 1024px) 100vw, 1024px\" \/><\/p>\n","protected":false},"excerpt":{"rendered":"<p>Um crime de roubo foi registrado na tarde desta ter\u00e7a-feira (31), no bairro Bras\u00edlia, em Crici\u00fama. A Pol\u00edcia Militar foi acionada para atender a ocorr\u00eancia em que uma mulher havia sido assaltada na rua atr\u00e1s de um mercado, por um homem de moto. A informa\u00e7\u00e3o \u00e9 de que ele teria levado seu celular. Ap\u00f3s identifica\u00e7\u00e3o &hellip;<\/p>\n<p class=\"read-more\"> <a class=\"\" href=\"https:\/\/sulsc.com\/index.php\/2023\/11\/01\/suspeito-de-uma-sequencia-de-roubos-em-criciuma-e-preso-em-rapida-acao-da-pm\/\"> <span class=\"screen-reader-text\">Suspeito de uma sequ\u00eancia de roubos em Crici\u00fama \u00e9 preso em r\u00e1pida a\u00e7\u00e3o da PM<\/span> Read More &raquo;<\/a><\/p>\n","protected":false},"author":3,"featured_media":3190,"comment_status":"open","ping_status":"open","sticky":false,"template":"","format":"standard","meta":{"site-sidebar-layout":"default","site-content-layout":"","ast-site-content-layout":"default","site-content-style":"default","site-sidebar-style":"default","ast-global-header-display":"","ast-banner-title-visibility":"","ast-main-header-display":"","ast-hfb-above-header-display":"","ast-hfb-below-header-display":"","ast-hfb-mobile-header-display":"","site-post-title":"","ast-breadcrumbs-content":"","ast-featured-img":"","footer-sml-layout":"","theme-transparent-header-meta":"default","adv-header-id-meta":"","stick-header-meta":"","header-above-stick-meta":"","header-main-stick-meta":"","header-below-stick-meta":"","astra-migrate-meta-layouts":"set","footnotes":""},"categories":[23,8],"tags":[],"yoast_head":"<!-- This site is optimized with the Yoast SEO plugin v21.4 - https:\/\/yoast.com\/wordpress\/plugins\/seo\/ -->\n<title>Suspeito de uma sequ\u00eancia de roubos em Crici\u00fama \u00e9 preso em r\u00e1pida a\u00e7\u00e3o da PM -<\/title>\n<meta name=\"robots\" content=\"index, follow, max-snippet:-1, max-image-preview:large, max-video-preview:-1\" \/>\n<link rel=\"canonical\" href=\"https:\/\/sulsc.com\/index.php\/2023\/11\/01\/suspeito-de-uma-sequencia-de-roubos-em-criciuma-e-preso-em-rapida-acao-da-pm\/\" \/>\n<meta property=\"og:locale\" content=\"en_US\" \/>\n<meta property=\"og:type\" content=\"article\" \/>\n<meta property=\"og:title\" content=\"Suspeito de uma sequ\u00eancia de roubos em Crici\u00fama \u00e9 preso em r\u00e1pida a\u00e7\u00e3o da PM -\" \/>\n<meta property=\"og:description\" content=\"Um crime de roubo foi registrado na tarde desta ter\u00e7a-feira (31), no bairro Bras\u00edlia, em Crici\u00fama. A Pol\u00edcia Militar foi acionada para atender a ocorr\u00eancia em que uma mulher havia sido assaltada na rua atr\u00e1s de um mercado, por um homem de moto. A informa\u00e7\u00e3o \u00e9 de que ele teria levado seu celular. Ap\u00f3s identifica\u00e7\u00e3o &hellip; Suspeito de uma sequ\u00eancia de roubos em Crici\u00fama \u00e9 preso em r\u00e1pida a\u00e7\u00e3o da PM Read More &raquo;\" \/>\n<meta property=\"og:url\" content=\"https:\/\/sulsc.com\/index.php\/2023\/11\/01\/suspeito-de-uma-sequencia-de-roubos-em-criciuma-e-preso-em-rapida-acao-da-pm\/\" \/>\n<meta property=\"article:author\" content=\"https:\/\/www.facebook.com\/profile.php?id=61559278119680\" \/>\n<meta property=\"article:published_time\" content=\"2023-11-01T11:00:05+00:00\" \/>\n<meta property=\"article:modified_time\" content=\"2023-11-01T10:55:30+00:00\" \/>\n<meta property=\"og:image\" content=\"https:\/\/sulsc.com\/wp-content\/uploads\/2023\/10\/WhatsApp-Image-2023-10-31-at-16.52.01-1.jpeg\" \/>\n\t<meta property=\"og:image:width\" content=\"1600\" \/>\n\t<meta property=\"og:image:height\" content=\"900\" \/>\n\t<meta property=\"og:image:type\" content=\"image\/jpeg\" \/>\n<meta name=\"author\" content=\"Reda\u00e7\u00e3o Sul SC\" \/>\n<meta name=\"twitter:card\" content=\"summary_large_image\" \/>\n<meta name=\"twitter:creator\" content=\"@https:\/\/twitter.com\/PortalSulSC\" \/>\n<meta name=\"twitter:label1\" content=\"Written by\" \/>\n\t<meta name=\"twitter:data1\" content=\"Reda\u00e7\u00e3o Sul SC\" \/>\n\t<meta name=\"twitter:label2\" content=\"Est. reading time\" \/>\n\t<meta name=\"twitter:data2\" content=\"2 minutes\" \/>\n<script type=\"application\/ld+json\" class=\"yoast-schema-graph\">{\"@context\":\"https:\/\/schema.org\",\"@graph\":[{\"@type\":\"WebPage\",\"@id\":\"https:\/\/sulsc.com\/index.php\/2023\/11\/01\/suspeito-de-uma-sequencia-de-roubos-em-criciuma-e-preso-em-rapida-acao-da-pm\/\",\"url\":\"https:\/\/sulsc.com\/index.php\/2023\/11\/01\/suspeito-de-uma-sequencia-de-roubos-em-criciuma-e-preso-em-rapida-acao-da-pm\/\",\"name\":\"Suspeito de uma sequ\u00eancia de roubos em Crici\u00fama \u00e9 preso em r\u00e1pida a\u00e7\u00e3o da PM -\",\"isPartOf\":{\"@id\":\"https:\/\/sulsc.com\/#website\"},\"datePublished\":\"2023-11-01T11:00:05+00:00\",\"dateModified\":\"2023-11-01T10:55:30+00:00\",\"author\":{\"@id\":\"https:\/\/sulsc.com\/#\/schema\/person\/84d2fc571684f6248ba83092f07750a3\"},\"breadcrumb\":{\"@id\":\"https:\/\/sulsc.com\/index.php\/2023\/11\/01\/suspeito-de-uma-sequencia-de-roubos-em-criciuma-e-preso-em-rapida-acao-da-pm\/#breadcrumb\"},\"inLanguage\":\"en-US\",\"potentialAction\":[{\"@type\":\"ReadAction\",\"target\":[\"https:\/\/sulsc.com\/index.php\/2023\/11\/01\/suspeito-de-uma-sequencia-de-roubos-em-criciuma-e-preso-em-rapida-acao-da-pm\/\"]}]},{\"@type\":\"BreadcrumbList\",\"@id\":\"https:\/\/sulsc.com\/index.php\/2023\/11\/01\/suspeito-de-uma-sequencia-de-roubos-em-criciuma-e-preso-em-rapida-acao-da-pm\/#breadcrumb\",\"itemListElement\":[{\"@type\":\"ListItem\",\"position\":1,\"name\":\"In\u00edcio\",\"item\":\"https:\/\/sulsc.com\/\"},{\"@type\":\"ListItem\",\"position\":2,\"name\":\"Suspeito de uma sequ\u00eancia de roubos em Crici\u00fama \u00e9 preso em r\u00e1pida a\u00e7\u00e3o da PM\"}]},{\"@type\":\"WebSite\",\"@id\":\"https:\/\/sulsc.com\/#website\",\"url\":\"https:\/\/sulsc.com\/\",\"name\":\"\",\"description\":\"\",\"potentialAction\":[{\"@type\":\"SearchAction\",\"target\":{\"@type\":\"EntryPoint\",\"urlTemplate\":\"https:\/\/sulsc.com\/?s={search_term_string}\"},\"query-input\":\"required name=search_term_string\"}],\"inLanguage\":\"en-US\"},{\"@type\":\"Person\",\"@id\":\"https:\/\/sulsc.com\/#\/schema\/person\/84d2fc571684f6248ba83092f07750a3\",\"name\":\"Reda\u00e7\u00e3o Sul SC\",\"image\":{\"@type\":\"ImageObject\",\"inLanguage\":\"en-US\",\"@id\":\"https:\/\/sulsc.com\/#\/schema\/person\/image\/e08d7fe2cc4ed596372063bbe852b8d0\",\"url\":\"https:\/\/sulsc.com\/wp-content\/uploads\/2023\/09\/redacao.png\",\"contentUrl\":\"https:\/\/sulsc.com\/wp-content\/uploads\/2023\/09\/redacao.png\",\"caption\":\"Reda\u00e7\u00e3o Sul SC\"},\"description\":\"Foco em um jornalismo imparcial, voltado \u00e0 qualidade dos seus conte\u00fados e, assim, levar informa\u00e7\u00e3o de valor que agregue \u00e0 vida dos leitores. Esta \u00e9 grande miss\u00e3o do Portal de Not\u00edcias Sul SC. N\u00e3o \u00e9 quantidade que muda o mundo, sempre foi e seguir\u00e1 sendo qualidade!\",\"sameAs\":[\"https:\/\/sulsc.com\/\",\"https:\/\/www.facebook.com\/profile.php?id=61559278119680\",\"https:\/\/www.instagram.com\/sulscportal\/?hl=pt-br\",\"https:\/\/twitter.com\/https:\/\/twitter.com\/PortalSulSC\",\"https:\/\/www.youtube.com\/channel\/UCv_BE8GeySluDov2n8qhVmw\"],\"url\":\"https:\/\/sulsc.com\/index.php\/author\/redacao\/\"}]}<\/script>\n<!-- \/ Yoast SEO plugin. -->","yoast_head_json":{"title":"Suspeito de uma sequ\u00eancia de roubos em Crici\u00fama \u00e9 preso em r\u00e1pida a\u00e7\u00e3o da PM -","robots":{"index":"index","follow":"follow","max-snippet":"max-snippet:-1","max-image-preview":"max-image-preview:large","max-video-preview":"max-video-preview:-1"},"canonical":"https:\/\/sulsc.com\/index.php\/2023\/11\/01\/suspeito-de-uma-sequencia-de-roubos-em-criciuma-e-preso-em-rapida-acao-da-pm\/","og_locale":"en_US","og_type":"article","og_title":"Suspeito de uma sequ\u00eancia de roubos em Crici\u00fama \u00e9 preso em r\u00e1pida a\u00e7\u00e3o da PM -","og_description":"Um crime de roubo foi registrado na tarde desta ter\u00e7a-feira (31), no bairro Bras\u00edlia, em Crici\u00fama. A Pol\u00edcia Militar foi acionada para atender a ocorr\u00eancia em que uma mulher havia sido assaltada na rua atr\u00e1s de um mercado, por um homem de moto. A informa\u00e7\u00e3o \u00e9 de que ele teria levado seu celular. Ap\u00f3s identifica\u00e7\u00e3o &hellip; Suspeito de uma sequ\u00eancia de roubos em Crici\u00fama \u00e9 preso em r\u00e1pida a\u00e7\u00e3o da PM Read More &raquo;","og_url":"https:\/\/sulsc.com\/index.php\/2023\/11\/01\/suspeito-de-uma-sequencia-de-roubos-em-criciuma-e-preso-em-rapida-acao-da-pm\/","article_author":"https:\/\/www.facebook.com\/profile.php?id=61559278119680","article_published_time":"2023-11-01T11:00:05+00:00","article_modified_time":"2023-11-01T10:55:30+00:00","og_image":[{"width":1600,"height":900,"url":"https:\/\/sulsc.com\/wp-content\/uploads\/2023\/10\/WhatsApp-Image-2023-10-31-at-16.52.01-1.jpeg","type":"image\/jpeg"}],"author":"Reda\u00e7\u00e3o Sul SC","twitter_card":"summary_large_image","twitter_creator":"@https:\/\/twitter.com\/PortalSulSC","twitter_misc":{"Written by":"Reda\u00e7\u00e3o Sul SC","Est. reading time":"2 minutes"},"schema":{"@context":"https:\/\/schema.org","@graph":[{"@type":"WebPage","@id":"https:\/\/sulsc.com\/index.php\/2023\/11\/01\/suspeito-de-uma-sequencia-de-roubos-em-criciuma-e-preso-em-rapida-acao-da-pm\/","url":"https:\/\/sulsc.com\/index.php\/2023\/11\/01\/suspeito-de-uma-sequencia-de-roubos-em-criciuma-e-preso-em-rapida-acao-da-pm\/","name":"Suspeito de uma sequ\u00eancia de roubos em Crici\u00fama \u00e9 preso em r\u00e1pida a\u00e7\u00e3o da PM -","isPartOf":{"@id":"https:\/\/sulsc.com\/#website"},"datePublished":"2023-11-01T11:00:05+00:00","dateModified":"2023-11-01T10:55:30+00:00","author":{"@id":"https:\/\/sulsc.com\/#\/schema\/person\/84d2fc571684f6248ba83092f07750a3"},"breadcrumb":{"@id":"https:\/\/sulsc.com\/index.php\/2023\/11\/01\/suspeito-de-uma-sequencia-de-roubos-em-criciuma-e-preso-em-rapida-acao-da-pm\/#breadcrumb"},"inLanguage":"en-US","potentialAction":[{"@type":"ReadAction","target":["https:\/\/sulsc.com\/index.php\/2023\/11\/01\/suspeito-de-uma-sequencia-de-roubos-em-criciuma-e-preso-em-rapida-acao-da-pm\/"]}]},{"@type":"BreadcrumbList","@id":"https:\/\/sulsc.com\/index.php\/2023\/11\/01\/suspeito-de-uma-sequencia-de-roubos-em-criciuma-e-preso-em-rapida-acao-da-pm\/#breadcrumb","itemListElement":[{"@type":"ListItem","position":1,"name":"In\u00edcio","item":"https:\/\/sulsc.com\/"},{"@type":"ListItem","position":2,"name":"Suspeito de uma sequ\u00eancia de roubos em Crici\u00fama \u00e9 preso em r\u00e1pida a\u00e7\u00e3o da PM"}]},{"@type":"WebSite","@id":"https:\/\/sulsc.com\/#website","url":"https:\/\/sulsc.com\/","name":"","description":"","potentialAction":[{"@type":"SearchAction","target":{"@type":"EntryPoint","urlTemplate":"https:\/\/sulsc.com\/?s={search_term_string}"},"query-input":"required name=search_term_string"}],"inLanguage":"en-US"},{"@type":"Person","@id":"https:\/\/sulsc.com\/#\/schema\/person\/84d2fc571684f6248ba83092f07750a3","name":"Reda\u00e7\u00e3o Sul SC","image":{"@type":"ImageObject","inLanguage":"en-US","@id":"https:\/\/sulsc.com\/#\/schema\/person\/image\/e08d7fe2cc4ed596372063bbe852b8d0","url":"https:\/\/sulsc.com\/wp-content\/uploads\/2023\/09\/redacao.png","contentUrl":"https:\/\/sulsc.com\/wp-content\/uploads\/2023\/09\/redacao.png","caption":"Reda\u00e7\u00e3o Sul SC"},"description":"Foco em um jornalismo imparcial, voltado \u00e0 qualidade dos seus conte\u00fados e, assim, levar informa\u00e7\u00e3o de valor que agregue \u00e0 vida dos leitores. Esta \u00e9 grande miss\u00e3o do Portal de Not\u00edcias Sul SC. N\u00e3o \u00e9 quantidade que muda o mundo, sempre foi e seguir\u00e1 sendo qualidade!","sameAs":["https:\/\/sulsc.com\/","https:\/\/www.facebook.com\/profile.php?id=61559278119680","https:\/\/www.instagram.com\/sulscportal\/?hl=pt-br","https:\/\/twitter.com\/https:\/\/twitter.com\/PortalSulSC","https:\/\/www.youtube.com\/channel\/UCv_BE8GeySluDov2n8qhVmw"],"url":"https:\/\/sulsc.com\/index.php\/author\/redacao\/"}]}},"authors":[],"_links":{"self":[{"href":"https:\/\/sulsc.com\/index.php\/wp-json\/wp\/v2\/posts\/3205"}],"collection":[{"href":"https:\/\/sulsc.com\/index.php\/wp-json\/wp\/v2\/posts"}],"about":[{"href":"https:\/\/sulsc.com\/index.php\/wp-json\/wp\/v2\/types\/post"}],"author":[{"embeddable":true,"href":"https:\/\/sulsc.com\/index.php\/wp-json\/wp\/v2\/users\/3"}],"replies":[{"embeddable":true,"href":"https:\/\/sulsc.com\/index.php\/wp-json\/wp\/v2\/comments?post=3205"}],"version-history":[{"count":1,"href":"https:\/\/sulsc.com\/index.php\/wp-json\/wp\/v2\/posts\/3205\/revisions"}],"predecessor-version":[{"id":3206,"href":"https:\/\/sulsc.com\/index.php\/wp-json\/wp\/v2\/posts\/3205\/revisions\/3206"}],"wp:featuredmedia":[{"embeddable":true,"href":"https:\/\/sulsc.com\/index.php\/wp-json\/wp\/v2\/media\/3190"}],"wp:attachment":[{"href":"https:\/\/sulsc.com\/index.php\/wp-json\/wp\/v2\/media?parent=3205"}],"wp:term":[{"taxonomy":"category","embeddable":true,"href":"https:\/\/sulsc.com\/index.php\/wp-json\/wp\/v2\/categories?post=3205"},{"taxonomy":"post_tag","embeddable":true,"href":"https:\/\/sulsc.com\/index.php\/wp-json\/wp\/v2\/tags?post=3205"}],"curies":[{"name":"wp","href":"https:\/\/api.w.org\/{rel}","templated":true}]}}