{"id":3226,"date":"2023-11-01T10:30:25","date_gmt":"2023-11-01T13:30:25","guid":{"rendered":"https:\/\/sulsc.com\/?p=3226"},"modified":"2023-11-01T09:18:32","modified_gmt":"2023-11-01T12:18:32","slug":"assassino-da-creche-cantinho-bom-pastor-de-blumenau-vai-a-juri-popular","status":"publish","type":"post","link":"https:\/\/sulsc.com\/index.php\/2023\/11\/01\/assassino-da-creche-cantinho-bom-pastor-de-blumenau-vai-a-juri-popular\/","title":{"rendered":"Assassino da creche Cantinho Bom Pastor de Blumenau vai a j\u00fari popular"},"content":{"rendered":"<p>O homem que matou quatro crian\u00e7as e tentou assassinar outras cinco pessoas no CEI Cantinho Bom Pastor, em Blumenau,\u00a0 precisar\u00e1 enfrentar o j\u00fari popular. O crime ocorreu no dia 5 de abril. A decis\u00e3o foi publicada pelo ju\u00edzo da 2\u00aa Vara Criminal nesta ter\u00e7a-feira (31), por\u00e9m, a data ainda n\u00e3o foi determinada.<\/p>\n<p>De acordo com a magistrada sentenciante, \u201ctodos os elementos de prova juntados aos autos, especialmente os laudos periciais, relat\u00f3rios de investiga\u00e7\u00e3o e testemunhos produzidos durante o contradit\u00f3rio, apontam para a exist\u00eancia de materialidade e ind\u00edcios suficientes de autoria dos nove crimes de homic\u00eddio qualificados descritos na den\u00fancia, quatro consumados e cinco tentados\u201d.<\/p>\n<p>O r\u00e9u foi denunciado por quatro homic\u00eddios qualificados e cinco tentativas de homic\u00eddio qualificado. Todas as qualificadoras \u2013 motivo torpe, meio cruel, uso de recurso que dificultou a defesa das v\u00edtima e crime contra menores de 14 anos \u2013 foram consideradas e ser\u00e3o remetidas a julgamento pelo Tribunal do J\u00fari.<\/p>\n<p><img fetchpriority=\"high\" decoding=\"async\" class=\"alignnone size-large wp-image-3227\" src=\"http:\/\/sulsc.com\/wp-content\/uploads\/2023\/11\/assassino-do-cei-cantinho-bom-pastor-enfrentara-juri-popular-design-sem-nome-2023-10-31t184605.925-1068x580-1-1024x556.jpg\" alt=\"\" width=\"1024\" height=\"556\" srcset=\"https:\/\/sulsc.com\/wp-content\/uploads\/2023\/11\/assassino-do-cei-cantinho-bom-pastor-enfrentara-juri-popular-design-sem-nome-2023-10-31t184605.925-1068x580-1-1024x556.jpg 1024w, https:\/\/sulsc.com\/wp-content\/uploads\/2023\/11\/assassino-do-cei-cantinho-bom-pastor-enfrentara-juri-popular-design-sem-nome-2023-10-31t184605.925-1068x580-1-300x163.jpg 300w, https:\/\/sulsc.com\/wp-content\/uploads\/2023\/11\/assassino-do-cei-cantinho-bom-pastor-enfrentara-juri-popular-design-sem-nome-2023-10-31t184605.925-1068x580-1-768x417.jpg 768w, https:\/\/sulsc.com\/wp-content\/uploads\/2023\/11\/assassino-do-cei-cantinho-bom-pastor-enfrentara-juri-popular-design-sem-nome-2023-10-31t184605.925-1068x580-1.jpg 1068w\" sizes=\"(max-width: 1024px) 100vw, 1024px\" \/><\/p>\n<p>&nbsp;<\/p>\n<p><strong>Relembre crime no CEI Cantinho Bom Pastor<\/strong><\/p>\n<p>Durante a manh\u00e3 do dia 5 de abril um homem de 25 anos entrou no CEI Cantinho Bom Pastor, localizado na rua Ca\u00e7adores, bairro Velha, em Blumenau, e atacou as crian\u00e7as. Com um machado e um canivete ele matou quatro crian\u00e7as.\u00a0As v\u00edtimas foram identificadas como Bernardo Pabst da Cunha, 4, Bernardo Cunha Machado, de 5 anos, Larissa Maia Toldo, de 7 anos, e Enzo Marchesin Barbosa, de 4.<\/p>\n<p>O autor do crime tamb\u00e9m deixou cinco feridos. Uma das meninas foi liberada logo ap\u00f3s o crime e as outras quatro receberam alta na quinta-feira (6). Um dos feridos, Davi Ambrosio, precisou receber transfus\u00e3o de sangue. Ap\u00f3s realizar o massacre, o assassino foi at\u00e9 o Batalh\u00e3o da Pol\u00edcia Militar para se entregar, ap\u00f3s cometer o crime, e foi preso em flagrante.<\/p>\n<p>&nbsp;<\/p>\n<p>Fonte: O Munic\u00edpio<\/p>\n","protected":false},"excerpt":{"rendered":"<p>O homem que matou quatro crian\u00e7as e tentou assassinar outras cinco pessoas no CEI Cantinho Bom Pastor, em Blumenau,\u00a0 precisar\u00e1 enfrentar o j\u00fari popular. O crime ocorreu no dia 5 de abril. A decis\u00e3o foi publicada pelo ju\u00edzo da 2\u00aa Vara Criminal nesta ter\u00e7a-feira (31), por\u00e9m, a data ainda n\u00e3o foi determinada. De acordo com &hellip;<\/p>\n<p class=\"read-more\"> <a class=\"\" href=\"https:\/\/sulsc.com\/index.php\/2023\/11\/01\/assassino-da-creche-cantinho-bom-pastor-de-blumenau-vai-a-juri-popular\/\"> <span class=\"screen-reader-text\">Assassino da creche Cantinho Bom Pastor de Blumenau vai a j\u00fari popular<\/span> Read More &raquo;<\/a><\/p>\n","protected":false},"author":3,"featured_media":3227,"comment_status":"open","ping_status":"open","sticky":false,"template":"","format":"standard","meta":{"site-sidebar-layout":"default","site-content-layout":"","ast-site-content-layout":"default","site-content-style":"default","site-sidebar-style":"default","ast-global-header-display":"","ast-banner-title-visibility":"","ast-main-header-display":"","ast-hfb-above-header-display":"","ast-hfb-below-header-display":"","ast-hfb-mobile-header-display":"","site-post-title":"","ast-breadcrumbs-content":"","ast-featured-img":"","footer-sml-layout":"","theme-transparent-header-meta":"default","adv-header-id-meta":"","stick-header-meta":"","header-above-stick-meta":"","header-main-stick-meta":"","header-below-stick-meta":"","astra-migrate-meta-layouts":"set","footnotes":""},"categories":[8],"tags":[],"yoast_head":"<!-- This site is optimized with the Yoast SEO plugin v21.4 - https:\/\/yoast.com\/wordpress\/plugins\/seo\/ -->\n<title>Assassino da creche Cantinho Bom Pastor de Blumenau vai a j\u00fari popular -<\/title>\n<meta name=\"robots\" content=\"index, follow, max-snippet:-1, max-image-preview:large, max-video-preview:-1\" \/>\n<link rel=\"canonical\" href=\"https:\/\/sulsc.com\/index.php\/2023\/11\/01\/assassino-da-creche-cantinho-bom-pastor-de-blumenau-vai-a-juri-popular\/\" \/>\n<meta property=\"og:locale\" content=\"en_US\" \/>\n<meta property=\"og:type\" content=\"article\" \/>\n<meta property=\"og:title\" content=\"Assassino da creche Cantinho Bom Pastor de Blumenau vai a j\u00fari popular -\" \/>\n<meta property=\"og:description\" content=\"O homem que matou quatro crian\u00e7as e tentou assassinar outras cinco pessoas no CEI Cantinho Bom Pastor, em Blumenau,\u00a0 precisar\u00e1 enfrentar o j\u00fari popular. O crime ocorreu no dia 5 de abril. A decis\u00e3o foi publicada pelo ju\u00edzo da 2\u00aa Vara Criminal nesta ter\u00e7a-feira (31), por\u00e9m, a data ainda n\u00e3o foi determinada. De acordo com &hellip; Assassino da creche Cantinho Bom Pastor de Blumenau vai a j\u00fari popular Read More &raquo;\" \/>\n<meta property=\"og:url\" content=\"https:\/\/sulsc.com\/index.php\/2023\/11\/01\/assassino-da-creche-cantinho-bom-pastor-de-blumenau-vai-a-juri-popular\/\" \/>\n<meta property=\"article:author\" content=\"https:\/\/www.facebook.com\/profile.php?id=61559278119680\" \/>\n<meta property=\"article:published_time\" content=\"2023-11-01T13:30:25+00:00\" \/>\n<meta property=\"article:modified_time\" content=\"2023-11-01T12:18:32+00:00\" \/>\n<meta property=\"og:image\" content=\"https:\/\/sulsc.com\/wp-content\/uploads\/2023\/11\/assassino-do-cei-cantinho-bom-pastor-enfrentara-juri-popular-design-sem-nome-2023-10-31t184605.925-1068x580-1.jpg\" \/>\n\t<meta property=\"og:image:width\" content=\"1068\" \/>\n\t<meta property=\"og:image:height\" content=\"580\" \/>\n\t<meta property=\"og:image:type\" content=\"image\/jpeg\" \/>\n<meta name=\"author\" content=\"Reda\u00e7\u00e3o Sul SC\" \/>\n<meta name=\"twitter:card\" content=\"summary_large_image\" \/>\n<meta name=\"twitter:creator\" content=\"@https:\/\/twitter.com\/PortalSulSC\" \/>\n<meta name=\"twitter:label1\" content=\"Written by\" \/>\n\t<meta name=\"twitter:data1\" content=\"Reda\u00e7\u00e3o Sul SC\" \/>\n\t<meta name=\"twitter:label2\" content=\"Est. reading time\" \/>\n\t<meta name=\"twitter:data2\" content=\"2 minutes\" \/>\n<script type=\"application\/ld+json\" class=\"yoast-schema-graph\">{\"@context\":\"https:\/\/schema.org\",\"@graph\":[{\"@type\":\"WebPage\",\"@id\":\"https:\/\/sulsc.com\/index.php\/2023\/11\/01\/assassino-da-creche-cantinho-bom-pastor-de-blumenau-vai-a-juri-popular\/\",\"url\":\"https:\/\/sulsc.com\/index.php\/2023\/11\/01\/assassino-da-creche-cantinho-bom-pastor-de-blumenau-vai-a-juri-popular\/\",\"name\":\"Assassino da creche Cantinho Bom Pastor de Blumenau vai a j\u00fari popular -\",\"isPartOf\":{\"@id\":\"https:\/\/sulsc.com\/#website\"},\"datePublished\":\"2023-11-01T13:30:25+00:00\",\"dateModified\":\"2023-11-01T12:18:32+00:00\",\"author\":{\"@id\":\"https:\/\/sulsc.com\/#\/schema\/person\/84d2fc571684f6248ba83092f07750a3\"},\"breadcrumb\":{\"@id\":\"https:\/\/sulsc.com\/index.php\/2023\/11\/01\/assassino-da-creche-cantinho-bom-pastor-de-blumenau-vai-a-juri-popular\/#breadcrumb\"},\"inLanguage\":\"en-US\",\"potentialAction\":[{\"@type\":\"ReadAction\",\"target\":[\"https:\/\/sulsc.com\/index.php\/2023\/11\/01\/assassino-da-creche-cantinho-bom-pastor-de-blumenau-vai-a-juri-popular\/\"]}]},{\"@type\":\"BreadcrumbList\",\"@id\":\"https:\/\/sulsc.com\/index.php\/2023\/11\/01\/assassino-da-creche-cantinho-bom-pastor-de-blumenau-vai-a-juri-popular\/#breadcrumb\",\"itemListElement\":[{\"@type\":\"ListItem\",\"position\":1,\"name\":\"In\u00edcio\",\"item\":\"https:\/\/sulsc.com\/\"},{\"@type\":\"ListItem\",\"position\":2,\"name\":\"Assassino da creche Cantinho Bom Pastor de Blumenau vai a j\u00fari popular\"}]},{\"@type\":\"WebSite\",\"@id\":\"https:\/\/sulsc.com\/#website\",\"url\":\"https:\/\/sulsc.com\/\",\"name\":\"\",\"description\":\"\",\"potentialAction\":[{\"@type\":\"SearchAction\",\"target\":{\"@type\":\"EntryPoint\",\"urlTemplate\":\"https:\/\/sulsc.com\/?s={search_term_string}\"},\"query-input\":\"required name=search_term_string\"}],\"inLanguage\":\"en-US\"},{\"@type\":\"Person\",\"@id\":\"https:\/\/sulsc.com\/#\/schema\/person\/84d2fc571684f6248ba83092f07750a3\",\"name\":\"Reda\u00e7\u00e3o Sul SC\",\"image\":{\"@type\":\"ImageObject\",\"inLanguage\":\"en-US\",\"@id\":\"https:\/\/sulsc.com\/#\/schema\/person\/image\/e08d7fe2cc4ed596372063bbe852b8d0\",\"url\":\"https:\/\/sulsc.com\/wp-content\/uploads\/2023\/09\/redacao.png\",\"contentUrl\":\"https:\/\/sulsc.com\/wp-content\/uploads\/2023\/09\/redacao.png\",\"caption\":\"Reda\u00e7\u00e3o Sul SC\"},\"description\":\"Foco em um jornalismo imparcial, voltado \u00e0 qualidade dos seus conte\u00fados e, assim, levar informa\u00e7\u00e3o de valor que agregue \u00e0 vida dos leitores. Esta \u00e9 grande miss\u00e3o do Portal de Not\u00edcias Sul SC. N\u00e3o \u00e9 quantidade que muda o mundo, sempre foi e seguir\u00e1 sendo qualidade!\",\"sameAs\":[\"https:\/\/sulsc.com\/\",\"https:\/\/www.facebook.com\/profile.php?id=61559278119680\",\"https:\/\/www.instagram.com\/sulscportal\/?hl=pt-br\",\"https:\/\/twitter.com\/https:\/\/twitter.com\/PortalSulSC\",\"https:\/\/www.youtube.com\/channel\/UCv_BE8GeySluDov2n8qhVmw\"],\"url\":\"https:\/\/sulsc.com\/index.php\/author\/redacao\/\"}]}<\/script>\n<!-- \/ Yoast SEO plugin. -->","yoast_head_json":{"title":"Assassino da creche Cantinho Bom Pastor de Blumenau vai a j\u00fari popular -","robots":{"index":"index","follow":"follow","max-snippet":"max-snippet:-1","max-image-preview":"max-image-preview:large","max-video-preview":"max-video-preview:-1"},"canonical":"https:\/\/sulsc.com\/index.php\/2023\/11\/01\/assassino-da-creche-cantinho-bom-pastor-de-blumenau-vai-a-juri-popular\/","og_locale":"en_US","og_type":"article","og_title":"Assassino da creche Cantinho Bom Pastor de Blumenau vai a j\u00fari popular -","og_description":"O homem que matou quatro crian\u00e7as e tentou assassinar outras cinco pessoas no CEI Cantinho Bom Pastor, em Blumenau,\u00a0 precisar\u00e1 enfrentar o j\u00fari popular. O crime ocorreu no dia 5 de abril. A decis\u00e3o foi publicada pelo ju\u00edzo da 2\u00aa Vara Criminal nesta ter\u00e7a-feira (31), por\u00e9m, a data ainda n\u00e3o foi determinada. De acordo com &hellip; Assassino da creche Cantinho Bom Pastor de Blumenau vai a j\u00fari popular Read More &raquo;","og_url":"https:\/\/sulsc.com\/index.php\/2023\/11\/01\/assassino-da-creche-cantinho-bom-pastor-de-blumenau-vai-a-juri-popular\/","article_author":"https:\/\/www.facebook.com\/profile.php?id=61559278119680","article_published_time":"2023-11-01T13:30:25+00:00","article_modified_time":"2023-11-01T12:18:32+00:00","og_image":[{"width":1068,"height":580,"url":"https:\/\/sulsc.com\/wp-content\/uploads\/2023\/11\/assassino-do-cei-cantinho-bom-pastor-enfrentara-juri-popular-design-sem-nome-2023-10-31t184605.925-1068x580-1.jpg","type":"image\/jpeg"}],"author":"Reda\u00e7\u00e3o Sul SC","twitter_card":"summary_large_image","twitter_creator":"@https:\/\/twitter.com\/PortalSulSC","twitter_misc":{"Written by":"Reda\u00e7\u00e3o Sul SC","Est. reading time":"2 minutes"},"schema":{"@context":"https:\/\/schema.org","@graph":[{"@type":"WebPage","@id":"https:\/\/sulsc.com\/index.php\/2023\/11\/01\/assassino-da-creche-cantinho-bom-pastor-de-blumenau-vai-a-juri-popular\/","url":"https:\/\/sulsc.com\/index.php\/2023\/11\/01\/assassino-da-creche-cantinho-bom-pastor-de-blumenau-vai-a-juri-popular\/","name":"Assassino da creche Cantinho Bom Pastor de Blumenau vai a j\u00fari popular -","isPartOf":{"@id":"https:\/\/sulsc.com\/#website"},"datePublished":"2023-11-01T13:30:25+00:00","dateModified":"2023-11-01T12:18:32+00:00","author":{"@id":"https:\/\/sulsc.com\/#\/schema\/person\/84d2fc571684f6248ba83092f07750a3"},"breadcrumb":{"@id":"https:\/\/sulsc.com\/index.php\/2023\/11\/01\/assassino-da-creche-cantinho-bom-pastor-de-blumenau-vai-a-juri-popular\/#breadcrumb"},"inLanguage":"en-US","potentialAction":[{"@type":"ReadAction","target":["https:\/\/sulsc.com\/index.php\/2023\/11\/01\/assassino-da-creche-cantinho-bom-pastor-de-blumenau-vai-a-juri-popular\/"]}]},{"@type":"BreadcrumbList","@id":"https:\/\/sulsc.com\/index.php\/2023\/11\/01\/assassino-da-creche-cantinho-bom-pastor-de-blumenau-vai-a-juri-popular\/#breadcrumb","itemListElement":[{"@type":"ListItem","position":1,"name":"In\u00edcio","item":"https:\/\/sulsc.com\/"},{"@type":"ListItem","position":2,"name":"Assassino da creche Cantinho Bom Pastor de Blumenau vai a j\u00fari popular"}]},{"@type":"WebSite","@id":"https:\/\/sulsc.com\/#website","url":"https:\/\/sulsc.com\/","name":"","description":"","potentialAction":[{"@type":"SearchAction","target":{"@type":"EntryPoint","urlTemplate":"https:\/\/sulsc.com\/?s={search_term_string}"},"query-input":"required name=search_term_string"}],"inLanguage":"en-US"},{"@type":"Person","@id":"https:\/\/sulsc.com\/#\/schema\/person\/84d2fc571684f6248ba83092f07750a3","name":"Reda\u00e7\u00e3o Sul SC","image":{"@type":"ImageObject","inLanguage":"en-US","@id":"https:\/\/sulsc.com\/#\/schema\/person\/image\/e08d7fe2cc4ed596372063bbe852b8d0","url":"https:\/\/sulsc.com\/wp-content\/uploads\/2023\/09\/redacao.png","contentUrl":"https:\/\/sulsc.com\/wp-content\/uploads\/2023\/09\/redacao.png","caption":"Reda\u00e7\u00e3o Sul SC"},"description":"Foco em um jornalismo imparcial, voltado \u00e0 qualidade dos seus conte\u00fados e, assim, levar informa\u00e7\u00e3o de valor que agregue \u00e0 vida dos leitores. Esta \u00e9 grande miss\u00e3o do Portal de Not\u00edcias Sul SC. N\u00e3o \u00e9 quantidade que muda o mundo, sempre foi e seguir\u00e1 sendo qualidade!","sameAs":["https:\/\/sulsc.com\/","https:\/\/www.facebook.com\/profile.php?id=61559278119680","https:\/\/www.instagram.com\/sulscportal\/?hl=pt-br","https:\/\/twitter.com\/https:\/\/twitter.com\/PortalSulSC","https:\/\/www.youtube.com\/channel\/UCv_BE8GeySluDov2n8qhVmw"],"url":"https:\/\/sulsc.com\/index.php\/author\/redacao\/"}]}},"authors":[],"_links":{"self":[{"href":"https:\/\/sulsc.com\/index.php\/wp-json\/wp\/v2\/posts\/3226"}],"collection":[{"href":"https:\/\/sulsc.com\/index.php\/wp-json\/wp\/v2\/posts"}],"about":[{"href":"https:\/\/sulsc.com\/index.php\/wp-json\/wp\/v2\/types\/post"}],"author":[{"embeddable":true,"href":"https:\/\/sulsc.com\/index.php\/wp-json\/wp\/v2\/users\/3"}],"replies":[{"embeddable":true,"href":"https:\/\/sulsc.com\/index.php\/wp-json\/wp\/v2\/comments?post=3226"}],"version-history":[{"count":1,"href":"https:\/\/sulsc.com\/index.php\/wp-json\/wp\/v2\/posts\/3226\/revisions"}],"predecessor-version":[{"id":3228,"href":"https:\/\/sulsc.com\/index.php\/wp-json\/wp\/v2\/posts\/3226\/revisions\/3228"}],"wp:featuredmedia":[{"embeddable":true,"href":"https:\/\/sulsc.com\/index.php\/wp-json\/wp\/v2\/media\/3227"}],"wp:attachment":[{"href":"https:\/\/sulsc.com\/index.php\/wp-json\/wp\/v2\/media?parent=3226"}],"wp:term":[{"taxonomy":"category","embeddable":true,"href":"https:\/\/sulsc.com\/index.php\/wp-json\/wp\/v2\/categories?post=3226"},{"taxonomy":"post_tag","embeddable":true,"href":"https:\/\/sulsc.com\/index.php\/wp-json\/wp\/v2\/tags?post=3226"}],"curies":[{"name":"wp","href":"https:\/\/api.w.org\/{rel}","templated":true}]}}