{"id":3233,"date":"2023-11-01T11:00:26","date_gmt":"2023-11-01T14:00:26","guid":{"rendered":"https:\/\/sulsc.com\/?p=3233"},"modified":"2023-11-01T09:40:03","modified_gmt":"2023-11-01T12:40:03","slug":"quase-10-kg-de-drogas-sao-apreendidas-em-sao-jose","status":"publish","type":"post","link":"https:\/\/sulsc.com\/index.php\/2023\/11\/01\/quase-10-kg-de-drogas-sao-apreendidas-em-sao-jose\/","title":{"rendered":"Quase 10 kg de drogas s\u00e3o apreendidas em S\u00e3o Jos\u00e9"},"content":{"rendered":"<p>Uma a\u00e7\u00e3o integrada entre policiais militares do 4\u00ba Batalh\u00e3o de Pol\u00edcia Militar (BPM) e Batalh\u00e3o de Opera\u00e7\u00f5es Policiais Especiais (Bope), desarticularam um local utilizado para armazenamento de entorpecentes no bairro Picadas do Sul, em S\u00e3o Jos\u00e9. A a\u00e7\u00e3o ocorreu na noite desta segunda-feira (30).<\/p>\n<p>Em cumprimento \u00e0 Opera\u00e7\u00e3o 360 Infinito, a a\u00e7\u00e3o integrada entre policiais das unidades, resultou na apreens\u00e3o de 8,3 kg de maconha, 1,3 kg de skunk e oito p\u00e9s de maconha.\u00a0O local era utilizado por pessoas que comercializavam e armazenavam entorpecentes relacionados ao tr\u00e1fico de drogas.<\/p>\n<p>No momento em que os agentes chegaram no local, um homem conseguiu se evadir e n\u00e3o foi poss\u00edvel abord\u00e1-lo. Diante dos fatos, os materiais foram apreendidos e encaminhados para a delegacia de Pol\u00edcia Civil para os procedimentos pertinentes.<\/p>\n<p><img decoding=\"async\" title=\"foto-2-5.jpg\" src=\"https:\/\/www.pm.sc.gov.br\/uploads\/07821726958\/2023\/10\/foto-2-5.jpg\" \/><\/p>\n<p>&nbsp;<\/p>\n<p>Fonte: PMSC<\/p>\n","protected":false},"excerpt":{"rendered":"<p>Uma a\u00e7\u00e3o integrada entre policiais militares do 4\u00ba Batalh\u00e3o de Pol\u00edcia Militar (BPM) e Batalh\u00e3o de Opera\u00e7\u00f5es Policiais Especiais (Bope), desarticularam um local utilizado para armazenamento de entorpecentes no bairro Picadas do Sul, em S\u00e3o Jos\u00e9. A a\u00e7\u00e3o ocorreu na noite desta segunda-feira (30). Em cumprimento \u00e0 Opera\u00e7\u00e3o 360 Infinito, a a\u00e7\u00e3o integrada entre policiais &hellip;<\/p>\n<p class=\"read-more\"> <a class=\"\" href=\"https:\/\/sulsc.com\/index.php\/2023\/11\/01\/quase-10-kg-de-drogas-sao-apreendidas-em-sao-jose\/\"> <span class=\"screen-reader-text\">Quase 10 kg de drogas s\u00e3o apreendidas em S\u00e3o Jos\u00e9<\/span> Read More &raquo;<\/a><\/p>\n","protected":false},"author":3,"featured_media":3234,"comment_status":"open","ping_status":"open","sticky":false,"template":"","format":"standard","meta":{"site-sidebar-layout":"default","site-content-layout":"","ast-site-content-layout":"default","site-content-style":"default","site-sidebar-style":"default","ast-global-header-display":"","ast-banner-title-visibility":"","ast-main-header-display":"","ast-hfb-above-header-display":"","ast-hfb-below-header-display":"","ast-hfb-mobile-header-display":"","site-post-title":"","ast-breadcrumbs-content":"","ast-featured-img":"","footer-sml-layout":"","theme-transparent-header-meta":"default","adv-header-id-meta":"","stick-header-meta":"","header-above-stick-meta":"","header-main-stick-meta":"","header-below-stick-meta":"","astra-migrate-meta-layouts":"set","footnotes":""},"categories":[8],"tags":[],"yoast_head":"<!-- This site is optimized with the Yoast SEO plugin v21.4 - https:\/\/yoast.com\/wordpress\/plugins\/seo\/ -->\n<title>Quase 10 kg de drogas s\u00e3o apreendidas em S\u00e3o Jos\u00e9 -<\/title>\n<meta name=\"robots\" content=\"index, follow, max-snippet:-1, max-image-preview:large, max-video-preview:-1\" \/>\n<link rel=\"canonical\" href=\"https:\/\/sulsc.com\/index.php\/2023\/11\/01\/quase-10-kg-de-drogas-sao-apreendidas-em-sao-jose\/\" \/>\n<meta property=\"og:locale\" content=\"en_US\" \/>\n<meta property=\"og:type\" content=\"article\" \/>\n<meta property=\"og:title\" content=\"Quase 10 kg de drogas s\u00e3o apreendidas em S\u00e3o Jos\u00e9 -\" \/>\n<meta property=\"og:description\" content=\"Uma a\u00e7\u00e3o integrada entre policiais militares do 4\u00ba Batalh\u00e3o de Pol\u00edcia Militar (BPM) e Batalh\u00e3o de Opera\u00e7\u00f5es Policiais Especiais (Bope), desarticularam um local utilizado para armazenamento de entorpecentes no bairro Picadas do Sul, em S\u00e3o Jos\u00e9. A a\u00e7\u00e3o ocorreu na noite desta segunda-feira (30). Em cumprimento \u00e0 Opera\u00e7\u00e3o 360 Infinito, a a\u00e7\u00e3o integrada entre policiais &hellip; Quase 10 kg de drogas s\u00e3o apreendidas em S\u00e3o Jos\u00e9 Read More &raquo;\" \/>\n<meta property=\"og:url\" content=\"https:\/\/sulsc.com\/index.php\/2023\/11\/01\/quase-10-kg-de-drogas-sao-apreendidas-em-sao-jose\/\" \/>\n<meta property=\"article:author\" content=\"https:\/\/www.facebook.com\/profile.php?id=61559278119680\" \/>\n<meta property=\"article:published_time\" content=\"2023-11-01T14:00:26+00:00\" \/>\n<meta property=\"article:modified_time\" content=\"2023-11-01T12:40:03+00:00\" \/>\n<meta property=\"og:image\" content=\"https:\/\/sulsc.com\/wp-content\/uploads\/2023\/11\/Quase-10-kg-de-drogas-sao-apreendidas-em-Sao-Jose.jpg\" \/>\n\t<meta property=\"og:image:width\" content=\"720\" \/>\n\t<meta property=\"og:image:height\" content=\"405\" \/>\n\t<meta property=\"og:image:type\" content=\"image\/jpeg\" \/>\n<meta name=\"author\" content=\"Reda\u00e7\u00e3o Sul SC\" \/>\n<meta name=\"twitter:card\" content=\"summary_large_image\" \/>\n<meta name=\"twitter:creator\" content=\"@https:\/\/twitter.com\/PortalSulSC\" \/>\n<meta name=\"twitter:label1\" content=\"Written by\" \/>\n\t<meta name=\"twitter:data1\" content=\"Reda\u00e7\u00e3o Sul SC\" \/>\n\t<meta name=\"twitter:label2\" content=\"Est. reading time\" \/>\n\t<meta name=\"twitter:data2\" content=\"1 minute\" \/>\n<script type=\"application\/ld+json\" class=\"yoast-schema-graph\">{\"@context\":\"https:\/\/schema.org\",\"@graph\":[{\"@type\":\"WebPage\",\"@id\":\"https:\/\/sulsc.com\/index.php\/2023\/11\/01\/quase-10-kg-de-drogas-sao-apreendidas-em-sao-jose\/\",\"url\":\"https:\/\/sulsc.com\/index.php\/2023\/11\/01\/quase-10-kg-de-drogas-sao-apreendidas-em-sao-jose\/\",\"name\":\"Quase 10 kg de drogas s\u00e3o apreendidas em S\u00e3o Jos\u00e9 -\",\"isPartOf\":{\"@id\":\"https:\/\/sulsc.com\/#website\"},\"datePublished\":\"2023-11-01T14:00:26+00:00\",\"dateModified\":\"2023-11-01T12:40:03+00:00\",\"author\":{\"@id\":\"https:\/\/sulsc.com\/#\/schema\/person\/84d2fc571684f6248ba83092f07750a3\"},\"breadcrumb\":{\"@id\":\"https:\/\/sulsc.com\/index.php\/2023\/11\/01\/quase-10-kg-de-drogas-sao-apreendidas-em-sao-jose\/#breadcrumb\"},\"inLanguage\":\"en-US\",\"potentialAction\":[{\"@type\":\"ReadAction\",\"target\":[\"https:\/\/sulsc.com\/index.php\/2023\/11\/01\/quase-10-kg-de-drogas-sao-apreendidas-em-sao-jose\/\"]}]},{\"@type\":\"BreadcrumbList\",\"@id\":\"https:\/\/sulsc.com\/index.php\/2023\/11\/01\/quase-10-kg-de-drogas-sao-apreendidas-em-sao-jose\/#breadcrumb\",\"itemListElement\":[{\"@type\":\"ListItem\",\"position\":1,\"name\":\"In\u00edcio\",\"item\":\"https:\/\/sulsc.com\/\"},{\"@type\":\"ListItem\",\"position\":2,\"name\":\"Quase 10 kg de drogas s\u00e3o apreendidas em S\u00e3o Jos\u00e9\"}]},{\"@type\":\"WebSite\",\"@id\":\"https:\/\/sulsc.com\/#website\",\"url\":\"https:\/\/sulsc.com\/\",\"name\":\"\",\"description\":\"\",\"potentialAction\":[{\"@type\":\"SearchAction\",\"target\":{\"@type\":\"EntryPoint\",\"urlTemplate\":\"https:\/\/sulsc.com\/?s={search_term_string}\"},\"query-input\":\"required name=search_term_string\"}],\"inLanguage\":\"en-US\"},{\"@type\":\"Person\",\"@id\":\"https:\/\/sulsc.com\/#\/schema\/person\/84d2fc571684f6248ba83092f07750a3\",\"name\":\"Reda\u00e7\u00e3o Sul SC\",\"image\":{\"@type\":\"ImageObject\",\"inLanguage\":\"en-US\",\"@id\":\"https:\/\/sulsc.com\/#\/schema\/person\/image\/e08d7fe2cc4ed596372063bbe852b8d0\",\"url\":\"https:\/\/sulsc.com\/wp-content\/uploads\/2023\/09\/redacao.png\",\"contentUrl\":\"https:\/\/sulsc.com\/wp-content\/uploads\/2023\/09\/redacao.png\",\"caption\":\"Reda\u00e7\u00e3o Sul SC\"},\"description\":\"Foco em um jornalismo imparcial, voltado \u00e0 qualidade dos seus conte\u00fados e, assim, levar informa\u00e7\u00e3o de valor que agregue \u00e0 vida dos leitores. Esta \u00e9 grande miss\u00e3o do Portal de Not\u00edcias Sul SC. N\u00e3o \u00e9 quantidade que muda o mundo, sempre foi e seguir\u00e1 sendo qualidade!\",\"sameAs\":[\"https:\/\/sulsc.com\/\",\"https:\/\/www.facebook.com\/profile.php?id=61559278119680\",\"https:\/\/www.instagram.com\/sulscportal\/?hl=pt-br\",\"https:\/\/twitter.com\/https:\/\/twitter.com\/PortalSulSC\",\"https:\/\/www.youtube.com\/channel\/UCv_BE8GeySluDov2n8qhVmw\"],\"url\":\"https:\/\/sulsc.com\/index.php\/author\/redacao\/\"}]}<\/script>\n<!-- \/ Yoast SEO plugin. -->","yoast_head_json":{"title":"Quase 10 kg de drogas s\u00e3o apreendidas em S\u00e3o Jos\u00e9 -","robots":{"index":"index","follow":"follow","max-snippet":"max-snippet:-1","max-image-preview":"max-image-preview:large","max-video-preview":"max-video-preview:-1"},"canonical":"https:\/\/sulsc.com\/index.php\/2023\/11\/01\/quase-10-kg-de-drogas-sao-apreendidas-em-sao-jose\/","og_locale":"en_US","og_type":"article","og_title":"Quase 10 kg de drogas s\u00e3o apreendidas em S\u00e3o Jos\u00e9 -","og_description":"Uma a\u00e7\u00e3o integrada entre policiais militares do 4\u00ba Batalh\u00e3o de Pol\u00edcia Militar (BPM) e Batalh\u00e3o de Opera\u00e7\u00f5es Policiais Especiais (Bope), desarticularam um local utilizado para armazenamento de entorpecentes no bairro Picadas do Sul, em S\u00e3o Jos\u00e9. A a\u00e7\u00e3o ocorreu na noite desta segunda-feira (30). Em cumprimento \u00e0 Opera\u00e7\u00e3o 360 Infinito, a a\u00e7\u00e3o integrada entre policiais &hellip; Quase 10 kg de drogas s\u00e3o apreendidas em S\u00e3o Jos\u00e9 Read More &raquo;","og_url":"https:\/\/sulsc.com\/index.php\/2023\/11\/01\/quase-10-kg-de-drogas-sao-apreendidas-em-sao-jose\/","article_author":"https:\/\/www.facebook.com\/profile.php?id=61559278119680","article_published_time":"2023-11-01T14:00:26+00:00","article_modified_time":"2023-11-01T12:40:03+00:00","og_image":[{"width":720,"height":405,"url":"https:\/\/sulsc.com\/wp-content\/uploads\/2023\/11\/Quase-10-kg-de-drogas-sao-apreendidas-em-Sao-Jose.jpg","type":"image\/jpeg"}],"author":"Reda\u00e7\u00e3o Sul SC","twitter_card":"summary_large_image","twitter_creator":"@https:\/\/twitter.com\/PortalSulSC","twitter_misc":{"Written by":"Reda\u00e7\u00e3o Sul SC","Est. reading time":"1 minute"},"schema":{"@context":"https:\/\/schema.org","@graph":[{"@type":"WebPage","@id":"https:\/\/sulsc.com\/index.php\/2023\/11\/01\/quase-10-kg-de-drogas-sao-apreendidas-em-sao-jose\/","url":"https:\/\/sulsc.com\/index.php\/2023\/11\/01\/quase-10-kg-de-drogas-sao-apreendidas-em-sao-jose\/","name":"Quase 10 kg de drogas s\u00e3o apreendidas em S\u00e3o Jos\u00e9 -","isPartOf":{"@id":"https:\/\/sulsc.com\/#website"},"datePublished":"2023-11-01T14:00:26+00:00","dateModified":"2023-11-01T12:40:03+00:00","author":{"@id":"https:\/\/sulsc.com\/#\/schema\/person\/84d2fc571684f6248ba83092f07750a3"},"breadcrumb":{"@id":"https:\/\/sulsc.com\/index.php\/2023\/11\/01\/quase-10-kg-de-drogas-sao-apreendidas-em-sao-jose\/#breadcrumb"},"inLanguage":"en-US","potentialAction":[{"@type":"ReadAction","target":["https:\/\/sulsc.com\/index.php\/2023\/11\/01\/quase-10-kg-de-drogas-sao-apreendidas-em-sao-jose\/"]}]},{"@type":"BreadcrumbList","@id":"https:\/\/sulsc.com\/index.php\/2023\/11\/01\/quase-10-kg-de-drogas-sao-apreendidas-em-sao-jose\/#breadcrumb","itemListElement":[{"@type":"ListItem","position":1,"name":"In\u00edcio","item":"https:\/\/sulsc.com\/"},{"@type":"ListItem","position":2,"name":"Quase 10 kg de drogas s\u00e3o apreendidas em S\u00e3o Jos\u00e9"}]},{"@type":"WebSite","@id":"https:\/\/sulsc.com\/#website","url":"https:\/\/sulsc.com\/","name":"","description":"","potentialAction":[{"@type":"SearchAction","target":{"@type":"EntryPoint","urlTemplate":"https:\/\/sulsc.com\/?s={search_term_string}"},"query-input":"required name=search_term_string"}],"inLanguage":"en-US"},{"@type":"Person","@id":"https:\/\/sulsc.com\/#\/schema\/person\/84d2fc571684f6248ba83092f07750a3","name":"Reda\u00e7\u00e3o Sul SC","image":{"@type":"ImageObject","inLanguage":"en-US","@id":"https:\/\/sulsc.com\/#\/schema\/person\/image\/e08d7fe2cc4ed596372063bbe852b8d0","url":"https:\/\/sulsc.com\/wp-content\/uploads\/2023\/09\/redacao.png","contentUrl":"https:\/\/sulsc.com\/wp-content\/uploads\/2023\/09\/redacao.png","caption":"Reda\u00e7\u00e3o Sul SC"},"description":"Foco em um jornalismo imparcial, voltado \u00e0 qualidade dos seus conte\u00fados e, assim, levar informa\u00e7\u00e3o de valor que agregue \u00e0 vida dos leitores. Esta \u00e9 grande miss\u00e3o do Portal de Not\u00edcias Sul SC. N\u00e3o \u00e9 quantidade que muda o mundo, sempre foi e seguir\u00e1 sendo qualidade!","sameAs":["https:\/\/sulsc.com\/","https:\/\/www.facebook.com\/profile.php?id=61559278119680","https:\/\/www.instagram.com\/sulscportal\/?hl=pt-br","https:\/\/twitter.com\/https:\/\/twitter.com\/PortalSulSC","https:\/\/www.youtube.com\/channel\/UCv_BE8GeySluDov2n8qhVmw"],"url":"https:\/\/sulsc.com\/index.php\/author\/redacao\/"}]}},"authors":[],"_links":{"self":[{"href":"https:\/\/sulsc.com\/index.php\/wp-json\/wp\/v2\/posts\/3233"}],"collection":[{"href":"https:\/\/sulsc.com\/index.php\/wp-json\/wp\/v2\/posts"}],"about":[{"href":"https:\/\/sulsc.com\/index.php\/wp-json\/wp\/v2\/types\/post"}],"author":[{"embeddable":true,"href":"https:\/\/sulsc.com\/index.php\/wp-json\/wp\/v2\/users\/3"}],"replies":[{"embeddable":true,"href":"https:\/\/sulsc.com\/index.php\/wp-json\/wp\/v2\/comments?post=3233"}],"version-history":[{"count":1,"href":"https:\/\/sulsc.com\/index.php\/wp-json\/wp\/v2\/posts\/3233\/revisions"}],"predecessor-version":[{"id":3235,"href":"https:\/\/sulsc.com\/index.php\/wp-json\/wp\/v2\/posts\/3233\/revisions\/3235"}],"wp:featuredmedia":[{"embeddable":true,"href":"https:\/\/sulsc.com\/index.php\/wp-json\/wp\/v2\/media\/3234"}],"wp:attachment":[{"href":"https:\/\/sulsc.com\/index.php\/wp-json\/wp\/v2\/media?parent=3233"}],"wp:term":[{"taxonomy":"category","embeddable":true,"href":"https:\/\/sulsc.com\/index.php\/wp-json\/wp\/v2\/categories?post=3233"},{"taxonomy":"post_tag","embeddable":true,"href":"https:\/\/sulsc.com\/index.php\/wp-json\/wp\/v2\/tags?post=3233"}],"curies":[{"name":"wp","href":"https:\/\/api.w.org\/{rel}","templated":true}]}}