{"id":3251,"date":"2023-11-01T15:00:15","date_gmt":"2023-11-01T18:00:15","guid":{"rendered":"https:\/\/sulsc.com\/?p=3251"},"modified":"2023-11-01T13:59:40","modified_gmt":"2023-11-01T16:59:40","slug":"operacao-leite-adulterado-ii-mantidas-condenacoes-de-15-reus-acusados-de-organizacao-criminosa-e-outros-crimes","status":"publish","type":"post","link":"https:\/\/sulsc.com\/index.php\/2023\/11\/01\/operacao-leite-adulterado-ii-mantidas-condenacoes-de-15-reus-acusados-de-organizacao-criminosa-e-outros-crimes\/","title":{"rendered":"Opera\u00e7\u00e3o Leite Adulterado II: mantidas condena\u00e7\u00f5es de 15 r\u00e9us acusados de organiza\u00e7\u00e3o criminosa e outros crimes"},"content":{"rendered":"<p>Foi mantida em segundo grau a condena\u00e7\u00e3o de 15 dos 16 integrantes de uma organiza\u00e7\u00e3o criminosa de Monda\u00ed especializada na adultera\u00e7\u00e3o de leite bovino, denunciada pelo Minist\u00e9rio P\u00fablico de Santa Catarina (MPSC) ap\u00f3s investiga\u00e7\u00e3o do Grupo de Atua\u00e7\u00e3o Especial de Combate ao Crime Organizado (Gaeco) na Opera\u00e7\u00e3o Leite Adulterado II, em 2014. O d\u00e9cimo sexto acusado faleceu no decorrer do processo.<\/p>\n<p>Os r\u00e9us foram denunciados pela Promotoria de Justi\u00e7a da Comarca de Monda\u00ed e condenados em primeiro grau pelos crimes de organiza\u00e7\u00e3o criminosa, adultera\u00e7\u00e3o de alimento, falsidade ideol\u00f3gica ou crimes contra o consumidor, de acordo com a participa\u00e7\u00e3o de cada um deles.<\/p>\n<p>Ao julgar as apela\u00e7\u00f5es dos r\u00e9us, a 1\u00aa C\u00e2mara Criminal do Tribunal de Justi\u00e7a manteve as condena\u00e7\u00f5es pelos crimes mais graves: organiza\u00e7\u00e3o criminosa e adultera\u00e7\u00e3o de alimento. Foi julgada extinta a punibilidade em rela\u00e7\u00e3o ao delito de falsidade ideol\u00f3gica, em raz\u00e3o da ocorr\u00eancia da prescri\u00e7\u00e3o.<\/p>\n<p>A maior pena foi aplicada ao chefe da organiza\u00e7\u00e3o e s\u00f3cio da Latic\u00ednios Monda\u00ed: 13 anos e seis meses de reclus\u00e3o em regime inicial fechado. O outro s\u00f3cio da empresa, tamb\u00e9m condenado em primeiro grau, faleceu no curso do processo.\u00a0Em consequ\u00eancia da readequa\u00e7\u00e3o das penas, foi alterado o regime prisional para semiaberto a tr\u00eas dos r\u00e9us e para o regime aberto a outro.<\/p>\n<p><img fetchpriority=\"high\" decoding=\"async\" class=\"alignnone size-full wp-image-3252\" src=\"http:\/\/sulsc.com\/wp-content\/uploads\/2023\/11\/Operacao-Leite-Adulterado-II.png\" alt=\"\" width=\"434\" height=\"434\" srcset=\"https:\/\/sulsc.com\/wp-content\/uploads\/2023\/11\/Operacao-Leite-Adulterado-II.png 434w, https:\/\/sulsc.com\/wp-content\/uploads\/2023\/11\/Operacao-Leite-Adulterado-II-300x300.png 300w, https:\/\/sulsc.com\/wp-content\/uploads\/2023\/11\/Operacao-Leite-Adulterado-II-150x150.png 150w\" sizes=\"(max-width: 434px) 100vw, 434px\" \/><\/p>\n<p>&nbsp;<\/p>\n<p><strong>A Opera\u00e7\u00e3o Leite Adulterado II<\/strong><\/p>\n<p>Por seis meses o Minist\u00e9rio P\u00fablico investigou, na Opera\u00e7\u00e3o Leite Adulterado II, as atividades da empresa e verificou que, durante pelo menos seis anos, o leite destinado ao consumidor era adulterado com a adi\u00e7\u00e3o de produtos qu\u00edmicos il\u00edcitos. Nesse per\u00edodo, cerca de 400 mil litros de leite passavam pela empresa diariamente, em grande parte com adi\u00e7\u00e3o de subst\u00e2ncias nocivas e proibidas.<\/p>\n<p>O objetivo era mascarar a m\u00e1 qualidade do leite e dar maior durabilidade ao produto, prevenindo a ocorr\u00eancia do leite \u00e1cido, cuja venda \u00e9 proibida. Para aumentar a durabilidade, eram adicionados estabilizantes impr\u00f3prios para o consumo, tais como soda c\u00e1ustica e \u00e1gua oxigenada.<\/p>\n<p>O comando da organiza\u00e7\u00e3o criminosa era exercido pelos s\u00f3cios-propriet\u00e1rios da Latic\u00ednios Monda\u00ed, Irineu Otto Bornhold, j\u00e1 falecido, e Vilson Claudenir Jesu\u00edno Freire. Logo abaixo dos dois estava o gerente-geral Alexandre Pohlmann, principal diretor da organiza\u00e7\u00e3o. Era ele quem repassava as orienta\u00e7\u00f5es dos propriet\u00e1rios para outras chefias intermedi\u00e1rias ou diretamente aos executores das tarefas.<\/p>\n<p>Em seguida vinham Ricardo Maur\u00edcio Pereira e Zenair Tonezer, que exerceram o controle da produ\u00e7\u00e3o em \u00e9pocas distintas e determinavam as medidas para mascarar a m\u00e1 qualidade e a utiliza\u00e7\u00e3o do leite em produtos pr\u00f3prios, assim como medidas para burlar a fiscaliza\u00e7\u00e3o. Genoir Costacurta, chefe de plataforma, recebia as orienta\u00e7\u00f5es dos dois ou diretamente de Pohlmann e as repassava para os plataformistas\/laboratoristas respons\u00e1veis pela execu\u00e7\u00e3o, al\u00e9m de controlar o estoque de produtos qu\u00edmicos.<\/p>\n<p>Tamb\u00e9m se reportavam diretamente ao gerente-geral os funcion\u00e1rios Andr\u00e9 Aires Chiesa, Daniel Borin e Willian Markwardt Arones. O primeiro coordenava a log\u00edstica das cargas adulteradas a fim de evitar que fossem capturadas pela fiscalziza\u00e7\u00e3o e, com Daniel Borin e Willian, era respons\u00e1vel pelo tr\u00e2nsito dos produtos qu\u00edmicos que ficavam escondidos na fazenda de Irineu at\u00e9 a empresa.<\/p>\n<p>Por fim, vinham os laboratoristas, respons\u00e1veis por adicionar os produtos qu\u00edmicos ao leite. S\u00e3o eles: Cristiano Cecon, Daniel Strieder, Estefan Rodrigues Martins, Odirlei Pol\u00eds, Sidnei Gaiardo, Marcelo Behling e Alex Junior Faguntes da Rosa.<\/p>\n<p>&nbsp;<\/p>\n<p>Fonte: MPSC<\/p>\n","protected":false},"excerpt":{"rendered":"<p>Foi mantida em segundo grau a condena\u00e7\u00e3o de 15 dos 16 integrantes de uma organiza\u00e7\u00e3o criminosa de Monda\u00ed especializada na adultera\u00e7\u00e3o de leite bovino, denunciada pelo Minist\u00e9rio P\u00fablico de Santa Catarina (MPSC) ap\u00f3s investiga\u00e7\u00e3o do Grupo de Atua\u00e7\u00e3o Especial de Combate ao Crime Organizado (Gaeco) na Opera\u00e7\u00e3o Leite Adulterado II, em 2014. O d\u00e9cimo sexto &hellip;<\/p>\n<p class=\"read-more\"> <a class=\"\" href=\"https:\/\/sulsc.com\/index.php\/2023\/11\/01\/operacao-leite-adulterado-ii-mantidas-condenacoes-de-15-reus-acusados-de-organizacao-criminosa-e-outros-crimes\/\"> <span class=\"screen-reader-text\">Opera\u00e7\u00e3o Leite Adulterado II: mantidas condena\u00e7\u00f5es de 15 r\u00e9us acusados de organiza\u00e7\u00e3o criminosa e outros crimes<\/span> Read More &raquo;<\/a><\/p>\n","protected":false},"author":3,"featured_media":3252,"comment_status":"open","ping_status":"open","sticky":false,"template":"","format":"standard","meta":{"site-sidebar-layout":"default","site-content-layout":"","ast-site-content-layout":"default","site-content-style":"default","site-sidebar-style":"default","ast-global-header-display":"","ast-banner-title-visibility":"","ast-main-header-display":"","ast-hfb-above-header-display":"","ast-hfb-below-header-display":"","ast-hfb-mobile-header-display":"","site-post-title":"","ast-breadcrumbs-content":"","ast-featured-img":"","footer-sml-layout":"","theme-transparent-header-meta":"default","adv-header-id-meta":"","stick-header-meta":"","header-above-stick-meta":"","header-main-stick-meta":"","header-below-stick-meta":"","astra-migrate-meta-layouts":"set","footnotes":""},"categories":[8],"tags":[],"yoast_head":"<!-- This site is optimized with the Yoast SEO plugin v21.4 - https:\/\/yoast.com\/wordpress\/plugins\/seo\/ -->\n<title>Opera\u00e7\u00e3o Leite Adulterado II: mantidas condena\u00e7\u00f5es de 15 r\u00e9us acusados de organiza\u00e7\u00e3o criminosa e outros crimes -<\/title>\n<meta name=\"robots\" content=\"index, follow, max-snippet:-1, max-image-preview:large, max-video-preview:-1\" \/>\n<link rel=\"canonical\" href=\"https:\/\/sulsc.com\/index.php\/2023\/11\/01\/operacao-leite-adulterado-ii-mantidas-condenacoes-de-15-reus-acusados-de-organizacao-criminosa-e-outros-crimes\/\" \/>\n<meta property=\"og:locale\" content=\"en_US\" \/>\n<meta property=\"og:type\" content=\"article\" \/>\n<meta property=\"og:title\" content=\"Opera\u00e7\u00e3o Leite Adulterado II: mantidas condena\u00e7\u00f5es de 15 r\u00e9us acusados de organiza\u00e7\u00e3o criminosa e outros crimes -\" \/>\n<meta property=\"og:description\" content=\"Foi mantida em segundo grau a condena\u00e7\u00e3o de 15 dos 16 integrantes de uma organiza\u00e7\u00e3o criminosa de Monda\u00ed especializada na adultera\u00e7\u00e3o de leite bovino, denunciada pelo Minist\u00e9rio P\u00fablico de Santa Catarina (MPSC) ap\u00f3s investiga\u00e7\u00e3o do Grupo de Atua\u00e7\u00e3o Especial de Combate ao Crime Organizado (Gaeco) na Opera\u00e7\u00e3o Leite Adulterado II, em 2014. O d\u00e9cimo sexto &hellip; Opera\u00e7\u00e3o Leite Adulterado II: mantidas condena\u00e7\u00f5es de 15 r\u00e9us acusados de organiza\u00e7\u00e3o criminosa e outros crimes Read More &raquo;\" \/>\n<meta property=\"og:url\" content=\"https:\/\/sulsc.com\/index.php\/2023\/11\/01\/operacao-leite-adulterado-ii-mantidas-condenacoes-de-15-reus-acusados-de-organizacao-criminosa-e-outros-crimes\/\" \/>\n<meta property=\"article:author\" content=\"https:\/\/www.facebook.com\/profile.php?id=61559278119680\" \/>\n<meta property=\"article:published_time\" content=\"2023-11-01T18:00:15+00:00\" \/>\n<meta property=\"article:modified_time\" content=\"2023-11-01T16:59:40+00:00\" \/>\n<meta property=\"og:image\" content=\"https:\/\/sulsc.com\/wp-content\/uploads\/2023\/11\/Operacao-Leite-Adulterado-II.png\" \/>\n\t<meta property=\"og:image:width\" content=\"434\" \/>\n\t<meta property=\"og:image:height\" content=\"434\" \/>\n\t<meta property=\"og:image:type\" content=\"image\/png\" \/>\n<meta name=\"author\" content=\"Reda\u00e7\u00e3o Sul SC\" \/>\n<meta name=\"twitter:card\" content=\"summary_large_image\" \/>\n<meta name=\"twitter:creator\" content=\"@https:\/\/twitter.com\/PortalSulSC\" \/>\n<meta name=\"twitter:label1\" content=\"Written by\" \/>\n\t<meta name=\"twitter:data1\" content=\"Reda\u00e7\u00e3o Sul SC\" \/>\n\t<meta name=\"twitter:label2\" content=\"Est. reading time\" \/>\n\t<meta name=\"twitter:data2\" content=\"4 minutes\" \/>\n<script type=\"application\/ld+json\" class=\"yoast-schema-graph\">{\"@context\":\"https:\/\/schema.org\",\"@graph\":[{\"@type\":\"WebPage\",\"@id\":\"https:\/\/sulsc.com\/index.php\/2023\/11\/01\/operacao-leite-adulterado-ii-mantidas-condenacoes-de-15-reus-acusados-de-organizacao-criminosa-e-outros-crimes\/\",\"url\":\"https:\/\/sulsc.com\/index.php\/2023\/11\/01\/operacao-leite-adulterado-ii-mantidas-condenacoes-de-15-reus-acusados-de-organizacao-criminosa-e-outros-crimes\/\",\"name\":\"Opera\u00e7\u00e3o Leite Adulterado II: mantidas condena\u00e7\u00f5es de 15 r\u00e9us acusados de organiza\u00e7\u00e3o criminosa e outros crimes -\",\"isPartOf\":{\"@id\":\"https:\/\/sulsc.com\/#website\"},\"datePublished\":\"2023-11-01T18:00:15+00:00\",\"dateModified\":\"2023-11-01T16:59:40+00:00\",\"author\":{\"@id\":\"https:\/\/sulsc.com\/#\/schema\/person\/84d2fc571684f6248ba83092f07750a3\"},\"breadcrumb\":{\"@id\":\"https:\/\/sulsc.com\/index.php\/2023\/11\/01\/operacao-leite-adulterado-ii-mantidas-condenacoes-de-15-reus-acusados-de-organizacao-criminosa-e-outros-crimes\/#breadcrumb\"},\"inLanguage\":\"en-US\",\"potentialAction\":[{\"@type\":\"ReadAction\",\"target\":[\"https:\/\/sulsc.com\/index.php\/2023\/11\/01\/operacao-leite-adulterado-ii-mantidas-condenacoes-de-15-reus-acusados-de-organizacao-criminosa-e-outros-crimes\/\"]}]},{\"@type\":\"BreadcrumbList\",\"@id\":\"https:\/\/sulsc.com\/index.php\/2023\/11\/01\/operacao-leite-adulterado-ii-mantidas-condenacoes-de-15-reus-acusados-de-organizacao-criminosa-e-outros-crimes\/#breadcrumb\",\"itemListElement\":[{\"@type\":\"ListItem\",\"position\":1,\"name\":\"In\u00edcio\",\"item\":\"https:\/\/sulsc.com\/\"},{\"@type\":\"ListItem\",\"position\":2,\"name\":\"Opera\u00e7\u00e3o Leite Adulterado II: mantidas condena\u00e7\u00f5es de 15 r\u00e9us acusados de organiza\u00e7\u00e3o criminosa e outros crimes\"}]},{\"@type\":\"WebSite\",\"@id\":\"https:\/\/sulsc.com\/#website\",\"url\":\"https:\/\/sulsc.com\/\",\"name\":\"\",\"description\":\"\",\"potentialAction\":[{\"@type\":\"SearchAction\",\"target\":{\"@type\":\"EntryPoint\",\"urlTemplate\":\"https:\/\/sulsc.com\/?s={search_term_string}\"},\"query-input\":\"required name=search_term_string\"}],\"inLanguage\":\"en-US\"},{\"@type\":\"Person\",\"@id\":\"https:\/\/sulsc.com\/#\/schema\/person\/84d2fc571684f6248ba83092f07750a3\",\"name\":\"Reda\u00e7\u00e3o Sul SC\",\"image\":{\"@type\":\"ImageObject\",\"inLanguage\":\"en-US\",\"@id\":\"https:\/\/sulsc.com\/#\/schema\/person\/image\/e08d7fe2cc4ed596372063bbe852b8d0\",\"url\":\"https:\/\/sulsc.com\/wp-content\/uploads\/2023\/09\/redacao.png\",\"contentUrl\":\"https:\/\/sulsc.com\/wp-content\/uploads\/2023\/09\/redacao.png\",\"caption\":\"Reda\u00e7\u00e3o Sul SC\"},\"description\":\"Foco em um jornalismo imparcial, voltado \u00e0 qualidade dos seus conte\u00fados e, assim, levar informa\u00e7\u00e3o de valor que agregue \u00e0 vida dos leitores. Esta \u00e9 grande miss\u00e3o do Portal de Not\u00edcias Sul SC. N\u00e3o \u00e9 quantidade que muda o mundo, sempre foi e seguir\u00e1 sendo qualidade!\",\"sameAs\":[\"https:\/\/sulsc.com\/\",\"https:\/\/www.facebook.com\/profile.php?id=61559278119680\",\"https:\/\/www.instagram.com\/sulscportal\/?hl=pt-br\",\"https:\/\/twitter.com\/https:\/\/twitter.com\/PortalSulSC\",\"https:\/\/www.youtube.com\/channel\/UCv_BE8GeySluDov2n8qhVmw\"],\"url\":\"https:\/\/sulsc.com\/index.php\/author\/redacao\/\"}]}<\/script>\n<!-- \/ Yoast SEO plugin. -->","yoast_head_json":{"title":"Opera\u00e7\u00e3o Leite Adulterado II: mantidas condena\u00e7\u00f5es de 15 r\u00e9us acusados de organiza\u00e7\u00e3o criminosa e outros crimes -","robots":{"index":"index","follow":"follow","max-snippet":"max-snippet:-1","max-image-preview":"max-image-preview:large","max-video-preview":"max-video-preview:-1"},"canonical":"https:\/\/sulsc.com\/index.php\/2023\/11\/01\/operacao-leite-adulterado-ii-mantidas-condenacoes-de-15-reus-acusados-de-organizacao-criminosa-e-outros-crimes\/","og_locale":"en_US","og_type":"article","og_title":"Opera\u00e7\u00e3o Leite Adulterado II: mantidas condena\u00e7\u00f5es de 15 r\u00e9us acusados de organiza\u00e7\u00e3o criminosa e outros crimes -","og_description":"Foi mantida em segundo grau a condena\u00e7\u00e3o de 15 dos 16 integrantes de uma organiza\u00e7\u00e3o criminosa de Monda\u00ed especializada na adultera\u00e7\u00e3o de leite bovino, denunciada pelo Minist\u00e9rio P\u00fablico de Santa Catarina (MPSC) ap\u00f3s investiga\u00e7\u00e3o do Grupo de Atua\u00e7\u00e3o Especial de Combate ao Crime Organizado (Gaeco) na Opera\u00e7\u00e3o Leite Adulterado II, em 2014. O d\u00e9cimo sexto &hellip; Opera\u00e7\u00e3o Leite Adulterado II: mantidas condena\u00e7\u00f5es de 15 r\u00e9us acusados de organiza\u00e7\u00e3o criminosa e outros crimes Read More &raquo;","og_url":"https:\/\/sulsc.com\/index.php\/2023\/11\/01\/operacao-leite-adulterado-ii-mantidas-condenacoes-de-15-reus-acusados-de-organizacao-criminosa-e-outros-crimes\/","article_author":"https:\/\/www.facebook.com\/profile.php?id=61559278119680","article_published_time":"2023-11-01T18:00:15+00:00","article_modified_time":"2023-11-01T16:59:40+00:00","og_image":[{"width":434,"height":434,"url":"https:\/\/sulsc.com\/wp-content\/uploads\/2023\/11\/Operacao-Leite-Adulterado-II.png","type":"image\/png"}],"author":"Reda\u00e7\u00e3o Sul SC","twitter_card":"summary_large_image","twitter_creator":"@https:\/\/twitter.com\/PortalSulSC","twitter_misc":{"Written by":"Reda\u00e7\u00e3o Sul SC","Est. reading time":"4 minutes"},"schema":{"@context":"https:\/\/schema.org","@graph":[{"@type":"WebPage","@id":"https:\/\/sulsc.com\/index.php\/2023\/11\/01\/operacao-leite-adulterado-ii-mantidas-condenacoes-de-15-reus-acusados-de-organizacao-criminosa-e-outros-crimes\/","url":"https:\/\/sulsc.com\/index.php\/2023\/11\/01\/operacao-leite-adulterado-ii-mantidas-condenacoes-de-15-reus-acusados-de-organizacao-criminosa-e-outros-crimes\/","name":"Opera\u00e7\u00e3o Leite Adulterado II: mantidas condena\u00e7\u00f5es de 15 r\u00e9us acusados de organiza\u00e7\u00e3o criminosa e outros crimes -","isPartOf":{"@id":"https:\/\/sulsc.com\/#website"},"datePublished":"2023-11-01T18:00:15+00:00","dateModified":"2023-11-01T16:59:40+00:00","author":{"@id":"https:\/\/sulsc.com\/#\/schema\/person\/84d2fc571684f6248ba83092f07750a3"},"breadcrumb":{"@id":"https:\/\/sulsc.com\/index.php\/2023\/11\/01\/operacao-leite-adulterado-ii-mantidas-condenacoes-de-15-reus-acusados-de-organizacao-criminosa-e-outros-crimes\/#breadcrumb"},"inLanguage":"en-US","potentialAction":[{"@type":"ReadAction","target":["https:\/\/sulsc.com\/index.php\/2023\/11\/01\/operacao-leite-adulterado-ii-mantidas-condenacoes-de-15-reus-acusados-de-organizacao-criminosa-e-outros-crimes\/"]}]},{"@type":"BreadcrumbList","@id":"https:\/\/sulsc.com\/index.php\/2023\/11\/01\/operacao-leite-adulterado-ii-mantidas-condenacoes-de-15-reus-acusados-de-organizacao-criminosa-e-outros-crimes\/#breadcrumb","itemListElement":[{"@type":"ListItem","position":1,"name":"In\u00edcio","item":"https:\/\/sulsc.com\/"},{"@type":"ListItem","position":2,"name":"Opera\u00e7\u00e3o Leite Adulterado II: mantidas condena\u00e7\u00f5es de 15 r\u00e9us acusados de organiza\u00e7\u00e3o criminosa e outros crimes"}]},{"@type":"WebSite","@id":"https:\/\/sulsc.com\/#website","url":"https:\/\/sulsc.com\/","name":"","description":"","potentialAction":[{"@type":"SearchAction","target":{"@type":"EntryPoint","urlTemplate":"https:\/\/sulsc.com\/?s={search_term_string}"},"query-input":"required name=search_term_string"}],"inLanguage":"en-US"},{"@type":"Person","@id":"https:\/\/sulsc.com\/#\/schema\/person\/84d2fc571684f6248ba83092f07750a3","name":"Reda\u00e7\u00e3o Sul SC","image":{"@type":"ImageObject","inLanguage":"en-US","@id":"https:\/\/sulsc.com\/#\/schema\/person\/image\/e08d7fe2cc4ed596372063bbe852b8d0","url":"https:\/\/sulsc.com\/wp-content\/uploads\/2023\/09\/redacao.png","contentUrl":"https:\/\/sulsc.com\/wp-content\/uploads\/2023\/09\/redacao.png","caption":"Reda\u00e7\u00e3o Sul SC"},"description":"Foco em um jornalismo imparcial, voltado \u00e0 qualidade dos seus conte\u00fados e, assim, levar informa\u00e7\u00e3o de valor que agregue \u00e0 vida dos leitores. Esta \u00e9 grande miss\u00e3o do Portal de Not\u00edcias Sul SC. N\u00e3o \u00e9 quantidade que muda o mundo, sempre foi e seguir\u00e1 sendo qualidade!","sameAs":["https:\/\/sulsc.com\/","https:\/\/www.facebook.com\/profile.php?id=61559278119680","https:\/\/www.instagram.com\/sulscportal\/?hl=pt-br","https:\/\/twitter.com\/https:\/\/twitter.com\/PortalSulSC","https:\/\/www.youtube.com\/channel\/UCv_BE8GeySluDov2n8qhVmw"],"url":"https:\/\/sulsc.com\/index.php\/author\/redacao\/"}]}},"authors":[],"_links":{"self":[{"href":"https:\/\/sulsc.com\/index.php\/wp-json\/wp\/v2\/posts\/3251"}],"collection":[{"href":"https:\/\/sulsc.com\/index.php\/wp-json\/wp\/v2\/posts"}],"about":[{"href":"https:\/\/sulsc.com\/index.php\/wp-json\/wp\/v2\/types\/post"}],"author":[{"embeddable":true,"href":"https:\/\/sulsc.com\/index.php\/wp-json\/wp\/v2\/users\/3"}],"replies":[{"embeddable":true,"href":"https:\/\/sulsc.com\/index.php\/wp-json\/wp\/v2\/comments?post=3251"}],"version-history":[{"count":1,"href":"https:\/\/sulsc.com\/index.php\/wp-json\/wp\/v2\/posts\/3251\/revisions"}],"predecessor-version":[{"id":3253,"href":"https:\/\/sulsc.com\/index.php\/wp-json\/wp\/v2\/posts\/3251\/revisions\/3253"}],"wp:featuredmedia":[{"embeddable":true,"href":"https:\/\/sulsc.com\/index.php\/wp-json\/wp\/v2\/media\/3252"}],"wp:attachment":[{"href":"https:\/\/sulsc.com\/index.php\/wp-json\/wp\/v2\/media?parent=3251"}],"wp:term":[{"taxonomy":"category","embeddable":true,"href":"https:\/\/sulsc.com\/index.php\/wp-json\/wp\/v2\/categories?post=3251"},{"taxonomy":"post_tag","embeddable":true,"href":"https:\/\/sulsc.com\/index.php\/wp-json\/wp\/v2\/tags?post=3251"}],"curies":[{"name":"wp","href":"https:\/\/api.w.org\/{rel}","templated":true}]}}