{"id":32568,"date":"2026-02-24T19:37:59","date_gmt":"2026-02-24T22:37:59","guid":{"rendered":"https:\/\/sulsc.com\/?p=32568"},"modified":"2026-02-24T19:37:59","modified_gmt":"2026-02-24T22:37:59","slug":"racionalizando-por-sabrina-zapelini-minatto-a-importancia-de-abrir-caminhos-para-mais-mulheres-na-politica","status":"publish","type":"post","link":"https:\/\/sulsc.com\/index.php\/2026\/02\/24\/racionalizando-por-sabrina-zapelini-minatto-a-importancia-de-abrir-caminhos-para-mais-mulheres-na-politica\/","title":{"rendered":"Racionalizando por Sabrina Zapelini Minatto \u2013 A import\u00e2ncia de abrir caminhos para mais mulheres na pol\u00edtica"},"content":{"rendered":"<p>A participa\u00e7\u00e3o das mulheres n\u00e3o se constr\u00f3i apenas nos espa\u00e7os formais da pol\u00edtica. Ela come\u00e7a no dia a dia, nos bairros, nas associa\u00e7\u00f5es e nas iniciativas que impactam a vida das pessoas. Muitas mulheres j\u00e1 s\u00e3o l\u00edderes em suas casas, cuidando da fam\u00edlia, organizando o dia a dia e tomando decis\u00f5es que mant\u00eam tudo funcionando, e \u00e9 justamente essa experi\u00eancia que precisa estar presente tamb\u00e9m nas decis\u00f5es maiores.<\/p>\n<div id=\"metaslider-id-25573\" style=\"width: 100%;\" class=\"ml-slider-3-99-0 metaslider metaslider-flex metaslider-25573 ml-slider has-onhover-arrows ms-theme-default-base has-dots-nav\" role=\"region\" aria-label=\"Meio\" data-width=\"1200\">\n    <div id=\"metaslider_container_25573\">\n        <div id=\"metaslider_25573\">\n            <ul class='slides'>\n                <li style=\"display: block; width: 100%;\" class=\"slide-25684 ms-image \" aria-roledescription=\"slide\" data-date=\"2025-07-24 07:55:40\"><img src=\"https:\/\/sulsc.com\/wp-content\/uploads\/2025\/07\/Marr-2-1000x166.jpg\" height=\"200\" width=\"1200\" alt=\"\" class=\"slider-25573 slide-25684 msDefaultImage\" title=\"Marr 2\" \/><\/li>\n                <li style=\"display: none; width: 100%;\" class=\"slide-32412 ms-image \" aria-roledescription=\"slide\" data-date=\"2026-02-18 13:59:46\"><img src=\"https:\/\/sulsc.com\/wp-content\/uploads\/2026\/02\/40dc1580-cad5-4867-bc58-c4243821ad38-1000x166.jpeg\" height=\"200\" width=\"1200\" alt=\"\" class=\"slider-25573 slide-32412 msDefaultImage\" title=\"40dc1580-cad5-4867-bc58-c4243821ad38\" \/><\/li>\n                <li style=\"display: none; width: 100%;\" class=\"slide-32766 ms-image \" aria-roledescription=\"slide\" data-date=\"2026-03-03 17:22:59\"><img src=\"https:\/\/sulsc.com\/wp-content\/uploads\/2026\/03\/271ce739-f268-41c5-8051-3de1a1750359-1000x166.jpeg\" height=\"200\" width=\"1200\" alt=\"\" class=\"slider-25573 slide-32766 msDefaultImage\" title=\"271ce739-f268-41c5-8051-3de1a1750359\" \/><\/li>\n            <\/ul>\n        <\/div>\n        \n    <\/div>\n<\/div>\n<p>Fortalecer essa presen\u00e7a vai al\u00e9m da representatividade. \u00c9 ampliar a qualidade do debate, trazer novas perspectivas e aproximar as decis\u00f5es da realidade das fam\u00edlias e das comunidades.<\/p>\n<p>Foi com esse olhar que nasceu a AMPS, Associa\u00e7\u00e3o das Mulheres Pol\u00edticas do Sul. A AMPS incentiva, prepara e apoia mulheres que desejam contribuir, seja na pol\u00edtica, nas comunidades ou em diferentes espa\u00e7os de lideran\u00e7a.<\/p>\n<p>Mais do que falar sobre pol\u00edtica, \u00e9 necess\u00e1rio construir caminhos. Isso passa por orienta\u00e7\u00e3o, encontros, incentivo \u00e0 participa\u00e7\u00e3o e fortalecimento de redes de apoio.<\/p>\n<p><img fetchpriority=\"high\" decoding=\"async\" class=\"aligncenter size-full wp-image-32569\" src=\"http:\/\/sulsc.com\/wp-content\/uploads\/2026\/02\/3c96c1d0-ff4d-41d4-abf2-79a0ee15b570.jpeg\" alt=\"\" width=\"1280\" height=\"720\" srcset=\"https:\/\/sulsc.com\/wp-content\/uploads\/2026\/02\/3c96c1d0-ff4d-41d4-abf2-79a0ee15b570.jpeg 1280w, https:\/\/sulsc.com\/wp-content\/uploads\/2026\/02\/3c96c1d0-ff4d-41d4-abf2-79a0ee15b570-300x169.jpeg 300w, https:\/\/sulsc.com\/wp-content\/uploads\/2026\/02\/3c96c1d0-ff4d-41d4-abf2-79a0ee15b570-1024x576.jpeg 1024w, https:\/\/sulsc.com\/wp-content\/uploads\/2026\/02\/3c96c1d0-ff4d-41d4-abf2-79a0ee15b570-768x432.jpeg 768w\" sizes=\"(max-width: 1280px) 100vw, 1280px\" \/><\/p>\n<p>O movimento j\u00e1 ganha for\u00e7a em Santa Catarina. Um exemplo \u00e9 o 1\u00ba Encontro de Lideran\u00e7as Femininas do Sul, que re\u00fane mulheres com o prop\u00f3sito de dialogar, trocar experi\u00eancias e fortalecer sua atua\u00e7\u00e3o em diferentes espa\u00e7os. Iniciativas como essa mostram que, quando h\u00e1 prop\u00f3sito e uni\u00e3o, \u00e9 poss\u00edvel ampliar a participa\u00e7\u00e3o feminina de forma concreta e respons\u00e1vel.<\/p>\n<p>Santa Catarina \u00e9 um estado de pessoas trabalhadoras, que valorizam a fam\u00edlia, o empreendedorismo e o desenvolvimento. Fortalecer a participa\u00e7\u00e3o das mulheres tamb\u00e9m significa contribuir com esses valores, trazendo mais equil\u00edbrio e compromisso com o futuro.<\/p>\n<p>Abrir caminhos para que mulheres participem, liderem e contribuam \u00e9 investir em um futuro com mais di\u00e1logo, responsabilidade e representatividade. E esse movimento est\u00e1 apenas come\u00e7ando.<\/p>\n<p>@sabrinazminatto<\/p>\n","protected":false},"excerpt":{"rendered":"<p>A participa\u00e7\u00e3o das mulheres n\u00e3o se constr\u00f3i apenas nos espa\u00e7os formais da pol\u00edtica. Ela come\u00e7a no dia a dia, nos bairros, nas associa\u00e7\u00f5es e nas iniciativas que impactam a vida das pessoas. Muitas mulheres j\u00e1 s\u00e3o l\u00edderes em suas casas, cuidando da fam\u00edlia, organizando o dia a dia e tomando decis\u00f5es que mant\u00eam tudo funcionando, &hellip;<\/p>\n<p class=\"read-more\"> <a class=\"\" href=\"https:\/\/sulsc.com\/index.php\/2026\/02\/24\/racionalizando-por-sabrina-zapelini-minatto-a-importancia-de-abrir-caminhos-para-mais-mulheres-na-politica\/\"> <span class=\"screen-reader-text\">Racionalizando por Sabrina Zapelini Minatto \u2013 A import\u00e2ncia de abrir caminhos para mais mulheres na pol\u00edtica<\/span> Read More &raquo;<\/a><\/p>\n","protected":false},"author":25,"featured_media":32570,"comment_status":"open","ping_status":"open","sticky":false,"template":"","format":"standard","meta":{"site-sidebar-layout":"default","site-content-layout":"","ast-site-content-layout":"default","site-content-style":"default","site-sidebar-style":"default","ast-global-header-display":"","ast-banner-title-visibility":"","ast-main-header-display":"","ast-hfb-above-header-display":"","ast-hfb-below-header-display":"","ast-hfb-mobile-header-display":"","site-post-title":"","ast-breadcrumbs-content":"","ast-featured-img":"","footer-sml-layout":"","theme-transparent-header-meta":"default","adv-header-id-meta":"","stick-header-meta":"","header-above-stick-meta":"","header-main-stick-meta":"","header-below-stick-meta":"","astra-migrate-meta-layouts":"set","footnotes":""},"categories":[2354,13,12],"tags":[2754],"yoast_head":"<!-- This site is optimized with the Yoast SEO plugin v21.4 - https:\/\/yoast.com\/wordpress\/plugins\/seo\/ -->\n<title>Racionalizando por Sabrina Zapelini Minatto \u2013 A import\u00e2ncia de abrir caminhos para mais mulheres na pol\u00edtica -<\/title>\n<meta name=\"robots\" content=\"index, follow, max-snippet:-1, max-image-preview:large, max-video-preview:-1\" \/>\n<link rel=\"canonical\" href=\"https:\/\/sulsc.com\/index.php\/2026\/02\/24\/racionalizando-por-sabrina-zapelini-minatto-a-importancia-de-abrir-caminhos-para-mais-mulheres-na-politica\/\" \/>\n<meta property=\"og:locale\" content=\"en_US\" \/>\n<meta property=\"og:type\" content=\"article\" \/>\n<meta property=\"og:title\" content=\"Racionalizando por Sabrina Zapelini Minatto \u2013 A import\u00e2ncia de abrir caminhos para mais mulheres na pol\u00edtica -\" \/>\n<meta property=\"og:description\" content=\"A participa\u00e7\u00e3o das mulheres n\u00e3o se constr\u00f3i apenas nos espa\u00e7os formais da pol\u00edtica. Ela come\u00e7a no dia a dia, nos bairros, nas associa\u00e7\u00f5es e nas iniciativas que impactam a vida das pessoas. Muitas mulheres j\u00e1 s\u00e3o l\u00edderes em suas casas, cuidando da fam\u00edlia, organizando o dia a dia e tomando decis\u00f5es que mant\u00eam tudo funcionando, &hellip; Racionalizando por Sabrina Zapelini Minatto \u2013 A import\u00e2ncia de abrir caminhos para mais mulheres na pol\u00edtica Read More &raquo;\" \/>\n<meta property=\"og:url\" content=\"https:\/\/sulsc.com\/index.php\/2026\/02\/24\/racionalizando-por-sabrina-zapelini-minatto-a-importancia-de-abrir-caminhos-para-mais-mulheres-na-politica\/\" \/>\n<meta property=\"article:published_time\" content=\"2026-02-24T22:37:59+00:00\" \/>\n<meta property=\"og:image\" content=\"http:\/\/sulsc.com\/wp-content\/uploads\/2026\/02\/f1d48225-643f-4746-ba40-479f894f4037.jpeg\" \/>\n\t<meta property=\"og:image:width\" content=\"1280\" \/>\n\t<meta property=\"og:image:height\" content=\"720\" \/>\n\t<meta property=\"og:image:type\" content=\"image\/jpeg\" \/>\n<meta name=\"author\" content=\"Racionalizando\" \/>\n<meta name=\"twitter:card\" content=\"summary_large_image\" \/>\n<meta name=\"twitter:label1\" content=\"Written by\" \/>\n\t<meta name=\"twitter:data1\" content=\"Racionalizando\" \/>\n\t<meta name=\"twitter:label2\" content=\"Est. reading time\" \/>\n\t<meta name=\"twitter:data2\" content=\"2 minutes\" \/>\n<script type=\"application\/ld+json\" class=\"yoast-schema-graph\">{\"@context\":\"https:\/\/schema.org\",\"@graph\":[{\"@type\":\"WebPage\",\"@id\":\"https:\/\/sulsc.com\/index.php\/2026\/02\/24\/racionalizando-por-sabrina-zapelini-minatto-a-importancia-de-abrir-caminhos-para-mais-mulheres-na-politica\/\",\"url\":\"https:\/\/sulsc.com\/index.php\/2026\/02\/24\/racionalizando-por-sabrina-zapelini-minatto-a-importancia-de-abrir-caminhos-para-mais-mulheres-na-politica\/\",\"name\":\"Racionalizando por Sabrina Zapelini Minatto \u2013 A import\u00e2ncia de abrir caminhos para mais mulheres na pol\u00edtica -\",\"isPartOf\":{\"@id\":\"https:\/\/sulsc.com\/#website\"},\"datePublished\":\"2026-02-24T22:37:59+00:00\",\"dateModified\":\"2026-02-24T22:37:59+00:00\",\"author\":{\"@id\":\"https:\/\/sulsc.com\/#\/schema\/person\/249eb129ff349b1e4963560f92b44990\"},\"breadcrumb\":{\"@id\":\"https:\/\/sulsc.com\/index.php\/2026\/02\/24\/racionalizando-por-sabrina-zapelini-minatto-a-importancia-de-abrir-caminhos-para-mais-mulheres-na-politica\/#breadcrumb\"},\"inLanguage\":\"en-US\",\"potentialAction\":[{\"@type\":\"ReadAction\",\"target\":[\"https:\/\/sulsc.com\/index.php\/2026\/02\/24\/racionalizando-por-sabrina-zapelini-minatto-a-importancia-de-abrir-caminhos-para-mais-mulheres-na-politica\/\"]}]},{\"@type\":\"BreadcrumbList\",\"@id\":\"https:\/\/sulsc.com\/index.php\/2026\/02\/24\/racionalizando-por-sabrina-zapelini-minatto-a-importancia-de-abrir-caminhos-para-mais-mulheres-na-politica\/#breadcrumb\",\"itemListElement\":[{\"@type\":\"ListItem\",\"position\":1,\"name\":\"In\u00edcio\",\"item\":\"https:\/\/sulsc.com\/\"},{\"@type\":\"ListItem\",\"position\":2,\"name\":\"Racionalizando por Sabrina Zapelini Minatto \u2013 A import\u00e2ncia de abrir caminhos para mais mulheres na pol\u00edtica\"}]},{\"@type\":\"WebSite\",\"@id\":\"https:\/\/sulsc.com\/#website\",\"url\":\"https:\/\/sulsc.com\/\",\"name\":\"\",\"description\":\"\",\"potentialAction\":[{\"@type\":\"SearchAction\",\"target\":{\"@type\":\"EntryPoint\",\"urlTemplate\":\"https:\/\/sulsc.com\/?s={search_term_string}\"},\"query-input\":\"required name=search_term_string\"}],\"inLanguage\":\"en-US\"},{\"@type\":\"Person\",\"@id\":\"https:\/\/sulsc.com\/#\/schema\/person\/249eb129ff349b1e4963560f92b44990\",\"name\":\"Racionalizando por Sabrina Zapelini Minatto\",\"image\":{\"@type\":\"ImageObject\",\"inLanguage\":\"en-US\",\"@id\":\"https:\/\/sulsc.com\/#\/schema\/person\/image\/0e5bbf2cffc7abd460acc5a1d6cffdbe\",\"url\":\"https:\/\/sulsc.com\/wp-content\/uploads\/2025\/11\/Sabrina.png\",\"contentUrl\":\"https:\/\/sulsc.com\/wp-content\/uploads\/2025\/11\/Sabrina.png\",\"caption\":\"Racionalizando por Sabrina Zapelini Minatto\"},\"description\":\"Fundadora e presidente da Associa\u00e7\u00e3o das Mulheres Pol\u00edticas do Sul (AMPS), que tem o papel fundamental em prol das mulheres do Sul Catarinense, e contribui na constru\u00e7\u00e3o participativa de uma sociedade mais solid\u00e1ria e inclusiva. Com uma coluna semanal, \u201cRacionalizando\u201d buscar\u00e1 transmitir aos leitores: an\u00e1lise, reflex\u00e3o, pensamento cr\u00edtico \u2014 alinhado \u00e0 pol\u00edtica e aos valores. Opini\u00e3o sobre pol\u00edtica, valores e assuntos que fazem parte do dia a dia, de forma direta, sincera e pr\u00f3xima de quem l\u00ea. \u00a0\",\"url\":\"https:\/\/sulsc.com\/index.php\/author\/sabrina-zapelini-minatto\/\"}]}<\/script>\n<!-- \/ Yoast SEO plugin. -->","yoast_head_json":{"title":"Racionalizando por Sabrina Zapelini Minatto \u2013 A import\u00e2ncia de abrir caminhos para mais mulheres na pol\u00edtica -","robots":{"index":"index","follow":"follow","max-snippet":"max-snippet:-1","max-image-preview":"max-image-preview:large","max-video-preview":"max-video-preview:-1"},"canonical":"https:\/\/sulsc.com\/index.php\/2026\/02\/24\/racionalizando-por-sabrina-zapelini-minatto-a-importancia-de-abrir-caminhos-para-mais-mulheres-na-politica\/","og_locale":"en_US","og_type":"article","og_title":"Racionalizando por Sabrina Zapelini Minatto \u2013 A import\u00e2ncia de abrir caminhos para mais mulheres na pol\u00edtica -","og_description":"A participa\u00e7\u00e3o das mulheres n\u00e3o se constr\u00f3i apenas nos espa\u00e7os formais da pol\u00edtica. Ela come\u00e7a no dia a dia, nos bairros, nas associa\u00e7\u00f5es e nas iniciativas que impactam a vida das pessoas. Muitas mulheres j\u00e1 s\u00e3o l\u00edderes em suas casas, cuidando da fam\u00edlia, organizando o dia a dia e tomando decis\u00f5es que mant\u00eam tudo funcionando, &hellip; Racionalizando por Sabrina Zapelini Minatto \u2013 A import\u00e2ncia de abrir caminhos para mais mulheres na pol\u00edtica Read More &raquo;","og_url":"https:\/\/sulsc.com\/index.php\/2026\/02\/24\/racionalizando-por-sabrina-zapelini-minatto-a-importancia-de-abrir-caminhos-para-mais-mulheres-na-politica\/","article_published_time":"2026-02-24T22:37:59+00:00","og_image":[{"width":1280,"height":720,"url":"http:\/\/sulsc.com\/wp-content\/uploads\/2026\/02\/f1d48225-643f-4746-ba40-479f894f4037.jpeg","type":"image\/jpeg"}],"author":"Racionalizando","twitter_card":"summary_large_image","twitter_misc":{"Written by":"Racionalizando","Est. reading time":"2 minutes"},"schema":{"@context":"https:\/\/schema.org","@graph":[{"@type":"WebPage","@id":"https:\/\/sulsc.com\/index.php\/2026\/02\/24\/racionalizando-por-sabrina-zapelini-minatto-a-importancia-de-abrir-caminhos-para-mais-mulheres-na-politica\/","url":"https:\/\/sulsc.com\/index.php\/2026\/02\/24\/racionalizando-por-sabrina-zapelini-minatto-a-importancia-de-abrir-caminhos-para-mais-mulheres-na-politica\/","name":"Racionalizando por Sabrina Zapelini Minatto \u2013 A import\u00e2ncia de abrir caminhos para mais mulheres na pol\u00edtica -","isPartOf":{"@id":"https:\/\/sulsc.com\/#website"},"datePublished":"2026-02-24T22:37:59+00:00","dateModified":"2026-02-24T22:37:59+00:00","author":{"@id":"https:\/\/sulsc.com\/#\/schema\/person\/249eb129ff349b1e4963560f92b44990"},"breadcrumb":{"@id":"https:\/\/sulsc.com\/index.php\/2026\/02\/24\/racionalizando-por-sabrina-zapelini-minatto-a-importancia-de-abrir-caminhos-para-mais-mulheres-na-politica\/#breadcrumb"},"inLanguage":"en-US","potentialAction":[{"@type":"ReadAction","target":["https:\/\/sulsc.com\/index.php\/2026\/02\/24\/racionalizando-por-sabrina-zapelini-minatto-a-importancia-de-abrir-caminhos-para-mais-mulheres-na-politica\/"]}]},{"@type":"BreadcrumbList","@id":"https:\/\/sulsc.com\/index.php\/2026\/02\/24\/racionalizando-por-sabrina-zapelini-minatto-a-importancia-de-abrir-caminhos-para-mais-mulheres-na-politica\/#breadcrumb","itemListElement":[{"@type":"ListItem","position":1,"name":"In\u00edcio","item":"https:\/\/sulsc.com\/"},{"@type":"ListItem","position":2,"name":"Racionalizando por Sabrina Zapelini Minatto \u2013 A import\u00e2ncia de abrir caminhos para mais mulheres na pol\u00edtica"}]},{"@type":"WebSite","@id":"https:\/\/sulsc.com\/#website","url":"https:\/\/sulsc.com\/","name":"","description":"","potentialAction":[{"@type":"SearchAction","target":{"@type":"EntryPoint","urlTemplate":"https:\/\/sulsc.com\/?s={search_term_string}"},"query-input":"required name=search_term_string"}],"inLanguage":"en-US"},{"@type":"Person","@id":"https:\/\/sulsc.com\/#\/schema\/person\/249eb129ff349b1e4963560f92b44990","name":"Racionalizando por Sabrina Zapelini Minatto","image":{"@type":"ImageObject","inLanguage":"en-US","@id":"https:\/\/sulsc.com\/#\/schema\/person\/image\/0e5bbf2cffc7abd460acc5a1d6cffdbe","url":"https:\/\/sulsc.com\/wp-content\/uploads\/2025\/11\/Sabrina.png","contentUrl":"https:\/\/sulsc.com\/wp-content\/uploads\/2025\/11\/Sabrina.png","caption":"Racionalizando por Sabrina Zapelini Minatto"},"description":"Fundadora e presidente da Associa\u00e7\u00e3o das Mulheres Pol\u00edticas do Sul (AMPS), que tem o papel fundamental em prol das mulheres do Sul Catarinense, e contribui na constru\u00e7\u00e3o participativa de uma sociedade mais solid\u00e1ria e inclusiva. Com uma coluna semanal, \u201cRacionalizando\u201d buscar\u00e1 transmitir aos leitores: an\u00e1lise, reflex\u00e3o, pensamento cr\u00edtico \u2014 alinhado \u00e0 pol\u00edtica e aos valores. Opini\u00e3o sobre pol\u00edtica, valores e assuntos que fazem parte do dia a dia, de forma direta, sincera e pr\u00f3xima de quem l\u00ea. \u00a0","url":"https:\/\/sulsc.com\/index.php\/author\/sabrina-zapelini-minatto\/"}]}},"authors":[],"_links":{"self":[{"href":"https:\/\/sulsc.com\/index.php\/wp-json\/wp\/v2\/posts\/32568"}],"collection":[{"href":"https:\/\/sulsc.com\/index.php\/wp-json\/wp\/v2\/posts"}],"about":[{"href":"https:\/\/sulsc.com\/index.php\/wp-json\/wp\/v2\/types\/post"}],"author":[{"embeddable":true,"href":"https:\/\/sulsc.com\/index.php\/wp-json\/wp\/v2\/users\/25"}],"replies":[{"embeddable":true,"href":"https:\/\/sulsc.com\/index.php\/wp-json\/wp\/v2\/comments?post=32568"}],"version-history":[{"count":1,"href":"https:\/\/sulsc.com\/index.php\/wp-json\/wp\/v2\/posts\/32568\/revisions"}],"predecessor-version":[{"id":32571,"href":"https:\/\/sulsc.com\/index.php\/wp-json\/wp\/v2\/posts\/32568\/revisions\/32571"}],"wp:featuredmedia":[{"embeddable":true,"href":"https:\/\/sulsc.com\/index.php\/wp-json\/wp\/v2\/media\/32570"}],"wp:attachment":[{"href":"https:\/\/sulsc.com\/index.php\/wp-json\/wp\/v2\/media?parent=32568"}],"wp:term":[{"taxonomy":"category","embeddable":true,"href":"https:\/\/sulsc.com\/index.php\/wp-json\/wp\/v2\/categories?post=32568"},{"taxonomy":"post_tag","embeddable":true,"href":"https:\/\/sulsc.com\/index.php\/wp-json\/wp\/v2\/tags?post=32568"}],"curies":[{"name":"wp","href":"https:\/\/api.w.org\/{rel}","templated":true}]}}