{"id":32675,"date":"2026-03-01T09:14:12","date_gmt":"2026-03-01T12:14:12","guid":{"rendered":"https:\/\/sulsc.com\/?p=32675"},"modified":"2026-03-01T09:14:12","modified_gmt":"2026-03-01T12:14:12","slug":"domingo-01-03-de-sol-entre-nuvens-e-temperaturas-em-alta","status":"publish","type":"post","link":"https:\/\/sulsc.com\/index.php\/2026\/03\/01\/domingo-01-03-de-sol-entre-nuvens-e-temperaturas-em-alta\/","title":{"rendered":"Domingo (01\/03) de sol entre nuvens e temperaturas em alta"},"content":{"rendered":"<p>Neste domingo (01\/03), o tempo continua firme na maior parte do dia, com predom\u00ednio de sol, aumento das temperaturas e varia\u00e7\u00e3o de nuvens em todas as regi\u00f5es. A circula\u00e7\u00e3o mar\u00edtima ainda gera condi\u00e7\u00f5es para chuvas fracas e isoladas em \u00e1reas do Litoral nos extremos do dia, sem risco para ocorr\u00eancias.<\/p>\n<p>Entre o Grande Oeste e os Planaltos, o calor somado a \u00e1reas de instabilidades, provocam temporais isolados entre o final da tarde e \u00e0 noite. O risco \u00e9 baixo para ocorr\u00eancias meteorol\u00f3gicas.<\/p>\n<div id=\"metaslider-id-25573\" style=\"width: 100%;\" class=\"ml-slider-3-99-0 metaslider metaslider-flex metaslider-25573 ml-slider has-onhover-arrows ms-theme-default-base has-dots-nav\" role=\"region\" aria-label=\"Meio\" data-width=\"1200\">\n    <div id=\"metaslider_container_25573\">\n        <div id=\"metaslider_25573\">\n            <ul class='slides'>\n                <li style=\"display: block; width: 100%;\" class=\"slide-25684 ms-image \" aria-roledescription=\"slide\" data-date=\"2025-07-24 07:55:40\"><img src=\"https:\/\/sulsc.com\/wp-content\/uploads\/2025\/07\/Marr-2-1000x166.jpg\" height=\"200\" width=\"1200\" alt=\"\" class=\"slider-25573 slide-25684 msDefaultImage\" title=\"Marr 2\" \/><\/li>\n                <li style=\"display: none; width: 100%;\" class=\"slide-32412 ms-image \" aria-roledescription=\"slide\" data-date=\"2026-02-18 13:59:46\"><img src=\"https:\/\/sulsc.com\/wp-content\/uploads\/2026\/02\/40dc1580-cad5-4867-bc58-c4243821ad38-1000x166.jpeg\" height=\"200\" width=\"1200\" alt=\"\" class=\"slider-25573 slide-32412 msDefaultImage\" title=\"40dc1580-cad5-4867-bc58-c4243821ad38\" \/><\/li>\n                <li style=\"display: none; width: 100%;\" class=\"slide-32766 ms-image \" aria-roledescription=\"slide\" data-date=\"2026-03-03 17:22:59\"><img src=\"https:\/\/sulsc.com\/wp-content\/uploads\/2026\/03\/271ce739-f268-41c5-8051-3de1a1750359-1000x166.jpeg\" height=\"200\" width=\"1200\" alt=\"\" class=\"slider-25573 slide-32766 msDefaultImage\" title=\"271ce739-f268-41c5-8051-3de1a1750359\" \/><\/li>\n            <\/ul>\n        <\/div>\n        \n    <\/div>\n<\/div>\n<p><strong>Temperaturas<\/strong><\/p>\n<p>Pela manh\u00e3, as temperaturas continuam mais amenas em todo o estado, com m\u00ednimas oscilando entre 10\u00b0C e 20\u00b0C em todas as regi\u00f5es catarinenses. As m\u00e1ximas ficam em torno dos 28\/30\u00b0C no Litoral e Vale do Itaja\u00ed e podem passar dos 35\u00b0C em \u00e1reas do Oeste.<\/p>\n<p><img fetchpriority=\"high\" decoding=\"async\" class=\"aligncenter size-full wp-image-32676\" src=\"http:\/\/sulsc.com\/wp-content\/uploads\/2026\/03\/image-683-1536x1050-1.png\" alt=\"\" width=\"1536\" height=\"1050\" srcset=\"https:\/\/sulsc.com\/wp-content\/uploads\/2026\/03\/image-683-1536x1050-1.png 1536w, https:\/\/sulsc.com\/wp-content\/uploads\/2026\/03\/image-683-1536x1050-1-300x205.png 300w, https:\/\/sulsc.com\/wp-content\/uploads\/2026\/03\/image-683-1536x1050-1-1024x700.png 1024w, https:\/\/sulsc.com\/wp-content\/uploads\/2026\/03\/image-683-1536x1050-1-768x525.png 768w\" sizes=\"(max-width: 1536px) 100vw, 1536px\" \/><\/p>\n<p><img decoding=\"async\" class=\"aligncenter size-full wp-image-32517\" src=\"http:\/\/sulsc.com\/wp-content\/uploads\/2026\/02\/image-700-1536x331-14.png\" alt=\"\" width=\"1536\" height=\"331\" srcset=\"https:\/\/sulsc.com\/wp-content\/uploads\/2026\/02\/image-700-1536x331-14.png 1536w, https:\/\/sulsc.com\/wp-content\/uploads\/2026\/02\/image-700-1536x331-14-300x65.png 300w, https:\/\/sulsc.com\/wp-content\/uploads\/2026\/02\/image-700-1536x331-14-1024x221.png 1024w, https:\/\/sulsc.com\/wp-content\/uploads\/2026\/02\/image-700-1536x331-14-768x166.png 768w\" sizes=\"(max-width: 1536px) 100vw, 1536px\" \/><\/p>\n<p><strong>Vento:<\/strong> nordeste, com varia\u00e7\u00f5es de sudeste no Litoral, fraco a moderado.<\/p>\n<p><strong>Sistema predominante:<\/strong> alta press\u00e3o, com centro entre o litoral do Uruguai e RS.<\/p>\n<p><strong>Amanh\u00e3 segunda-feira (02\/03),<\/strong> o dia ser\u00e1 de sol em SC, com mais nuvens a partir da tarde e condi\u00e7\u00f5es de pancadas de chuva de ver\u00e3o (isoladas e passageiras), devido ao aquecimento e um cavado (\u00e1rea de baixa press\u00e3o) no PR. As temperaturas com m\u00e1ximas ficando em torno dos 28\/30\u00b0C no Litoral e Vale do Itaja\u00ed e podem passar dos 35\u00b0C em \u00e1reas do Oeste.<\/p>\n<p>Fonte: Defesa Civil &#8211; SC\/Epagri-Ciram<\/p>\n","protected":false},"excerpt":{"rendered":"<p>Neste domingo (01\/03), o tempo continua firme na maior parte do dia, com predom\u00ednio de sol, aumento das temperaturas e varia\u00e7\u00e3o de nuvens em todas as regi\u00f5es. A circula\u00e7\u00e3o mar\u00edtima ainda gera condi\u00e7\u00f5es para chuvas fracas e isoladas em \u00e1reas do Litoral nos extremos do dia, sem risco para ocorr\u00eancias. Entre o Grande Oeste e &hellip;<\/p>\n<p class=\"read-more\"> <a class=\"\" href=\"https:\/\/sulsc.com\/index.php\/2026\/03\/01\/domingo-01-03-de-sol-entre-nuvens-e-temperaturas-em-alta\/\"> <span class=\"screen-reader-text\">Domingo (01\/03) de sol entre nuvens e temperaturas em alta<\/span> Read More &raquo;<\/a><\/p>\n","protected":false},"author":3,"featured_media":32677,"comment_status":"open","ping_status":"open","sticky":false,"template":"","format":"standard","meta":{"site-sidebar-layout":"default","site-content-layout":"","ast-site-content-layout":"default","site-content-style":"default","site-sidebar-style":"default","ast-global-header-display":"","ast-banner-title-visibility":"","ast-main-header-display":"","ast-hfb-above-header-display":"","ast-hfb-below-header-display":"","ast-hfb-mobile-header-display":"","site-post-title":"","ast-breadcrumbs-content":"","ast-featured-img":"","footer-sml-layout":"","theme-transparent-header-meta":"default","adv-header-id-meta":"","stick-header-meta":"","header-above-stick-meta":"","header-main-stick-meta":"","header-below-stick-meta":"","astra-migrate-meta-layouts":"set","footnotes":""},"categories":[1,14,38,12],"tags":[90],"yoast_head":"<!-- This site is optimized with the Yoast SEO plugin v21.4 - https:\/\/yoast.com\/wordpress\/plugins\/seo\/ -->\n<title>Domingo (01\/03) de sol entre nuvens e temperaturas em alta -<\/title>\n<meta name=\"robots\" content=\"index, follow, max-snippet:-1, max-image-preview:large, max-video-preview:-1\" \/>\n<link rel=\"canonical\" href=\"https:\/\/sulsc.com\/index.php\/2026\/03\/01\/domingo-01-03-de-sol-entre-nuvens-e-temperaturas-em-alta\/\" \/>\n<meta property=\"og:locale\" content=\"en_US\" \/>\n<meta property=\"og:type\" content=\"article\" \/>\n<meta property=\"og:title\" content=\"Domingo (01\/03) de sol entre nuvens e temperaturas em alta -\" \/>\n<meta property=\"og:description\" content=\"Neste domingo (01\/03), o tempo continua firme na maior parte do dia, com predom\u00ednio de sol, aumento das temperaturas e varia\u00e7\u00e3o de nuvens em todas as regi\u00f5es. A circula\u00e7\u00e3o mar\u00edtima ainda gera condi\u00e7\u00f5es para chuvas fracas e isoladas em \u00e1reas do Litoral nos extremos do dia, sem risco para ocorr\u00eancias. Entre o Grande Oeste e &hellip; Domingo (01\/03) de sol entre nuvens e temperaturas em alta Read More &raquo;\" \/>\n<meta property=\"og:url\" content=\"https:\/\/sulsc.com\/index.php\/2026\/03\/01\/domingo-01-03-de-sol-entre-nuvens-e-temperaturas-em-alta\/\" \/>\n<meta property=\"article:author\" content=\"https:\/\/www.facebook.com\/profile.php?id=61559278119680\" \/>\n<meta property=\"article:published_time\" content=\"2026-03-01T12:14:12+00:00\" \/>\n<meta property=\"og:image\" content=\"http:\/\/sulsc.com\/wp-content\/uploads\/2026\/03\/847df9be-c220-440b-b919-a4c6f50efb13-e1772367235707.jpeg\" \/>\n\t<meta property=\"og:image:width\" content=\"712\" \/>\n\t<meta property=\"og:image:height\" content=\"978\" \/>\n\t<meta property=\"og:image:type\" content=\"image\/jpeg\" \/>\n<meta name=\"author\" content=\"Reda\u00e7\u00e3o Sul SC\" \/>\n<meta name=\"twitter:card\" content=\"summary_large_image\" \/>\n<meta name=\"twitter:creator\" content=\"@https:\/\/twitter.com\/PortalSulSC\" \/>\n<meta name=\"twitter:label1\" content=\"Written by\" \/>\n\t<meta name=\"twitter:data1\" content=\"Reda\u00e7\u00e3o Sul SC\" \/>\n\t<meta name=\"twitter:label2\" content=\"Est. reading time\" \/>\n\t<meta name=\"twitter:data2\" content=\"2 minutes\" \/>\n<script type=\"application\/ld+json\" class=\"yoast-schema-graph\">{\"@context\":\"https:\/\/schema.org\",\"@graph\":[{\"@type\":\"WebPage\",\"@id\":\"https:\/\/sulsc.com\/index.php\/2026\/03\/01\/domingo-01-03-de-sol-entre-nuvens-e-temperaturas-em-alta\/\",\"url\":\"https:\/\/sulsc.com\/index.php\/2026\/03\/01\/domingo-01-03-de-sol-entre-nuvens-e-temperaturas-em-alta\/\",\"name\":\"Domingo (01\/03) de sol entre nuvens e temperaturas em alta -\",\"isPartOf\":{\"@id\":\"https:\/\/sulsc.com\/#website\"},\"datePublished\":\"2026-03-01T12:14:12+00:00\",\"dateModified\":\"2026-03-01T12:14:12+00:00\",\"author\":{\"@id\":\"https:\/\/sulsc.com\/#\/schema\/person\/84d2fc571684f6248ba83092f07750a3\"},\"breadcrumb\":{\"@id\":\"https:\/\/sulsc.com\/index.php\/2026\/03\/01\/domingo-01-03-de-sol-entre-nuvens-e-temperaturas-em-alta\/#breadcrumb\"},\"inLanguage\":\"en-US\",\"potentialAction\":[{\"@type\":\"ReadAction\",\"target\":[\"https:\/\/sulsc.com\/index.php\/2026\/03\/01\/domingo-01-03-de-sol-entre-nuvens-e-temperaturas-em-alta\/\"]}]},{\"@type\":\"BreadcrumbList\",\"@id\":\"https:\/\/sulsc.com\/index.php\/2026\/03\/01\/domingo-01-03-de-sol-entre-nuvens-e-temperaturas-em-alta\/#breadcrumb\",\"itemListElement\":[{\"@type\":\"ListItem\",\"position\":1,\"name\":\"In\u00edcio\",\"item\":\"https:\/\/sulsc.com\/\"},{\"@type\":\"ListItem\",\"position\":2,\"name\":\"Domingo (01\/03) de sol entre nuvens e temperaturas em alta\"}]},{\"@type\":\"WebSite\",\"@id\":\"https:\/\/sulsc.com\/#website\",\"url\":\"https:\/\/sulsc.com\/\",\"name\":\"\",\"description\":\"\",\"potentialAction\":[{\"@type\":\"SearchAction\",\"target\":{\"@type\":\"EntryPoint\",\"urlTemplate\":\"https:\/\/sulsc.com\/?s={search_term_string}\"},\"query-input\":\"required name=search_term_string\"}],\"inLanguage\":\"en-US\"},{\"@type\":\"Person\",\"@id\":\"https:\/\/sulsc.com\/#\/schema\/person\/84d2fc571684f6248ba83092f07750a3\",\"name\":\"Reda\u00e7\u00e3o Sul SC\",\"image\":{\"@type\":\"ImageObject\",\"inLanguage\":\"en-US\",\"@id\":\"https:\/\/sulsc.com\/#\/schema\/person\/image\/e08d7fe2cc4ed596372063bbe852b8d0\",\"url\":\"https:\/\/sulsc.com\/wp-content\/uploads\/2023\/09\/redacao.png\",\"contentUrl\":\"https:\/\/sulsc.com\/wp-content\/uploads\/2023\/09\/redacao.png\",\"caption\":\"Reda\u00e7\u00e3o Sul SC\"},\"description\":\"Foco em um jornalismo imparcial, voltado \u00e0 qualidade dos seus conte\u00fados e, assim, levar informa\u00e7\u00e3o de valor que agregue \u00e0 vida dos leitores. Esta \u00e9 grande miss\u00e3o do Portal de Not\u00edcias Sul SC. N\u00e3o \u00e9 quantidade que muda o mundo, sempre foi e seguir\u00e1 sendo qualidade!\",\"sameAs\":[\"https:\/\/sulsc.com\/\",\"https:\/\/www.facebook.com\/profile.php?id=61559278119680\",\"https:\/\/www.instagram.com\/sulscportal\/?hl=pt-br\",\"https:\/\/twitter.com\/https:\/\/twitter.com\/PortalSulSC\",\"https:\/\/www.youtube.com\/channel\/UCv_BE8GeySluDov2n8qhVmw\"],\"url\":\"https:\/\/sulsc.com\/index.php\/author\/redacao\/\"}]}<\/script>\n<!-- \/ Yoast SEO plugin. -->","yoast_head_json":{"title":"Domingo (01\/03) de sol entre nuvens e temperaturas em alta -","robots":{"index":"index","follow":"follow","max-snippet":"max-snippet:-1","max-image-preview":"max-image-preview:large","max-video-preview":"max-video-preview:-1"},"canonical":"https:\/\/sulsc.com\/index.php\/2026\/03\/01\/domingo-01-03-de-sol-entre-nuvens-e-temperaturas-em-alta\/","og_locale":"en_US","og_type":"article","og_title":"Domingo (01\/03) de sol entre nuvens e temperaturas em alta -","og_description":"Neste domingo (01\/03), o tempo continua firme na maior parte do dia, com predom\u00ednio de sol, aumento das temperaturas e varia\u00e7\u00e3o de nuvens em todas as regi\u00f5es. A circula\u00e7\u00e3o mar\u00edtima ainda gera condi\u00e7\u00f5es para chuvas fracas e isoladas em \u00e1reas do Litoral nos extremos do dia, sem risco para ocorr\u00eancias. Entre o Grande Oeste e &hellip; Domingo (01\/03) de sol entre nuvens e temperaturas em alta Read More &raquo;","og_url":"https:\/\/sulsc.com\/index.php\/2026\/03\/01\/domingo-01-03-de-sol-entre-nuvens-e-temperaturas-em-alta\/","article_author":"https:\/\/www.facebook.com\/profile.php?id=61559278119680","article_published_time":"2026-03-01T12:14:12+00:00","og_image":[{"width":712,"height":978,"url":"http:\/\/sulsc.com\/wp-content\/uploads\/2026\/03\/847df9be-c220-440b-b919-a4c6f50efb13-e1772367235707.jpeg","type":"image\/jpeg"}],"author":"Reda\u00e7\u00e3o Sul SC","twitter_card":"summary_large_image","twitter_creator":"@https:\/\/twitter.com\/PortalSulSC","twitter_misc":{"Written by":"Reda\u00e7\u00e3o Sul SC","Est. reading time":"2 minutes"},"schema":{"@context":"https:\/\/schema.org","@graph":[{"@type":"WebPage","@id":"https:\/\/sulsc.com\/index.php\/2026\/03\/01\/domingo-01-03-de-sol-entre-nuvens-e-temperaturas-em-alta\/","url":"https:\/\/sulsc.com\/index.php\/2026\/03\/01\/domingo-01-03-de-sol-entre-nuvens-e-temperaturas-em-alta\/","name":"Domingo (01\/03) de sol entre nuvens e temperaturas em alta -","isPartOf":{"@id":"https:\/\/sulsc.com\/#website"},"datePublished":"2026-03-01T12:14:12+00:00","dateModified":"2026-03-01T12:14:12+00:00","author":{"@id":"https:\/\/sulsc.com\/#\/schema\/person\/84d2fc571684f6248ba83092f07750a3"},"breadcrumb":{"@id":"https:\/\/sulsc.com\/index.php\/2026\/03\/01\/domingo-01-03-de-sol-entre-nuvens-e-temperaturas-em-alta\/#breadcrumb"},"inLanguage":"en-US","potentialAction":[{"@type":"ReadAction","target":["https:\/\/sulsc.com\/index.php\/2026\/03\/01\/domingo-01-03-de-sol-entre-nuvens-e-temperaturas-em-alta\/"]}]},{"@type":"BreadcrumbList","@id":"https:\/\/sulsc.com\/index.php\/2026\/03\/01\/domingo-01-03-de-sol-entre-nuvens-e-temperaturas-em-alta\/#breadcrumb","itemListElement":[{"@type":"ListItem","position":1,"name":"In\u00edcio","item":"https:\/\/sulsc.com\/"},{"@type":"ListItem","position":2,"name":"Domingo (01\/03) de sol entre nuvens e temperaturas em alta"}]},{"@type":"WebSite","@id":"https:\/\/sulsc.com\/#website","url":"https:\/\/sulsc.com\/","name":"","description":"","potentialAction":[{"@type":"SearchAction","target":{"@type":"EntryPoint","urlTemplate":"https:\/\/sulsc.com\/?s={search_term_string}"},"query-input":"required name=search_term_string"}],"inLanguage":"en-US"},{"@type":"Person","@id":"https:\/\/sulsc.com\/#\/schema\/person\/84d2fc571684f6248ba83092f07750a3","name":"Reda\u00e7\u00e3o Sul SC","image":{"@type":"ImageObject","inLanguage":"en-US","@id":"https:\/\/sulsc.com\/#\/schema\/person\/image\/e08d7fe2cc4ed596372063bbe852b8d0","url":"https:\/\/sulsc.com\/wp-content\/uploads\/2023\/09\/redacao.png","contentUrl":"https:\/\/sulsc.com\/wp-content\/uploads\/2023\/09\/redacao.png","caption":"Reda\u00e7\u00e3o Sul SC"},"description":"Foco em um jornalismo imparcial, voltado \u00e0 qualidade dos seus conte\u00fados e, assim, levar informa\u00e7\u00e3o de valor que agregue \u00e0 vida dos leitores. Esta \u00e9 grande miss\u00e3o do Portal de Not\u00edcias Sul SC. N\u00e3o \u00e9 quantidade que muda o mundo, sempre foi e seguir\u00e1 sendo qualidade!","sameAs":["https:\/\/sulsc.com\/","https:\/\/www.facebook.com\/profile.php?id=61559278119680","https:\/\/www.instagram.com\/sulscportal\/?hl=pt-br","https:\/\/twitter.com\/https:\/\/twitter.com\/PortalSulSC","https:\/\/www.youtube.com\/channel\/UCv_BE8GeySluDov2n8qhVmw"],"url":"https:\/\/sulsc.com\/index.php\/author\/redacao\/"}]}},"authors":[],"_links":{"self":[{"href":"https:\/\/sulsc.com\/index.php\/wp-json\/wp\/v2\/posts\/32675"}],"collection":[{"href":"https:\/\/sulsc.com\/index.php\/wp-json\/wp\/v2\/posts"}],"about":[{"href":"https:\/\/sulsc.com\/index.php\/wp-json\/wp\/v2\/types\/post"}],"author":[{"embeddable":true,"href":"https:\/\/sulsc.com\/index.php\/wp-json\/wp\/v2\/users\/3"}],"replies":[{"embeddable":true,"href":"https:\/\/sulsc.com\/index.php\/wp-json\/wp\/v2\/comments?post=32675"}],"version-history":[{"count":1,"href":"https:\/\/sulsc.com\/index.php\/wp-json\/wp\/v2\/posts\/32675\/revisions"}],"predecessor-version":[{"id":32678,"href":"https:\/\/sulsc.com\/index.php\/wp-json\/wp\/v2\/posts\/32675\/revisions\/32678"}],"wp:featuredmedia":[{"embeddable":true,"href":"https:\/\/sulsc.com\/index.php\/wp-json\/wp\/v2\/media\/32677"}],"wp:attachment":[{"href":"https:\/\/sulsc.com\/index.php\/wp-json\/wp\/v2\/media?parent=32675"}],"wp:term":[{"taxonomy":"category","embeddable":true,"href":"https:\/\/sulsc.com\/index.php\/wp-json\/wp\/v2\/categories?post=32675"},{"taxonomy":"post_tag","embeddable":true,"href":"https:\/\/sulsc.com\/index.php\/wp-json\/wp\/v2\/tags?post=32675"}],"curies":[{"name":"wp","href":"https:\/\/api.w.org\/{rel}","templated":true}]}}