{"id":32682,"date":"2026-03-01T12:09:25","date_gmt":"2026-03-01T15:09:25","guid":{"rendered":"https:\/\/sulsc.com\/?p=32682"},"modified":"2026-03-01T12:10:38","modified_gmt":"2026-03-01T15:10:38","slug":"quatro-pessoas-da-mesma-familia-sao-vitimas-de-afogamento-nos-molhes-da-barra-em-laguna","status":"publish","type":"post","link":"https:\/\/sulsc.com\/index.php\/2026\/03\/01\/quatro-pessoas-da-mesma-familia-sao-vitimas-de-afogamento-nos-molhes-da-barra-em-laguna\/","title":{"rendered":"Quatro pessoas da mesma fam\u00edlia s\u00e3o v\u00edtimas de afogamento nos Molhes da Barra em Laguna"},"content":{"rendered":"<p><span dir=\"auto\" style=\"vertical-align: inherit;\"><span dir=\"auto\" style=\"vertical-align: inherit;\">Na tarde de ontem, s\u00e1bado (28), por volta das 17h30, o Corpo de Bombeiros Militar de Laguna, foi acionado para atender uma ocorr\u00eancia de afogamento nos Molhes da Barra, no Mar Grosso. Quatro pessoas de uma mesma fam\u00edlia, todos naturais de Laguna, foram as v\u00edtimas do incidente.<\/span><\/span><\/p>\n<p><span dir=\"auto\" style=\"vertical-align: inherit;\"><span dir=\"auto\" style=\"vertical-align: inherit;\">Ao chegarem ao local, os bombeiros resgataram a situa\u00e7\u00e3o cr\u00edtica: um homem de 35 anos, apresentava sinais de afogamento, como tosse e v\u00f4mito, e foi imediatamente suspenso ao Hospital de Laguna, onde foi liberado com grau 2 de afogamento.<\/span><\/span><\/p>\n<div id=\"metaslider-id-25573\" style=\"width: 100%;\" class=\"ml-slider-3-99-0 metaslider metaslider-flex metaslider-25573 ml-slider has-onhover-arrows ms-theme-default-base has-dots-nav\" role=\"region\" aria-label=\"Meio\" data-width=\"1200\">\n    <div id=\"metaslider_container_25573\">\n        <div id=\"metaslider_25573\">\n            <ul class='slides'>\n                <li style=\"display: block; width: 100%;\" class=\"slide-25684 ms-image \" aria-roledescription=\"slide\" data-date=\"2025-07-24 07:55:40\"><img src=\"https:\/\/sulsc.com\/wp-content\/uploads\/2025\/07\/Marr-2-1000x166.jpg\" height=\"200\" width=\"1200\" alt=\"\" class=\"slider-25573 slide-25684 msDefaultImage\" title=\"Marr 2\" \/><\/li>\n                <li style=\"display: none; width: 100%;\" class=\"slide-32412 ms-image \" aria-roledescription=\"slide\" data-date=\"2026-02-18 13:59:46\"><img src=\"https:\/\/sulsc.com\/wp-content\/uploads\/2026\/02\/40dc1580-cad5-4867-bc58-c4243821ad38-1000x166.jpeg\" height=\"200\" width=\"1200\" alt=\"\" class=\"slider-25573 slide-32412 msDefaultImage\" title=\"40dc1580-cad5-4867-bc58-c4243821ad38\" \/><\/li>\n                <li style=\"display: none; width: 100%;\" class=\"slide-32766 ms-image \" aria-roledescription=\"slide\" data-date=\"2026-03-03 17:22:59\"><img src=\"https:\/\/sulsc.com\/wp-content\/uploads\/2026\/03\/271ce739-f268-41c5-8051-3de1a1750359-1000x166.jpeg\" height=\"200\" width=\"1200\" alt=\"\" class=\"slider-25573 slide-32766 msDefaultImage\" title=\"271ce739-f268-41c5-8051-3de1a1750359\" \/><\/li>\n            <\/ul>\n        <\/div>\n        \n    <\/div>\n<\/div>\n<p><span dir=\"auto\" style=\"vertical-align: inherit;\"><span dir=\"auto\" style=\"vertical-align: inherit;\">As outras v\u00edtimas, incluindo um menino de 7 anos, autista e n\u00e3o verbal, e duas mulheres, uma de 35 anos e outra de apenas 3 anos, foram atendidas pelo SAMU. Apesar de terem sido submersas, n\u00e3o houve sinais de afogamento.<\/span><\/span><\/p>\n<p><span dir=\"auto\" style=\"vertical-align: inherit;\"><span dir=\"auto\" style=\"vertical-align: inherit;\">As v\u00edtimas foram banhadas em sinaliza\u00e7\u00e3o local e n\u00e3o monitoradas por guarda-vidas. O resgate foi realizado com a ajuda de um bombeiro militar aposentado que estava no local e contou com o apoio de populares e outro bombeiro que chegou no local durante uma ocorr\u00eancia e auxiliou no atendimento.<\/span><\/span><\/p>\n<p><img fetchpriority=\"high\" decoding=\"async\" class=\"aligncenter size-full wp-image-32683\" src=\"http:\/\/sulsc.com\/wp-content\/uploads\/2026\/03\/690c82d2-bcc1-4d36-8b3a-aaa1be7f96d9-e1772377601767.jpeg\" alt=\"\" width=\"712\" height=\"761\" srcset=\"https:\/\/sulsc.com\/wp-content\/uploads\/2026\/03\/690c82d2-bcc1-4d36-8b3a-aaa1be7f96d9-e1772377601767.jpeg 712w, https:\/\/sulsc.com\/wp-content\/uploads\/2026\/03\/690c82d2-bcc1-4d36-8b3a-aaa1be7f96d9-e1772377601767-281x300.jpeg 281w\" sizes=\"(max-width: 712px) 100vw, 712px\" \/><\/p>\n<p><span dir=\"auto\" style=\"vertical-align: inherit;\"><span dir=\"auto\" style=\"vertical-align: inherit;\">Foto: 8\u00baBBM\/Divulga\u00e7\u00e3o\/SulSC<\/span><\/span><\/p>\n","protected":false},"excerpt":{"rendered":"<p>Na tarde de ontem, s\u00e1bado (28), por volta das 17h30, o Corpo de Bombeiros Militar de Laguna, foi acionado para atender uma ocorr\u00eancia de afogamento nos Molhes da Barra, no Mar Grosso. Quatro pessoas de uma mesma fam\u00edlia, todos naturais de Laguna, foram as v\u00edtimas do incidente. Ao chegarem ao local, os bombeiros resgataram a &hellip;<\/p>\n<p class=\"read-more\"> <a class=\"\" href=\"https:\/\/sulsc.com\/index.php\/2026\/03\/01\/quatro-pessoas-da-mesma-familia-sao-vitimas-de-afogamento-nos-molhes-da-barra-em-laguna\/\"> <span class=\"screen-reader-text\">Quatro pessoas da mesma fam\u00edlia s\u00e3o v\u00edtimas de afogamento nos Molhes da Barra em Laguna<\/span> Read More &raquo;<\/a><\/p>\n","protected":false},"author":3,"featured_media":32683,"comment_status":"open","ping_status":"open","sticky":false,"template":"","format":"standard","meta":{"site-sidebar-layout":"default","site-content-layout":"","ast-site-content-layout":"default","site-content-style":"default","site-sidebar-style":"default","ast-global-header-display":"","ast-banner-title-visibility":"","ast-main-header-display":"","ast-hfb-above-header-display":"","ast-hfb-below-header-display":"","ast-hfb-mobile-header-display":"","site-post-title":"","ast-breadcrumbs-content":"","ast-featured-img":"","footer-sml-layout":"","theme-transparent-header-meta":"default","adv-header-id-meta":"","stick-header-meta":"","header-above-stick-meta":"","header-main-stick-meta":"","header-below-stick-meta":"","astra-migrate-meta-layouts":"set","footnotes":""},"categories":[2231,1,22,14,2782,12],"tags":[2793],"yoast_head":"<!-- This site is optimized with the Yoast SEO plugin v21.4 - https:\/\/yoast.com\/wordpress\/plugins\/seo\/ -->\n<title>Quatro pessoas da mesma fam\u00edlia s\u00e3o v\u00edtimas de afogamento nos Molhes da Barra em Laguna -<\/title>\n<meta name=\"robots\" content=\"index, follow, max-snippet:-1, max-image-preview:large, max-video-preview:-1\" \/>\n<link rel=\"canonical\" href=\"https:\/\/sulsc.com\/index.php\/2026\/03\/01\/quatro-pessoas-da-mesma-familia-sao-vitimas-de-afogamento-nos-molhes-da-barra-em-laguna\/\" \/>\n<meta property=\"og:locale\" content=\"en_US\" \/>\n<meta property=\"og:type\" content=\"article\" \/>\n<meta property=\"og:title\" content=\"Quatro pessoas da mesma fam\u00edlia s\u00e3o v\u00edtimas de afogamento nos Molhes da Barra em Laguna -\" \/>\n<meta property=\"og:description\" content=\"Na tarde de ontem, s\u00e1bado (28), por volta das 17h30, o Corpo de Bombeiros Militar de Laguna, foi acionado para atender uma ocorr\u00eancia de afogamento nos Molhes da Barra, no Mar Grosso. Quatro pessoas de uma mesma fam\u00edlia, todos naturais de Laguna, foram as v\u00edtimas do incidente. Ao chegarem ao local, os bombeiros resgataram a &hellip; Quatro pessoas da mesma fam\u00edlia s\u00e3o v\u00edtimas de afogamento nos Molhes da Barra em Laguna Read More &raquo;\" \/>\n<meta property=\"og:url\" content=\"https:\/\/sulsc.com\/index.php\/2026\/03\/01\/quatro-pessoas-da-mesma-familia-sao-vitimas-de-afogamento-nos-molhes-da-barra-em-laguna\/\" \/>\n<meta property=\"article:author\" content=\"https:\/\/www.facebook.com\/profile.php?id=61559278119680\" \/>\n<meta property=\"article:published_time\" content=\"2026-03-01T15:09:25+00:00\" \/>\n<meta property=\"article:modified_time\" content=\"2026-03-01T15:10:38+00:00\" \/>\n<meta property=\"og:image\" content=\"http:\/\/sulsc.com\/wp-content\/uploads\/2026\/03\/690c82d2-bcc1-4d36-8b3a-aaa1be7f96d9-e1772377601767.jpeg\" \/>\n\t<meta property=\"og:image:width\" content=\"712\" \/>\n\t<meta property=\"og:image:height\" content=\"761\" \/>\n\t<meta property=\"og:image:type\" content=\"image\/jpeg\" \/>\n<meta name=\"author\" content=\"Reda\u00e7\u00e3o Sul SC\" \/>\n<meta name=\"twitter:card\" content=\"summary_large_image\" \/>\n<meta name=\"twitter:creator\" content=\"@https:\/\/twitter.com\/PortalSulSC\" \/>\n<meta name=\"twitter:label1\" content=\"Written by\" \/>\n\t<meta name=\"twitter:data1\" content=\"Reda\u00e7\u00e3o Sul SC\" \/>\n\t<meta name=\"twitter:label2\" content=\"Est. reading time\" \/>\n\t<meta name=\"twitter:data2\" content=\"1 minute\" \/>\n<script type=\"application\/ld+json\" class=\"yoast-schema-graph\">{\"@context\":\"https:\/\/schema.org\",\"@graph\":[{\"@type\":\"WebPage\",\"@id\":\"https:\/\/sulsc.com\/index.php\/2026\/03\/01\/quatro-pessoas-da-mesma-familia-sao-vitimas-de-afogamento-nos-molhes-da-barra-em-laguna\/\",\"url\":\"https:\/\/sulsc.com\/index.php\/2026\/03\/01\/quatro-pessoas-da-mesma-familia-sao-vitimas-de-afogamento-nos-molhes-da-barra-em-laguna\/\",\"name\":\"Quatro pessoas da mesma fam\u00edlia s\u00e3o v\u00edtimas de afogamento nos Molhes da Barra em Laguna -\",\"isPartOf\":{\"@id\":\"https:\/\/sulsc.com\/#website\"},\"datePublished\":\"2026-03-01T15:09:25+00:00\",\"dateModified\":\"2026-03-01T15:10:38+00:00\",\"author\":{\"@id\":\"https:\/\/sulsc.com\/#\/schema\/person\/84d2fc571684f6248ba83092f07750a3\"},\"breadcrumb\":{\"@id\":\"https:\/\/sulsc.com\/index.php\/2026\/03\/01\/quatro-pessoas-da-mesma-familia-sao-vitimas-de-afogamento-nos-molhes-da-barra-em-laguna\/#breadcrumb\"},\"inLanguage\":\"en-US\",\"potentialAction\":[{\"@type\":\"ReadAction\",\"target\":[\"https:\/\/sulsc.com\/index.php\/2026\/03\/01\/quatro-pessoas-da-mesma-familia-sao-vitimas-de-afogamento-nos-molhes-da-barra-em-laguna\/\"]}]},{\"@type\":\"BreadcrumbList\",\"@id\":\"https:\/\/sulsc.com\/index.php\/2026\/03\/01\/quatro-pessoas-da-mesma-familia-sao-vitimas-de-afogamento-nos-molhes-da-barra-em-laguna\/#breadcrumb\",\"itemListElement\":[{\"@type\":\"ListItem\",\"position\":1,\"name\":\"In\u00edcio\",\"item\":\"https:\/\/sulsc.com\/\"},{\"@type\":\"ListItem\",\"position\":2,\"name\":\"Quatro pessoas da mesma fam\u00edlia s\u00e3o v\u00edtimas de afogamento nos Molhes da Barra em Laguna\"}]},{\"@type\":\"WebSite\",\"@id\":\"https:\/\/sulsc.com\/#website\",\"url\":\"https:\/\/sulsc.com\/\",\"name\":\"\",\"description\":\"\",\"potentialAction\":[{\"@type\":\"SearchAction\",\"target\":{\"@type\":\"EntryPoint\",\"urlTemplate\":\"https:\/\/sulsc.com\/?s={search_term_string}\"},\"query-input\":\"required name=search_term_string\"}],\"inLanguage\":\"en-US\"},{\"@type\":\"Person\",\"@id\":\"https:\/\/sulsc.com\/#\/schema\/person\/84d2fc571684f6248ba83092f07750a3\",\"name\":\"Reda\u00e7\u00e3o Sul SC\",\"image\":{\"@type\":\"ImageObject\",\"inLanguage\":\"en-US\",\"@id\":\"https:\/\/sulsc.com\/#\/schema\/person\/image\/e08d7fe2cc4ed596372063bbe852b8d0\",\"url\":\"https:\/\/sulsc.com\/wp-content\/uploads\/2023\/09\/redacao.png\",\"contentUrl\":\"https:\/\/sulsc.com\/wp-content\/uploads\/2023\/09\/redacao.png\",\"caption\":\"Reda\u00e7\u00e3o Sul SC\"},\"description\":\"Foco em um jornalismo imparcial, voltado \u00e0 qualidade dos seus conte\u00fados e, assim, levar informa\u00e7\u00e3o de valor que agregue \u00e0 vida dos leitores. Esta \u00e9 grande miss\u00e3o do Portal de Not\u00edcias Sul SC. N\u00e3o \u00e9 quantidade que muda o mundo, sempre foi e seguir\u00e1 sendo qualidade!\",\"sameAs\":[\"https:\/\/sulsc.com\/\",\"https:\/\/www.facebook.com\/profile.php?id=61559278119680\",\"https:\/\/www.instagram.com\/sulscportal\/?hl=pt-br\",\"https:\/\/twitter.com\/https:\/\/twitter.com\/PortalSulSC\",\"https:\/\/www.youtube.com\/channel\/UCv_BE8GeySluDov2n8qhVmw\"],\"url\":\"https:\/\/sulsc.com\/index.php\/author\/redacao\/\"}]}<\/script>\n<!-- \/ Yoast SEO plugin. -->","yoast_head_json":{"title":"Quatro pessoas da mesma fam\u00edlia s\u00e3o v\u00edtimas de afogamento nos Molhes da Barra em Laguna -","robots":{"index":"index","follow":"follow","max-snippet":"max-snippet:-1","max-image-preview":"max-image-preview:large","max-video-preview":"max-video-preview:-1"},"canonical":"https:\/\/sulsc.com\/index.php\/2026\/03\/01\/quatro-pessoas-da-mesma-familia-sao-vitimas-de-afogamento-nos-molhes-da-barra-em-laguna\/","og_locale":"en_US","og_type":"article","og_title":"Quatro pessoas da mesma fam\u00edlia s\u00e3o v\u00edtimas de afogamento nos Molhes da Barra em Laguna -","og_description":"Na tarde de ontem, s\u00e1bado (28), por volta das 17h30, o Corpo de Bombeiros Militar de Laguna, foi acionado para atender uma ocorr\u00eancia de afogamento nos Molhes da Barra, no Mar Grosso. Quatro pessoas de uma mesma fam\u00edlia, todos naturais de Laguna, foram as v\u00edtimas do incidente. Ao chegarem ao local, os bombeiros resgataram a &hellip; Quatro pessoas da mesma fam\u00edlia s\u00e3o v\u00edtimas de afogamento nos Molhes da Barra em Laguna Read More &raquo;","og_url":"https:\/\/sulsc.com\/index.php\/2026\/03\/01\/quatro-pessoas-da-mesma-familia-sao-vitimas-de-afogamento-nos-molhes-da-barra-em-laguna\/","article_author":"https:\/\/www.facebook.com\/profile.php?id=61559278119680","article_published_time":"2026-03-01T15:09:25+00:00","article_modified_time":"2026-03-01T15:10:38+00:00","og_image":[{"width":712,"height":761,"url":"http:\/\/sulsc.com\/wp-content\/uploads\/2026\/03\/690c82d2-bcc1-4d36-8b3a-aaa1be7f96d9-e1772377601767.jpeg","type":"image\/jpeg"}],"author":"Reda\u00e7\u00e3o Sul SC","twitter_card":"summary_large_image","twitter_creator":"@https:\/\/twitter.com\/PortalSulSC","twitter_misc":{"Written by":"Reda\u00e7\u00e3o Sul SC","Est. reading time":"1 minute"},"schema":{"@context":"https:\/\/schema.org","@graph":[{"@type":"WebPage","@id":"https:\/\/sulsc.com\/index.php\/2026\/03\/01\/quatro-pessoas-da-mesma-familia-sao-vitimas-de-afogamento-nos-molhes-da-barra-em-laguna\/","url":"https:\/\/sulsc.com\/index.php\/2026\/03\/01\/quatro-pessoas-da-mesma-familia-sao-vitimas-de-afogamento-nos-molhes-da-barra-em-laguna\/","name":"Quatro pessoas da mesma fam\u00edlia s\u00e3o v\u00edtimas de afogamento nos Molhes da Barra em Laguna -","isPartOf":{"@id":"https:\/\/sulsc.com\/#website"},"datePublished":"2026-03-01T15:09:25+00:00","dateModified":"2026-03-01T15:10:38+00:00","author":{"@id":"https:\/\/sulsc.com\/#\/schema\/person\/84d2fc571684f6248ba83092f07750a3"},"breadcrumb":{"@id":"https:\/\/sulsc.com\/index.php\/2026\/03\/01\/quatro-pessoas-da-mesma-familia-sao-vitimas-de-afogamento-nos-molhes-da-barra-em-laguna\/#breadcrumb"},"inLanguage":"en-US","potentialAction":[{"@type":"ReadAction","target":["https:\/\/sulsc.com\/index.php\/2026\/03\/01\/quatro-pessoas-da-mesma-familia-sao-vitimas-de-afogamento-nos-molhes-da-barra-em-laguna\/"]}]},{"@type":"BreadcrumbList","@id":"https:\/\/sulsc.com\/index.php\/2026\/03\/01\/quatro-pessoas-da-mesma-familia-sao-vitimas-de-afogamento-nos-molhes-da-barra-em-laguna\/#breadcrumb","itemListElement":[{"@type":"ListItem","position":1,"name":"In\u00edcio","item":"https:\/\/sulsc.com\/"},{"@type":"ListItem","position":2,"name":"Quatro pessoas da mesma fam\u00edlia s\u00e3o v\u00edtimas de afogamento nos Molhes da Barra em Laguna"}]},{"@type":"WebSite","@id":"https:\/\/sulsc.com\/#website","url":"https:\/\/sulsc.com\/","name":"","description":"","potentialAction":[{"@type":"SearchAction","target":{"@type":"EntryPoint","urlTemplate":"https:\/\/sulsc.com\/?s={search_term_string}"},"query-input":"required name=search_term_string"}],"inLanguage":"en-US"},{"@type":"Person","@id":"https:\/\/sulsc.com\/#\/schema\/person\/84d2fc571684f6248ba83092f07750a3","name":"Reda\u00e7\u00e3o Sul SC","image":{"@type":"ImageObject","inLanguage":"en-US","@id":"https:\/\/sulsc.com\/#\/schema\/person\/image\/e08d7fe2cc4ed596372063bbe852b8d0","url":"https:\/\/sulsc.com\/wp-content\/uploads\/2023\/09\/redacao.png","contentUrl":"https:\/\/sulsc.com\/wp-content\/uploads\/2023\/09\/redacao.png","caption":"Reda\u00e7\u00e3o Sul SC"},"description":"Foco em um jornalismo imparcial, voltado \u00e0 qualidade dos seus conte\u00fados e, assim, levar informa\u00e7\u00e3o de valor que agregue \u00e0 vida dos leitores. Esta \u00e9 grande miss\u00e3o do Portal de Not\u00edcias Sul SC. N\u00e3o \u00e9 quantidade que muda o mundo, sempre foi e seguir\u00e1 sendo qualidade!","sameAs":["https:\/\/sulsc.com\/","https:\/\/www.facebook.com\/profile.php?id=61559278119680","https:\/\/www.instagram.com\/sulscportal\/?hl=pt-br","https:\/\/twitter.com\/https:\/\/twitter.com\/PortalSulSC","https:\/\/www.youtube.com\/channel\/UCv_BE8GeySluDov2n8qhVmw"],"url":"https:\/\/sulsc.com\/index.php\/author\/redacao\/"}]}},"authors":[],"_links":{"self":[{"href":"https:\/\/sulsc.com\/index.php\/wp-json\/wp\/v2\/posts\/32682"}],"collection":[{"href":"https:\/\/sulsc.com\/index.php\/wp-json\/wp\/v2\/posts"}],"about":[{"href":"https:\/\/sulsc.com\/index.php\/wp-json\/wp\/v2\/types\/post"}],"author":[{"embeddable":true,"href":"https:\/\/sulsc.com\/index.php\/wp-json\/wp\/v2\/users\/3"}],"replies":[{"embeddable":true,"href":"https:\/\/sulsc.com\/index.php\/wp-json\/wp\/v2\/comments?post=32682"}],"version-history":[{"count":3,"href":"https:\/\/sulsc.com\/index.php\/wp-json\/wp\/v2\/posts\/32682\/revisions"}],"predecessor-version":[{"id":32686,"href":"https:\/\/sulsc.com\/index.php\/wp-json\/wp\/v2\/posts\/32682\/revisions\/32686"}],"wp:featuredmedia":[{"embeddable":true,"href":"https:\/\/sulsc.com\/index.php\/wp-json\/wp\/v2\/media\/32683"}],"wp:attachment":[{"href":"https:\/\/sulsc.com\/index.php\/wp-json\/wp\/v2\/media?parent=32682"}],"wp:term":[{"taxonomy":"category","embeddable":true,"href":"https:\/\/sulsc.com\/index.php\/wp-json\/wp\/v2\/categories?post=32682"},{"taxonomy":"post_tag","embeddable":true,"href":"https:\/\/sulsc.com\/index.php\/wp-json\/wp\/v2\/tags?post=32682"}],"curies":[{"name":"wp","href":"https:\/\/api.w.org\/{rel}","templated":true}]}}