{"id":32700,"date":"2026-03-02T06:55:58","date_gmt":"2026-03-02T09:55:58","guid":{"rendered":"https:\/\/sulsc.com\/?p=32700"},"modified":"2026-03-02T06:55:58","modified_gmt":"2026-03-02T09:55:58","slug":"segunda-feira-02-03-de-tempo-firme-e-maximas-passando-dos-28oc-na-regiao-sul","status":"publish","type":"post","link":"https:\/\/sulsc.com\/index.php\/2026\/03\/02\/segunda-feira-02-03-de-tempo-firme-e-maximas-passando-dos-28oc-na-regiao-sul\/","title":{"rendered":"Segunda-feira (02\/03) de tempo firme e m\u00e1ximas passando dos 28\u00baC na regi\u00e3o sul"},"content":{"rendered":"<p>Na segunda-feira (02), o tempo firme continua a atuar em grande parte de Santa Catarina. Ainda sim, no litoral, a circula\u00e7\u00e3o mar\u00edtima forma condi\u00e7\u00f5es para chuvas isoladas nos extremos do dia, sem risco para ocorr\u00eancias. No per\u00edodo da tarde, especialmente entre os Meio-Oeste e os Planaltos, a combina\u00e7\u00e3o de calor e umidade permite a forma\u00e7\u00e3o de temporais isolados. O risco \u00e9 baixo para ocorr\u00eancias.<\/p>\n<div id=\"metaslider-id-25573\" style=\"width: 100%;\" class=\"ml-slider-3-99-0 metaslider metaslider-flex metaslider-25573 ml-slider has-onhover-arrows ms-theme-default-base has-dots-nav\" role=\"region\" aria-label=\"Meio\" data-width=\"1200\">\n    <div id=\"metaslider_container_25573\">\n        <div id=\"metaslider_25573\">\n            <ul class='slides'>\n                <li style=\"display: block; width: 100%;\" class=\"slide-25684 ms-image \" aria-roledescription=\"slide\" data-date=\"2025-07-24 07:55:40\"><img src=\"https:\/\/sulsc.com\/wp-content\/uploads\/2025\/07\/Marr-2-1000x166.jpg\" height=\"200\" width=\"1200\" alt=\"\" class=\"slider-25573 slide-25684 msDefaultImage\" title=\"Marr 2\" \/><\/li>\n                <li style=\"display: none; width: 100%;\" class=\"slide-32412 ms-image \" aria-roledescription=\"slide\" data-date=\"2026-02-18 13:59:46\"><img src=\"https:\/\/sulsc.com\/wp-content\/uploads\/2026\/02\/40dc1580-cad5-4867-bc58-c4243821ad38-1000x166.jpeg\" height=\"200\" width=\"1200\" alt=\"\" class=\"slider-25573 slide-32412 msDefaultImage\" title=\"40dc1580-cad5-4867-bc58-c4243821ad38\" \/><\/li>\n                <li style=\"display: none; width: 100%;\" class=\"slide-32766 ms-image \" aria-roledescription=\"slide\" data-date=\"2026-03-03 17:22:59\"><img src=\"https:\/\/sulsc.com\/wp-content\/uploads\/2026\/03\/271ce739-f268-41c5-8051-3de1a1750359-1000x166.jpeg\" height=\"200\" width=\"1200\" alt=\"\" class=\"slider-25573 slide-32766 msDefaultImage\" title=\"271ce739-f268-41c5-8051-3de1a1750359\" \/><\/li>\n            <\/ul>\n        <\/div>\n        \n    <\/div>\n<\/div>\n<p><strong>Temperaturas<\/strong><\/p>\n<p>A temperaturas m\u00ednimas continuam amenas, com destaque para o Planalto Sul e Grande Florian\u00f3polis Serrana, onde os term\u00f4metros n\u00e3o devem passar dos 12\u00b0C. Nas demais \u00e1reas, a m\u00ednima varia entre 15\u00b0C e 20\u00b0C. As m\u00e1ximas ficam em torno dos 28\/30\u00b0C no Litoral e Vale do Itaja\u00ed e podem passar dos 35\u00b0C em \u00e1reas do Oeste.<\/p>\n<p><img fetchpriority=\"high\" decoding=\"async\" class=\"aligncenter size-full wp-image-32701\" src=\"http:\/\/sulsc.com\/wp-content\/uploads\/2026\/03\/image-689-1024x692-2.png\" alt=\"\" width=\"1024\" height=\"692\" srcset=\"https:\/\/sulsc.com\/wp-content\/uploads\/2026\/03\/image-689-1024x692-2.png 1024w, https:\/\/sulsc.com\/wp-content\/uploads\/2026\/03\/image-689-1024x692-2-300x203.png 300w, https:\/\/sulsc.com\/wp-content\/uploads\/2026\/03\/image-689-1024x692-2-768x519.png 768w\" sizes=\"(max-width: 1024px) 100vw, 1024px\" \/><\/p>\n<p><img decoding=\"async\" class=\"aligncenter size-full wp-image-32517\" src=\"http:\/\/sulsc.com\/wp-content\/uploads\/2026\/02\/image-700-1536x331-14.png\" alt=\"\" width=\"1536\" height=\"331\" srcset=\"https:\/\/sulsc.com\/wp-content\/uploads\/2026\/02\/image-700-1536x331-14.png 1536w, https:\/\/sulsc.com\/wp-content\/uploads\/2026\/02\/image-700-1536x331-14-300x65.png 300w, https:\/\/sulsc.com\/wp-content\/uploads\/2026\/02\/image-700-1536x331-14-1024x221.png 1024w, https:\/\/sulsc.com\/wp-content\/uploads\/2026\/02\/image-700-1536x331-14-768x166.png 768w\" sizes=\"(max-width: 1536px) 100vw, 1536px\" \/><\/p>\n<p><strong>Ventos:<\/strong> nordeste, com varia\u00e7\u00f5es de sudeste\/leste do Meio-Oeste ao litoral, fraco a moderado.<\/p>\n<p><strong>Sistema predominante:<\/strong> alta press\u00e3o, com centro entre o litoral do Uruguai e RS.<\/p>\n<p><strong>Amanh\u00e3 ter\u00e7a-feira (03\/03): t<\/strong>empo de sol e calor em SC, com mais nuvens a partir da tarde. Entre a tarde e noite tempo inst\u00e1vel com pancadas de chuva de ver\u00e3o (isoladas e passageiras), no Litoral e Grande Florian\u00f3polis. Temperatura alta com sensa\u00e7\u00e3o de ar abafado, temperatura m\u00e1xima de 30\u00b0C a 32\u00b0C na maioria das regi\u00f5es, de 35\u00b0C a 37\u00b0C no Oeste.<\/p>\n<p>Fonte: Defesa Civil-SC\/Epagri-Ciram<\/p>\n","protected":false},"excerpt":{"rendered":"<p>Na segunda-feira (02), o tempo firme continua a atuar em grande parte de Santa Catarina. Ainda sim, no litoral, a circula\u00e7\u00e3o mar\u00edtima forma condi\u00e7\u00f5es para chuvas isoladas nos extremos do dia, sem risco para ocorr\u00eancias. No per\u00edodo da tarde, especialmente entre os Meio-Oeste e os Planaltos, a combina\u00e7\u00e3o de calor e umidade permite a forma\u00e7\u00e3o &hellip;<\/p>\n<p class=\"read-more\"> <a class=\"\" href=\"https:\/\/sulsc.com\/index.php\/2026\/03\/02\/segunda-feira-02-03-de-tempo-firme-e-maximas-passando-dos-28oc-na-regiao-sul\/\"> <span class=\"screen-reader-text\">Segunda-feira (02\/03) de tempo firme e m\u00e1ximas passando dos 28\u00baC na regi\u00e3o sul<\/span> Read More &raquo;<\/a><\/p>\n","protected":false},"author":3,"featured_media":32702,"comment_status":"open","ping_status":"open","sticky":false,"template":"","format":"standard","meta":{"site-sidebar-layout":"default","site-content-layout":"","ast-site-content-layout":"default","site-content-style":"default","site-sidebar-style":"default","ast-global-header-display":"","ast-banner-title-visibility":"","ast-main-header-display":"","ast-hfb-above-header-display":"","ast-hfb-below-header-display":"","ast-hfb-mobile-header-display":"","site-post-title":"","ast-breadcrumbs-content":"","ast-featured-img":"","footer-sml-layout":"","theme-transparent-header-meta":"default","adv-header-id-meta":"","stick-header-meta":"","header-above-stick-meta":"","header-main-stick-meta":"","header-below-stick-meta":"","astra-migrate-meta-layouts":"set","footnotes":""},"categories":[1,14,38,12],"tags":[90],"yoast_head":"<!-- This site is optimized with the Yoast SEO plugin v21.4 - https:\/\/yoast.com\/wordpress\/plugins\/seo\/ -->\n<title>Segunda-feira (02\/03) de tempo firme e m\u00e1ximas passando dos 28\u00baC na regi\u00e3o sul -<\/title>\n<meta name=\"robots\" content=\"index, follow, max-snippet:-1, max-image-preview:large, max-video-preview:-1\" \/>\n<link rel=\"canonical\" href=\"https:\/\/sulsc.com\/index.php\/2026\/03\/02\/segunda-feira-02-03-de-tempo-firme-e-maximas-passando-dos-28oc-na-regiao-sul\/\" \/>\n<meta property=\"og:locale\" content=\"en_US\" \/>\n<meta property=\"og:type\" content=\"article\" \/>\n<meta property=\"og:title\" content=\"Segunda-feira (02\/03) de tempo firme e m\u00e1ximas passando dos 28\u00baC na regi\u00e3o sul -\" \/>\n<meta property=\"og:description\" content=\"Na segunda-feira (02), o tempo firme continua a atuar em grande parte de Santa Catarina. Ainda sim, no litoral, a circula\u00e7\u00e3o mar\u00edtima forma condi\u00e7\u00f5es para chuvas isoladas nos extremos do dia, sem risco para ocorr\u00eancias. No per\u00edodo da tarde, especialmente entre os Meio-Oeste e os Planaltos, a combina\u00e7\u00e3o de calor e umidade permite a forma\u00e7\u00e3o &hellip; Segunda-feira (02\/03) de tempo firme e m\u00e1ximas passando dos 28\u00baC na regi\u00e3o sul Read More &raquo;\" \/>\n<meta property=\"og:url\" content=\"https:\/\/sulsc.com\/index.php\/2026\/03\/02\/segunda-feira-02-03-de-tempo-firme-e-maximas-passando-dos-28oc-na-regiao-sul\/\" \/>\n<meta property=\"article:author\" content=\"https:\/\/www.facebook.com\/profile.php?id=61559278119680\" \/>\n<meta property=\"article:published_time\" content=\"2026-03-02T09:55:58+00:00\" \/>\n<meta property=\"og:image\" content=\"http:\/\/sulsc.com\/wp-content\/uploads\/2026\/03\/f2c919c8-f087-495e-967d-8a977a538b44-1-e1772445350289.jpeg\" \/>\n\t<meta property=\"og:image:width\" content=\"698\" \/>\n\t<meta property=\"og:image:height\" content=\"773\" \/>\n\t<meta property=\"og:image:type\" content=\"image\/jpeg\" \/>\n<meta name=\"author\" content=\"Reda\u00e7\u00e3o Sul SC\" \/>\n<meta name=\"twitter:card\" content=\"summary_large_image\" \/>\n<meta name=\"twitter:creator\" content=\"@https:\/\/twitter.com\/PortalSulSC\" \/>\n<meta name=\"twitter:label1\" content=\"Written by\" \/>\n\t<meta name=\"twitter:data1\" content=\"Reda\u00e7\u00e3o Sul SC\" \/>\n\t<meta name=\"twitter:label2\" content=\"Est. reading time\" \/>\n\t<meta name=\"twitter:data2\" content=\"2 minutes\" \/>\n<script type=\"application\/ld+json\" class=\"yoast-schema-graph\">{\"@context\":\"https:\/\/schema.org\",\"@graph\":[{\"@type\":\"WebPage\",\"@id\":\"https:\/\/sulsc.com\/index.php\/2026\/03\/02\/segunda-feira-02-03-de-tempo-firme-e-maximas-passando-dos-28oc-na-regiao-sul\/\",\"url\":\"https:\/\/sulsc.com\/index.php\/2026\/03\/02\/segunda-feira-02-03-de-tempo-firme-e-maximas-passando-dos-28oc-na-regiao-sul\/\",\"name\":\"Segunda-feira (02\/03) de tempo firme e m\u00e1ximas passando dos 28\u00baC na regi\u00e3o sul -\",\"isPartOf\":{\"@id\":\"https:\/\/sulsc.com\/#website\"},\"datePublished\":\"2026-03-02T09:55:58+00:00\",\"dateModified\":\"2026-03-02T09:55:58+00:00\",\"author\":{\"@id\":\"https:\/\/sulsc.com\/#\/schema\/person\/84d2fc571684f6248ba83092f07750a3\"},\"breadcrumb\":{\"@id\":\"https:\/\/sulsc.com\/index.php\/2026\/03\/02\/segunda-feira-02-03-de-tempo-firme-e-maximas-passando-dos-28oc-na-regiao-sul\/#breadcrumb\"},\"inLanguage\":\"en-US\",\"potentialAction\":[{\"@type\":\"ReadAction\",\"target\":[\"https:\/\/sulsc.com\/index.php\/2026\/03\/02\/segunda-feira-02-03-de-tempo-firme-e-maximas-passando-dos-28oc-na-regiao-sul\/\"]}]},{\"@type\":\"BreadcrumbList\",\"@id\":\"https:\/\/sulsc.com\/index.php\/2026\/03\/02\/segunda-feira-02-03-de-tempo-firme-e-maximas-passando-dos-28oc-na-regiao-sul\/#breadcrumb\",\"itemListElement\":[{\"@type\":\"ListItem\",\"position\":1,\"name\":\"In\u00edcio\",\"item\":\"https:\/\/sulsc.com\/\"},{\"@type\":\"ListItem\",\"position\":2,\"name\":\"Segunda-feira (02\/03) de tempo firme e m\u00e1ximas passando dos 28\u00baC na regi\u00e3o sul\"}]},{\"@type\":\"WebSite\",\"@id\":\"https:\/\/sulsc.com\/#website\",\"url\":\"https:\/\/sulsc.com\/\",\"name\":\"\",\"description\":\"\",\"potentialAction\":[{\"@type\":\"SearchAction\",\"target\":{\"@type\":\"EntryPoint\",\"urlTemplate\":\"https:\/\/sulsc.com\/?s={search_term_string}\"},\"query-input\":\"required name=search_term_string\"}],\"inLanguage\":\"en-US\"},{\"@type\":\"Person\",\"@id\":\"https:\/\/sulsc.com\/#\/schema\/person\/84d2fc571684f6248ba83092f07750a3\",\"name\":\"Reda\u00e7\u00e3o Sul SC\",\"image\":{\"@type\":\"ImageObject\",\"inLanguage\":\"en-US\",\"@id\":\"https:\/\/sulsc.com\/#\/schema\/person\/image\/e08d7fe2cc4ed596372063bbe852b8d0\",\"url\":\"https:\/\/sulsc.com\/wp-content\/uploads\/2023\/09\/redacao.png\",\"contentUrl\":\"https:\/\/sulsc.com\/wp-content\/uploads\/2023\/09\/redacao.png\",\"caption\":\"Reda\u00e7\u00e3o Sul SC\"},\"description\":\"Foco em um jornalismo imparcial, voltado \u00e0 qualidade dos seus conte\u00fados e, assim, levar informa\u00e7\u00e3o de valor que agregue \u00e0 vida dos leitores. Esta \u00e9 grande miss\u00e3o do Portal de Not\u00edcias Sul SC. N\u00e3o \u00e9 quantidade que muda o mundo, sempre foi e seguir\u00e1 sendo qualidade!\",\"sameAs\":[\"https:\/\/sulsc.com\/\",\"https:\/\/www.facebook.com\/profile.php?id=61559278119680\",\"https:\/\/www.instagram.com\/sulscportal\/?hl=pt-br\",\"https:\/\/twitter.com\/https:\/\/twitter.com\/PortalSulSC\",\"https:\/\/www.youtube.com\/channel\/UCv_BE8GeySluDov2n8qhVmw\"],\"url\":\"https:\/\/sulsc.com\/index.php\/author\/redacao\/\"}]}<\/script>\n<!-- \/ Yoast SEO plugin. -->","yoast_head_json":{"title":"Segunda-feira (02\/03) de tempo firme e m\u00e1ximas passando dos 28\u00baC na regi\u00e3o sul -","robots":{"index":"index","follow":"follow","max-snippet":"max-snippet:-1","max-image-preview":"max-image-preview:large","max-video-preview":"max-video-preview:-1"},"canonical":"https:\/\/sulsc.com\/index.php\/2026\/03\/02\/segunda-feira-02-03-de-tempo-firme-e-maximas-passando-dos-28oc-na-regiao-sul\/","og_locale":"en_US","og_type":"article","og_title":"Segunda-feira (02\/03) de tempo firme e m\u00e1ximas passando dos 28\u00baC na regi\u00e3o sul -","og_description":"Na segunda-feira (02), o tempo firme continua a atuar em grande parte de Santa Catarina. Ainda sim, no litoral, a circula\u00e7\u00e3o mar\u00edtima forma condi\u00e7\u00f5es para chuvas isoladas nos extremos do dia, sem risco para ocorr\u00eancias. No per\u00edodo da tarde, especialmente entre os Meio-Oeste e os Planaltos, a combina\u00e7\u00e3o de calor e umidade permite a forma\u00e7\u00e3o &hellip; Segunda-feira (02\/03) de tempo firme e m\u00e1ximas passando dos 28\u00baC na regi\u00e3o sul Read More &raquo;","og_url":"https:\/\/sulsc.com\/index.php\/2026\/03\/02\/segunda-feira-02-03-de-tempo-firme-e-maximas-passando-dos-28oc-na-regiao-sul\/","article_author":"https:\/\/www.facebook.com\/profile.php?id=61559278119680","article_published_time":"2026-03-02T09:55:58+00:00","og_image":[{"width":698,"height":773,"url":"http:\/\/sulsc.com\/wp-content\/uploads\/2026\/03\/f2c919c8-f087-495e-967d-8a977a538b44-1-e1772445350289.jpeg","type":"image\/jpeg"}],"author":"Reda\u00e7\u00e3o Sul SC","twitter_card":"summary_large_image","twitter_creator":"@https:\/\/twitter.com\/PortalSulSC","twitter_misc":{"Written by":"Reda\u00e7\u00e3o Sul SC","Est. reading time":"2 minutes"},"schema":{"@context":"https:\/\/schema.org","@graph":[{"@type":"WebPage","@id":"https:\/\/sulsc.com\/index.php\/2026\/03\/02\/segunda-feira-02-03-de-tempo-firme-e-maximas-passando-dos-28oc-na-regiao-sul\/","url":"https:\/\/sulsc.com\/index.php\/2026\/03\/02\/segunda-feira-02-03-de-tempo-firme-e-maximas-passando-dos-28oc-na-regiao-sul\/","name":"Segunda-feira (02\/03) de tempo firme e m\u00e1ximas passando dos 28\u00baC na regi\u00e3o sul -","isPartOf":{"@id":"https:\/\/sulsc.com\/#website"},"datePublished":"2026-03-02T09:55:58+00:00","dateModified":"2026-03-02T09:55:58+00:00","author":{"@id":"https:\/\/sulsc.com\/#\/schema\/person\/84d2fc571684f6248ba83092f07750a3"},"breadcrumb":{"@id":"https:\/\/sulsc.com\/index.php\/2026\/03\/02\/segunda-feira-02-03-de-tempo-firme-e-maximas-passando-dos-28oc-na-regiao-sul\/#breadcrumb"},"inLanguage":"en-US","potentialAction":[{"@type":"ReadAction","target":["https:\/\/sulsc.com\/index.php\/2026\/03\/02\/segunda-feira-02-03-de-tempo-firme-e-maximas-passando-dos-28oc-na-regiao-sul\/"]}]},{"@type":"BreadcrumbList","@id":"https:\/\/sulsc.com\/index.php\/2026\/03\/02\/segunda-feira-02-03-de-tempo-firme-e-maximas-passando-dos-28oc-na-regiao-sul\/#breadcrumb","itemListElement":[{"@type":"ListItem","position":1,"name":"In\u00edcio","item":"https:\/\/sulsc.com\/"},{"@type":"ListItem","position":2,"name":"Segunda-feira (02\/03) de tempo firme e m\u00e1ximas passando dos 28\u00baC na regi\u00e3o sul"}]},{"@type":"WebSite","@id":"https:\/\/sulsc.com\/#website","url":"https:\/\/sulsc.com\/","name":"","description":"","potentialAction":[{"@type":"SearchAction","target":{"@type":"EntryPoint","urlTemplate":"https:\/\/sulsc.com\/?s={search_term_string}"},"query-input":"required name=search_term_string"}],"inLanguage":"en-US"},{"@type":"Person","@id":"https:\/\/sulsc.com\/#\/schema\/person\/84d2fc571684f6248ba83092f07750a3","name":"Reda\u00e7\u00e3o Sul SC","image":{"@type":"ImageObject","inLanguage":"en-US","@id":"https:\/\/sulsc.com\/#\/schema\/person\/image\/e08d7fe2cc4ed596372063bbe852b8d0","url":"https:\/\/sulsc.com\/wp-content\/uploads\/2023\/09\/redacao.png","contentUrl":"https:\/\/sulsc.com\/wp-content\/uploads\/2023\/09\/redacao.png","caption":"Reda\u00e7\u00e3o Sul SC"},"description":"Foco em um jornalismo imparcial, voltado \u00e0 qualidade dos seus conte\u00fados e, assim, levar informa\u00e7\u00e3o de valor que agregue \u00e0 vida dos leitores. Esta \u00e9 grande miss\u00e3o do Portal de Not\u00edcias Sul SC. N\u00e3o \u00e9 quantidade que muda o mundo, sempre foi e seguir\u00e1 sendo qualidade!","sameAs":["https:\/\/sulsc.com\/","https:\/\/www.facebook.com\/profile.php?id=61559278119680","https:\/\/www.instagram.com\/sulscportal\/?hl=pt-br","https:\/\/twitter.com\/https:\/\/twitter.com\/PortalSulSC","https:\/\/www.youtube.com\/channel\/UCv_BE8GeySluDov2n8qhVmw"],"url":"https:\/\/sulsc.com\/index.php\/author\/redacao\/"}]}},"authors":[],"_links":{"self":[{"href":"https:\/\/sulsc.com\/index.php\/wp-json\/wp\/v2\/posts\/32700"}],"collection":[{"href":"https:\/\/sulsc.com\/index.php\/wp-json\/wp\/v2\/posts"}],"about":[{"href":"https:\/\/sulsc.com\/index.php\/wp-json\/wp\/v2\/types\/post"}],"author":[{"embeddable":true,"href":"https:\/\/sulsc.com\/index.php\/wp-json\/wp\/v2\/users\/3"}],"replies":[{"embeddable":true,"href":"https:\/\/sulsc.com\/index.php\/wp-json\/wp\/v2\/comments?post=32700"}],"version-history":[{"count":1,"href":"https:\/\/sulsc.com\/index.php\/wp-json\/wp\/v2\/posts\/32700\/revisions"}],"predecessor-version":[{"id":32703,"href":"https:\/\/sulsc.com\/index.php\/wp-json\/wp\/v2\/posts\/32700\/revisions\/32703"}],"wp:featuredmedia":[{"embeddable":true,"href":"https:\/\/sulsc.com\/index.php\/wp-json\/wp\/v2\/media\/32702"}],"wp:attachment":[{"href":"https:\/\/sulsc.com\/index.php\/wp-json\/wp\/v2\/media?parent=32700"}],"wp:term":[{"taxonomy":"category","embeddable":true,"href":"https:\/\/sulsc.com\/index.php\/wp-json\/wp\/v2\/categories?post=32700"},{"taxonomy":"post_tag","embeddable":true,"href":"https:\/\/sulsc.com\/index.php\/wp-json\/wp\/v2\/tags?post=32700"}],"curies":[{"name":"wp","href":"https:\/\/api.w.org\/{rel}","templated":true}]}}