{"id":32704,"date":"2026-03-02T07:06:12","date_gmt":"2026-03-02T10:06:12","guid":{"rendered":"https:\/\/sulsc.com\/?p=32704"},"modified":"2026-03-02T07:06:12","modified_gmt":"2026-03-02T10:06:12","slug":"homem-em-situacao-de-rua-e-encontrado-morto-em-capivari-de-baixo-neste-domingo-01-03","status":"publish","type":"post","link":"https:\/\/sulsc.com\/index.php\/2026\/03\/02\/homem-em-situacao-de-rua-e-encontrado-morto-em-capivari-de-baixo-neste-domingo-01-03\/","title":{"rendered":"Homem em situa\u00e7\u00e3o de rua \u00e9 encontrado morto em Capivari de Baixo neste domingo (01\/03)"},"content":{"rendered":"<p>No inicio da noite deste domingo (01\/03), por volta das 18h50, a Pol\u00edcia Militar foi acionada para verificar a situa\u00e7\u00e3o de um homem encontrado ca\u00eddo na Rua Machado de Assis, no bairro Santa L\u00facia, em Capivari de Baixo. O chamado inicial indicava que um homem, aparentando cerca de 60 anos, estava desacordado e sem resposta.<\/p>\n<div id=\"metaslider-id-25573\" style=\"width: 100%;\" class=\"ml-slider-3-99-0 metaslider metaslider-flex metaslider-25573 ml-slider has-onhover-arrows ms-theme-default-base has-dots-nav\" role=\"region\" aria-label=\"Meio\" data-width=\"1200\">\n    <div id=\"metaslider_container_25573\">\n        <div id=\"metaslider_25573\">\n            <ul class='slides'>\n                <li style=\"display: block; width: 100%;\" class=\"slide-25684 ms-image \" aria-roledescription=\"slide\" data-date=\"2025-07-24 07:55:40\"><img src=\"https:\/\/sulsc.com\/wp-content\/uploads\/2025\/07\/Marr-2-1000x166.jpg\" height=\"200\" width=\"1200\" alt=\"\" class=\"slider-25573 slide-25684 msDefaultImage\" title=\"Marr 2\" \/><\/li>\n                <li style=\"display: none; width: 100%;\" class=\"slide-32412 ms-image \" aria-roledescription=\"slide\" data-date=\"2026-02-18 13:59:46\"><img src=\"https:\/\/sulsc.com\/wp-content\/uploads\/2026\/02\/40dc1580-cad5-4867-bc58-c4243821ad38-1000x166.jpeg\" height=\"200\" width=\"1200\" alt=\"\" class=\"slider-25573 slide-32412 msDefaultImage\" title=\"40dc1580-cad5-4867-bc58-c4243821ad38\" \/><\/li>\n                <li style=\"display: none; width: 100%;\" class=\"slide-32766 ms-image \" aria-roledescription=\"slide\" data-date=\"2026-03-03 17:22:59\"><img src=\"https:\/\/sulsc.com\/wp-content\/uploads\/2026\/03\/271ce739-f268-41c5-8051-3de1a1750359-1000x166.jpeg\" height=\"200\" width=\"1200\" alt=\"\" class=\"slider-25573 slide-32766 msDefaultImage\" title=\"271ce739-f268-41c5-8051-3de1a1750359\" \/><\/li>\n            <\/ul>\n        <\/div>\n        \n    <\/div>\n<\/div>\n<p>No local, os policiais conversaram com uma mulher de 42 anos, que relatou ter estranhado a perman\u00eancia do homem na mesma posi\u00e7\u00e3o por um longo per\u00edodo. Ao se aproximar e tentar cham\u00e1-lo, n\u00e3o obteve resposta e decidiu acionar o socorro.<\/p>\n<p>Um morador de 54 anos, que conhecia a v\u00edtima, identificada como um homem de 52 anos em situa\u00e7\u00e3o de rua, informou que ele costumava ficar nos fundos da igreja. Segundo seu relato, pela manh\u00e3, o homem j\u00e1 apresentava sinais de debilidade.<\/p>\n<p>O Servi\u00e7o de Atendimento M\u00f3vel de Urg\u00eancia (SAMU) chegou ao local e constatou o \u00f3bito, observando sinais de rigidez cadav\u00e9rica. A Pol\u00edcia Civil e a Pol\u00edcia Cient\u00edfica tamb\u00e9m compareceram para os procedimentos legais. Ap\u00f3s avalia\u00e7\u00e3o pericial, n\u00e3o foram encontrados ind\u00edcios de crime, sendo a causa prov\u00e1vel da morte apontada como natural. O corpo foi deixado sob a responsabilidade do servi\u00e7o funer\u00e1rio competente, e a ocorr\u00eancia foi registrada como morte aparentemente natural.<\/p>\n<p><img fetchpriority=\"high\" decoding=\"async\" class=\"aligncenter size-full wp-image-1285\" src=\"http:\/\/sulsc.com\/wp-content\/uploads\/2023\/09\/giroflex-policia-1-696x464-1.jpg\" alt=\"\" width=\"696\" height=\"464\" srcset=\"https:\/\/sulsc.com\/wp-content\/uploads\/2023\/09\/giroflex-policia-1-696x464-1.jpg 696w, https:\/\/sulsc.com\/wp-content\/uploads\/2023\/09\/giroflex-policia-1-696x464-1-300x200.jpg 300w\" sizes=\"(max-width: 696px) 100vw, 696px\" \/><\/p>\n<p>PMSC\/Divulga\u00e7\u00e3o\/SulSC<\/p>\n","protected":false},"excerpt":{"rendered":"<p>No inicio da noite deste domingo (01\/03), por volta das 18h50, a Pol\u00edcia Militar foi acionada para verificar a situa\u00e7\u00e3o de um homem encontrado ca\u00eddo na Rua Machado de Assis, no bairro Santa L\u00facia, em Capivari de Baixo. O chamado inicial indicava que um homem, aparentando cerca de 60 anos, estava desacordado e sem resposta. &hellip;<\/p>\n<p class=\"read-more\"> <a class=\"\" href=\"https:\/\/sulsc.com\/index.php\/2026\/03\/02\/homem-em-situacao-de-rua-e-encontrado-morto-em-capivari-de-baixo-neste-domingo-01-03\/\"> <span class=\"screen-reader-text\">Homem em situa\u00e7\u00e3o de rua \u00e9 encontrado morto em Capivari de Baixo neste domingo (01\/03)<\/span> Read More &raquo;<\/a><\/p>\n","protected":false},"author":3,"featured_media":27046,"comment_status":"open","ping_status":"open","sticky":false,"template":"","format":"standard","meta":{"site-sidebar-layout":"default","site-content-layout":"","ast-site-content-layout":"default","site-content-style":"default","site-sidebar-style":"default","ast-global-header-display":"","ast-banner-title-visibility":"","ast-main-header-display":"","ast-hfb-above-header-display":"","ast-hfb-below-header-display":"","ast-hfb-mobile-header-display":"","site-post-title":"","ast-breadcrumbs-content":"","ast-featured-img":"","footer-sml-layout":"","theme-transparent-header-meta":"default","adv-header-id-meta":"","stick-header-meta":"","header-above-stick-meta":"","header-main-stick-meta":"","header-below-stick-meta":"","astra-migrate-meta-layouts":"set","footnotes":""},"categories":[2231,42,1,14,2782,12],"tags":[309],"yoast_head":"<!-- This site is optimized with the Yoast SEO plugin v21.4 - https:\/\/yoast.com\/wordpress\/plugins\/seo\/ -->\n<title>Homem em situa\u00e7\u00e3o de rua \u00e9 encontrado morto em Capivari de Baixo neste domingo (01\/03) -<\/title>\n<meta name=\"robots\" content=\"index, follow, max-snippet:-1, max-image-preview:large, max-video-preview:-1\" \/>\n<link rel=\"canonical\" href=\"https:\/\/sulsc.com\/index.php\/2026\/03\/02\/homem-em-situacao-de-rua-e-encontrado-morto-em-capivari-de-baixo-neste-domingo-01-03\/\" \/>\n<meta property=\"og:locale\" content=\"en_US\" \/>\n<meta property=\"og:type\" content=\"article\" \/>\n<meta property=\"og:title\" content=\"Homem em situa\u00e7\u00e3o de rua \u00e9 encontrado morto em Capivari de Baixo neste domingo (01\/03) -\" \/>\n<meta property=\"og:description\" content=\"No inicio da noite deste domingo (01\/03), por volta das 18h50, a Pol\u00edcia Militar foi acionada para verificar a situa\u00e7\u00e3o de um homem encontrado ca\u00eddo na Rua Machado de Assis, no bairro Santa L\u00facia, em Capivari de Baixo. O chamado inicial indicava que um homem, aparentando cerca de 60 anos, estava desacordado e sem resposta. &hellip; Homem em situa\u00e7\u00e3o de rua \u00e9 encontrado morto em Capivari de Baixo neste domingo (01\/03) Read More &raquo;\" \/>\n<meta property=\"og:url\" content=\"https:\/\/sulsc.com\/index.php\/2026\/03\/02\/homem-em-situacao-de-rua-e-encontrado-morto-em-capivari-de-baixo-neste-domingo-01-03\/\" \/>\n<meta property=\"article:author\" content=\"https:\/\/www.facebook.com\/profile.php?id=61559278119680\" \/>\n<meta property=\"article:published_time\" content=\"2026-03-02T10:06:12+00:00\" \/>\n<meta property=\"og:image\" content=\"http:\/\/sulsc.com\/wp-content\/uploads\/2025\/09\/policia-militar-sirene.jpg\" \/>\n\t<meta property=\"og:image:width\" content=\"1200\" \/>\n\t<meta property=\"og:image:height\" content=\"792\" \/>\n\t<meta property=\"og:image:type\" content=\"image\/jpeg\" \/>\n<meta name=\"author\" content=\"Reda\u00e7\u00e3o Sul SC\" \/>\n<meta name=\"twitter:card\" content=\"summary_large_image\" \/>\n<meta name=\"twitter:creator\" content=\"@https:\/\/twitter.com\/PortalSulSC\" \/>\n<meta name=\"twitter:label1\" content=\"Written by\" \/>\n\t<meta name=\"twitter:data1\" content=\"Reda\u00e7\u00e3o Sul SC\" \/>\n\t<meta name=\"twitter:label2\" content=\"Est. reading time\" \/>\n\t<meta name=\"twitter:data2\" content=\"2 minutes\" \/>\n<script type=\"application\/ld+json\" class=\"yoast-schema-graph\">{\"@context\":\"https:\/\/schema.org\",\"@graph\":[{\"@type\":\"WebPage\",\"@id\":\"https:\/\/sulsc.com\/index.php\/2026\/03\/02\/homem-em-situacao-de-rua-e-encontrado-morto-em-capivari-de-baixo-neste-domingo-01-03\/\",\"url\":\"https:\/\/sulsc.com\/index.php\/2026\/03\/02\/homem-em-situacao-de-rua-e-encontrado-morto-em-capivari-de-baixo-neste-domingo-01-03\/\",\"name\":\"Homem em situa\u00e7\u00e3o de rua \u00e9 encontrado morto em Capivari de Baixo neste domingo (01\/03) -\",\"isPartOf\":{\"@id\":\"https:\/\/sulsc.com\/#website\"},\"datePublished\":\"2026-03-02T10:06:12+00:00\",\"dateModified\":\"2026-03-02T10:06:12+00:00\",\"author\":{\"@id\":\"https:\/\/sulsc.com\/#\/schema\/person\/84d2fc571684f6248ba83092f07750a3\"},\"breadcrumb\":{\"@id\":\"https:\/\/sulsc.com\/index.php\/2026\/03\/02\/homem-em-situacao-de-rua-e-encontrado-morto-em-capivari-de-baixo-neste-domingo-01-03\/#breadcrumb\"},\"inLanguage\":\"en-US\",\"potentialAction\":[{\"@type\":\"ReadAction\",\"target\":[\"https:\/\/sulsc.com\/index.php\/2026\/03\/02\/homem-em-situacao-de-rua-e-encontrado-morto-em-capivari-de-baixo-neste-domingo-01-03\/\"]}]},{\"@type\":\"BreadcrumbList\",\"@id\":\"https:\/\/sulsc.com\/index.php\/2026\/03\/02\/homem-em-situacao-de-rua-e-encontrado-morto-em-capivari-de-baixo-neste-domingo-01-03\/#breadcrumb\",\"itemListElement\":[{\"@type\":\"ListItem\",\"position\":1,\"name\":\"In\u00edcio\",\"item\":\"https:\/\/sulsc.com\/\"},{\"@type\":\"ListItem\",\"position\":2,\"name\":\"Homem em situa\u00e7\u00e3o de rua \u00e9 encontrado morto em Capivari de Baixo neste domingo (01\/03)\"}]},{\"@type\":\"WebSite\",\"@id\":\"https:\/\/sulsc.com\/#website\",\"url\":\"https:\/\/sulsc.com\/\",\"name\":\"\",\"description\":\"\",\"potentialAction\":[{\"@type\":\"SearchAction\",\"target\":{\"@type\":\"EntryPoint\",\"urlTemplate\":\"https:\/\/sulsc.com\/?s={search_term_string}\"},\"query-input\":\"required name=search_term_string\"}],\"inLanguage\":\"en-US\"},{\"@type\":\"Person\",\"@id\":\"https:\/\/sulsc.com\/#\/schema\/person\/84d2fc571684f6248ba83092f07750a3\",\"name\":\"Reda\u00e7\u00e3o Sul SC\",\"image\":{\"@type\":\"ImageObject\",\"inLanguage\":\"en-US\",\"@id\":\"https:\/\/sulsc.com\/#\/schema\/person\/image\/e08d7fe2cc4ed596372063bbe852b8d0\",\"url\":\"https:\/\/sulsc.com\/wp-content\/uploads\/2023\/09\/redacao.png\",\"contentUrl\":\"https:\/\/sulsc.com\/wp-content\/uploads\/2023\/09\/redacao.png\",\"caption\":\"Reda\u00e7\u00e3o Sul SC\"},\"description\":\"Foco em um jornalismo imparcial, voltado \u00e0 qualidade dos seus conte\u00fados e, assim, levar informa\u00e7\u00e3o de valor que agregue \u00e0 vida dos leitores. Esta \u00e9 grande miss\u00e3o do Portal de Not\u00edcias Sul SC. N\u00e3o \u00e9 quantidade que muda o mundo, sempre foi e seguir\u00e1 sendo qualidade!\",\"sameAs\":[\"https:\/\/sulsc.com\/\",\"https:\/\/www.facebook.com\/profile.php?id=61559278119680\",\"https:\/\/www.instagram.com\/sulscportal\/?hl=pt-br\",\"https:\/\/twitter.com\/https:\/\/twitter.com\/PortalSulSC\",\"https:\/\/www.youtube.com\/channel\/UCv_BE8GeySluDov2n8qhVmw\"],\"url\":\"https:\/\/sulsc.com\/index.php\/author\/redacao\/\"}]}<\/script>\n<!-- \/ Yoast SEO plugin. -->","yoast_head_json":{"title":"Homem em situa\u00e7\u00e3o de rua \u00e9 encontrado morto em Capivari de Baixo neste domingo (01\/03) -","robots":{"index":"index","follow":"follow","max-snippet":"max-snippet:-1","max-image-preview":"max-image-preview:large","max-video-preview":"max-video-preview:-1"},"canonical":"https:\/\/sulsc.com\/index.php\/2026\/03\/02\/homem-em-situacao-de-rua-e-encontrado-morto-em-capivari-de-baixo-neste-domingo-01-03\/","og_locale":"en_US","og_type":"article","og_title":"Homem em situa\u00e7\u00e3o de rua \u00e9 encontrado morto em Capivari de Baixo neste domingo (01\/03) -","og_description":"No inicio da noite deste domingo (01\/03), por volta das 18h50, a Pol\u00edcia Militar foi acionada para verificar a situa\u00e7\u00e3o de um homem encontrado ca\u00eddo na Rua Machado de Assis, no bairro Santa L\u00facia, em Capivari de Baixo. O chamado inicial indicava que um homem, aparentando cerca de 60 anos, estava desacordado e sem resposta. &hellip; Homem em situa\u00e7\u00e3o de rua \u00e9 encontrado morto em Capivari de Baixo neste domingo (01\/03) Read More &raquo;","og_url":"https:\/\/sulsc.com\/index.php\/2026\/03\/02\/homem-em-situacao-de-rua-e-encontrado-morto-em-capivari-de-baixo-neste-domingo-01-03\/","article_author":"https:\/\/www.facebook.com\/profile.php?id=61559278119680","article_published_time":"2026-03-02T10:06:12+00:00","og_image":[{"width":1200,"height":792,"url":"http:\/\/sulsc.com\/wp-content\/uploads\/2025\/09\/policia-militar-sirene.jpg","type":"image\/jpeg"}],"author":"Reda\u00e7\u00e3o Sul SC","twitter_card":"summary_large_image","twitter_creator":"@https:\/\/twitter.com\/PortalSulSC","twitter_misc":{"Written by":"Reda\u00e7\u00e3o Sul SC","Est. reading time":"2 minutes"},"schema":{"@context":"https:\/\/schema.org","@graph":[{"@type":"WebPage","@id":"https:\/\/sulsc.com\/index.php\/2026\/03\/02\/homem-em-situacao-de-rua-e-encontrado-morto-em-capivari-de-baixo-neste-domingo-01-03\/","url":"https:\/\/sulsc.com\/index.php\/2026\/03\/02\/homem-em-situacao-de-rua-e-encontrado-morto-em-capivari-de-baixo-neste-domingo-01-03\/","name":"Homem em situa\u00e7\u00e3o de rua \u00e9 encontrado morto em Capivari de Baixo neste domingo (01\/03) -","isPartOf":{"@id":"https:\/\/sulsc.com\/#website"},"datePublished":"2026-03-02T10:06:12+00:00","dateModified":"2026-03-02T10:06:12+00:00","author":{"@id":"https:\/\/sulsc.com\/#\/schema\/person\/84d2fc571684f6248ba83092f07750a3"},"breadcrumb":{"@id":"https:\/\/sulsc.com\/index.php\/2026\/03\/02\/homem-em-situacao-de-rua-e-encontrado-morto-em-capivari-de-baixo-neste-domingo-01-03\/#breadcrumb"},"inLanguage":"en-US","potentialAction":[{"@type":"ReadAction","target":["https:\/\/sulsc.com\/index.php\/2026\/03\/02\/homem-em-situacao-de-rua-e-encontrado-morto-em-capivari-de-baixo-neste-domingo-01-03\/"]}]},{"@type":"BreadcrumbList","@id":"https:\/\/sulsc.com\/index.php\/2026\/03\/02\/homem-em-situacao-de-rua-e-encontrado-morto-em-capivari-de-baixo-neste-domingo-01-03\/#breadcrumb","itemListElement":[{"@type":"ListItem","position":1,"name":"In\u00edcio","item":"https:\/\/sulsc.com\/"},{"@type":"ListItem","position":2,"name":"Homem em situa\u00e7\u00e3o de rua \u00e9 encontrado morto em Capivari de Baixo neste domingo (01\/03)"}]},{"@type":"WebSite","@id":"https:\/\/sulsc.com\/#website","url":"https:\/\/sulsc.com\/","name":"","description":"","potentialAction":[{"@type":"SearchAction","target":{"@type":"EntryPoint","urlTemplate":"https:\/\/sulsc.com\/?s={search_term_string}"},"query-input":"required name=search_term_string"}],"inLanguage":"en-US"},{"@type":"Person","@id":"https:\/\/sulsc.com\/#\/schema\/person\/84d2fc571684f6248ba83092f07750a3","name":"Reda\u00e7\u00e3o Sul SC","image":{"@type":"ImageObject","inLanguage":"en-US","@id":"https:\/\/sulsc.com\/#\/schema\/person\/image\/e08d7fe2cc4ed596372063bbe852b8d0","url":"https:\/\/sulsc.com\/wp-content\/uploads\/2023\/09\/redacao.png","contentUrl":"https:\/\/sulsc.com\/wp-content\/uploads\/2023\/09\/redacao.png","caption":"Reda\u00e7\u00e3o Sul SC"},"description":"Foco em um jornalismo imparcial, voltado \u00e0 qualidade dos seus conte\u00fados e, assim, levar informa\u00e7\u00e3o de valor que agregue \u00e0 vida dos leitores. Esta \u00e9 grande miss\u00e3o do Portal de Not\u00edcias Sul SC. N\u00e3o \u00e9 quantidade que muda o mundo, sempre foi e seguir\u00e1 sendo qualidade!","sameAs":["https:\/\/sulsc.com\/","https:\/\/www.facebook.com\/profile.php?id=61559278119680","https:\/\/www.instagram.com\/sulscportal\/?hl=pt-br","https:\/\/twitter.com\/https:\/\/twitter.com\/PortalSulSC","https:\/\/www.youtube.com\/channel\/UCv_BE8GeySluDov2n8qhVmw"],"url":"https:\/\/sulsc.com\/index.php\/author\/redacao\/"}]}},"authors":[],"_links":{"self":[{"href":"https:\/\/sulsc.com\/index.php\/wp-json\/wp\/v2\/posts\/32704"}],"collection":[{"href":"https:\/\/sulsc.com\/index.php\/wp-json\/wp\/v2\/posts"}],"about":[{"href":"https:\/\/sulsc.com\/index.php\/wp-json\/wp\/v2\/types\/post"}],"author":[{"embeddable":true,"href":"https:\/\/sulsc.com\/index.php\/wp-json\/wp\/v2\/users\/3"}],"replies":[{"embeddable":true,"href":"https:\/\/sulsc.com\/index.php\/wp-json\/wp\/v2\/comments?post=32704"}],"version-history":[{"count":1,"href":"https:\/\/sulsc.com\/index.php\/wp-json\/wp\/v2\/posts\/32704\/revisions"}],"predecessor-version":[{"id":32705,"href":"https:\/\/sulsc.com\/index.php\/wp-json\/wp\/v2\/posts\/32704\/revisions\/32705"}],"wp:featuredmedia":[{"embeddable":true,"href":"https:\/\/sulsc.com\/index.php\/wp-json\/wp\/v2\/media\/27046"}],"wp:attachment":[{"href":"https:\/\/sulsc.com\/index.php\/wp-json\/wp\/v2\/media?parent=32704"}],"wp:term":[{"taxonomy":"category","embeddable":true,"href":"https:\/\/sulsc.com\/index.php\/wp-json\/wp\/v2\/categories?post=32704"},{"taxonomy":"post_tag","embeddable":true,"href":"https:\/\/sulsc.com\/index.php\/wp-json\/wp\/v2\/tags?post=32704"}],"curies":[{"name":"wp","href":"https:\/\/api.w.org\/{rel}","templated":true}]}}