{"id":32706,"date":"2026-03-02T15:55:07","date_gmt":"2026-03-02T18:55:07","guid":{"rendered":"https:\/\/sulsc.com\/?p=32706"},"modified":"2026-03-02T15:55:07","modified_gmt":"2026-03-02T18:55:07","slug":"corpo-de-bombeiros-militar-se-destaca-no-2o-simulado-de-gestao-de-desastres-em-tubarao","status":"publish","type":"post","link":"https:\/\/sulsc.com\/index.php\/2026\/03\/02\/corpo-de-bombeiros-militar-se-destaca-no-2o-simulado-de-gestao-de-desastres-em-tubarao\/","title":{"rendered":"Corpo de Bombeiros Militar se destaca no 2\u00ba Simulado de Gest\u00e3o de Desastres em Tubar\u00e3o"},"content":{"rendered":"<p>Corpo de Bombeiros Militar de Santa Catarina teve atua\u00e7\u00e3o de destaque durante o 2\u00ba Simulado de Gest\u00e3o de Desastres realizado neste domingo (01\/03), em Tubar\u00e3o. A atividade ocorreu no bairro Bom Pastor, \u00e1rea historicamente afetada por deslizamentos, e envolveu cen\u00e1rios de alta complexidade operacional, exigindo t\u00e9cnicas especializadas de salvamento.<\/p>\n<p>Durante o exerc\u00edcio, as equipes do 8\u00ba Batalh\u00e3o de Bombeiros Militar executaram opera\u00e7\u00f5es simuladas de resgate em \u00e1reas de risco real, utilizando t\u00e9cnicas como rapel, tirolesa e salvamento em encostas, demonstrando elevado n\u00edvel de preparo t\u00e9cnico, integra\u00e7\u00e3o e resposta r\u00e1pida. A a\u00e7\u00e3o contou ainda com o apoio do Ex\u00e9rcito Brasileiro, das Pol\u00edcias Civil e Militar e da Defesa Civil estadual, refor\u00e7ando o trabalho conjunto entre os \u00f3rg\u00e3os de resposta a emerg\u00eancias.<\/p>\n<div id=\"metaslider-id-25573\" style=\"width: 100%;\" class=\"ml-slider-3-99-0 metaslider metaslider-flex metaslider-25573 ml-slider has-onhover-arrows ms-theme-default-base has-dots-nav\" role=\"region\" aria-label=\"Meio\" data-width=\"1200\">\n    <div id=\"metaslider_container_25573\">\n        <div id=\"metaslider_25573\">\n            <ul class='slides'>\n                <li style=\"display: block; width: 100%;\" class=\"slide-25684 ms-image \" aria-roledescription=\"slide\" data-date=\"2025-07-24 07:55:40\"><img src=\"https:\/\/sulsc.com\/wp-content\/uploads\/2025\/07\/Marr-2-1000x166.jpg\" height=\"200\" width=\"1200\" alt=\"\" class=\"slider-25573 slide-25684 msDefaultImage\" title=\"Marr 2\" \/><\/li>\n                <li style=\"display: none; width: 100%;\" class=\"slide-32412 ms-image \" aria-roledescription=\"slide\" data-date=\"2026-02-18 13:59:46\"><img src=\"https:\/\/sulsc.com\/wp-content\/uploads\/2026\/02\/40dc1580-cad5-4867-bc58-c4243821ad38-1000x166.jpeg\" height=\"200\" width=\"1200\" alt=\"\" class=\"slider-25573 slide-32412 msDefaultImage\" title=\"40dc1580-cad5-4867-bc58-c4243821ad38\" \/><\/li>\n                <li style=\"display: none; width: 100%;\" class=\"slide-32766 ms-image \" aria-roledescription=\"slide\" data-date=\"2026-03-03 17:22:59\"><img src=\"https:\/\/sulsc.com\/wp-content\/uploads\/2026\/03\/271ce739-f268-41c5-8051-3de1a1750359-1000x166.jpeg\" height=\"200\" width=\"1200\" alt=\"\" class=\"slider-25573 slide-32766 msDefaultImage\" title=\"271ce739-f268-41c5-8051-3de1a1750359\" \/><\/li>\n            <\/ul>\n        <\/div>\n        \n    <\/div>\n<\/div>\n<p>Para o comandante do 8\u00ba Batalh\u00e3o de Bombeiros Militar, Rafael Fortunato Camilo, o simulado \u00e9 fundamental para aprimorar a capacidade operacional das equipes e garantir a seguran\u00e7a da popula\u00e7\u00e3o.<\/p>\n<p>\u201cEsse tipo de exerc\u00edcio permite que nossos bombeiros treinem em cen\u00e1rios muito pr\u00f3ximos da realidade, testando equipamentos, protocolos e, principalmente, a integra\u00e7\u00e3o entre as for\u00e7as. O Corpo de Bombeiros Militar atua para estar sempre pronto, porque em uma situa\u00e7\u00e3o real cada minuto faz a diferen\u00e7a para salvar vidas\u201d, destacou o comandante.<\/p>\n<p>Al\u00e9m de testar procedimentos de resgate, o simulado tamb\u00e9m teve como objetivo fortalecer o planejamento conjunto, a comunica\u00e7\u00e3o entre as institui\u00e7\u00f5es e a orienta\u00e7\u00e3o da comunidade sobre a\u00e7\u00f5es preventivas e resposta em situa\u00e7\u00f5es de desastre.<\/p>\n<p>A participa\u00e7\u00e3o do Corpo de Bombeiros Militar reafirma o compromisso da corpora\u00e7\u00e3o com a prote\u00e7\u00e3o da vida, do patrim\u00f4nio e do meio ambiente, consolidando Tubar\u00e3o como refer\u00eancia regional em prepara\u00e7\u00e3o e resposta a desastres naturais.<\/p>\n<p><img fetchpriority=\"high\" decoding=\"async\" class=\"aligncenter size-full wp-image-32708\" src=\"http:\/\/sulsc.com\/wp-content\/uploads\/2026\/03\/99781d79-80e3-42f9-8e89-5a583733bc2c.jpeg\" alt=\"\" width=\"1200\" height=\"1600\" srcset=\"https:\/\/sulsc.com\/wp-content\/uploads\/2026\/03\/99781d79-80e3-42f9-8e89-5a583733bc2c.jpeg 1200w, https:\/\/sulsc.com\/wp-content\/uploads\/2026\/03\/99781d79-80e3-42f9-8e89-5a583733bc2c-225x300.jpeg 225w, https:\/\/sulsc.com\/wp-content\/uploads\/2026\/03\/99781d79-80e3-42f9-8e89-5a583733bc2c-768x1024.jpeg 768w, https:\/\/sulsc.com\/wp-content\/uploads\/2026\/03\/99781d79-80e3-42f9-8e89-5a583733bc2c-1152x1536.jpeg 1152w\" sizes=\"(max-width: 1200px) 100vw, 1200px\" \/><\/p>\n<p>Fotos: 8\u00baBBM\/Divulga\u00e7\u00e3o\/SulSC<\/p>\n","protected":false},"excerpt":{"rendered":"<p>Corpo de Bombeiros Militar de Santa Catarina teve atua\u00e7\u00e3o de destaque durante o 2\u00ba Simulado de Gest\u00e3o de Desastres realizado neste domingo (01\/03), em Tubar\u00e3o. A atividade ocorreu no bairro Bom Pastor, \u00e1rea historicamente afetada por deslizamentos, e envolveu cen\u00e1rios de alta complexidade operacional, exigindo t\u00e9cnicas especializadas de salvamento. Durante o exerc\u00edcio, as equipes do &hellip;<\/p>\n<p class=\"read-more\"> <a class=\"\" href=\"https:\/\/sulsc.com\/index.php\/2026\/03\/02\/corpo-de-bombeiros-militar-se-destaca-no-2o-simulado-de-gestao-de-desastres-em-tubarao\/\"> <span class=\"screen-reader-text\">Corpo de Bombeiros Militar se destaca no 2\u00ba Simulado de Gest\u00e3o de Desastres em Tubar\u00e3o<\/span> Read More &raquo;<\/a><\/p>\n","protected":false},"author":3,"featured_media":32709,"comment_status":"open","ping_status":"open","sticky":false,"template":"","format":"standard","meta":{"site-sidebar-layout":"default","site-content-layout":"","ast-site-content-layout":"default","site-content-style":"default","site-sidebar-style":"default","ast-global-header-display":"","ast-banner-title-visibility":"","ast-main-header-display":"","ast-hfb-above-header-display":"","ast-hfb-below-header-display":"","ast-hfb-mobile-header-display":"","site-post-title":"","ast-breadcrumbs-content":"","ast-featured-img":"","footer-sml-layout":"","theme-transparent-header-meta":"default","adv-header-id-meta":"","stick-header-meta":"","header-above-stick-meta":"","header-main-stick-meta":"","header-below-stick-meta":"","astra-migrate-meta-layouts":"set","footnotes":""},"categories":[2231,1,14,2782,21,12],"tags":[2796],"yoast_head":"<!-- This site is optimized with the Yoast SEO plugin v21.4 - https:\/\/yoast.com\/wordpress\/plugins\/seo\/ -->\n<title>Corpo de Bombeiros Militar se destaca no 2\u00ba Simulado de Gest\u00e3o de Desastres em Tubar\u00e3o -<\/title>\n<meta name=\"robots\" content=\"index, follow, max-snippet:-1, max-image-preview:large, max-video-preview:-1\" \/>\n<link rel=\"canonical\" href=\"https:\/\/sulsc.com\/index.php\/2026\/03\/02\/corpo-de-bombeiros-militar-se-destaca-no-2o-simulado-de-gestao-de-desastres-em-tubarao\/\" \/>\n<meta property=\"og:locale\" content=\"en_US\" \/>\n<meta property=\"og:type\" content=\"article\" \/>\n<meta property=\"og:title\" content=\"Corpo de Bombeiros Militar se destaca no 2\u00ba Simulado de Gest\u00e3o de Desastres em Tubar\u00e3o -\" \/>\n<meta property=\"og:description\" content=\"Corpo de Bombeiros Militar de Santa Catarina teve atua\u00e7\u00e3o de destaque durante o 2\u00ba Simulado de Gest\u00e3o de Desastres realizado neste domingo (01\/03), em Tubar\u00e3o. A atividade ocorreu no bairro Bom Pastor, \u00e1rea historicamente afetada por deslizamentos, e envolveu cen\u00e1rios de alta complexidade operacional, exigindo t\u00e9cnicas especializadas de salvamento. Durante o exerc\u00edcio, as equipes do &hellip; Corpo de Bombeiros Militar se destaca no 2\u00ba Simulado de Gest\u00e3o de Desastres em Tubar\u00e3o Read More &raquo;\" \/>\n<meta property=\"og:url\" content=\"https:\/\/sulsc.com\/index.php\/2026\/03\/02\/corpo-de-bombeiros-militar-se-destaca-no-2o-simulado-de-gestao-de-desastres-em-tubarao\/\" \/>\n<meta property=\"article:author\" content=\"https:\/\/www.facebook.com\/profile.php?id=61559278119680\" \/>\n<meta property=\"article:published_time\" content=\"2026-03-02T18:55:07+00:00\" \/>\n<meta property=\"og:image\" content=\"http:\/\/sulsc.com\/wp-content\/uploads\/2026\/03\/65a06f0f-4da8-46e6-bd47-5dd12a8129dd.jpeg\" \/>\n\t<meta property=\"og:image:width\" content=\"1200\" \/>\n\t<meta property=\"og:image:height\" content=\"1600\" \/>\n\t<meta property=\"og:image:type\" content=\"image\/jpeg\" \/>\n<meta name=\"author\" content=\"Reda\u00e7\u00e3o Sul SC\" \/>\n<meta name=\"twitter:card\" content=\"summary_large_image\" \/>\n<meta name=\"twitter:creator\" content=\"@https:\/\/twitter.com\/PortalSulSC\" \/>\n<meta name=\"twitter:label1\" content=\"Written by\" \/>\n\t<meta name=\"twitter:data1\" content=\"Reda\u00e7\u00e3o Sul SC\" \/>\n\t<meta name=\"twitter:label2\" content=\"Est. reading time\" \/>\n\t<meta name=\"twitter:data2\" content=\"2 minutes\" \/>\n<script type=\"application\/ld+json\" class=\"yoast-schema-graph\">{\"@context\":\"https:\/\/schema.org\",\"@graph\":[{\"@type\":\"WebPage\",\"@id\":\"https:\/\/sulsc.com\/index.php\/2026\/03\/02\/corpo-de-bombeiros-militar-se-destaca-no-2o-simulado-de-gestao-de-desastres-em-tubarao\/\",\"url\":\"https:\/\/sulsc.com\/index.php\/2026\/03\/02\/corpo-de-bombeiros-militar-se-destaca-no-2o-simulado-de-gestao-de-desastres-em-tubarao\/\",\"name\":\"Corpo de Bombeiros Militar se destaca no 2\u00ba Simulado de Gest\u00e3o de Desastres em Tubar\u00e3o -\",\"isPartOf\":{\"@id\":\"https:\/\/sulsc.com\/#website\"},\"datePublished\":\"2026-03-02T18:55:07+00:00\",\"dateModified\":\"2026-03-02T18:55:07+00:00\",\"author\":{\"@id\":\"https:\/\/sulsc.com\/#\/schema\/person\/84d2fc571684f6248ba83092f07750a3\"},\"breadcrumb\":{\"@id\":\"https:\/\/sulsc.com\/index.php\/2026\/03\/02\/corpo-de-bombeiros-militar-se-destaca-no-2o-simulado-de-gestao-de-desastres-em-tubarao\/#breadcrumb\"},\"inLanguage\":\"en-US\",\"potentialAction\":[{\"@type\":\"ReadAction\",\"target\":[\"https:\/\/sulsc.com\/index.php\/2026\/03\/02\/corpo-de-bombeiros-militar-se-destaca-no-2o-simulado-de-gestao-de-desastres-em-tubarao\/\"]}]},{\"@type\":\"BreadcrumbList\",\"@id\":\"https:\/\/sulsc.com\/index.php\/2026\/03\/02\/corpo-de-bombeiros-militar-se-destaca-no-2o-simulado-de-gestao-de-desastres-em-tubarao\/#breadcrumb\",\"itemListElement\":[{\"@type\":\"ListItem\",\"position\":1,\"name\":\"In\u00edcio\",\"item\":\"https:\/\/sulsc.com\/\"},{\"@type\":\"ListItem\",\"position\":2,\"name\":\"Corpo de Bombeiros Militar se destaca no 2\u00ba Simulado de Gest\u00e3o de Desastres em Tubar\u00e3o\"}]},{\"@type\":\"WebSite\",\"@id\":\"https:\/\/sulsc.com\/#website\",\"url\":\"https:\/\/sulsc.com\/\",\"name\":\"\",\"description\":\"\",\"potentialAction\":[{\"@type\":\"SearchAction\",\"target\":{\"@type\":\"EntryPoint\",\"urlTemplate\":\"https:\/\/sulsc.com\/?s={search_term_string}\"},\"query-input\":\"required name=search_term_string\"}],\"inLanguage\":\"en-US\"},{\"@type\":\"Person\",\"@id\":\"https:\/\/sulsc.com\/#\/schema\/person\/84d2fc571684f6248ba83092f07750a3\",\"name\":\"Reda\u00e7\u00e3o Sul SC\",\"image\":{\"@type\":\"ImageObject\",\"inLanguage\":\"en-US\",\"@id\":\"https:\/\/sulsc.com\/#\/schema\/person\/image\/e08d7fe2cc4ed596372063bbe852b8d0\",\"url\":\"https:\/\/sulsc.com\/wp-content\/uploads\/2023\/09\/redacao.png\",\"contentUrl\":\"https:\/\/sulsc.com\/wp-content\/uploads\/2023\/09\/redacao.png\",\"caption\":\"Reda\u00e7\u00e3o Sul SC\"},\"description\":\"Foco em um jornalismo imparcial, voltado \u00e0 qualidade dos seus conte\u00fados e, assim, levar informa\u00e7\u00e3o de valor que agregue \u00e0 vida dos leitores. Esta \u00e9 grande miss\u00e3o do Portal de Not\u00edcias Sul SC. N\u00e3o \u00e9 quantidade que muda o mundo, sempre foi e seguir\u00e1 sendo qualidade!\",\"sameAs\":[\"https:\/\/sulsc.com\/\",\"https:\/\/www.facebook.com\/profile.php?id=61559278119680\",\"https:\/\/www.instagram.com\/sulscportal\/?hl=pt-br\",\"https:\/\/twitter.com\/https:\/\/twitter.com\/PortalSulSC\",\"https:\/\/www.youtube.com\/channel\/UCv_BE8GeySluDov2n8qhVmw\"],\"url\":\"https:\/\/sulsc.com\/index.php\/author\/redacao\/\"}]}<\/script>\n<!-- \/ Yoast SEO plugin. -->","yoast_head_json":{"title":"Corpo de Bombeiros Militar se destaca no 2\u00ba Simulado de Gest\u00e3o de Desastres em Tubar\u00e3o -","robots":{"index":"index","follow":"follow","max-snippet":"max-snippet:-1","max-image-preview":"max-image-preview:large","max-video-preview":"max-video-preview:-1"},"canonical":"https:\/\/sulsc.com\/index.php\/2026\/03\/02\/corpo-de-bombeiros-militar-se-destaca-no-2o-simulado-de-gestao-de-desastres-em-tubarao\/","og_locale":"en_US","og_type":"article","og_title":"Corpo de Bombeiros Militar se destaca no 2\u00ba Simulado de Gest\u00e3o de Desastres em Tubar\u00e3o -","og_description":"Corpo de Bombeiros Militar de Santa Catarina teve atua\u00e7\u00e3o de destaque durante o 2\u00ba Simulado de Gest\u00e3o de Desastres realizado neste domingo (01\/03), em Tubar\u00e3o. A atividade ocorreu no bairro Bom Pastor, \u00e1rea historicamente afetada por deslizamentos, e envolveu cen\u00e1rios de alta complexidade operacional, exigindo t\u00e9cnicas especializadas de salvamento. Durante o exerc\u00edcio, as equipes do &hellip; Corpo de Bombeiros Militar se destaca no 2\u00ba Simulado de Gest\u00e3o de Desastres em Tubar\u00e3o Read More &raquo;","og_url":"https:\/\/sulsc.com\/index.php\/2026\/03\/02\/corpo-de-bombeiros-militar-se-destaca-no-2o-simulado-de-gestao-de-desastres-em-tubarao\/","article_author":"https:\/\/www.facebook.com\/profile.php?id=61559278119680","article_published_time":"2026-03-02T18:55:07+00:00","og_image":[{"width":1200,"height":1600,"url":"http:\/\/sulsc.com\/wp-content\/uploads\/2026\/03\/65a06f0f-4da8-46e6-bd47-5dd12a8129dd.jpeg","type":"image\/jpeg"}],"author":"Reda\u00e7\u00e3o Sul SC","twitter_card":"summary_large_image","twitter_creator":"@https:\/\/twitter.com\/PortalSulSC","twitter_misc":{"Written by":"Reda\u00e7\u00e3o Sul SC","Est. reading time":"2 minutes"},"schema":{"@context":"https:\/\/schema.org","@graph":[{"@type":"WebPage","@id":"https:\/\/sulsc.com\/index.php\/2026\/03\/02\/corpo-de-bombeiros-militar-se-destaca-no-2o-simulado-de-gestao-de-desastres-em-tubarao\/","url":"https:\/\/sulsc.com\/index.php\/2026\/03\/02\/corpo-de-bombeiros-militar-se-destaca-no-2o-simulado-de-gestao-de-desastres-em-tubarao\/","name":"Corpo de Bombeiros Militar se destaca no 2\u00ba Simulado de Gest\u00e3o de Desastres em Tubar\u00e3o -","isPartOf":{"@id":"https:\/\/sulsc.com\/#website"},"datePublished":"2026-03-02T18:55:07+00:00","dateModified":"2026-03-02T18:55:07+00:00","author":{"@id":"https:\/\/sulsc.com\/#\/schema\/person\/84d2fc571684f6248ba83092f07750a3"},"breadcrumb":{"@id":"https:\/\/sulsc.com\/index.php\/2026\/03\/02\/corpo-de-bombeiros-militar-se-destaca-no-2o-simulado-de-gestao-de-desastres-em-tubarao\/#breadcrumb"},"inLanguage":"en-US","potentialAction":[{"@type":"ReadAction","target":["https:\/\/sulsc.com\/index.php\/2026\/03\/02\/corpo-de-bombeiros-militar-se-destaca-no-2o-simulado-de-gestao-de-desastres-em-tubarao\/"]}]},{"@type":"BreadcrumbList","@id":"https:\/\/sulsc.com\/index.php\/2026\/03\/02\/corpo-de-bombeiros-militar-se-destaca-no-2o-simulado-de-gestao-de-desastres-em-tubarao\/#breadcrumb","itemListElement":[{"@type":"ListItem","position":1,"name":"In\u00edcio","item":"https:\/\/sulsc.com\/"},{"@type":"ListItem","position":2,"name":"Corpo de Bombeiros Militar se destaca no 2\u00ba Simulado de Gest\u00e3o de Desastres em Tubar\u00e3o"}]},{"@type":"WebSite","@id":"https:\/\/sulsc.com\/#website","url":"https:\/\/sulsc.com\/","name":"","description":"","potentialAction":[{"@type":"SearchAction","target":{"@type":"EntryPoint","urlTemplate":"https:\/\/sulsc.com\/?s={search_term_string}"},"query-input":"required name=search_term_string"}],"inLanguage":"en-US"},{"@type":"Person","@id":"https:\/\/sulsc.com\/#\/schema\/person\/84d2fc571684f6248ba83092f07750a3","name":"Reda\u00e7\u00e3o Sul SC","image":{"@type":"ImageObject","inLanguage":"en-US","@id":"https:\/\/sulsc.com\/#\/schema\/person\/image\/e08d7fe2cc4ed596372063bbe852b8d0","url":"https:\/\/sulsc.com\/wp-content\/uploads\/2023\/09\/redacao.png","contentUrl":"https:\/\/sulsc.com\/wp-content\/uploads\/2023\/09\/redacao.png","caption":"Reda\u00e7\u00e3o Sul SC"},"description":"Foco em um jornalismo imparcial, voltado \u00e0 qualidade dos seus conte\u00fados e, assim, levar informa\u00e7\u00e3o de valor que agregue \u00e0 vida dos leitores. Esta \u00e9 grande miss\u00e3o do Portal de Not\u00edcias Sul SC. N\u00e3o \u00e9 quantidade que muda o mundo, sempre foi e seguir\u00e1 sendo qualidade!","sameAs":["https:\/\/sulsc.com\/","https:\/\/www.facebook.com\/profile.php?id=61559278119680","https:\/\/www.instagram.com\/sulscportal\/?hl=pt-br","https:\/\/twitter.com\/https:\/\/twitter.com\/PortalSulSC","https:\/\/www.youtube.com\/channel\/UCv_BE8GeySluDov2n8qhVmw"],"url":"https:\/\/sulsc.com\/index.php\/author\/redacao\/"}]}},"authors":[],"_links":{"self":[{"href":"https:\/\/sulsc.com\/index.php\/wp-json\/wp\/v2\/posts\/32706"}],"collection":[{"href":"https:\/\/sulsc.com\/index.php\/wp-json\/wp\/v2\/posts"}],"about":[{"href":"https:\/\/sulsc.com\/index.php\/wp-json\/wp\/v2\/types\/post"}],"author":[{"embeddable":true,"href":"https:\/\/sulsc.com\/index.php\/wp-json\/wp\/v2\/users\/3"}],"replies":[{"embeddable":true,"href":"https:\/\/sulsc.com\/index.php\/wp-json\/wp\/v2\/comments?post=32706"}],"version-history":[{"count":1,"href":"https:\/\/sulsc.com\/index.php\/wp-json\/wp\/v2\/posts\/32706\/revisions"}],"predecessor-version":[{"id":32710,"href":"https:\/\/sulsc.com\/index.php\/wp-json\/wp\/v2\/posts\/32706\/revisions\/32710"}],"wp:featuredmedia":[{"embeddable":true,"href":"https:\/\/sulsc.com\/index.php\/wp-json\/wp\/v2\/media\/32709"}],"wp:attachment":[{"href":"https:\/\/sulsc.com\/index.php\/wp-json\/wp\/v2\/media?parent=32706"}],"wp:term":[{"taxonomy":"category","embeddable":true,"href":"https:\/\/sulsc.com\/index.php\/wp-json\/wp\/v2\/categories?post=32706"},{"taxonomy":"post_tag","embeddable":true,"href":"https:\/\/sulsc.com\/index.php\/wp-json\/wp\/v2\/tags?post=32706"}],"curies":[{"name":"wp","href":"https:\/\/api.w.org\/{rel}","templated":true}]}}