{"id":32724,"date":"2026-03-02T17:17:50","date_gmt":"2026-03-02T20:17:50","guid":{"rendered":"https:\/\/sulsc.com\/?p=32724"},"modified":"2026-03-02T17:17:50","modified_gmt":"2026-03-02T20:17:50","slug":"audiencia-publica-mpsc-convida-moradores-e-autoridades-a-discutirem-solucoes-para-enchentes-no-bairro-dehon-em-tubarao","status":"publish","type":"post","link":"https:\/\/sulsc.com\/index.php\/2026\/03\/02\/audiencia-publica-mpsc-convida-moradores-e-autoridades-a-discutirem-solucoes-para-enchentes-no-bairro-dehon-em-tubarao\/","title":{"rendered":"Audi\u00eancia P\u00fablica &#8211; MPSC convida moradores e autoridades a discutirem solu\u00e7\u00f5es para enchentes no bairro Dehon, em Tubar\u00e3o"},"content":{"rendered":"<p>Com o objetivo de debater os recorrentes problemas de enchente registrados no bairro Dehon, em Tubar\u00e3o, e definir a\u00e7\u00f5es e estrat\u00e9gias para enfrentar a situa\u00e7\u00e3o, o Minist\u00e9rio P\u00fablico de Santa Catarina (MPSC), por meio de uma iniciativa conjunta da 4\u00aa, 6\u00aa e 7\u00aa Promotorias de Justi\u00e7a da Comarca de Tubar\u00e3o, promover\u00e1 uma audi\u00eancia p\u00fablica aberta a toda a popula\u00e7\u00e3o.<\/p>\n<p>A audi\u00eancia \u00e9 organizada pelo titular da 4\u00aa Promotoria de Justi\u00e7a, Rodrigo Silveira de Souza, pelo titular da 6\u00aa Promotoria de Justi\u00e7a, Anderson Adilson de Souza, e pelo titular da 7\u00aa Promotoria de Justi\u00e7a, F\u00e1bio Fernandes de Oliveira Lyrio, que v\u00eam acompanhando de forma integrada os impactos das enchentes ocorridas nos \u00faltimos anos na regi\u00e3o. <strong>O encontro ir\u00e1 ocorrer no dia 10 de mar\u00e7o, ter\u00e7a-feira, no audit\u00f3rio da Funda\u00e7\u00e3o InoversaSul, Av. Jos\u00e9 Ac\u00e1cio Moreira, 787, bairro Dehon, Tubar\u00e3o, CEP 88704-900 a partir das 18h30.<\/strong><\/p>\n<div id=\"metaslider-id-25573\" style=\"width: 100%;\" class=\"ml-slider-3-99-0 metaslider metaslider-flex metaslider-25573 ml-slider has-onhover-arrows ms-theme-default-base has-dots-nav\" role=\"region\" aria-label=\"Meio\" data-width=\"1200\">\n    <div id=\"metaslider_container_25573\">\n        <div id=\"metaslider_25573\">\n            <ul class='slides'>\n                <li style=\"display: block; width: 100%;\" class=\"slide-25684 ms-image \" aria-roledescription=\"slide\" data-date=\"2025-07-24 07:55:40\"><img src=\"https:\/\/sulsc.com\/wp-content\/uploads\/2025\/07\/Marr-2-1000x166.jpg\" height=\"200\" width=\"1200\" alt=\"\" class=\"slider-25573 slide-25684 msDefaultImage\" title=\"Marr 2\" \/><\/li>\n                <li style=\"display: none; width: 100%;\" class=\"slide-32412 ms-image \" aria-roledescription=\"slide\" data-date=\"2026-02-18 13:59:46\"><img src=\"https:\/\/sulsc.com\/wp-content\/uploads\/2026\/02\/40dc1580-cad5-4867-bc58-c4243821ad38-1000x166.jpeg\" height=\"200\" width=\"1200\" alt=\"\" class=\"slider-25573 slide-32412 msDefaultImage\" title=\"40dc1580-cad5-4867-bc58-c4243821ad38\" \/><\/li>\n                <li style=\"display: none; width: 100%;\" class=\"slide-32766 ms-image \" aria-roledescription=\"slide\" data-date=\"2026-03-03 17:22:59\"><img src=\"https:\/\/sulsc.com\/wp-content\/uploads\/2026\/03\/271ce739-f268-41c5-8051-3de1a1750359-1000x166.jpeg\" height=\"200\" width=\"1200\" alt=\"\" class=\"slider-25573 slide-32766 msDefaultImage\" title=\"271ce739-f268-41c5-8051-3de1a1750359\" \/><\/li>\n            <\/ul>\n        <\/div>\n        \n    <\/div>\n<\/div>\n<p>A uni\u00e3o das tr\u00eas Promotorias refor\u00e7a a relev\u00e2ncia e a urg\u00eancia do tema, que impacta diretamente a vida dos moradores da regi\u00e3o, frequentemente afetada pelas chuvas que atingem o munic\u00edpio e provocam enchentes na localidade situada \u00e0s margens do rio Tubar\u00e3o.<\/p>\n<p>A participa\u00e7\u00e3o da comunidade \u00e9 fundamental. A audi\u00eancia p\u00fablica \u00e9 um espa\u00e7o democr\u00e1tico para que moradores, representantes de entidades, gestores p\u00fablicos e demais interessados possam se manifestar, relatar os impactos das enchentes, apresentar sugest\u00f5es e contribuir ativamente para a constru\u00e7\u00e3o de solu\u00e7\u00f5es concretas. O MPSC convida especialmente os moradores do bairro Dehon e das \u00e1reas atingidas a comparecerem e participarem desse importante momento de di\u00e1logo e encaminhamentos.<\/p>\n<p><strong>MPSC acompanha a demanda<\/strong><\/p>\n<p>Os epis\u00f3dios de enchente na comunidade v\u00eam sendo acompanhados pela 4\u00aa, 6\u00aa e 7\u00aa Promotorias de Justi\u00e7a da Comarca de Tubar\u00e3o. Em abril de 2025, Promotores de Justi\u00e7a fizeram uma vistoria nas ruas Luiz Pedro de Oliveira e Padre Geraldo Spettmann, onde est\u00e3o instaladas as bombas de suc\u00e7\u00e3o do sistema de drenagem pluvial do bairro Dehon.<\/p>\n<p>A inspe\u00e7\u00e3o teve como objetivo verificar a situa\u00e7\u00e3o das estruturas ap\u00f3s a resposta do Munic\u00edpio \u00e0s primeiras solicita\u00e7\u00f5es de informa\u00e7\u00e3o feitas pelo MPSC, no \u00e2mbito de um inqu\u00e9rito civil instaurado para compreender o funcionamento do sistema de drenagem e cobrar provid\u00eancias do poder p\u00fablico quanto \u00e0s enchentes registradas na regi\u00e3o.<\/p>\n<p>Ap\u00f3s a vistoria, o MPSC solicitou ao Munic\u00edpio esclarecimentos detalhados sobre o protocolo de medidas adotado na gest\u00e3o anterior e o previsto para implementa\u00e7\u00e3o futura.<\/p>\n<p><img fetchpriority=\"high\" decoding=\"async\" class=\"aligncenter size-full wp-image-32725\" src=\"http:\/\/sulsc.com\/wp-content\/uploads\/2026\/03\/dcc86414-a481-4459-80b9-6fc60369d21f.jpeg\" alt=\"\" width=\"800\" height=\"600\" srcset=\"https:\/\/sulsc.com\/wp-content\/uploads\/2026\/03\/dcc86414-a481-4459-80b9-6fc60369d21f.jpeg 800w, https:\/\/sulsc.com\/wp-content\/uploads\/2026\/03\/dcc86414-a481-4459-80b9-6fc60369d21f-300x225.jpeg 300w, https:\/\/sulsc.com\/wp-content\/uploads\/2026\/03\/dcc86414-a481-4459-80b9-6fc60369d21f-768x576.jpeg 768w\" sizes=\"(max-width: 800px) 100vw, 800px\" \/><\/p>\n<p>Fotos\/Engeplus<\/p>\n","protected":false},"excerpt":{"rendered":"<p>Com o objetivo de debater os recorrentes problemas de enchente registrados no bairro Dehon, em Tubar\u00e3o, e definir a\u00e7\u00f5es e estrat\u00e9gias para enfrentar a situa\u00e7\u00e3o, o Minist\u00e9rio P\u00fablico de Santa Catarina (MPSC), por meio de uma iniciativa conjunta da 4\u00aa, 6\u00aa e 7\u00aa Promotorias de Justi\u00e7a da Comarca de Tubar\u00e3o, promover\u00e1 uma audi\u00eancia p\u00fablica aberta &hellip;<\/p>\n<p class=\"read-more\"> <a class=\"\" href=\"https:\/\/sulsc.com\/index.php\/2026\/03\/02\/audiencia-publica-mpsc-convida-moradores-e-autoridades-a-discutirem-solucoes-para-enchentes-no-bairro-dehon-em-tubarao\/\"> <span class=\"screen-reader-text\">Audi\u00eancia P\u00fablica &#8211; MPSC convida moradores e autoridades a discutirem solu\u00e7\u00f5es para enchentes no bairro Dehon, em Tubar\u00e3o<\/span> Read More &raquo;<\/a><\/p>\n","protected":false},"author":3,"featured_media":32726,"comment_status":"open","ping_status":"open","sticky":false,"template":"","format":"standard","meta":{"site-sidebar-layout":"default","site-content-layout":"","ast-site-content-layout":"default","site-content-style":"default","site-sidebar-style":"default","ast-global-header-display":"","ast-banner-title-visibility":"","ast-main-header-display":"","ast-hfb-above-header-display":"","ast-hfb-below-header-display":"","ast-hfb-mobile-header-display":"","site-post-title":"","ast-breadcrumbs-content":"","ast-featured-img":"","footer-sml-layout":"","theme-transparent-header-meta":"default","adv-header-id-meta":"","stick-header-meta":"","header-above-stick-meta":"","header-main-stick-meta":"","header-below-stick-meta":"","astra-migrate-meta-layouts":"set","footnotes":""},"categories":[2231,1,2313,14,2782,21,12],"tags":[2193,100],"yoast_head":"<!-- This site is optimized with the Yoast SEO plugin v21.4 - https:\/\/yoast.com\/wordpress\/plugins\/seo\/ -->\n<title>Audi\u00eancia P\u00fablica - MPSC convida moradores e autoridades a discutirem solu\u00e7\u00f5es para enchentes no bairro Dehon, em Tubar\u00e3o -<\/title>\n<meta name=\"robots\" content=\"index, follow, max-snippet:-1, max-image-preview:large, max-video-preview:-1\" \/>\n<link rel=\"canonical\" href=\"https:\/\/sulsc.com\/index.php\/2026\/03\/02\/audiencia-publica-mpsc-convida-moradores-e-autoridades-a-discutirem-solucoes-para-enchentes-no-bairro-dehon-em-tubarao\/\" \/>\n<meta property=\"og:locale\" content=\"en_US\" \/>\n<meta property=\"og:type\" content=\"article\" \/>\n<meta property=\"og:title\" content=\"Audi\u00eancia P\u00fablica - MPSC convida moradores e autoridades a discutirem solu\u00e7\u00f5es para enchentes no bairro Dehon, em Tubar\u00e3o -\" \/>\n<meta property=\"og:description\" content=\"Com o objetivo de debater os recorrentes problemas de enchente registrados no bairro Dehon, em Tubar\u00e3o, e definir a\u00e7\u00f5es e estrat\u00e9gias para enfrentar a situa\u00e7\u00e3o, o Minist\u00e9rio P\u00fablico de Santa Catarina (MPSC), por meio de uma iniciativa conjunta da 4\u00aa, 6\u00aa e 7\u00aa Promotorias de Justi\u00e7a da Comarca de Tubar\u00e3o, promover\u00e1 uma audi\u00eancia p\u00fablica aberta &hellip; Audi\u00eancia P\u00fablica &#8211; MPSC convida moradores e autoridades a discutirem solu\u00e7\u00f5es para enchentes no bairro Dehon, em Tubar\u00e3o Read More &raquo;\" \/>\n<meta property=\"og:url\" content=\"https:\/\/sulsc.com\/index.php\/2026\/03\/02\/audiencia-publica-mpsc-convida-moradores-e-autoridades-a-discutirem-solucoes-para-enchentes-no-bairro-dehon-em-tubarao\/\" \/>\n<meta property=\"article:author\" content=\"https:\/\/www.facebook.com\/profile.php?id=61559278119680\" \/>\n<meta property=\"article:published_time\" content=\"2026-03-02T20:17:50+00:00\" \/>\n<meta property=\"og:image\" content=\"http:\/\/sulsc.com\/wp-content\/uploads\/2026\/03\/b299210c-aa51-4f56-b8b6-ebdbfa09c809.jpeg\" \/>\n\t<meta property=\"og:image:width\" content=\"800\" \/>\n\t<meta property=\"og:image:height\" content=\"534\" \/>\n\t<meta property=\"og:image:type\" content=\"image\/jpeg\" \/>\n<meta name=\"author\" content=\"Reda\u00e7\u00e3o Sul SC\" \/>\n<meta name=\"twitter:card\" content=\"summary_large_image\" \/>\n<meta name=\"twitter:creator\" content=\"@https:\/\/twitter.com\/PortalSulSC\" \/>\n<meta name=\"twitter:label1\" content=\"Written by\" \/>\n\t<meta name=\"twitter:data1\" content=\"Reda\u00e7\u00e3o Sul SC\" \/>\n\t<meta name=\"twitter:label2\" content=\"Est. reading time\" \/>\n\t<meta name=\"twitter:data2\" content=\"2 minutes\" \/>\n<script type=\"application\/ld+json\" class=\"yoast-schema-graph\">{\"@context\":\"https:\/\/schema.org\",\"@graph\":[{\"@type\":\"WebPage\",\"@id\":\"https:\/\/sulsc.com\/index.php\/2026\/03\/02\/audiencia-publica-mpsc-convida-moradores-e-autoridades-a-discutirem-solucoes-para-enchentes-no-bairro-dehon-em-tubarao\/\",\"url\":\"https:\/\/sulsc.com\/index.php\/2026\/03\/02\/audiencia-publica-mpsc-convida-moradores-e-autoridades-a-discutirem-solucoes-para-enchentes-no-bairro-dehon-em-tubarao\/\",\"name\":\"Audi\u00eancia P\u00fablica - MPSC convida moradores e autoridades a discutirem solu\u00e7\u00f5es para enchentes no bairro Dehon, em Tubar\u00e3o -\",\"isPartOf\":{\"@id\":\"https:\/\/sulsc.com\/#website\"},\"datePublished\":\"2026-03-02T20:17:50+00:00\",\"dateModified\":\"2026-03-02T20:17:50+00:00\",\"author\":{\"@id\":\"https:\/\/sulsc.com\/#\/schema\/person\/84d2fc571684f6248ba83092f07750a3\"},\"breadcrumb\":{\"@id\":\"https:\/\/sulsc.com\/index.php\/2026\/03\/02\/audiencia-publica-mpsc-convida-moradores-e-autoridades-a-discutirem-solucoes-para-enchentes-no-bairro-dehon-em-tubarao\/#breadcrumb\"},\"inLanguage\":\"en-US\",\"potentialAction\":[{\"@type\":\"ReadAction\",\"target\":[\"https:\/\/sulsc.com\/index.php\/2026\/03\/02\/audiencia-publica-mpsc-convida-moradores-e-autoridades-a-discutirem-solucoes-para-enchentes-no-bairro-dehon-em-tubarao\/\"]}]},{\"@type\":\"BreadcrumbList\",\"@id\":\"https:\/\/sulsc.com\/index.php\/2026\/03\/02\/audiencia-publica-mpsc-convida-moradores-e-autoridades-a-discutirem-solucoes-para-enchentes-no-bairro-dehon-em-tubarao\/#breadcrumb\",\"itemListElement\":[{\"@type\":\"ListItem\",\"position\":1,\"name\":\"In\u00edcio\",\"item\":\"https:\/\/sulsc.com\/\"},{\"@type\":\"ListItem\",\"position\":2,\"name\":\"Audi\u00eancia P\u00fablica &#8211; MPSC convida moradores e autoridades a discutirem solu\u00e7\u00f5es para enchentes no bairro Dehon, em Tubar\u00e3o\"}]},{\"@type\":\"WebSite\",\"@id\":\"https:\/\/sulsc.com\/#website\",\"url\":\"https:\/\/sulsc.com\/\",\"name\":\"\",\"description\":\"\",\"potentialAction\":[{\"@type\":\"SearchAction\",\"target\":{\"@type\":\"EntryPoint\",\"urlTemplate\":\"https:\/\/sulsc.com\/?s={search_term_string}\"},\"query-input\":\"required name=search_term_string\"}],\"inLanguage\":\"en-US\"},{\"@type\":\"Person\",\"@id\":\"https:\/\/sulsc.com\/#\/schema\/person\/84d2fc571684f6248ba83092f07750a3\",\"name\":\"Reda\u00e7\u00e3o Sul SC\",\"image\":{\"@type\":\"ImageObject\",\"inLanguage\":\"en-US\",\"@id\":\"https:\/\/sulsc.com\/#\/schema\/person\/image\/e08d7fe2cc4ed596372063bbe852b8d0\",\"url\":\"https:\/\/sulsc.com\/wp-content\/uploads\/2023\/09\/redacao.png\",\"contentUrl\":\"https:\/\/sulsc.com\/wp-content\/uploads\/2023\/09\/redacao.png\",\"caption\":\"Reda\u00e7\u00e3o Sul SC\"},\"description\":\"Foco em um jornalismo imparcial, voltado \u00e0 qualidade dos seus conte\u00fados e, assim, levar informa\u00e7\u00e3o de valor que agregue \u00e0 vida dos leitores. Esta \u00e9 grande miss\u00e3o do Portal de Not\u00edcias Sul SC. N\u00e3o \u00e9 quantidade que muda o mundo, sempre foi e seguir\u00e1 sendo qualidade!\",\"sameAs\":[\"https:\/\/sulsc.com\/\",\"https:\/\/www.facebook.com\/profile.php?id=61559278119680\",\"https:\/\/www.instagram.com\/sulscportal\/?hl=pt-br\",\"https:\/\/twitter.com\/https:\/\/twitter.com\/PortalSulSC\",\"https:\/\/www.youtube.com\/channel\/UCv_BE8GeySluDov2n8qhVmw\"],\"url\":\"https:\/\/sulsc.com\/index.php\/author\/redacao\/\"}]}<\/script>\n<!-- \/ Yoast SEO plugin. -->","yoast_head_json":{"title":"Audi\u00eancia P\u00fablica - MPSC convida moradores e autoridades a discutirem solu\u00e7\u00f5es para enchentes no bairro Dehon, em Tubar\u00e3o -","robots":{"index":"index","follow":"follow","max-snippet":"max-snippet:-1","max-image-preview":"max-image-preview:large","max-video-preview":"max-video-preview:-1"},"canonical":"https:\/\/sulsc.com\/index.php\/2026\/03\/02\/audiencia-publica-mpsc-convida-moradores-e-autoridades-a-discutirem-solucoes-para-enchentes-no-bairro-dehon-em-tubarao\/","og_locale":"en_US","og_type":"article","og_title":"Audi\u00eancia P\u00fablica - MPSC convida moradores e autoridades a discutirem solu\u00e7\u00f5es para enchentes no bairro Dehon, em Tubar\u00e3o -","og_description":"Com o objetivo de debater os recorrentes problemas de enchente registrados no bairro Dehon, em Tubar\u00e3o, e definir a\u00e7\u00f5es e estrat\u00e9gias para enfrentar a situa\u00e7\u00e3o, o Minist\u00e9rio P\u00fablico de Santa Catarina (MPSC), por meio de uma iniciativa conjunta da 4\u00aa, 6\u00aa e 7\u00aa Promotorias de Justi\u00e7a da Comarca de Tubar\u00e3o, promover\u00e1 uma audi\u00eancia p\u00fablica aberta &hellip; Audi\u00eancia P\u00fablica &#8211; MPSC convida moradores e autoridades a discutirem solu\u00e7\u00f5es para enchentes no bairro Dehon, em Tubar\u00e3o Read More &raquo;","og_url":"https:\/\/sulsc.com\/index.php\/2026\/03\/02\/audiencia-publica-mpsc-convida-moradores-e-autoridades-a-discutirem-solucoes-para-enchentes-no-bairro-dehon-em-tubarao\/","article_author":"https:\/\/www.facebook.com\/profile.php?id=61559278119680","article_published_time":"2026-03-02T20:17:50+00:00","og_image":[{"width":800,"height":534,"url":"http:\/\/sulsc.com\/wp-content\/uploads\/2026\/03\/b299210c-aa51-4f56-b8b6-ebdbfa09c809.jpeg","type":"image\/jpeg"}],"author":"Reda\u00e7\u00e3o Sul SC","twitter_card":"summary_large_image","twitter_creator":"@https:\/\/twitter.com\/PortalSulSC","twitter_misc":{"Written by":"Reda\u00e7\u00e3o Sul SC","Est. reading time":"2 minutes"},"schema":{"@context":"https:\/\/schema.org","@graph":[{"@type":"WebPage","@id":"https:\/\/sulsc.com\/index.php\/2026\/03\/02\/audiencia-publica-mpsc-convida-moradores-e-autoridades-a-discutirem-solucoes-para-enchentes-no-bairro-dehon-em-tubarao\/","url":"https:\/\/sulsc.com\/index.php\/2026\/03\/02\/audiencia-publica-mpsc-convida-moradores-e-autoridades-a-discutirem-solucoes-para-enchentes-no-bairro-dehon-em-tubarao\/","name":"Audi\u00eancia P\u00fablica - MPSC convida moradores e autoridades a discutirem solu\u00e7\u00f5es para enchentes no bairro Dehon, em Tubar\u00e3o -","isPartOf":{"@id":"https:\/\/sulsc.com\/#website"},"datePublished":"2026-03-02T20:17:50+00:00","dateModified":"2026-03-02T20:17:50+00:00","author":{"@id":"https:\/\/sulsc.com\/#\/schema\/person\/84d2fc571684f6248ba83092f07750a3"},"breadcrumb":{"@id":"https:\/\/sulsc.com\/index.php\/2026\/03\/02\/audiencia-publica-mpsc-convida-moradores-e-autoridades-a-discutirem-solucoes-para-enchentes-no-bairro-dehon-em-tubarao\/#breadcrumb"},"inLanguage":"en-US","potentialAction":[{"@type":"ReadAction","target":["https:\/\/sulsc.com\/index.php\/2026\/03\/02\/audiencia-publica-mpsc-convida-moradores-e-autoridades-a-discutirem-solucoes-para-enchentes-no-bairro-dehon-em-tubarao\/"]}]},{"@type":"BreadcrumbList","@id":"https:\/\/sulsc.com\/index.php\/2026\/03\/02\/audiencia-publica-mpsc-convida-moradores-e-autoridades-a-discutirem-solucoes-para-enchentes-no-bairro-dehon-em-tubarao\/#breadcrumb","itemListElement":[{"@type":"ListItem","position":1,"name":"In\u00edcio","item":"https:\/\/sulsc.com\/"},{"@type":"ListItem","position":2,"name":"Audi\u00eancia P\u00fablica &#8211; MPSC convida moradores e autoridades a discutirem solu\u00e7\u00f5es para enchentes no bairro Dehon, em Tubar\u00e3o"}]},{"@type":"WebSite","@id":"https:\/\/sulsc.com\/#website","url":"https:\/\/sulsc.com\/","name":"","description":"","potentialAction":[{"@type":"SearchAction","target":{"@type":"EntryPoint","urlTemplate":"https:\/\/sulsc.com\/?s={search_term_string}"},"query-input":"required name=search_term_string"}],"inLanguage":"en-US"},{"@type":"Person","@id":"https:\/\/sulsc.com\/#\/schema\/person\/84d2fc571684f6248ba83092f07750a3","name":"Reda\u00e7\u00e3o Sul SC","image":{"@type":"ImageObject","inLanguage":"en-US","@id":"https:\/\/sulsc.com\/#\/schema\/person\/image\/e08d7fe2cc4ed596372063bbe852b8d0","url":"https:\/\/sulsc.com\/wp-content\/uploads\/2023\/09\/redacao.png","contentUrl":"https:\/\/sulsc.com\/wp-content\/uploads\/2023\/09\/redacao.png","caption":"Reda\u00e7\u00e3o Sul SC"},"description":"Foco em um jornalismo imparcial, voltado \u00e0 qualidade dos seus conte\u00fados e, assim, levar informa\u00e7\u00e3o de valor que agregue \u00e0 vida dos leitores. Esta \u00e9 grande miss\u00e3o do Portal de Not\u00edcias Sul SC. N\u00e3o \u00e9 quantidade que muda o mundo, sempre foi e seguir\u00e1 sendo qualidade!","sameAs":["https:\/\/sulsc.com\/","https:\/\/www.facebook.com\/profile.php?id=61559278119680","https:\/\/www.instagram.com\/sulscportal\/?hl=pt-br","https:\/\/twitter.com\/https:\/\/twitter.com\/PortalSulSC","https:\/\/www.youtube.com\/channel\/UCv_BE8GeySluDov2n8qhVmw"],"url":"https:\/\/sulsc.com\/index.php\/author\/redacao\/"}]}},"authors":[],"_links":{"self":[{"href":"https:\/\/sulsc.com\/index.php\/wp-json\/wp\/v2\/posts\/32724"}],"collection":[{"href":"https:\/\/sulsc.com\/index.php\/wp-json\/wp\/v2\/posts"}],"about":[{"href":"https:\/\/sulsc.com\/index.php\/wp-json\/wp\/v2\/types\/post"}],"author":[{"embeddable":true,"href":"https:\/\/sulsc.com\/index.php\/wp-json\/wp\/v2\/users\/3"}],"replies":[{"embeddable":true,"href":"https:\/\/sulsc.com\/index.php\/wp-json\/wp\/v2\/comments?post=32724"}],"version-history":[{"count":1,"href":"https:\/\/sulsc.com\/index.php\/wp-json\/wp\/v2\/posts\/32724\/revisions"}],"predecessor-version":[{"id":32727,"href":"https:\/\/sulsc.com\/index.php\/wp-json\/wp\/v2\/posts\/32724\/revisions\/32727"}],"wp:featuredmedia":[{"embeddable":true,"href":"https:\/\/sulsc.com\/index.php\/wp-json\/wp\/v2\/media\/32726"}],"wp:attachment":[{"href":"https:\/\/sulsc.com\/index.php\/wp-json\/wp\/v2\/media?parent=32724"}],"wp:term":[{"taxonomy":"category","embeddable":true,"href":"https:\/\/sulsc.com\/index.php\/wp-json\/wp\/v2\/categories?post=32724"},{"taxonomy":"post_tag","embeddable":true,"href":"https:\/\/sulsc.com\/index.php\/wp-json\/wp\/v2\/tags?post=32724"}],"curies":[{"name":"wp","href":"https:\/\/api.w.org\/{rel}","templated":true}]}}