{"id":3273,"date":"2023-11-01T18:30:34","date_gmt":"2023-11-01T21:30:34","guid":{"rendered":"https:\/\/sulsc.com\/?p=3273"},"modified":"2023-11-01T17:49:14","modified_gmt":"2023-11-01T20:49:14","slug":"pmrv-inicia-operacao-finados-2023-nas-rodovias-estaduais-de-santa-catarina","status":"publish","type":"post","link":"https:\/\/sulsc.com\/index.php\/2023\/11\/01\/pmrv-inicia-operacao-finados-2023-nas-rodovias-estaduais-de-santa-catarina\/","title":{"rendered":"PMRv inicia Opera\u00e7\u00e3o Finados 2023 nas rodovias estaduais de Santa Catarina"},"content":{"rendered":"<p>A Opera\u00e7\u00e3o Finados 2023 nas rodovias estaduais de Santa Catarina inicia \u00e0s 19h desta quarta-feira (1). As a\u00e7\u00f5es da Pol\u00edcia Militar de Santa Catarina (PMSC), apor meio do Comando de Pol\u00edcia Militar Rodovi\u00e1ria (CPMRv), seguem at\u00e9 \u00e0s 7h da pr\u00f3xima segunda-feira (6).<\/p>\n<p>Nesta opera\u00e7\u00e3o estar\u00e3o envolvidos os 25 postos rodovi\u00e1rios do CPMRv. Os policiais militares adotar\u00e3o como prioridade uma pol\u00edtica de conscientiza\u00e7\u00e3o dos usu\u00e1rios, no sentido de prevenir ao m\u00e1ximo a ocorr\u00eancia de acidentes de tr\u00e2nsito, bem como poss\u00edveis infra\u00e7\u00f5es.<\/p>\n<p>Ser\u00e3o refor\u00e7adas as seguintes recomenda\u00e7\u00f5es: n\u00e3o dirigir ap\u00f3s ingerir bebidas alco\u00f3licas, utilizar o cinto de seguran\u00e7a e dispositivos de reten\u00e7\u00e3o adequados, respeitar os limites de velocidade, s\u00f3 ultrapassar com seguran\u00e7a, n\u00e3o utilizar celular ao volante, bem como as demais regras gerais de circula\u00e7\u00e3o e conduta no tr\u00e2nsito.<\/p>\n<p><img fetchpriority=\"high\" decoding=\"async\" class=\"alignnone size-full wp-image-3275\" src=\"http:\/\/sulsc.com\/wp-content\/uploads\/2023\/11\/PMRv-fiscalizacao.gif\" alt=\"\" width=\"720\" height=\"405\" \/><\/p>\n<p>Aliado ao aspecto da conscientiza\u00e7\u00e3o, o CPMRv exercer\u00e1 tamb\u00e9m uma fiscaliza\u00e7\u00e3o rigorosa nas rodovias sob sua responsabilidade, usando os equipamentos que disp\u00f5e para tal, como medidores de velocidade do tipo port\u00e1til (radares) e os etil\u00f4metros (baf\u00f4metros). Ainda, ser\u00e3o realizadas barreiras policiais visando principalmente o combate ao porte ilegal de armas, contrabando e descaminho, tr\u00e1fico de drogas e localiza\u00e7\u00e3o de foragidos da justi\u00e7a.<\/p>\n<p>Na mesma opera\u00e7\u00e3o realizada em 2021, foram registrados 73 sinistros, sendo 35 com v\u00edtimas e 36 sem v\u00edtimas, envolvendo 126 ve\u00edculos. Os acidentes causaram ferimentos em 52 pessoas e duas perderam a vida. No ano de 2022 n\u00e3o houve feriado prolongado.<\/p>\n<p>A PMRv alerta a todos os condutores para que, antes de viajar, verifique as condi\u00e7\u00f5es do seu ve\u00edculo, tais como parte mec\u00e2nica, freios, sistema ilumina\u00e7\u00e3o e pneus; e tamb\u00e9m para que regularize os documentos de porte obrigat\u00f3rio, evitando desta forma transtornos durante o passeio.<\/p>\n<p>&nbsp;<\/p>\n<p>Fonte: PMSC<\/p>\n","protected":false},"excerpt":{"rendered":"<p>A Opera\u00e7\u00e3o Finados 2023 nas rodovias estaduais de Santa Catarina inicia \u00e0s 19h desta quarta-feira (1). As a\u00e7\u00f5es da Pol\u00edcia Militar de Santa Catarina (PMSC), apor meio do Comando de Pol\u00edcia Militar Rodovi\u00e1ria (CPMRv), seguem at\u00e9 \u00e0s 7h da pr\u00f3xima segunda-feira (6). Nesta opera\u00e7\u00e3o estar\u00e3o envolvidos os 25 postos rodovi\u00e1rios do CPMRv. Os policiais militares &hellip;<\/p>\n<p class=\"read-more\"> <a class=\"\" href=\"https:\/\/sulsc.com\/index.php\/2023\/11\/01\/pmrv-inicia-operacao-finados-2023-nas-rodovias-estaduais-de-santa-catarina\/\"> <span class=\"screen-reader-text\">PMRv inicia Opera\u00e7\u00e3o Finados 2023 nas rodovias estaduais de Santa Catarina<\/span> Read More &raquo;<\/a><\/p>\n","protected":false},"author":3,"featured_media":3274,"comment_status":"open","ping_status":"open","sticky":false,"template":"","format":"standard","meta":{"site-sidebar-layout":"default","site-content-layout":"","ast-site-content-layout":"default","site-content-style":"default","site-sidebar-style":"default","ast-global-header-display":"","ast-banner-title-visibility":"","ast-main-header-display":"","ast-hfb-above-header-display":"","ast-hfb-below-header-display":"","ast-hfb-mobile-header-display":"","site-post-title":"","ast-breadcrumbs-content":"","ast-featured-img":"","footer-sml-layout":"","theme-transparent-header-meta":"default","adv-header-id-meta":"","stick-header-meta":"","header-above-stick-meta":"","header-main-stick-meta":"","header-below-stick-meta":"","astra-migrate-meta-layouts":"set","footnotes":""},"categories":[8],"tags":[],"yoast_head":"<!-- This site is optimized with the Yoast SEO plugin v21.4 - https:\/\/yoast.com\/wordpress\/plugins\/seo\/ -->\n<title>PMRv inicia Opera\u00e7\u00e3o Finados 2023 nas rodovias estaduais de Santa Catarina -<\/title>\n<meta name=\"robots\" content=\"index, follow, max-snippet:-1, max-image-preview:large, max-video-preview:-1\" \/>\n<link rel=\"canonical\" href=\"https:\/\/sulsc.com\/index.php\/2023\/11\/01\/pmrv-inicia-operacao-finados-2023-nas-rodovias-estaduais-de-santa-catarina\/\" \/>\n<meta property=\"og:locale\" content=\"en_US\" \/>\n<meta property=\"og:type\" content=\"article\" \/>\n<meta property=\"og:title\" content=\"PMRv inicia Opera\u00e7\u00e3o Finados 2023 nas rodovias estaduais de Santa Catarina -\" \/>\n<meta property=\"og:description\" content=\"A Opera\u00e7\u00e3o Finados 2023 nas rodovias estaduais de Santa Catarina inicia \u00e0s 19h desta quarta-feira (1). As a\u00e7\u00f5es da Pol\u00edcia Militar de Santa Catarina (PMSC), apor meio do Comando de Pol\u00edcia Militar Rodovi\u00e1ria (CPMRv), seguem at\u00e9 \u00e0s 7h da pr\u00f3xima segunda-feira (6). Nesta opera\u00e7\u00e3o estar\u00e3o envolvidos os 25 postos rodovi\u00e1rios do CPMRv. Os policiais militares &hellip; PMRv inicia Opera\u00e7\u00e3o Finados 2023 nas rodovias estaduais de Santa Catarina Read More &raquo;\" \/>\n<meta property=\"og:url\" content=\"https:\/\/sulsc.com\/index.php\/2023\/11\/01\/pmrv-inicia-operacao-finados-2023-nas-rodovias-estaduais-de-santa-catarina\/\" \/>\n<meta property=\"article:author\" content=\"https:\/\/www.facebook.com\/profile.php?id=61559278119680\" \/>\n<meta property=\"article:published_time\" content=\"2023-11-01T21:30:34+00:00\" \/>\n<meta property=\"article:modified_time\" content=\"2023-11-01T20:49:14+00:00\" \/>\n<meta property=\"og:image\" content=\"https:\/\/sulsc.com\/wp-content\/uploads\/2023\/11\/PMRv.gif\" \/>\n\t<meta property=\"og:image:width\" content=\"720\" \/>\n\t<meta property=\"og:image:height\" content=\"405\" \/>\n\t<meta property=\"og:image:type\" content=\"image\/gif\" \/>\n<meta name=\"author\" content=\"Reda\u00e7\u00e3o Sul SC\" \/>\n<meta name=\"twitter:card\" content=\"summary_large_image\" \/>\n<meta name=\"twitter:creator\" content=\"@https:\/\/twitter.com\/PortalSulSC\" \/>\n<meta name=\"twitter:label1\" content=\"Written by\" \/>\n\t<meta name=\"twitter:data1\" content=\"Reda\u00e7\u00e3o Sul SC\" \/>\n\t<meta name=\"twitter:label2\" content=\"Est. reading time\" \/>\n\t<meta name=\"twitter:data2\" content=\"2 minutes\" \/>\n<script type=\"application\/ld+json\" class=\"yoast-schema-graph\">{\"@context\":\"https:\/\/schema.org\",\"@graph\":[{\"@type\":\"WebPage\",\"@id\":\"https:\/\/sulsc.com\/index.php\/2023\/11\/01\/pmrv-inicia-operacao-finados-2023-nas-rodovias-estaduais-de-santa-catarina\/\",\"url\":\"https:\/\/sulsc.com\/index.php\/2023\/11\/01\/pmrv-inicia-operacao-finados-2023-nas-rodovias-estaduais-de-santa-catarina\/\",\"name\":\"PMRv inicia Opera\u00e7\u00e3o Finados 2023 nas rodovias estaduais de Santa Catarina -\",\"isPartOf\":{\"@id\":\"https:\/\/sulsc.com\/#website\"},\"datePublished\":\"2023-11-01T21:30:34+00:00\",\"dateModified\":\"2023-11-01T20:49:14+00:00\",\"author\":{\"@id\":\"https:\/\/sulsc.com\/#\/schema\/person\/84d2fc571684f6248ba83092f07750a3\"},\"breadcrumb\":{\"@id\":\"https:\/\/sulsc.com\/index.php\/2023\/11\/01\/pmrv-inicia-operacao-finados-2023-nas-rodovias-estaduais-de-santa-catarina\/#breadcrumb\"},\"inLanguage\":\"en-US\",\"potentialAction\":[{\"@type\":\"ReadAction\",\"target\":[\"https:\/\/sulsc.com\/index.php\/2023\/11\/01\/pmrv-inicia-operacao-finados-2023-nas-rodovias-estaduais-de-santa-catarina\/\"]}]},{\"@type\":\"BreadcrumbList\",\"@id\":\"https:\/\/sulsc.com\/index.php\/2023\/11\/01\/pmrv-inicia-operacao-finados-2023-nas-rodovias-estaduais-de-santa-catarina\/#breadcrumb\",\"itemListElement\":[{\"@type\":\"ListItem\",\"position\":1,\"name\":\"In\u00edcio\",\"item\":\"https:\/\/sulsc.com\/\"},{\"@type\":\"ListItem\",\"position\":2,\"name\":\"PMRv inicia Opera\u00e7\u00e3o Finados 2023 nas rodovias estaduais de Santa Catarina\"}]},{\"@type\":\"WebSite\",\"@id\":\"https:\/\/sulsc.com\/#website\",\"url\":\"https:\/\/sulsc.com\/\",\"name\":\"\",\"description\":\"\",\"potentialAction\":[{\"@type\":\"SearchAction\",\"target\":{\"@type\":\"EntryPoint\",\"urlTemplate\":\"https:\/\/sulsc.com\/?s={search_term_string}\"},\"query-input\":\"required name=search_term_string\"}],\"inLanguage\":\"en-US\"},{\"@type\":\"Person\",\"@id\":\"https:\/\/sulsc.com\/#\/schema\/person\/84d2fc571684f6248ba83092f07750a3\",\"name\":\"Reda\u00e7\u00e3o Sul SC\",\"image\":{\"@type\":\"ImageObject\",\"inLanguage\":\"en-US\",\"@id\":\"https:\/\/sulsc.com\/#\/schema\/person\/image\/e08d7fe2cc4ed596372063bbe852b8d0\",\"url\":\"https:\/\/sulsc.com\/wp-content\/uploads\/2023\/09\/redacao.png\",\"contentUrl\":\"https:\/\/sulsc.com\/wp-content\/uploads\/2023\/09\/redacao.png\",\"caption\":\"Reda\u00e7\u00e3o Sul SC\"},\"description\":\"Foco em um jornalismo imparcial, voltado \u00e0 qualidade dos seus conte\u00fados e, assim, levar informa\u00e7\u00e3o de valor que agregue \u00e0 vida dos leitores. Esta \u00e9 grande miss\u00e3o do Portal de Not\u00edcias Sul SC. N\u00e3o \u00e9 quantidade que muda o mundo, sempre foi e seguir\u00e1 sendo qualidade!\",\"sameAs\":[\"https:\/\/sulsc.com\/\",\"https:\/\/www.facebook.com\/profile.php?id=61559278119680\",\"https:\/\/www.instagram.com\/sulscportal\/?hl=pt-br\",\"https:\/\/twitter.com\/https:\/\/twitter.com\/PortalSulSC\",\"https:\/\/www.youtube.com\/channel\/UCv_BE8GeySluDov2n8qhVmw\"],\"url\":\"https:\/\/sulsc.com\/index.php\/author\/redacao\/\"}]}<\/script>\n<!-- \/ Yoast SEO plugin. -->","yoast_head_json":{"title":"PMRv inicia Opera\u00e7\u00e3o Finados 2023 nas rodovias estaduais de Santa Catarina -","robots":{"index":"index","follow":"follow","max-snippet":"max-snippet:-1","max-image-preview":"max-image-preview:large","max-video-preview":"max-video-preview:-1"},"canonical":"https:\/\/sulsc.com\/index.php\/2023\/11\/01\/pmrv-inicia-operacao-finados-2023-nas-rodovias-estaduais-de-santa-catarina\/","og_locale":"en_US","og_type":"article","og_title":"PMRv inicia Opera\u00e7\u00e3o Finados 2023 nas rodovias estaduais de Santa Catarina -","og_description":"A Opera\u00e7\u00e3o Finados 2023 nas rodovias estaduais de Santa Catarina inicia \u00e0s 19h desta quarta-feira (1). As a\u00e7\u00f5es da Pol\u00edcia Militar de Santa Catarina (PMSC), apor meio do Comando de Pol\u00edcia Militar Rodovi\u00e1ria (CPMRv), seguem at\u00e9 \u00e0s 7h da pr\u00f3xima segunda-feira (6). Nesta opera\u00e7\u00e3o estar\u00e3o envolvidos os 25 postos rodovi\u00e1rios do CPMRv. Os policiais militares &hellip; PMRv inicia Opera\u00e7\u00e3o Finados 2023 nas rodovias estaduais de Santa Catarina Read More &raquo;","og_url":"https:\/\/sulsc.com\/index.php\/2023\/11\/01\/pmrv-inicia-operacao-finados-2023-nas-rodovias-estaduais-de-santa-catarina\/","article_author":"https:\/\/www.facebook.com\/profile.php?id=61559278119680","article_published_time":"2023-11-01T21:30:34+00:00","article_modified_time":"2023-11-01T20:49:14+00:00","og_image":[{"width":720,"height":405,"url":"https:\/\/sulsc.com\/wp-content\/uploads\/2023\/11\/PMRv.gif","type":"image\/gif"}],"author":"Reda\u00e7\u00e3o Sul SC","twitter_card":"summary_large_image","twitter_creator":"@https:\/\/twitter.com\/PortalSulSC","twitter_misc":{"Written by":"Reda\u00e7\u00e3o Sul SC","Est. reading time":"2 minutes"},"schema":{"@context":"https:\/\/schema.org","@graph":[{"@type":"WebPage","@id":"https:\/\/sulsc.com\/index.php\/2023\/11\/01\/pmrv-inicia-operacao-finados-2023-nas-rodovias-estaduais-de-santa-catarina\/","url":"https:\/\/sulsc.com\/index.php\/2023\/11\/01\/pmrv-inicia-operacao-finados-2023-nas-rodovias-estaduais-de-santa-catarina\/","name":"PMRv inicia Opera\u00e7\u00e3o Finados 2023 nas rodovias estaduais de Santa Catarina -","isPartOf":{"@id":"https:\/\/sulsc.com\/#website"},"datePublished":"2023-11-01T21:30:34+00:00","dateModified":"2023-11-01T20:49:14+00:00","author":{"@id":"https:\/\/sulsc.com\/#\/schema\/person\/84d2fc571684f6248ba83092f07750a3"},"breadcrumb":{"@id":"https:\/\/sulsc.com\/index.php\/2023\/11\/01\/pmrv-inicia-operacao-finados-2023-nas-rodovias-estaduais-de-santa-catarina\/#breadcrumb"},"inLanguage":"en-US","potentialAction":[{"@type":"ReadAction","target":["https:\/\/sulsc.com\/index.php\/2023\/11\/01\/pmrv-inicia-operacao-finados-2023-nas-rodovias-estaduais-de-santa-catarina\/"]}]},{"@type":"BreadcrumbList","@id":"https:\/\/sulsc.com\/index.php\/2023\/11\/01\/pmrv-inicia-operacao-finados-2023-nas-rodovias-estaduais-de-santa-catarina\/#breadcrumb","itemListElement":[{"@type":"ListItem","position":1,"name":"In\u00edcio","item":"https:\/\/sulsc.com\/"},{"@type":"ListItem","position":2,"name":"PMRv inicia Opera\u00e7\u00e3o Finados 2023 nas rodovias estaduais de Santa Catarina"}]},{"@type":"WebSite","@id":"https:\/\/sulsc.com\/#website","url":"https:\/\/sulsc.com\/","name":"","description":"","potentialAction":[{"@type":"SearchAction","target":{"@type":"EntryPoint","urlTemplate":"https:\/\/sulsc.com\/?s={search_term_string}"},"query-input":"required name=search_term_string"}],"inLanguage":"en-US"},{"@type":"Person","@id":"https:\/\/sulsc.com\/#\/schema\/person\/84d2fc571684f6248ba83092f07750a3","name":"Reda\u00e7\u00e3o Sul SC","image":{"@type":"ImageObject","inLanguage":"en-US","@id":"https:\/\/sulsc.com\/#\/schema\/person\/image\/e08d7fe2cc4ed596372063bbe852b8d0","url":"https:\/\/sulsc.com\/wp-content\/uploads\/2023\/09\/redacao.png","contentUrl":"https:\/\/sulsc.com\/wp-content\/uploads\/2023\/09\/redacao.png","caption":"Reda\u00e7\u00e3o Sul SC"},"description":"Foco em um jornalismo imparcial, voltado \u00e0 qualidade dos seus conte\u00fados e, assim, levar informa\u00e7\u00e3o de valor que agregue \u00e0 vida dos leitores. Esta \u00e9 grande miss\u00e3o do Portal de Not\u00edcias Sul SC. N\u00e3o \u00e9 quantidade que muda o mundo, sempre foi e seguir\u00e1 sendo qualidade!","sameAs":["https:\/\/sulsc.com\/","https:\/\/www.facebook.com\/profile.php?id=61559278119680","https:\/\/www.instagram.com\/sulscportal\/?hl=pt-br","https:\/\/twitter.com\/https:\/\/twitter.com\/PortalSulSC","https:\/\/www.youtube.com\/channel\/UCv_BE8GeySluDov2n8qhVmw"],"url":"https:\/\/sulsc.com\/index.php\/author\/redacao\/"}]}},"authors":[],"_links":{"self":[{"href":"https:\/\/sulsc.com\/index.php\/wp-json\/wp\/v2\/posts\/3273"}],"collection":[{"href":"https:\/\/sulsc.com\/index.php\/wp-json\/wp\/v2\/posts"}],"about":[{"href":"https:\/\/sulsc.com\/index.php\/wp-json\/wp\/v2\/types\/post"}],"author":[{"embeddable":true,"href":"https:\/\/sulsc.com\/index.php\/wp-json\/wp\/v2\/users\/3"}],"replies":[{"embeddable":true,"href":"https:\/\/sulsc.com\/index.php\/wp-json\/wp\/v2\/comments?post=3273"}],"version-history":[{"count":1,"href":"https:\/\/sulsc.com\/index.php\/wp-json\/wp\/v2\/posts\/3273\/revisions"}],"predecessor-version":[{"id":3276,"href":"https:\/\/sulsc.com\/index.php\/wp-json\/wp\/v2\/posts\/3273\/revisions\/3276"}],"wp:featuredmedia":[{"embeddable":true,"href":"https:\/\/sulsc.com\/index.php\/wp-json\/wp\/v2\/media\/3274"}],"wp:attachment":[{"href":"https:\/\/sulsc.com\/index.php\/wp-json\/wp\/v2\/media?parent=3273"}],"wp:term":[{"taxonomy":"category","embeddable":true,"href":"https:\/\/sulsc.com\/index.php\/wp-json\/wp\/v2\/categories?post=3273"},{"taxonomy":"post_tag","embeddable":true,"href":"https:\/\/sulsc.com\/index.php\/wp-json\/wp\/v2\/tags?post=3273"}],"curies":[{"name":"wp","href":"https:\/\/api.w.org\/{rel}","templated":true}]}}