{"id":32777,"date":"2026-03-04T07:42:05","date_gmt":"2026-03-04T10:42:05","guid":{"rendered":"https:\/\/sulsc.com\/?p=32777"},"modified":"2026-03-04T07:42:05","modified_gmt":"2026-03-04T10:42:05","slug":"operacao-em-campo-de-fora-resulta-em-prisoes-por-trafico-e-apreensao-de-drogas-na-cidade-de-laguna","status":"publish","type":"post","link":"https:\/\/sulsc.com\/index.php\/2026\/03\/04\/operacao-em-campo-de-fora-resulta-em-prisoes-por-trafico-e-apreensao-de-drogas-na-cidade-de-laguna\/","title":{"rendered":"Opera\u00e7\u00e3o em Campo de fora resulta em pris\u00f5es por tr\u00e1fico e apreens\u00e3o de drogas na cidade de Laguna"},"content":{"rendered":"<p>Na tarde desta ter\u00e7a-feira (3), a Pol\u00edcia Militar de Laguna prendeu cinco pessoas acusadas de tr\u00e1fico de drogas, associa\u00e7\u00e3o para o tr\u00e1fico e posse de entorpecentes. A a\u00e7\u00e3o ocorreu no bairro Campo de Fora, mais especificamente na comunidade conhecida como \u201cCasqueiro\u201d, e envolveu policiais do Canil, da Ag\u00eancia de Intelig\u00eancia e da R\u00e1dio Patrulha do 28\u00ba Batalh\u00e3o.<\/p>\n<div id=\"metaslider-id-25573\" style=\"width: 100%;\" class=\"ml-slider-3-99-0 metaslider metaslider-flex metaslider-25573 ml-slider has-onhover-arrows ms-theme-default-base has-dots-nav\" role=\"region\" aria-label=\"Meio\" data-width=\"1200\">\n    <div id=\"metaslider_container_25573\">\n        <div id=\"metaslider_25573\">\n            <ul class='slides'>\n                <li style=\"display: block; width: 100%;\" class=\"slide-25684 ms-image \" aria-roledescription=\"slide\" data-date=\"2025-07-24 07:55:40\"><img src=\"https:\/\/sulsc.com\/wp-content\/uploads\/2025\/07\/Marr-2-1000x166.jpg\" height=\"200\" width=\"1200\" alt=\"\" class=\"slider-25573 slide-25684 msDefaultImage\" title=\"Marr 2\" \/><\/li>\n                <li style=\"display: none; width: 100%;\" class=\"slide-32412 ms-image \" aria-roledescription=\"slide\" data-date=\"2026-02-18 13:59:46\"><img src=\"https:\/\/sulsc.com\/wp-content\/uploads\/2026\/02\/40dc1580-cad5-4867-bc58-c4243821ad38-1000x166.jpeg\" height=\"200\" width=\"1200\" alt=\"\" class=\"slider-25573 slide-32412 msDefaultImage\" title=\"40dc1580-cad5-4867-bc58-c4243821ad38\" \/><\/li>\n                <li style=\"display: none; width: 100%;\" class=\"slide-32766 ms-image \" aria-roledescription=\"slide\" data-date=\"2026-03-03 17:22:59\"><img src=\"https:\/\/sulsc.com\/wp-content\/uploads\/2026\/03\/271ce739-f268-41c5-8051-3de1a1750359-1000x166.jpeg\" height=\"200\" width=\"1200\" alt=\"\" class=\"slider-25573 slide-32766 msDefaultImage\" title=\"271ce739-f268-41c5-8051-3de1a1750359\" \/><\/li>\n            <\/ul>\n        <\/div>\n        \n    <\/div>\n<\/div>\n<p>Durante um monitoramento pr\u00e9vio, os policiais observaram intensa movimenta\u00e7\u00e3o suspeita no local, com transa\u00e7\u00f5es t\u00edpicas de tr\u00e1fico. A opera\u00e7\u00e3o resultou na abordagem de dois homens, de 44 e 49 anos, que foram pegos logo ap\u00f3s adquirirem drogas, com por\u00e7\u00f5es de crack em suas posses. Ambos confirmaram a compra da subst\u00e2ncia no local.<\/p>\n<p>Em seguida, os agentes abordaram tr\u00eas suspeitos: um homem de 19 anos, outro de 20 anos e uma mulher de 18 anos, identificados como vendedores diretos das drogas, al\u00e9m de uma mulher de 28 anos, que coordenava a atividade il\u00edcita e a log\u00edstica de armazenamento.<\/p>\n<p>Em buscas na resid\u00eancia utilizada para o armazenamento, foram encontrados aproximadamente 485 gramas de coca\u00edna, 380 gramas de crack, al\u00e9m de R$ 5.049,00 em c\u00e9dulas e R$ 130,85 em moedas. Todos os envolvidos foram presos e encaminhados \u00e0 Delegacia de Pol\u00edcia Civil de Laguna, onde foram adotadas as provid\u00eancias legais cab\u00edveis.<\/p>\n<p><img fetchpriority=\"high\" decoding=\"async\" class=\"aligncenter size-full wp-image-32778\" src=\"http:\/\/sulsc.com\/wp-content\/uploads\/2026\/03\/b00771e2-d995-43c9-91a8-3a1ae4313807.jpeg\" alt=\"\" width=\"1080\" height=\"922\" srcset=\"https:\/\/sulsc.com\/wp-content\/uploads\/2026\/03\/b00771e2-d995-43c9-91a8-3a1ae4313807.jpeg 1080w, https:\/\/sulsc.com\/wp-content\/uploads\/2026\/03\/b00771e2-d995-43c9-91a8-3a1ae4313807-300x256.jpeg 300w, https:\/\/sulsc.com\/wp-content\/uploads\/2026\/03\/b00771e2-d995-43c9-91a8-3a1ae4313807-1024x874.jpeg 1024w, https:\/\/sulsc.com\/wp-content\/uploads\/2026\/03\/b00771e2-d995-43c9-91a8-3a1ae4313807-768x656.jpeg 768w\" sizes=\"(max-width: 1080px) 100vw, 1080px\" \/><\/p>\n<p>Fotos: PMSC Laguna\/Divuga\u00e7\u00e3o\/Sul<\/p>\n","protected":false},"excerpt":{"rendered":"<p>Na tarde desta ter\u00e7a-feira (3), a Pol\u00edcia Militar de Laguna prendeu cinco pessoas acusadas de tr\u00e1fico de drogas, associa\u00e7\u00e3o para o tr\u00e1fico e posse de entorpecentes. A a\u00e7\u00e3o ocorreu no bairro Campo de Fora, mais especificamente na comunidade conhecida como \u201cCasqueiro\u201d, e envolveu policiais do Canil, da Ag\u00eancia de Intelig\u00eancia e da R\u00e1dio Patrulha do &hellip;<\/p>\n<p class=\"read-more\"> <a class=\"\" href=\"https:\/\/sulsc.com\/index.php\/2026\/03\/04\/operacao-em-campo-de-fora-resulta-em-prisoes-por-trafico-e-apreensao-de-drogas-na-cidade-de-laguna\/\"> <span class=\"screen-reader-text\">Opera\u00e7\u00e3o em Campo de fora resulta em pris\u00f5es por tr\u00e1fico e apreens\u00e3o de drogas na cidade de Laguna<\/span> Read More &raquo;<\/a><\/p>\n","protected":false},"author":3,"featured_media":32779,"comment_status":"open","ping_status":"open","sticky":false,"template":"","format":"standard","meta":{"site-sidebar-layout":"default","site-content-layout":"","ast-site-content-layout":"default","site-content-style":"default","site-sidebar-style":"default","ast-global-header-display":"","ast-banner-title-visibility":"","ast-main-header-display":"","ast-hfb-above-header-display":"","ast-hfb-below-header-display":"","ast-hfb-mobile-header-display":"","site-post-title":"","ast-breadcrumbs-content":"","ast-featured-img":"","footer-sml-layout":"","theme-transparent-header-meta":"default","adv-header-id-meta":"","stick-header-meta":"","header-above-stick-meta":"","header-main-stick-meta":"","header-below-stick-meta":"","astra-migrate-meta-layouts":"set","footnotes":""},"categories":[2231,1,22,14,2782,12],"tags":[963],"yoast_head":"<!-- This site is optimized with the Yoast SEO plugin v21.4 - https:\/\/yoast.com\/wordpress\/plugins\/seo\/ -->\n<title>Opera\u00e7\u00e3o em Campo de fora resulta em pris\u00f5es por tr\u00e1fico e apreens\u00e3o de drogas na cidade de Laguna -<\/title>\n<meta name=\"robots\" content=\"index, follow, max-snippet:-1, max-image-preview:large, max-video-preview:-1\" \/>\n<link rel=\"canonical\" href=\"https:\/\/sulsc.com\/index.php\/2026\/03\/04\/operacao-em-campo-de-fora-resulta-em-prisoes-por-trafico-e-apreensao-de-drogas-na-cidade-de-laguna\/\" \/>\n<meta property=\"og:locale\" content=\"en_US\" \/>\n<meta property=\"og:type\" content=\"article\" \/>\n<meta property=\"og:title\" content=\"Opera\u00e7\u00e3o em Campo de fora resulta em pris\u00f5es por tr\u00e1fico e apreens\u00e3o de drogas na cidade de Laguna -\" \/>\n<meta property=\"og:description\" content=\"Na tarde desta ter\u00e7a-feira (3), a Pol\u00edcia Militar de Laguna prendeu cinco pessoas acusadas de tr\u00e1fico de drogas, associa\u00e7\u00e3o para o tr\u00e1fico e posse de entorpecentes. A a\u00e7\u00e3o ocorreu no bairro Campo de Fora, mais especificamente na comunidade conhecida como \u201cCasqueiro\u201d, e envolveu policiais do Canil, da Ag\u00eancia de Intelig\u00eancia e da R\u00e1dio Patrulha do &hellip; Opera\u00e7\u00e3o em Campo de fora resulta em pris\u00f5es por tr\u00e1fico e apreens\u00e3o de drogas na cidade de Laguna Read More &raquo;\" \/>\n<meta property=\"og:url\" content=\"https:\/\/sulsc.com\/index.php\/2026\/03\/04\/operacao-em-campo-de-fora-resulta-em-prisoes-por-trafico-e-apreensao-de-drogas-na-cidade-de-laguna\/\" \/>\n<meta property=\"article:author\" content=\"https:\/\/www.facebook.com\/profile.php?id=61559278119680\" \/>\n<meta property=\"article:published_time\" content=\"2026-03-04T10:42:05+00:00\" \/>\n<meta property=\"og:image\" content=\"http:\/\/sulsc.com\/wp-content\/uploads\/2026\/03\/d0fb8fa6-91f0-47fc-b9eb-7c8e5cd87f67.jpeg\" \/>\n\t<meta property=\"og:image:width\" content=\"1074\" \/>\n\t<meta property=\"og:image:height\" content=\"1331\" \/>\n\t<meta property=\"og:image:type\" content=\"image\/jpeg\" \/>\n<meta name=\"author\" content=\"Reda\u00e7\u00e3o Sul SC\" \/>\n<meta name=\"twitter:card\" content=\"summary_large_image\" \/>\n<meta name=\"twitter:creator\" content=\"@https:\/\/twitter.com\/PortalSulSC\" \/>\n<meta name=\"twitter:label1\" content=\"Written by\" \/>\n\t<meta name=\"twitter:data1\" content=\"Reda\u00e7\u00e3o Sul SC\" \/>\n\t<meta name=\"twitter:label2\" content=\"Est. reading time\" \/>\n\t<meta name=\"twitter:data2\" content=\"2 minutes\" \/>\n<script type=\"application\/ld+json\" class=\"yoast-schema-graph\">{\"@context\":\"https:\/\/schema.org\",\"@graph\":[{\"@type\":\"WebPage\",\"@id\":\"https:\/\/sulsc.com\/index.php\/2026\/03\/04\/operacao-em-campo-de-fora-resulta-em-prisoes-por-trafico-e-apreensao-de-drogas-na-cidade-de-laguna\/\",\"url\":\"https:\/\/sulsc.com\/index.php\/2026\/03\/04\/operacao-em-campo-de-fora-resulta-em-prisoes-por-trafico-e-apreensao-de-drogas-na-cidade-de-laguna\/\",\"name\":\"Opera\u00e7\u00e3o em Campo de fora resulta em pris\u00f5es por tr\u00e1fico e apreens\u00e3o de drogas na cidade de Laguna -\",\"isPartOf\":{\"@id\":\"https:\/\/sulsc.com\/#website\"},\"datePublished\":\"2026-03-04T10:42:05+00:00\",\"dateModified\":\"2026-03-04T10:42:05+00:00\",\"author\":{\"@id\":\"https:\/\/sulsc.com\/#\/schema\/person\/84d2fc571684f6248ba83092f07750a3\"},\"breadcrumb\":{\"@id\":\"https:\/\/sulsc.com\/index.php\/2026\/03\/04\/operacao-em-campo-de-fora-resulta-em-prisoes-por-trafico-e-apreensao-de-drogas-na-cidade-de-laguna\/#breadcrumb\"},\"inLanguage\":\"en-US\",\"potentialAction\":[{\"@type\":\"ReadAction\",\"target\":[\"https:\/\/sulsc.com\/index.php\/2026\/03\/04\/operacao-em-campo-de-fora-resulta-em-prisoes-por-trafico-e-apreensao-de-drogas-na-cidade-de-laguna\/\"]}]},{\"@type\":\"BreadcrumbList\",\"@id\":\"https:\/\/sulsc.com\/index.php\/2026\/03\/04\/operacao-em-campo-de-fora-resulta-em-prisoes-por-trafico-e-apreensao-de-drogas-na-cidade-de-laguna\/#breadcrumb\",\"itemListElement\":[{\"@type\":\"ListItem\",\"position\":1,\"name\":\"In\u00edcio\",\"item\":\"https:\/\/sulsc.com\/\"},{\"@type\":\"ListItem\",\"position\":2,\"name\":\"Opera\u00e7\u00e3o em Campo de fora resulta em pris\u00f5es por tr\u00e1fico e apreens\u00e3o de drogas na cidade de Laguna\"}]},{\"@type\":\"WebSite\",\"@id\":\"https:\/\/sulsc.com\/#website\",\"url\":\"https:\/\/sulsc.com\/\",\"name\":\"\",\"description\":\"\",\"potentialAction\":[{\"@type\":\"SearchAction\",\"target\":{\"@type\":\"EntryPoint\",\"urlTemplate\":\"https:\/\/sulsc.com\/?s={search_term_string}\"},\"query-input\":\"required name=search_term_string\"}],\"inLanguage\":\"en-US\"},{\"@type\":\"Person\",\"@id\":\"https:\/\/sulsc.com\/#\/schema\/person\/84d2fc571684f6248ba83092f07750a3\",\"name\":\"Reda\u00e7\u00e3o Sul SC\",\"image\":{\"@type\":\"ImageObject\",\"inLanguage\":\"en-US\",\"@id\":\"https:\/\/sulsc.com\/#\/schema\/person\/image\/e08d7fe2cc4ed596372063bbe852b8d0\",\"url\":\"https:\/\/sulsc.com\/wp-content\/uploads\/2023\/09\/redacao.png\",\"contentUrl\":\"https:\/\/sulsc.com\/wp-content\/uploads\/2023\/09\/redacao.png\",\"caption\":\"Reda\u00e7\u00e3o Sul SC\"},\"description\":\"Foco em um jornalismo imparcial, voltado \u00e0 qualidade dos seus conte\u00fados e, assim, levar informa\u00e7\u00e3o de valor que agregue \u00e0 vida dos leitores. Esta \u00e9 grande miss\u00e3o do Portal de Not\u00edcias Sul SC. N\u00e3o \u00e9 quantidade que muda o mundo, sempre foi e seguir\u00e1 sendo qualidade!\",\"sameAs\":[\"https:\/\/sulsc.com\/\",\"https:\/\/www.facebook.com\/profile.php?id=61559278119680\",\"https:\/\/www.instagram.com\/sulscportal\/?hl=pt-br\",\"https:\/\/twitter.com\/https:\/\/twitter.com\/PortalSulSC\",\"https:\/\/www.youtube.com\/channel\/UCv_BE8GeySluDov2n8qhVmw\"],\"url\":\"https:\/\/sulsc.com\/index.php\/author\/redacao\/\"}]}<\/script>\n<!-- \/ Yoast SEO plugin. -->","yoast_head_json":{"title":"Opera\u00e7\u00e3o em Campo de fora resulta em pris\u00f5es por tr\u00e1fico e apreens\u00e3o de drogas na cidade de Laguna -","robots":{"index":"index","follow":"follow","max-snippet":"max-snippet:-1","max-image-preview":"max-image-preview:large","max-video-preview":"max-video-preview:-1"},"canonical":"https:\/\/sulsc.com\/index.php\/2026\/03\/04\/operacao-em-campo-de-fora-resulta-em-prisoes-por-trafico-e-apreensao-de-drogas-na-cidade-de-laguna\/","og_locale":"en_US","og_type":"article","og_title":"Opera\u00e7\u00e3o em Campo de fora resulta em pris\u00f5es por tr\u00e1fico e apreens\u00e3o de drogas na cidade de Laguna -","og_description":"Na tarde desta ter\u00e7a-feira (3), a Pol\u00edcia Militar de Laguna prendeu cinco pessoas acusadas de tr\u00e1fico de drogas, associa\u00e7\u00e3o para o tr\u00e1fico e posse de entorpecentes. A a\u00e7\u00e3o ocorreu no bairro Campo de Fora, mais especificamente na comunidade conhecida como \u201cCasqueiro\u201d, e envolveu policiais do Canil, da Ag\u00eancia de Intelig\u00eancia e da R\u00e1dio Patrulha do &hellip; Opera\u00e7\u00e3o em Campo de fora resulta em pris\u00f5es por tr\u00e1fico e apreens\u00e3o de drogas na cidade de Laguna Read More &raquo;","og_url":"https:\/\/sulsc.com\/index.php\/2026\/03\/04\/operacao-em-campo-de-fora-resulta-em-prisoes-por-trafico-e-apreensao-de-drogas-na-cidade-de-laguna\/","article_author":"https:\/\/www.facebook.com\/profile.php?id=61559278119680","article_published_time":"2026-03-04T10:42:05+00:00","og_image":[{"width":1074,"height":1331,"url":"http:\/\/sulsc.com\/wp-content\/uploads\/2026\/03\/d0fb8fa6-91f0-47fc-b9eb-7c8e5cd87f67.jpeg","type":"image\/jpeg"}],"author":"Reda\u00e7\u00e3o Sul SC","twitter_card":"summary_large_image","twitter_creator":"@https:\/\/twitter.com\/PortalSulSC","twitter_misc":{"Written by":"Reda\u00e7\u00e3o Sul SC","Est. reading time":"2 minutes"},"schema":{"@context":"https:\/\/schema.org","@graph":[{"@type":"WebPage","@id":"https:\/\/sulsc.com\/index.php\/2026\/03\/04\/operacao-em-campo-de-fora-resulta-em-prisoes-por-trafico-e-apreensao-de-drogas-na-cidade-de-laguna\/","url":"https:\/\/sulsc.com\/index.php\/2026\/03\/04\/operacao-em-campo-de-fora-resulta-em-prisoes-por-trafico-e-apreensao-de-drogas-na-cidade-de-laguna\/","name":"Opera\u00e7\u00e3o em Campo de fora resulta em pris\u00f5es por tr\u00e1fico e apreens\u00e3o de drogas na cidade de Laguna -","isPartOf":{"@id":"https:\/\/sulsc.com\/#website"},"datePublished":"2026-03-04T10:42:05+00:00","dateModified":"2026-03-04T10:42:05+00:00","author":{"@id":"https:\/\/sulsc.com\/#\/schema\/person\/84d2fc571684f6248ba83092f07750a3"},"breadcrumb":{"@id":"https:\/\/sulsc.com\/index.php\/2026\/03\/04\/operacao-em-campo-de-fora-resulta-em-prisoes-por-trafico-e-apreensao-de-drogas-na-cidade-de-laguna\/#breadcrumb"},"inLanguage":"en-US","potentialAction":[{"@type":"ReadAction","target":["https:\/\/sulsc.com\/index.php\/2026\/03\/04\/operacao-em-campo-de-fora-resulta-em-prisoes-por-trafico-e-apreensao-de-drogas-na-cidade-de-laguna\/"]}]},{"@type":"BreadcrumbList","@id":"https:\/\/sulsc.com\/index.php\/2026\/03\/04\/operacao-em-campo-de-fora-resulta-em-prisoes-por-trafico-e-apreensao-de-drogas-na-cidade-de-laguna\/#breadcrumb","itemListElement":[{"@type":"ListItem","position":1,"name":"In\u00edcio","item":"https:\/\/sulsc.com\/"},{"@type":"ListItem","position":2,"name":"Opera\u00e7\u00e3o em Campo de fora resulta em pris\u00f5es por tr\u00e1fico e apreens\u00e3o de drogas na cidade de Laguna"}]},{"@type":"WebSite","@id":"https:\/\/sulsc.com\/#website","url":"https:\/\/sulsc.com\/","name":"","description":"","potentialAction":[{"@type":"SearchAction","target":{"@type":"EntryPoint","urlTemplate":"https:\/\/sulsc.com\/?s={search_term_string}"},"query-input":"required name=search_term_string"}],"inLanguage":"en-US"},{"@type":"Person","@id":"https:\/\/sulsc.com\/#\/schema\/person\/84d2fc571684f6248ba83092f07750a3","name":"Reda\u00e7\u00e3o Sul SC","image":{"@type":"ImageObject","inLanguage":"en-US","@id":"https:\/\/sulsc.com\/#\/schema\/person\/image\/e08d7fe2cc4ed596372063bbe852b8d0","url":"https:\/\/sulsc.com\/wp-content\/uploads\/2023\/09\/redacao.png","contentUrl":"https:\/\/sulsc.com\/wp-content\/uploads\/2023\/09\/redacao.png","caption":"Reda\u00e7\u00e3o Sul SC"},"description":"Foco em um jornalismo imparcial, voltado \u00e0 qualidade dos seus conte\u00fados e, assim, levar informa\u00e7\u00e3o de valor que agregue \u00e0 vida dos leitores. Esta \u00e9 grande miss\u00e3o do Portal de Not\u00edcias Sul SC. N\u00e3o \u00e9 quantidade que muda o mundo, sempre foi e seguir\u00e1 sendo qualidade!","sameAs":["https:\/\/sulsc.com\/","https:\/\/www.facebook.com\/profile.php?id=61559278119680","https:\/\/www.instagram.com\/sulscportal\/?hl=pt-br","https:\/\/twitter.com\/https:\/\/twitter.com\/PortalSulSC","https:\/\/www.youtube.com\/channel\/UCv_BE8GeySluDov2n8qhVmw"],"url":"https:\/\/sulsc.com\/index.php\/author\/redacao\/"}]}},"authors":[],"_links":{"self":[{"href":"https:\/\/sulsc.com\/index.php\/wp-json\/wp\/v2\/posts\/32777"}],"collection":[{"href":"https:\/\/sulsc.com\/index.php\/wp-json\/wp\/v2\/posts"}],"about":[{"href":"https:\/\/sulsc.com\/index.php\/wp-json\/wp\/v2\/types\/post"}],"author":[{"embeddable":true,"href":"https:\/\/sulsc.com\/index.php\/wp-json\/wp\/v2\/users\/3"}],"replies":[{"embeddable":true,"href":"https:\/\/sulsc.com\/index.php\/wp-json\/wp\/v2\/comments?post=32777"}],"version-history":[{"count":1,"href":"https:\/\/sulsc.com\/index.php\/wp-json\/wp\/v2\/posts\/32777\/revisions"}],"predecessor-version":[{"id":32780,"href":"https:\/\/sulsc.com\/index.php\/wp-json\/wp\/v2\/posts\/32777\/revisions\/32780"}],"wp:featuredmedia":[{"embeddable":true,"href":"https:\/\/sulsc.com\/index.php\/wp-json\/wp\/v2\/media\/32779"}],"wp:attachment":[{"href":"https:\/\/sulsc.com\/index.php\/wp-json\/wp\/v2\/media?parent=32777"}],"wp:term":[{"taxonomy":"category","embeddable":true,"href":"https:\/\/sulsc.com\/index.php\/wp-json\/wp\/v2\/categories?post=32777"},{"taxonomy":"post_tag","embeddable":true,"href":"https:\/\/sulsc.com\/index.php\/wp-json\/wp\/v2\/tags?post=32777"}],"curies":[{"name":"wp","href":"https:\/\/api.w.org\/{rel}","templated":true}]}}