{"id":32781,"date":"2026-03-04T08:40:45","date_gmt":"2026-03-04T11:40:45","guid":{"rendered":"https:\/\/sulsc.com\/?p=32781"},"modified":"2026-03-04T08:40:45","modified_gmt":"2026-03-04T11:40:45","slug":"r-3762-milhoes-esse-sera-o-repassado-para-a-educacao-especial-em-2026-em-sc","status":"publish","type":"post","link":"https:\/\/sulsc.com\/index.php\/2026\/03\/04\/r-3762-milhoes-esse-sera-o-repassado-para-a-educacao-especial-em-2026-em-sc\/","title":{"rendered":"R$ 376,2 milh\u00f5es esse ser\u00e1 o repassado para a Educa\u00e7\u00e3o Especial em 2026 em SC"},"content":{"rendered":"<p>O Governo do Estado, por meio da Funda\u00e7\u00e3o Catarinense de Educa\u00e7\u00e3o Especial, confirmou o repasse de R$ 376,2 milh\u00f5es para o Programa Gente Especial, se consolidando como uma das maiores a\u00e7\u00f5es de apoio para a educa\u00e7\u00e3o especial do Brasil. O valor \u00e9 para o per\u00edodo de 2026-2027 destinado para 240 institui\u00e7\u00f5es especializadas em educa\u00e7\u00e3o especial de Santa Catarina, entre APAEs, AMAs, associa\u00e7\u00f5es de surdos, de s\u00edndrome de down, de pessoas com defici\u00eancia visual, entre outras, que atendem cerca de 31 mil educandos em todo o estado de Santa Catarina. O aumento do valor dos repasses foi de 11% em rela\u00e7\u00e3o a 2025.<\/p>\n<div id=\"metaslider-id-25573\" style=\"width: 100%;\" class=\"ml-slider-3-99-0 metaslider metaslider-flex metaslider-25573 ml-slider has-onhover-arrows ms-theme-default-base has-dots-nav\" role=\"region\" aria-label=\"Meio\" data-width=\"1200\">\n    <div id=\"metaslider_container_25573\">\n        <div id=\"metaslider_25573\">\n            <ul class='slides'>\n                <li style=\"display: block; width: 100%;\" class=\"slide-25684 ms-image \" aria-roledescription=\"slide\" data-date=\"2025-07-24 07:55:40\"><img src=\"https:\/\/sulsc.com\/wp-content\/uploads\/2025\/07\/Marr-2-1000x166.jpg\" height=\"200\" width=\"1200\" alt=\"\" class=\"slider-25573 slide-25684 msDefaultImage\" title=\"Marr 2\" \/><\/li>\n                <li style=\"display: none; width: 100%;\" class=\"slide-32412 ms-image \" aria-roledescription=\"slide\" data-date=\"2026-02-18 13:59:46\"><img src=\"https:\/\/sulsc.com\/wp-content\/uploads\/2026\/02\/40dc1580-cad5-4867-bc58-c4243821ad38-1000x166.jpeg\" height=\"200\" width=\"1200\" alt=\"\" class=\"slider-25573 slide-32412 msDefaultImage\" title=\"40dc1580-cad5-4867-bc58-c4243821ad38\" \/><\/li>\n                <li style=\"display: none; width: 100%;\" class=\"slide-32766 ms-image \" aria-roledescription=\"slide\" data-date=\"2026-03-03 17:22:59\"><img src=\"https:\/\/sulsc.com\/wp-content\/uploads\/2026\/03\/271ce739-f268-41c5-8051-3de1a1750359-1000x166.jpeg\" height=\"200\" width=\"1200\" alt=\"\" class=\"slider-25573 slide-32766 msDefaultImage\" title=\"271ce739-f268-41c5-8051-3de1a1750359\" \/><\/li>\n            <\/ul>\n        <\/div>\n        \n    <\/div>\n<\/div>\n<p>O programa Gente Especial foi criado em mar\u00e7o de 2024 pelo Decreto n\u00ba 530, com o objetivo de regularizar os repasses e reduzir os entraves burocr\u00e1ticos, facilitando o recebimento dos recursos voltados para o atendimento educacional especializado em Santa Catarina. Os repasses financeiros s\u00e3o voltados para contrata\u00e7\u00e3o direta de profissionais e manuten\u00e7\u00e3o das atividades das institui\u00e7\u00f5es.<\/p>\n<p>A Funda\u00e7\u00e3o Catarinense de Educa\u00e7\u00e3o Especial (FCEE) \u00e9 o \u00f3rg\u00e3o do Governo do Estado respons\u00e1vel pelas pol\u00edticas desta \u00e1rea. Realiza al\u00e9m da gest\u00e3o e fiscaliza\u00e7\u00e3o dos repasses financeiros, tamb\u00e9m a gest\u00e3o t\u00e9cnica, com diretrizes, orienta\u00e7\u00f5es e capacita\u00e7\u00f5es para as institui\u00e7\u00f5es especializadas conveniadas e escolas das redes estadual e municipais.<\/p>\n<p>A pol\u00edtica de Educa\u00e7\u00e3o Especial de Santa Catarina, definida pela FCEE, considera p\u00fablico da educa\u00e7\u00e3o especial pessoas com atraso global do desenvolvimento, defici\u00eancias (visual, auditiva, intelectual, f\u00edsica e m\u00faltipla), transtorno do espectro autista e altas habilidades\/superdota\u00e7\u00e3o.<\/p>\n<p><img fetchpriority=\"high\" decoding=\"async\" class=\"aligncenter size-full wp-image-32782\" src=\"http:\/\/sulsc.com\/wp-content\/uploads\/2026\/03\/FCEE_estimulacao-sensorial.jpg\" alt=\"\" width=\"1500\" height=\"844\" srcset=\"https:\/\/sulsc.com\/wp-content\/uploads\/2026\/03\/FCEE_estimulacao-sensorial.jpg 1500w, https:\/\/sulsc.com\/wp-content\/uploads\/2026\/03\/FCEE_estimulacao-sensorial-300x169.jpg 300w, https:\/\/sulsc.com\/wp-content\/uploads\/2026\/03\/FCEE_estimulacao-sensorial-1024x576.jpg 1024w, https:\/\/sulsc.com\/wp-content\/uploads\/2026\/03\/FCEE_estimulacao-sensorial-768x432.jpg 768w\" sizes=\"(max-width: 1500px) 100vw, 1500px\" \/><\/p>\n<p>Foto: FCEE\/Divulga\u00e7\u00e3o\/SulSC<\/p>\n","protected":false},"excerpt":{"rendered":"<p>O Governo do Estado, por meio da Funda\u00e7\u00e3o Catarinense de Educa\u00e7\u00e3o Especial, confirmou o repasse de R$ 376,2 milh\u00f5es para o Programa Gente Especial, se consolidando como uma das maiores a\u00e7\u00f5es de apoio para a educa\u00e7\u00e3o especial do Brasil. O valor \u00e9 para o per\u00edodo de 2026-2027 destinado para 240 institui\u00e7\u00f5es especializadas em educa\u00e7\u00e3o especial &hellip;<\/p>\n<p class=\"read-more\"> <a class=\"\" href=\"https:\/\/sulsc.com\/index.php\/2026\/03\/04\/r-3762-milhoes-esse-sera-o-repassado-para-a-educacao-especial-em-2026-em-sc\/\"> <span class=\"screen-reader-text\">R$ 376,2 milh\u00f5es esse ser\u00e1 o repassado para a Educa\u00e7\u00e3o Especial em 2026 em SC<\/span> Read More &raquo;<\/a><\/p>\n","protected":false},"author":3,"featured_media":32782,"comment_status":"open","ping_status":"open","sticky":false,"template":"","format":"standard","meta":{"site-sidebar-layout":"default","site-content-layout":"","ast-site-content-layout":"default","site-content-style":"default","site-sidebar-style":"default","ast-global-header-display":"","ast-banner-title-visibility":"","ast-main-header-display":"","ast-hfb-above-header-display":"","ast-hfb-below-header-display":"","ast-hfb-mobile-header-display":"","site-post-title":"","ast-breadcrumbs-content":"","ast-featured-img":"","footer-sml-layout":"","theme-transparent-header-meta":"default","adv-header-id-meta":"","stick-header-meta":"","header-above-stick-meta":"","header-main-stick-meta":"","header-below-stick-meta":"","astra-migrate-meta-layouts":"set","footnotes":""},"categories":[2321,1,2281,14,12],"tags":[142],"yoast_head":"<!-- This site is optimized with the Yoast SEO plugin v21.4 - https:\/\/yoast.com\/wordpress\/plugins\/seo\/ -->\n<title>R$ 376,2 milh\u00f5es esse ser\u00e1 o repassado para a Educa\u00e7\u00e3o Especial em 2026 em SC -<\/title>\n<meta name=\"robots\" content=\"index, follow, max-snippet:-1, max-image-preview:large, max-video-preview:-1\" \/>\n<link rel=\"canonical\" href=\"https:\/\/sulsc.com\/index.php\/2026\/03\/04\/r-3762-milhoes-esse-sera-o-repassado-para-a-educacao-especial-em-2026-em-sc\/\" \/>\n<meta property=\"og:locale\" content=\"en_US\" \/>\n<meta property=\"og:type\" content=\"article\" \/>\n<meta property=\"og:title\" content=\"R$ 376,2 milh\u00f5es esse ser\u00e1 o repassado para a Educa\u00e7\u00e3o Especial em 2026 em SC -\" \/>\n<meta property=\"og:description\" content=\"O Governo do Estado, por meio da Funda\u00e7\u00e3o Catarinense de Educa\u00e7\u00e3o Especial, confirmou o repasse de R$ 376,2 milh\u00f5es para o Programa Gente Especial, se consolidando como uma das maiores a\u00e7\u00f5es de apoio para a educa\u00e7\u00e3o especial do Brasil. O valor \u00e9 para o per\u00edodo de 2026-2027 destinado para 240 institui\u00e7\u00f5es especializadas em educa\u00e7\u00e3o especial &hellip; R$ 376,2 milh\u00f5es esse ser\u00e1 o repassado para a Educa\u00e7\u00e3o Especial em 2026 em SC Read More &raquo;\" \/>\n<meta property=\"og:url\" content=\"https:\/\/sulsc.com\/index.php\/2026\/03\/04\/r-3762-milhoes-esse-sera-o-repassado-para-a-educacao-especial-em-2026-em-sc\/\" \/>\n<meta property=\"article:author\" content=\"https:\/\/www.facebook.com\/profile.php?id=61559278119680\" \/>\n<meta property=\"article:published_time\" content=\"2026-03-04T11:40:45+00:00\" \/>\n<meta property=\"og:image\" content=\"http:\/\/sulsc.com\/wp-content\/uploads\/2026\/03\/FCEE_estimulacao-sensorial.jpg\" \/>\n\t<meta property=\"og:image:width\" content=\"1500\" \/>\n\t<meta property=\"og:image:height\" content=\"844\" \/>\n\t<meta property=\"og:image:type\" content=\"image\/jpeg\" \/>\n<meta name=\"author\" content=\"Reda\u00e7\u00e3o Sul SC\" \/>\n<meta name=\"twitter:card\" content=\"summary_large_image\" \/>\n<meta name=\"twitter:creator\" content=\"@https:\/\/twitter.com\/PortalSulSC\" \/>\n<meta name=\"twitter:label1\" content=\"Written by\" \/>\n\t<meta name=\"twitter:data1\" content=\"Reda\u00e7\u00e3o Sul SC\" \/>\n\t<meta name=\"twitter:label2\" content=\"Est. reading time\" \/>\n\t<meta name=\"twitter:data2\" content=\"2 minutes\" \/>\n<script type=\"application\/ld+json\" class=\"yoast-schema-graph\">{\"@context\":\"https:\/\/schema.org\",\"@graph\":[{\"@type\":\"WebPage\",\"@id\":\"https:\/\/sulsc.com\/index.php\/2026\/03\/04\/r-3762-milhoes-esse-sera-o-repassado-para-a-educacao-especial-em-2026-em-sc\/\",\"url\":\"https:\/\/sulsc.com\/index.php\/2026\/03\/04\/r-3762-milhoes-esse-sera-o-repassado-para-a-educacao-especial-em-2026-em-sc\/\",\"name\":\"R$ 376,2 milh\u00f5es esse ser\u00e1 o repassado para a Educa\u00e7\u00e3o Especial em 2026 em SC -\",\"isPartOf\":{\"@id\":\"https:\/\/sulsc.com\/#website\"},\"datePublished\":\"2026-03-04T11:40:45+00:00\",\"dateModified\":\"2026-03-04T11:40:45+00:00\",\"author\":{\"@id\":\"https:\/\/sulsc.com\/#\/schema\/person\/84d2fc571684f6248ba83092f07750a3\"},\"breadcrumb\":{\"@id\":\"https:\/\/sulsc.com\/index.php\/2026\/03\/04\/r-3762-milhoes-esse-sera-o-repassado-para-a-educacao-especial-em-2026-em-sc\/#breadcrumb\"},\"inLanguage\":\"en-US\",\"potentialAction\":[{\"@type\":\"ReadAction\",\"target\":[\"https:\/\/sulsc.com\/index.php\/2026\/03\/04\/r-3762-milhoes-esse-sera-o-repassado-para-a-educacao-especial-em-2026-em-sc\/\"]}]},{\"@type\":\"BreadcrumbList\",\"@id\":\"https:\/\/sulsc.com\/index.php\/2026\/03\/04\/r-3762-milhoes-esse-sera-o-repassado-para-a-educacao-especial-em-2026-em-sc\/#breadcrumb\",\"itemListElement\":[{\"@type\":\"ListItem\",\"position\":1,\"name\":\"In\u00edcio\",\"item\":\"https:\/\/sulsc.com\/\"},{\"@type\":\"ListItem\",\"position\":2,\"name\":\"R$ 376,2 milh\u00f5es esse ser\u00e1 o repassado para a Educa\u00e7\u00e3o Especial em 2026 em SC\"}]},{\"@type\":\"WebSite\",\"@id\":\"https:\/\/sulsc.com\/#website\",\"url\":\"https:\/\/sulsc.com\/\",\"name\":\"\",\"description\":\"\",\"potentialAction\":[{\"@type\":\"SearchAction\",\"target\":{\"@type\":\"EntryPoint\",\"urlTemplate\":\"https:\/\/sulsc.com\/?s={search_term_string}\"},\"query-input\":\"required name=search_term_string\"}],\"inLanguage\":\"en-US\"},{\"@type\":\"Person\",\"@id\":\"https:\/\/sulsc.com\/#\/schema\/person\/84d2fc571684f6248ba83092f07750a3\",\"name\":\"Reda\u00e7\u00e3o Sul SC\",\"image\":{\"@type\":\"ImageObject\",\"inLanguage\":\"en-US\",\"@id\":\"https:\/\/sulsc.com\/#\/schema\/person\/image\/e08d7fe2cc4ed596372063bbe852b8d0\",\"url\":\"https:\/\/sulsc.com\/wp-content\/uploads\/2023\/09\/redacao.png\",\"contentUrl\":\"https:\/\/sulsc.com\/wp-content\/uploads\/2023\/09\/redacao.png\",\"caption\":\"Reda\u00e7\u00e3o Sul SC\"},\"description\":\"Foco em um jornalismo imparcial, voltado \u00e0 qualidade dos seus conte\u00fados e, assim, levar informa\u00e7\u00e3o de valor que agregue \u00e0 vida dos leitores. Esta \u00e9 grande miss\u00e3o do Portal de Not\u00edcias Sul SC. N\u00e3o \u00e9 quantidade que muda o mundo, sempre foi e seguir\u00e1 sendo qualidade!\",\"sameAs\":[\"https:\/\/sulsc.com\/\",\"https:\/\/www.facebook.com\/profile.php?id=61559278119680\",\"https:\/\/www.instagram.com\/sulscportal\/?hl=pt-br\",\"https:\/\/twitter.com\/https:\/\/twitter.com\/PortalSulSC\",\"https:\/\/www.youtube.com\/channel\/UCv_BE8GeySluDov2n8qhVmw\"],\"url\":\"https:\/\/sulsc.com\/index.php\/author\/redacao\/\"}]}<\/script>\n<!-- \/ Yoast SEO plugin. -->","yoast_head_json":{"title":"R$ 376,2 milh\u00f5es esse ser\u00e1 o repassado para a Educa\u00e7\u00e3o Especial em 2026 em SC -","robots":{"index":"index","follow":"follow","max-snippet":"max-snippet:-1","max-image-preview":"max-image-preview:large","max-video-preview":"max-video-preview:-1"},"canonical":"https:\/\/sulsc.com\/index.php\/2026\/03\/04\/r-3762-milhoes-esse-sera-o-repassado-para-a-educacao-especial-em-2026-em-sc\/","og_locale":"en_US","og_type":"article","og_title":"R$ 376,2 milh\u00f5es esse ser\u00e1 o repassado para a Educa\u00e7\u00e3o Especial em 2026 em SC -","og_description":"O Governo do Estado, por meio da Funda\u00e7\u00e3o Catarinense de Educa\u00e7\u00e3o Especial, confirmou o repasse de R$ 376,2 milh\u00f5es para o Programa Gente Especial, se consolidando como uma das maiores a\u00e7\u00f5es de apoio para a educa\u00e7\u00e3o especial do Brasil. O valor \u00e9 para o per\u00edodo de 2026-2027 destinado para 240 institui\u00e7\u00f5es especializadas em educa\u00e7\u00e3o especial &hellip; R$ 376,2 milh\u00f5es esse ser\u00e1 o repassado para a Educa\u00e7\u00e3o Especial em 2026 em SC Read More &raquo;","og_url":"https:\/\/sulsc.com\/index.php\/2026\/03\/04\/r-3762-milhoes-esse-sera-o-repassado-para-a-educacao-especial-em-2026-em-sc\/","article_author":"https:\/\/www.facebook.com\/profile.php?id=61559278119680","article_published_time":"2026-03-04T11:40:45+00:00","og_image":[{"width":1500,"height":844,"url":"http:\/\/sulsc.com\/wp-content\/uploads\/2026\/03\/FCEE_estimulacao-sensorial.jpg","type":"image\/jpeg"}],"author":"Reda\u00e7\u00e3o Sul SC","twitter_card":"summary_large_image","twitter_creator":"@https:\/\/twitter.com\/PortalSulSC","twitter_misc":{"Written by":"Reda\u00e7\u00e3o Sul SC","Est. reading time":"2 minutes"},"schema":{"@context":"https:\/\/schema.org","@graph":[{"@type":"WebPage","@id":"https:\/\/sulsc.com\/index.php\/2026\/03\/04\/r-3762-milhoes-esse-sera-o-repassado-para-a-educacao-especial-em-2026-em-sc\/","url":"https:\/\/sulsc.com\/index.php\/2026\/03\/04\/r-3762-milhoes-esse-sera-o-repassado-para-a-educacao-especial-em-2026-em-sc\/","name":"R$ 376,2 milh\u00f5es esse ser\u00e1 o repassado para a Educa\u00e7\u00e3o Especial em 2026 em SC -","isPartOf":{"@id":"https:\/\/sulsc.com\/#website"},"datePublished":"2026-03-04T11:40:45+00:00","dateModified":"2026-03-04T11:40:45+00:00","author":{"@id":"https:\/\/sulsc.com\/#\/schema\/person\/84d2fc571684f6248ba83092f07750a3"},"breadcrumb":{"@id":"https:\/\/sulsc.com\/index.php\/2026\/03\/04\/r-3762-milhoes-esse-sera-o-repassado-para-a-educacao-especial-em-2026-em-sc\/#breadcrumb"},"inLanguage":"en-US","potentialAction":[{"@type":"ReadAction","target":["https:\/\/sulsc.com\/index.php\/2026\/03\/04\/r-3762-milhoes-esse-sera-o-repassado-para-a-educacao-especial-em-2026-em-sc\/"]}]},{"@type":"BreadcrumbList","@id":"https:\/\/sulsc.com\/index.php\/2026\/03\/04\/r-3762-milhoes-esse-sera-o-repassado-para-a-educacao-especial-em-2026-em-sc\/#breadcrumb","itemListElement":[{"@type":"ListItem","position":1,"name":"In\u00edcio","item":"https:\/\/sulsc.com\/"},{"@type":"ListItem","position":2,"name":"R$ 376,2 milh\u00f5es esse ser\u00e1 o repassado para a Educa\u00e7\u00e3o Especial em 2026 em SC"}]},{"@type":"WebSite","@id":"https:\/\/sulsc.com\/#website","url":"https:\/\/sulsc.com\/","name":"","description":"","potentialAction":[{"@type":"SearchAction","target":{"@type":"EntryPoint","urlTemplate":"https:\/\/sulsc.com\/?s={search_term_string}"},"query-input":"required name=search_term_string"}],"inLanguage":"en-US"},{"@type":"Person","@id":"https:\/\/sulsc.com\/#\/schema\/person\/84d2fc571684f6248ba83092f07750a3","name":"Reda\u00e7\u00e3o Sul SC","image":{"@type":"ImageObject","inLanguage":"en-US","@id":"https:\/\/sulsc.com\/#\/schema\/person\/image\/e08d7fe2cc4ed596372063bbe852b8d0","url":"https:\/\/sulsc.com\/wp-content\/uploads\/2023\/09\/redacao.png","contentUrl":"https:\/\/sulsc.com\/wp-content\/uploads\/2023\/09\/redacao.png","caption":"Reda\u00e7\u00e3o Sul SC"},"description":"Foco em um jornalismo imparcial, voltado \u00e0 qualidade dos seus conte\u00fados e, assim, levar informa\u00e7\u00e3o de valor que agregue \u00e0 vida dos leitores. Esta \u00e9 grande miss\u00e3o do Portal de Not\u00edcias Sul SC. N\u00e3o \u00e9 quantidade que muda o mundo, sempre foi e seguir\u00e1 sendo qualidade!","sameAs":["https:\/\/sulsc.com\/","https:\/\/www.facebook.com\/profile.php?id=61559278119680","https:\/\/www.instagram.com\/sulscportal\/?hl=pt-br","https:\/\/twitter.com\/https:\/\/twitter.com\/PortalSulSC","https:\/\/www.youtube.com\/channel\/UCv_BE8GeySluDov2n8qhVmw"],"url":"https:\/\/sulsc.com\/index.php\/author\/redacao\/"}]}},"authors":[],"_links":{"self":[{"href":"https:\/\/sulsc.com\/index.php\/wp-json\/wp\/v2\/posts\/32781"}],"collection":[{"href":"https:\/\/sulsc.com\/index.php\/wp-json\/wp\/v2\/posts"}],"about":[{"href":"https:\/\/sulsc.com\/index.php\/wp-json\/wp\/v2\/types\/post"}],"author":[{"embeddable":true,"href":"https:\/\/sulsc.com\/index.php\/wp-json\/wp\/v2\/users\/3"}],"replies":[{"embeddable":true,"href":"https:\/\/sulsc.com\/index.php\/wp-json\/wp\/v2\/comments?post=32781"}],"version-history":[{"count":1,"href":"https:\/\/sulsc.com\/index.php\/wp-json\/wp\/v2\/posts\/32781\/revisions"}],"predecessor-version":[{"id":32783,"href":"https:\/\/sulsc.com\/index.php\/wp-json\/wp\/v2\/posts\/32781\/revisions\/32783"}],"wp:featuredmedia":[{"embeddable":true,"href":"https:\/\/sulsc.com\/index.php\/wp-json\/wp\/v2\/media\/32782"}],"wp:attachment":[{"href":"https:\/\/sulsc.com\/index.php\/wp-json\/wp\/v2\/media?parent=32781"}],"wp:term":[{"taxonomy":"category","embeddable":true,"href":"https:\/\/sulsc.com\/index.php\/wp-json\/wp\/v2\/categories?post=32781"},{"taxonomy":"post_tag","embeddable":true,"href":"https:\/\/sulsc.com\/index.php\/wp-json\/wp\/v2\/tags?post=32781"}],"curies":[{"name":"wp","href":"https:\/\/api.w.org\/{rel}","templated":true}]}}