{"id":32784,"date":"2026-03-04T16:27:39","date_gmt":"2026-03-04T19:27:39","guid":{"rendered":"https:\/\/sulsc.com\/?p=32784"},"modified":"2026-03-04T16:27:39","modified_gmt":"2026-03-04T19:27:39","slug":"processo-seletivo-da-saude-no-003-2025-em-laguna-prefeitura-convoca-candidatos-classificados","status":"publish","type":"post","link":"https:\/\/sulsc.com\/index.php\/2026\/03\/04\/processo-seletivo-da-saude-no-003-2025-em-laguna-prefeitura-convoca-candidatos-classificados\/","title":{"rendered":"Processo Seletivo da Sa\u00fade n\u00ba 003\/2025 em Laguna: Prefeitura convoca candidatos classificados"},"content":{"rendered":"<p>As apresenta\u00e7\u00f5es ocorrem nesta sexta-feira (6), a Secretaria Municipal de Sa\u00fade de Laguna convoca os candidatos classificados no Processo Seletivo n\u00ba 003\/2025 (Instituto FUCAP) para o preenchimento de vagas em aberto na rede municipal.\u00a0Os interessados devem comparecer pontualmente \u00e0s 11h na Sala de Reuni\u00f5es da Secretaria Municipal de Sa\u00fade, localizada na Rua Nereu Ramos, n\u00ba 88, no bairro Magalh\u00e3es.<\/p>\n<div id=\"metaslider-id-25573\" style=\"width: 100%;\" class=\"ml-slider-3-99-0 metaslider metaslider-flex metaslider-25573 ml-slider has-onhover-arrows ms-theme-default-base has-dots-nav\" role=\"region\" aria-label=\"Meio\" data-width=\"1200\">\n    <div id=\"metaslider_container_25573\">\n        <div id=\"metaslider_25573\">\n            <ul class='slides'>\n                <li style=\"display: block; width: 100%;\" class=\"slide-25684 ms-image \" aria-roledescription=\"slide\" data-date=\"2025-07-24 07:55:40\"><img src=\"https:\/\/sulsc.com\/wp-content\/uploads\/2025\/07\/Marr-2-1000x166.jpg\" height=\"200\" width=\"1200\" alt=\"\" class=\"slider-25573 slide-25684 msDefaultImage\" title=\"Marr 2\" \/><\/li>\n                <li style=\"display: none; width: 100%;\" class=\"slide-32412 ms-image \" aria-roledescription=\"slide\" data-date=\"2026-02-18 13:59:46\"><img src=\"https:\/\/sulsc.com\/wp-content\/uploads\/2026\/02\/40dc1580-cad5-4867-bc58-c4243821ad38-1000x166.jpeg\" height=\"200\" width=\"1200\" alt=\"\" class=\"slider-25573 slide-32412 msDefaultImage\" title=\"40dc1580-cad5-4867-bc58-c4243821ad38\" \/><\/li>\n                <li style=\"display: none; width: 100%;\" class=\"slide-32766 ms-image \" aria-roledescription=\"slide\" data-date=\"2026-03-03 17:22:59\"><img src=\"https:\/\/sulsc.com\/wp-content\/uploads\/2026\/03\/271ce739-f268-41c5-8051-3de1a1750359-1000x166.jpeg\" height=\"200\" width=\"1200\" alt=\"\" class=\"slider-25573 slide-32766 msDefaultImage\" title=\"271ce739-f268-41c5-8051-3de1a1750359\" \/><\/li>\n            <\/ul>\n        <\/div>\n        \n    <\/div>\n<\/div>\n<p>Vagas<br \/>\n<strong>Para o cargo de Enfermeiro,<\/strong> est\u00e1 sendo realizada a 2\u00aa Chamada Presencial, com a oferta de 02 vagas para atua\u00e7\u00e3o direta na Secretaria Municipal de Sa\u00fade.<\/p>\n<p><strong>J\u00e1 para o cargo de Odont\u00f3logo,<\/strong> trata-se da 1\u00aa Chamada Presencial para preenchimento de 01 vaga na Estrat\u00e9gia de Sa\u00fade da Fam\u00edlia (ESB) da Passagem da Barra. Esta vaga possui prazo de contrata\u00e7\u00e3o de 210 dias, destinada \u00e0 substitui\u00e7\u00e3o de licen\u00e7a-maternidade e f\u00e9rias de servidora efetiva.<\/p>\n<p><strong>Os candidatos convocados dever\u00e3o estar munidos de:<\/strong><\/p>\n<p>Documento de identifica\u00e7\u00e3o oficial com foto;<\/p>\n<p>Comprovante de forma\u00e7\u00e3o acad\u00eamica exigida para o exerc\u00edcio da fun\u00e7\u00e3o;<\/p>\n<p>Comprovante de t\u00edtulos classificados na Prova de T\u00edtulos (se houver).<\/p>\n<p><img fetchpriority=\"high\" decoding=\"async\" class=\"size-full wp-image-31298\" src=\"http:\/\/sulsc.com\/wp-content\/uploads\/2026\/01\/enfermeira-medindo-paciente-pressao-sangue-800x445-1.jpg\" alt=\"\" width=\"800\" height=\"445\" srcset=\"https:\/\/sulsc.com\/wp-content\/uploads\/2026\/01\/enfermeira-medindo-paciente-pressao-sangue-800x445-1.jpg 800w, https:\/\/sulsc.com\/wp-content\/uploads\/2026\/01\/enfermeira-medindo-paciente-pressao-sangue-800x445-1-300x167.jpg 300w, https:\/\/sulsc.com\/wp-content\/uploads\/2026\/01\/enfermeira-medindo-paciente-pressao-sangue-800x445-1-768x427.jpg 768w\" sizes=\"(max-width: 800px) 100vw, 800px\" \/><\/p>\n<p>Imagem\/Freepik<\/p>\n<p>A Secretaria ainda informa que, caso as vagas n\u00e3o sejam preenchidas pelos candidatos do processo seletivo, ser\u00e1 realizada automaticamente uma Chamada P\u00fablica no mesmo ato.\u00a0Candidatos interessados em participar desta modalidade de contrata\u00e7\u00e3o (Chamada P\u00fablica) devem levar documento de identifica\u00e7\u00e3o, comprovante de escolaridade, t\u00edtulos e comprovante de tempo de servi\u00e7o, que ser\u00e1 utilizado como crit\u00e9rio em caso de empate.<\/p>\n","protected":false},"excerpt":{"rendered":"<p>As apresenta\u00e7\u00f5es ocorrem nesta sexta-feira (6), a Secretaria Municipal de Sa\u00fade de Laguna convoca os candidatos classificados no Processo Seletivo n\u00ba 003\/2025 (Instituto FUCAP) para o preenchimento de vagas em aberto na rede municipal.\u00a0Os interessados devem comparecer pontualmente \u00e0s 11h na Sala de Reuni\u00f5es da Secretaria Municipal de Sa\u00fade, localizada na Rua Nereu Ramos, n\u00ba &hellip;<\/p>\n<p class=\"read-more\"> <a class=\"\" href=\"https:\/\/sulsc.com\/index.php\/2026\/03\/04\/processo-seletivo-da-saude-no-003-2025-em-laguna-prefeitura-convoca-candidatos-classificados\/\"> <span class=\"screen-reader-text\">Processo Seletivo da Sa\u00fade n\u00ba 003\/2025 em Laguna: Prefeitura convoca candidatos classificados<\/span> Read More &raquo;<\/a><\/p>\n","protected":false},"author":3,"featured_media":31298,"comment_status":"open","ping_status":"open","sticky":false,"template":"","format":"standard","meta":{"site-sidebar-layout":"default","site-content-layout":"","ast-site-content-layout":"default","site-content-style":"default","site-sidebar-style":"default","ast-global-header-display":"","ast-banner-title-visibility":"","ast-main-header-display":"","ast-hfb-above-header-display":"","ast-hfb-below-header-display":"","ast-hfb-mobile-header-display":"","site-post-title":"","ast-breadcrumbs-content":"","ast-featured-img":"","footer-sml-layout":"","theme-transparent-header-meta":"default","adv-header-id-meta":"","stick-header-meta":"","header-above-stick-meta":"","header-main-stick-meta":"","header-below-stick-meta":"","astra-migrate-meta-layouts":"set","footnotes":""},"categories":[2231,22,2281,14,12],"tags":[1049],"yoast_head":"<!-- This site is optimized with the Yoast SEO plugin v21.4 - https:\/\/yoast.com\/wordpress\/plugins\/seo\/ -->\n<title>Processo Seletivo da Sa\u00fade n\u00ba 003\/2025 em Laguna: Prefeitura convoca candidatos classificados -<\/title>\n<meta name=\"robots\" content=\"index, follow, max-snippet:-1, max-image-preview:large, max-video-preview:-1\" \/>\n<link rel=\"canonical\" href=\"https:\/\/sulsc.com\/index.php\/2026\/03\/04\/processo-seletivo-da-saude-no-003-2025-em-laguna-prefeitura-convoca-candidatos-classificados\/\" \/>\n<meta property=\"og:locale\" content=\"en_US\" \/>\n<meta property=\"og:type\" content=\"article\" \/>\n<meta property=\"og:title\" content=\"Processo Seletivo da Sa\u00fade n\u00ba 003\/2025 em Laguna: Prefeitura convoca candidatos classificados -\" \/>\n<meta property=\"og:description\" content=\"As apresenta\u00e7\u00f5es ocorrem nesta sexta-feira (6), a Secretaria Municipal de Sa\u00fade de Laguna convoca os candidatos classificados no Processo Seletivo n\u00ba 003\/2025 (Instituto FUCAP) para o preenchimento de vagas em aberto na rede municipal.\u00a0Os interessados devem comparecer pontualmente \u00e0s 11h na Sala de Reuni\u00f5es da Secretaria Municipal de Sa\u00fade, localizada na Rua Nereu Ramos, n\u00ba &hellip; Processo Seletivo da Sa\u00fade n\u00ba 003\/2025 em Laguna: Prefeitura convoca candidatos classificados Read More &raquo;\" \/>\n<meta property=\"og:url\" content=\"https:\/\/sulsc.com\/index.php\/2026\/03\/04\/processo-seletivo-da-saude-no-003-2025-em-laguna-prefeitura-convoca-candidatos-classificados\/\" \/>\n<meta property=\"article:author\" content=\"https:\/\/www.facebook.com\/profile.php?id=61559278119680\" \/>\n<meta property=\"article:published_time\" content=\"2026-03-04T19:27:39+00:00\" \/>\n<meta property=\"og:image\" content=\"http:\/\/sulsc.com\/wp-content\/uploads\/2026\/01\/enfermeira-medindo-paciente-pressao-sangue-800x445-1.jpg\" \/>\n\t<meta property=\"og:image:width\" content=\"800\" \/>\n\t<meta property=\"og:image:height\" content=\"445\" \/>\n\t<meta property=\"og:image:type\" content=\"image\/jpeg\" \/>\n<meta name=\"author\" content=\"Reda\u00e7\u00e3o Sul SC\" \/>\n<meta name=\"twitter:card\" content=\"summary_large_image\" \/>\n<meta name=\"twitter:creator\" content=\"@https:\/\/twitter.com\/PortalSulSC\" \/>\n<meta name=\"twitter:label1\" content=\"Written by\" \/>\n\t<meta name=\"twitter:data1\" content=\"Reda\u00e7\u00e3o Sul SC\" \/>\n\t<meta name=\"twitter:label2\" content=\"Est. reading time\" \/>\n\t<meta name=\"twitter:data2\" content=\"2 minutes\" \/>\n<script type=\"application\/ld+json\" class=\"yoast-schema-graph\">{\"@context\":\"https:\/\/schema.org\",\"@graph\":[{\"@type\":\"WebPage\",\"@id\":\"https:\/\/sulsc.com\/index.php\/2026\/03\/04\/processo-seletivo-da-saude-no-003-2025-em-laguna-prefeitura-convoca-candidatos-classificados\/\",\"url\":\"https:\/\/sulsc.com\/index.php\/2026\/03\/04\/processo-seletivo-da-saude-no-003-2025-em-laguna-prefeitura-convoca-candidatos-classificados\/\",\"name\":\"Processo Seletivo da Sa\u00fade n\u00ba 003\/2025 em Laguna: Prefeitura convoca candidatos classificados -\",\"isPartOf\":{\"@id\":\"https:\/\/sulsc.com\/#website\"},\"datePublished\":\"2026-03-04T19:27:39+00:00\",\"dateModified\":\"2026-03-04T19:27:39+00:00\",\"author\":{\"@id\":\"https:\/\/sulsc.com\/#\/schema\/person\/84d2fc571684f6248ba83092f07750a3\"},\"breadcrumb\":{\"@id\":\"https:\/\/sulsc.com\/index.php\/2026\/03\/04\/processo-seletivo-da-saude-no-003-2025-em-laguna-prefeitura-convoca-candidatos-classificados\/#breadcrumb\"},\"inLanguage\":\"en-US\",\"potentialAction\":[{\"@type\":\"ReadAction\",\"target\":[\"https:\/\/sulsc.com\/index.php\/2026\/03\/04\/processo-seletivo-da-saude-no-003-2025-em-laguna-prefeitura-convoca-candidatos-classificados\/\"]}]},{\"@type\":\"BreadcrumbList\",\"@id\":\"https:\/\/sulsc.com\/index.php\/2026\/03\/04\/processo-seletivo-da-saude-no-003-2025-em-laguna-prefeitura-convoca-candidatos-classificados\/#breadcrumb\",\"itemListElement\":[{\"@type\":\"ListItem\",\"position\":1,\"name\":\"In\u00edcio\",\"item\":\"https:\/\/sulsc.com\/\"},{\"@type\":\"ListItem\",\"position\":2,\"name\":\"Processo Seletivo da Sa\u00fade n\u00ba 003\/2025 em Laguna: Prefeitura convoca candidatos classificados\"}]},{\"@type\":\"WebSite\",\"@id\":\"https:\/\/sulsc.com\/#website\",\"url\":\"https:\/\/sulsc.com\/\",\"name\":\"\",\"description\":\"\",\"potentialAction\":[{\"@type\":\"SearchAction\",\"target\":{\"@type\":\"EntryPoint\",\"urlTemplate\":\"https:\/\/sulsc.com\/?s={search_term_string}\"},\"query-input\":\"required name=search_term_string\"}],\"inLanguage\":\"en-US\"},{\"@type\":\"Person\",\"@id\":\"https:\/\/sulsc.com\/#\/schema\/person\/84d2fc571684f6248ba83092f07750a3\",\"name\":\"Reda\u00e7\u00e3o Sul SC\",\"image\":{\"@type\":\"ImageObject\",\"inLanguage\":\"en-US\",\"@id\":\"https:\/\/sulsc.com\/#\/schema\/person\/image\/e08d7fe2cc4ed596372063bbe852b8d0\",\"url\":\"https:\/\/sulsc.com\/wp-content\/uploads\/2023\/09\/redacao.png\",\"contentUrl\":\"https:\/\/sulsc.com\/wp-content\/uploads\/2023\/09\/redacao.png\",\"caption\":\"Reda\u00e7\u00e3o Sul SC\"},\"description\":\"Foco em um jornalismo imparcial, voltado \u00e0 qualidade dos seus conte\u00fados e, assim, levar informa\u00e7\u00e3o de valor que agregue \u00e0 vida dos leitores. Esta \u00e9 grande miss\u00e3o do Portal de Not\u00edcias Sul SC. N\u00e3o \u00e9 quantidade que muda o mundo, sempre foi e seguir\u00e1 sendo qualidade!\",\"sameAs\":[\"https:\/\/sulsc.com\/\",\"https:\/\/www.facebook.com\/profile.php?id=61559278119680\",\"https:\/\/www.instagram.com\/sulscportal\/?hl=pt-br\",\"https:\/\/twitter.com\/https:\/\/twitter.com\/PortalSulSC\",\"https:\/\/www.youtube.com\/channel\/UCv_BE8GeySluDov2n8qhVmw\"],\"url\":\"https:\/\/sulsc.com\/index.php\/author\/redacao\/\"}]}<\/script>\n<!-- \/ Yoast SEO plugin. -->","yoast_head_json":{"title":"Processo Seletivo da Sa\u00fade n\u00ba 003\/2025 em Laguna: Prefeitura convoca candidatos classificados -","robots":{"index":"index","follow":"follow","max-snippet":"max-snippet:-1","max-image-preview":"max-image-preview:large","max-video-preview":"max-video-preview:-1"},"canonical":"https:\/\/sulsc.com\/index.php\/2026\/03\/04\/processo-seletivo-da-saude-no-003-2025-em-laguna-prefeitura-convoca-candidatos-classificados\/","og_locale":"en_US","og_type":"article","og_title":"Processo Seletivo da Sa\u00fade n\u00ba 003\/2025 em Laguna: Prefeitura convoca candidatos classificados -","og_description":"As apresenta\u00e7\u00f5es ocorrem nesta sexta-feira (6), a Secretaria Municipal de Sa\u00fade de Laguna convoca os candidatos classificados no Processo Seletivo n\u00ba 003\/2025 (Instituto FUCAP) para o preenchimento de vagas em aberto na rede municipal.\u00a0Os interessados devem comparecer pontualmente \u00e0s 11h na Sala de Reuni\u00f5es da Secretaria Municipal de Sa\u00fade, localizada na Rua Nereu Ramos, n\u00ba &hellip; Processo Seletivo da Sa\u00fade n\u00ba 003\/2025 em Laguna: Prefeitura convoca candidatos classificados Read More &raquo;","og_url":"https:\/\/sulsc.com\/index.php\/2026\/03\/04\/processo-seletivo-da-saude-no-003-2025-em-laguna-prefeitura-convoca-candidatos-classificados\/","article_author":"https:\/\/www.facebook.com\/profile.php?id=61559278119680","article_published_time":"2026-03-04T19:27:39+00:00","og_image":[{"width":800,"height":445,"url":"http:\/\/sulsc.com\/wp-content\/uploads\/2026\/01\/enfermeira-medindo-paciente-pressao-sangue-800x445-1.jpg","type":"image\/jpeg"}],"author":"Reda\u00e7\u00e3o Sul SC","twitter_card":"summary_large_image","twitter_creator":"@https:\/\/twitter.com\/PortalSulSC","twitter_misc":{"Written by":"Reda\u00e7\u00e3o Sul SC","Est. reading time":"2 minutes"},"schema":{"@context":"https:\/\/schema.org","@graph":[{"@type":"WebPage","@id":"https:\/\/sulsc.com\/index.php\/2026\/03\/04\/processo-seletivo-da-saude-no-003-2025-em-laguna-prefeitura-convoca-candidatos-classificados\/","url":"https:\/\/sulsc.com\/index.php\/2026\/03\/04\/processo-seletivo-da-saude-no-003-2025-em-laguna-prefeitura-convoca-candidatos-classificados\/","name":"Processo Seletivo da Sa\u00fade n\u00ba 003\/2025 em Laguna: Prefeitura convoca candidatos classificados -","isPartOf":{"@id":"https:\/\/sulsc.com\/#website"},"datePublished":"2026-03-04T19:27:39+00:00","dateModified":"2026-03-04T19:27:39+00:00","author":{"@id":"https:\/\/sulsc.com\/#\/schema\/person\/84d2fc571684f6248ba83092f07750a3"},"breadcrumb":{"@id":"https:\/\/sulsc.com\/index.php\/2026\/03\/04\/processo-seletivo-da-saude-no-003-2025-em-laguna-prefeitura-convoca-candidatos-classificados\/#breadcrumb"},"inLanguage":"en-US","potentialAction":[{"@type":"ReadAction","target":["https:\/\/sulsc.com\/index.php\/2026\/03\/04\/processo-seletivo-da-saude-no-003-2025-em-laguna-prefeitura-convoca-candidatos-classificados\/"]}]},{"@type":"BreadcrumbList","@id":"https:\/\/sulsc.com\/index.php\/2026\/03\/04\/processo-seletivo-da-saude-no-003-2025-em-laguna-prefeitura-convoca-candidatos-classificados\/#breadcrumb","itemListElement":[{"@type":"ListItem","position":1,"name":"In\u00edcio","item":"https:\/\/sulsc.com\/"},{"@type":"ListItem","position":2,"name":"Processo Seletivo da Sa\u00fade n\u00ba 003\/2025 em Laguna: Prefeitura convoca candidatos classificados"}]},{"@type":"WebSite","@id":"https:\/\/sulsc.com\/#website","url":"https:\/\/sulsc.com\/","name":"","description":"","potentialAction":[{"@type":"SearchAction","target":{"@type":"EntryPoint","urlTemplate":"https:\/\/sulsc.com\/?s={search_term_string}"},"query-input":"required name=search_term_string"}],"inLanguage":"en-US"},{"@type":"Person","@id":"https:\/\/sulsc.com\/#\/schema\/person\/84d2fc571684f6248ba83092f07750a3","name":"Reda\u00e7\u00e3o Sul SC","image":{"@type":"ImageObject","inLanguage":"en-US","@id":"https:\/\/sulsc.com\/#\/schema\/person\/image\/e08d7fe2cc4ed596372063bbe852b8d0","url":"https:\/\/sulsc.com\/wp-content\/uploads\/2023\/09\/redacao.png","contentUrl":"https:\/\/sulsc.com\/wp-content\/uploads\/2023\/09\/redacao.png","caption":"Reda\u00e7\u00e3o Sul SC"},"description":"Foco em um jornalismo imparcial, voltado \u00e0 qualidade dos seus conte\u00fados e, assim, levar informa\u00e7\u00e3o de valor que agregue \u00e0 vida dos leitores. Esta \u00e9 grande miss\u00e3o do Portal de Not\u00edcias Sul SC. N\u00e3o \u00e9 quantidade que muda o mundo, sempre foi e seguir\u00e1 sendo qualidade!","sameAs":["https:\/\/sulsc.com\/","https:\/\/www.facebook.com\/profile.php?id=61559278119680","https:\/\/www.instagram.com\/sulscportal\/?hl=pt-br","https:\/\/twitter.com\/https:\/\/twitter.com\/PortalSulSC","https:\/\/www.youtube.com\/channel\/UCv_BE8GeySluDov2n8qhVmw"],"url":"https:\/\/sulsc.com\/index.php\/author\/redacao\/"}]}},"authors":[],"_links":{"self":[{"href":"https:\/\/sulsc.com\/index.php\/wp-json\/wp\/v2\/posts\/32784"}],"collection":[{"href":"https:\/\/sulsc.com\/index.php\/wp-json\/wp\/v2\/posts"}],"about":[{"href":"https:\/\/sulsc.com\/index.php\/wp-json\/wp\/v2\/types\/post"}],"author":[{"embeddable":true,"href":"https:\/\/sulsc.com\/index.php\/wp-json\/wp\/v2\/users\/3"}],"replies":[{"embeddable":true,"href":"https:\/\/sulsc.com\/index.php\/wp-json\/wp\/v2\/comments?post=32784"}],"version-history":[{"count":2,"href":"https:\/\/sulsc.com\/index.php\/wp-json\/wp\/v2\/posts\/32784\/revisions"}],"predecessor-version":[{"id":32786,"href":"https:\/\/sulsc.com\/index.php\/wp-json\/wp\/v2\/posts\/32784\/revisions\/32786"}],"wp:featuredmedia":[{"embeddable":true,"href":"https:\/\/sulsc.com\/index.php\/wp-json\/wp\/v2\/media\/31298"}],"wp:attachment":[{"href":"https:\/\/sulsc.com\/index.php\/wp-json\/wp\/v2\/media?parent=32784"}],"wp:term":[{"taxonomy":"category","embeddable":true,"href":"https:\/\/sulsc.com\/index.php\/wp-json\/wp\/v2\/categories?post=32784"},{"taxonomy":"post_tag","embeddable":true,"href":"https:\/\/sulsc.com\/index.php\/wp-json\/wp\/v2\/tags?post=32784"}],"curies":[{"name":"wp","href":"https:\/\/api.w.org\/{rel}","templated":true}]}}