{"id":32790,"date":"2026-03-04T16:55:05","date_gmt":"2026-03-04T19:55:05","guid":{"rendered":"https:\/\/sulsc.com\/?p=32790"},"modified":"2026-03-04T16:59:46","modified_gmt":"2026-03-04T19:59:46","slug":"delegado-marcelo-sampaio-nogueira-e-o-novo-delegado-geral-da-policia-civil-de-santa-catarina","status":"publish","type":"post","link":"https:\/\/sulsc.com\/index.php\/2026\/03\/04\/delegado-marcelo-sampaio-nogueira-e-o-novo-delegado-geral-da-policia-civil-de-santa-catarina\/","title":{"rendered":"Delegado Marcelo Sampaio Nogueira \u00e9 o novo Delegado-Geral da Pol\u00edcia Civil de Santa Catarina"},"content":{"rendered":"<p><span dir=\"auto\" style=\"vertical-align: inherit;\"><span dir=\"auto\" style=\"vertical-align: inherit;\">O delegado da Pol\u00edcia Civil Marcelo Sampaio Nogueira foi nomeado nesta ter\u00e7a-feira (3), pelo Governador Jorginho Mello para assumir a carga do Delegado-Geral da Pol\u00edcia Civil de Santa Catarina. Natural de Nova Londrina (PR), tra\u00e7ou sua trajet\u00f3ria profissional marcada pela dedica\u00e7\u00e3o ao servi\u00e7o p\u00fablico e \u00e0 seguran\u00e7a p\u00fablica catarinense.<\/span><\/span><\/p>\n<p><span dir=\"auto\" style=\"vertical-align: inherit;\"><span dir=\"auto\" style=\"vertical-align: inherit;\">Graduado em Direito pelo Centro Universit\u00e1rio Unifieo, em Osasco (SP), \u00e9 especialista em Gest\u00e3o de Seguran\u00e7a P\u00fablica pela Unisul, em Santa Catarina. Ingressou no servi\u00e7o p\u00fablico aos 18 anos, com passagens pela Universidade de S\u00e3o Paulo, pelo Minist\u00e9rio P\u00fablico de S\u00e3o Paulo, pelo Tribunal de Al\u00e7ada Criminal de S\u00e3o Paulo e pelo Tribunal de Justi\u00e7a de S\u00e3o Paulo, acumulando experi\u00eancia nas mais diversas frentes do sistema de Justi\u00e7a.<\/span><\/span><\/p>\n<div id=\"metaslider-id-25573\" style=\"width: 100%;\" class=\"ml-slider-3-99-0 metaslider metaslider-flex metaslider-25573 ml-slider has-onhover-arrows ms-theme-default-base has-dots-nav\" role=\"region\" aria-label=\"Meio\" data-width=\"1200\">\n    <div id=\"metaslider_container_25573\">\n        <div id=\"metaslider_25573\">\n            <ul class='slides'>\n                <li style=\"display: block; width: 100%;\" class=\"slide-25684 ms-image \" aria-roledescription=\"slide\" data-date=\"2025-07-24 07:55:40\"><img src=\"https:\/\/sulsc.com\/wp-content\/uploads\/2025\/07\/Marr-2-1000x166.jpg\" height=\"200\" width=\"1200\" alt=\"\" class=\"slider-25573 slide-25684 msDefaultImage\" title=\"Marr 2\" \/><\/li>\n                <li style=\"display: none; width: 100%;\" class=\"slide-32412 ms-image \" aria-roledescription=\"slide\" data-date=\"2026-02-18 13:59:46\"><img src=\"https:\/\/sulsc.com\/wp-content\/uploads\/2026\/02\/40dc1580-cad5-4867-bc58-c4243821ad38-1000x166.jpeg\" height=\"200\" width=\"1200\" alt=\"\" class=\"slider-25573 slide-32412 msDefaultImage\" title=\"40dc1580-cad5-4867-bc58-c4243821ad38\" \/><\/li>\n                <li style=\"display: none; width: 100%;\" class=\"slide-32766 ms-image \" aria-roledescription=\"slide\" data-date=\"2026-03-03 17:22:59\"><img src=\"https:\/\/sulsc.com\/wp-content\/uploads\/2026\/03\/271ce739-f268-41c5-8051-3de1a1750359-1000x166.jpeg\" height=\"200\" width=\"1200\" alt=\"\" class=\"slider-25573 slide-32766 msDefaultImage\" title=\"271ce739-f268-41c5-8051-3de1a1750359\" \/><\/li>\n            <\/ul>\n        <\/div>\n        \n    <\/div>\n<\/div>\n<p><span dir=\"auto\" style=\"vertical-align: inherit;\"><span dir=\"auto\" style=\"vertical-align: inherit;\">Em 4 de novembro de 2009, tomei posse como delegado da Pol\u00edcia Civil de Santa Catarina. Ap\u00f3s o curso de forma\u00e7\u00e3o inicial, iniciou sua atua\u00e7\u00e3o na Delegacia de Pol\u00edcia da Comarca de Conc\u00f3rdia, onde convoca\u00e7\u00f5es at\u00e9 junho de 2014. Na sequ\u00eancia, foi promovido \u00e0 entrada final e foi atuado em Timb\u00f3, em seguida, tamb\u00e9m atuou na DPCAMI de Blumenau. Em janeiro de 2015, retornou \u00e0 Conc\u00f3rdia como Delegado Regional, fun\u00e7\u00e3o que exerceu por oito anos, at\u00e9 janeiro de 2023, quando assumiu a chefia de Gabinete do ent\u00e3o Delegado-Geral Ulisses Gabriel.<\/span><\/span><\/p>\n<p><span dir=\"auto\" style=\"vertical-align: inherit;\"><span dir=\"auto\" style=\"vertical-align: inherit;\">Em 2025, foi eleito membro do Conselho Superior da Pol\u00edcia Civil, com 212 votos de delegados de todo o estado, passando a integrar o colegiado como representante eleito da classe \u2014 fun\u00e7\u00e3o que se somou \u00e0 participa\u00e7\u00e3o institucional j\u00e1 exercida na raz\u00e3o da carga de dire\u00e7\u00e3o. Paralelamente \u00e0 carreira policial, foi professor universit\u00e1rio em Conc\u00f3rdia entre 2017 e 2022, lecionando cadeiras de Direito Penal em institui\u00e7\u00f5es privadas.<\/span><\/span><\/p>\n<p><span dir=\"auto\" style=\"vertical-align: inherit;\"><span dir=\"auto\" style=\"vertical-align: inherit;\">Agora, \u00e0 frente da Pol\u00edcia Civil de Santa Catarina, Marcelo Sampaio Nogueira assume o compromisso de continuidade ao fortalecimento institucional, valoriza\u00e7\u00e3o dos policiais civis e ao aprimoramento das a\u00e7\u00f5es de investiga\u00e7\u00e3o e atendimento \u00e0 popula\u00e7\u00e3o catarinense.<\/span><\/span><\/p>\n<p><img fetchpriority=\"high\" decoding=\"async\" class=\"aligncenter size-full wp-image-32791\" src=\"http:\/\/sulsc.com\/wp-content\/uploads\/2026\/03\/WhatsApp-Image-2026-03-04-at-12.23.25.jpeg\" alt=\"\" width=\"1268\" height=\"1280\" srcset=\"https:\/\/sulsc.com\/wp-content\/uploads\/2026\/03\/WhatsApp-Image-2026-03-04-at-12.23.25.jpeg 1268w, https:\/\/sulsc.com\/wp-content\/uploads\/2026\/03\/WhatsApp-Image-2026-03-04-at-12.23.25-297x300.jpeg 297w, https:\/\/sulsc.com\/wp-content\/uploads\/2026\/03\/WhatsApp-Image-2026-03-04-at-12.23.25-1014x1024.jpeg 1014w, https:\/\/sulsc.com\/wp-content\/uploads\/2026\/03\/WhatsApp-Image-2026-03-04-at-12.23.25-150x150.jpeg 150w, https:\/\/sulsc.com\/wp-content\/uploads\/2026\/03\/WhatsApp-Image-2026-03-04-at-12.23.25-768x775.jpeg 768w\" sizes=\"(max-width: 1268px) 100vw, 1268px\" \/><\/p>\n","protected":false},"excerpt":{"rendered":"<p>O delegado da Pol\u00edcia Civil Marcelo Sampaio Nogueira foi nomeado nesta ter\u00e7a-feira (3), pelo Governador Jorginho Mello para assumir a carga do Delegado-Geral da Pol\u00edcia Civil de Santa Catarina. Natural de Nova Londrina (PR), tra\u00e7ou sua trajet\u00f3ria profissional marcada pela dedica\u00e7\u00e3o ao servi\u00e7o p\u00fablico e \u00e0 seguran\u00e7a p\u00fablica catarinense. Graduado em Direito pelo Centro Universit\u00e1rio &hellip;<\/p>\n<p class=\"read-more\"> <a class=\"\" href=\"https:\/\/sulsc.com\/index.php\/2026\/03\/04\/delegado-marcelo-sampaio-nogueira-e-o-novo-delegado-geral-da-policia-civil-de-santa-catarina\/\"> <span class=\"screen-reader-text\">Delegado Marcelo Sampaio Nogueira \u00e9 o novo Delegado-Geral da Pol\u00edcia Civil de Santa Catarina<\/span> Read More &raquo;<\/a><\/p>\n","protected":false},"author":3,"featured_media":32791,"comment_status":"open","ping_status":"open","sticky":false,"template":"","format":"standard","meta":{"site-sidebar-layout":"default","site-content-layout":"","ast-site-content-layout":"default","site-content-style":"default","site-sidebar-style":"default","ast-global-header-display":"","ast-banner-title-visibility":"","ast-main-header-display":"","ast-hfb-above-header-display":"","ast-hfb-below-header-display":"","ast-hfb-mobile-header-display":"","site-post-title":"","ast-breadcrumbs-content":"","ast-featured-img":"","footer-sml-layout":"","theme-transparent-header-meta":"default","adv-header-id-meta":"","stick-header-meta":"","header-above-stick-meta":"","header-main-stick-meta":"","header-below-stick-meta":"","astra-migrate-meta-layouts":"set","footnotes":""},"categories":[1,14,12],"tags":[142,2785],"yoast_head":"<!-- This site is optimized with the Yoast SEO plugin v21.4 - https:\/\/yoast.com\/wordpress\/plugins\/seo\/ -->\n<title>Delegado Marcelo Sampaio Nogueira \u00e9 o novo Delegado-Geral da Pol\u00edcia Civil de Santa Catarina -<\/title>\n<meta name=\"robots\" content=\"index, follow, max-snippet:-1, max-image-preview:large, max-video-preview:-1\" \/>\n<link rel=\"canonical\" href=\"https:\/\/sulsc.com\/index.php\/2026\/03\/04\/delegado-marcelo-sampaio-nogueira-e-o-novo-delegado-geral-da-policia-civil-de-santa-catarina\/\" \/>\n<meta property=\"og:locale\" content=\"en_US\" \/>\n<meta property=\"og:type\" content=\"article\" \/>\n<meta property=\"og:title\" content=\"Delegado Marcelo Sampaio Nogueira \u00e9 o novo Delegado-Geral da Pol\u00edcia Civil de Santa Catarina -\" \/>\n<meta property=\"og:description\" content=\"O delegado da Pol\u00edcia Civil Marcelo Sampaio Nogueira foi nomeado nesta ter\u00e7a-feira (3), pelo Governador Jorginho Mello para assumir a carga do Delegado-Geral da Pol\u00edcia Civil de Santa Catarina. Natural de Nova Londrina (PR), tra\u00e7ou sua trajet\u00f3ria profissional marcada pela dedica\u00e7\u00e3o ao servi\u00e7o p\u00fablico e \u00e0 seguran\u00e7a p\u00fablica catarinense. Graduado em Direito pelo Centro Universit\u00e1rio &hellip; Delegado Marcelo Sampaio Nogueira \u00e9 o novo Delegado-Geral da Pol\u00edcia Civil de Santa Catarina Read More &raquo;\" \/>\n<meta property=\"og:url\" content=\"https:\/\/sulsc.com\/index.php\/2026\/03\/04\/delegado-marcelo-sampaio-nogueira-e-o-novo-delegado-geral-da-policia-civil-de-santa-catarina\/\" \/>\n<meta property=\"article:author\" content=\"https:\/\/www.facebook.com\/profile.php?id=61559278119680\" \/>\n<meta property=\"article:published_time\" content=\"2026-03-04T19:55:05+00:00\" \/>\n<meta property=\"article:modified_time\" content=\"2026-03-04T19:59:46+00:00\" \/>\n<meta property=\"og:image\" content=\"http:\/\/sulsc.com\/wp-content\/uploads\/2026\/03\/WhatsApp-Image-2026-03-04-at-12.23.25.jpeg\" \/>\n\t<meta property=\"og:image:width\" content=\"1268\" \/>\n\t<meta property=\"og:image:height\" content=\"1280\" \/>\n\t<meta property=\"og:image:type\" content=\"image\/jpeg\" \/>\n<meta name=\"author\" content=\"Reda\u00e7\u00e3o Sul SC\" \/>\n<meta name=\"twitter:card\" content=\"summary_large_image\" \/>\n<meta name=\"twitter:creator\" content=\"@https:\/\/twitter.com\/PortalSulSC\" \/>\n<meta name=\"twitter:label1\" content=\"Written by\" \/>\n\t<meta name=\"twitter:data1\" content=\"Reda\u00e7\u00e3o Sul SC\" \/>\n\t<meta name=\"twitter:label2\" content=\"Est. reading time\" \/>\n\t<meta name=\"twitter:data2\" content=\"2 minutes\" \/>\n<script type=\"application\/ld+json\" class=\"yoast-schema-graph\">{\"@context\":\"https:\/\/schema.org\",\"@graph\":[{\"@type\":\"WebPage\",\"@id\":\"https:\/\/sulsc.com\/index.php\/2026\/03\/04\/delegado-marcelo-sampaio-nogueira-e-o-novo-delegado-geral-da-policia-civil-de-santa-catarina\/\",\"url\":\"https:\/\/sulsc.com\/index.php\/2026\/03\/04\/delegado-marcelo-sampaio-nogueira-e-o-novo-delegado-geral-da-policia-civil-de-santa-catarina\/\",\"name\":\"Delegado Marcelo Sampaio Nogueira \u00e9 o novo Delegado-Geral da Pol\u00edcia Civil de Santa Catarina -\",\"isPartOf\":{\"@id\":\"https:\/\/sulsc.com\/#website\"},\"datePublished\":\"2026-03-04T19:55:05+00:00\",\"dateModified\":\"2026-03-04T19:59:46+00:00\",\"author\":{\"@id\":\"https:\/\/sulsc.com\/#\/schema\/person\/84d2fc571684f6248ba83092f07750a3\"},\"breadcrumb\":{\"@id\":\"https:\/\/sulsc.com\/index.php\/2026\/03\/04\/delegado-marcelo-sampaio-nogueira-e-o-novo-delegado-geral-da-policia-civil-de-santa-catarina\/#breadcrumb\"},\"inLanguage\":\"en-US\",\"potentialAction\":[{\"@type\":\"ReadAction\",\"target\":[\"https:\/\/sulsc.com\/index.php\/2026\/03\/04\/delegado-marcelo-sampaio-nogueira-e-o-novo-delegado-geral-da-policia-civil-de-santa-catarina\/\"]}]},{\"@type\":\"BreadcrumbList\",\"@id\":\"https:\/\/sulsc.com\/index.php\/2026\/03\/04\/delegado-marcelo-sampaio-nogueira-e-o-novo-delegado-geral-da-policia-civil-de-santa-catarina\/#breadcrumb\",\"itemListElement\":[{\"@type\":\"ListItem\",\"position\":1,\"name\":\"In\u00edcio\",\"item\":\"https:\/\/sulsc.com\/\"},{\"@type\":\"ListItem\",\"position\":2,\"name\":\"Delegado Marcelo Sampaio Nogueira \u00e9 o novo Delegado-Geral da Pol\u00edcia Civil de Santa Catarina\"}]},{\"@type\":\"WebSite\",\"@id\":\"https:\/\/sulsc.com\/#website\",\"url\":\"https:\/\/sulsc.com\/\",\"name\":\"\",\"description\":\"\",\"potentialAction\":[{\"@type\":\"SearchAction\",\"target\":{\"@type\":\"EntryPoint\",\"urlTemplate\":\"https:\/\/sulsc.com\/?s={search_term_string}\"},\"query-input\":\"required name=search_term_string\"}],\"inLanguage\":\"en-US\"},{\"@type\":\"Person\",\"@id\":\"https:\/\/sulsc.com\/#\/schema\/person\/84d2fc571684f6248ba83092f07750a3\",\"name\":\"Reda\u00e7\u00e3o Sul SC\",\"image\":{\"@type\":\"ImageObject\",\"inLanguage\":\"en-US\",\"@id\":\"https:\/\/sulsc.com\/#\/schema\/person\/image\/e08d7fe2cc4ed596372063bbe852b8d0\",\"url\":\"https:\/\/sulsc.com\/wp-content\/uploads\/2023\/09\/redacao.png\",\"contentUrl\":\"https:\/\/sulsc.com\/wp-content\/uploads\/2023\/09\/redacao.png\",\"caption\":\"Reda\u00e7\u00e3o Sul SC\"},\"description\":\"Foco em um jornalismo imparcial, voltado \u00e0 qualidade dos seus conte\u00fados e, assim, levar informa\u00e7\u00e3o de valor que agregue \u00e0 vida dos leitores. Esta \u00e9 grande miss\u00e3o do Portal de Not\u00edcias Sul SC. N\u00e3o \u00e9 quantidade que muda o mundo, sempre foi e seguir\u00e1 sendo qualidade!\",\"sameAs\":[\"https:\/\/sulsc.com\/\",\"https:\/\/www.facebook.com\/profile.php?id=61559278119680\",\"https:\/\/www.instagram.com\/sulscportal\/?hl=pt-br\",\"https:\/\/twitter.com\/https:\/\/twitter.com\/PortalSulSC\",\"https:\/\/www.youtube.com\/channel\/UCv_BE8GeySluDov2n8qhVmw\"],\"url\":\"https:\/\/sulsc.com\/index.php\/author\/redacao\/\"}]}<\/script>\n<!-- \/ Yoast SEO plugin. -->","yoast_head_json":{"title":"Delegado Marcelo Sampaio Nogueira \u00e9 o novo Delegado-Geral da Pol\u00edcia Civil de Santa Catarina -","robots":{"index":"index","follow":"follow","max-snippet":"max-snippet:-1","max-image-preview":"max-image-preview:large","max-video-preview":"max-video-preview:-1"},"canonical":"https:\/\/sulsc.com\/index.php\/2026\/03\/04\/delegado-marcelo-sampaio-nogueira-e-o-novo-delegado-geral-da-policia-civil-de-santa-catarina\/","og_locale":"en_US","og_type":"article","og_title":"Delegado Marcelo Sampaio Nogueira \u00e9 o novo Delegado-Geral da Pol\u00edcia Civil de Santa Catarina -","og_description":"O delegado da Pol\u00edcia Civil Marcelo Sampaio Nogueira foi nomeado nesta ter\u00e7a-feira (3), pelo Governador Jorginho Mello para assumir a carga do Delegado-Geral da Pol\u00edcia Civil de Santa Catarina. Natural de Nova Londrina (PR), tra\u00e7ou sua trajet\u00f3ria profissional marcada pela dedica\u00e7\u00e3o ao servi\u00e7o p\u00fablico e \u00e0 seguran\u00e7a p\u00fablica catarinense. Graduado em Direito pelo Centro Universit\u00e1rio &hellip; Delegado Marcelo Sampaio Nogueira \u00e9 o novo Delegado-Geral da Pol\u00edcia Civil de Santa Catarina Read More &raquo;","og_url":"https:\/\/sulsc.com\/index.php\/2026\/03\/04\/delegado-marcelo-sampaio-nogueira-e-o-novo-delegado-geral-da-policia-civil-de-santa-catarina\/","article_author":"https:\/\/www.facebook.com\/profile.php?id=61559278119680","article_published_time":"2026-03-04T19:55:05+00:00","article_modified_time":"2026-03-04T19:59:46+00:00","og_image":[{"width":1268,"height":1280,"url":"http:\/\/sulsc.com\/wp-content\/uploads\/2026\/03\/WhatsApp-Image-2026-03-04-at-12.23.25.jpeg","type":"image\/jpeg"}],"author":"Reda\u00e7\u00e3o Sul SC","twitter_card":"summary_large_image","twitter_creator":"@https:\/\/twitter.com\/PortalSulSC","twitter_misc":{"Written by":"Reda\u00e7\u00e3o Sul SC","Est. reading time":"2 minutes"},"schema":{"@context":"https:\/\/schema.org","@graph":[{"@type":"WebPage","@id":"https:\/\/sulsc.com\/index.php\/2026\/03\/04\/delegado-marcelo-sampaio-nogueira-e-o-novo-delegado-geral-da-policia-civil-de-santa-catarina\/","url":"https:\/\/sulsc.com\/index.php\/2026\/03\/04\/delegado-marcelo-sampaio-nogueira-e-o-novo-delegado-geral-da-policia-civil-de-santa-catarina\/","name":"Delegado Marcelo Sampaio Nogueira \u00e9 o novo Delegado-Geral da Pol\u00edcia Civil de Santa Catarina -","isPartOf":{"@id":"https:\/\/sulsc.com\/#website"},"datePublished":"2026-03-04T19:55:05+00:00","dateModified":"2026-03-04T19:59:46+00:00","author":{"@id":"https:\/\/sulsc.com\/#\/schema\/person\/84d2fc571684f6248ba83092f07750a3"},"breadcrumb":{"@id":"https:\/\/sulsc.com\/index.php\/2026\/03\/04\/delegado-marcelo-sampaio-nogueira-e-o-novo-delegado-geral-da-policia-civil-de-santa-catarina\/#breadcrumb"},"inLanguage":"en-US","potentialAction":[{"@type":"ReadAction","target":["https:\/\/sulsc.com\/index.php\/2026\/03\/04\/delegado-marcelo-sampaio-nogueira-e-o-novo-delegado-geral-da-policia-civil-de-santa-catarina\/"]}]},{"@type":"BreadcrumbList","@id":"https:\/\/sulsc.com\/index.php\/2026\/03\/04\/delegado-marcelo-sampaio-nogueira-e-o-novo-delegado-geral-da-policia-civil-de-santa-catarina\/#breadcrumb","itemListElement":[{"@type":"ListItem","position":1,"name":"In\u00edcio","item":"https:\/\/sulsc.com\/"},{"@type":"ListItem","position":2,"name":"Delegado Marcelo Sampaio Nogueira \u00e9 o novo Delegado-Geral da Pol\u00edcia Civil de Santa Catarina"}]},{"@type":"WebSite","@id":"https:\/\/sulsc.com\/#website","url":"https:\/\/sulsc.com\/","name":"","description":"","potentialAction":[{"@type":"SearchAction","target":{"@type":"EntryPoint","urlTemplate":"https:\/\/sulsc.com\/?s={search_term_string}"},"query-input":"required name=search_term_string"}],"inLanguage":"en-US"},{"@type":"Person","@id":"https:\/\/sulsc.com\/#\/schema\/person\/84d2fc571684f6248ba83092f07750a3","name":"Reda\u00e7\u00e3o Sul SC","image":{"@type":"ImageObject","inLanguage":"en-US","@id":"https:\/\/sulsc.com\/#\/schema\/person\/image\/e08d7fe2cc4ed596372063bbe852b8d0","url":"https:\/\/sulsc.com\/wp-content\/uploads\/2023\/09\/redacao.png","contentUrl":"https:\/\/sulsc.com\/wp-content\/uploads\/2023\/09\/redacao.png","caption":"Reda\u00e7\u00e3o Sul SC"},"description":"Foco em um jornalismo imparcial, voltado \u00e0 qualidade dos seus conte\u00fados e, assim, levar informa\u00e7\u00e3o de valor que agregue \u00e0 vida dos leitores. Esta \u00e9 grande miss\u00e3o do Portal de Not\u00edcias Sul SC. N\u00e3o \u00e9 quantidade que muda o mundo, sempre foi e seguir\u00e1 sendo qualidade!","sameAs":["https:\/\/sulsc.com\/","https:\/\/www.facebook.com\/profile.php?id=61559278119680","https:\/\/www.instagram.com\/sulscportal\/?hl=pt-br","https:\/\/twitter.com\/https:\/\/twitter.com\/PortalSulSC","https:\/\/www.youtube.com\/channel\/UCv_BE8GeySluDov2n8qhVmw"],"url":"https:\/\/sulsc.com\/index.php\/author\/redacao\/"}]}},"authors":[],"_links":{"self":[{"href":"https:\/\/sulsc.com\/index.php\/wp-json\/wp\/v2\/posts\/32790"}],"collection":[{"href":"https:\/\/sulsc.com\/index.php\/wp-json\/wp\/v2\/posts"}],"about":[{"href":"https:\/\/sulsc.com\/index.php\/wp-json\/wp\/v2\/types\/post"}],"author":[{"embeddable":true,"href":"https:\/\/sulsc.com\/index.php\/wp-json\/wp\/v2\/users\/3"}],"replies":[{"embeddable":true,"href":"https:\/\/sulsc.com\/index.php\/wp-json\/wp\/v2\/comments?post=32790"}],"version-history":[{"count":2,"href":"https:\/\/sulsc.com\/index.php\/wp-json\/wp\/v2\/posts\/32790\/revisions"}],"predecessor-version":[{"id":32793,"href":"https:\/\/sulsc.com\/index.php\/wp-json\/wp\/v2\/posts\/32790\/revisions\/32793"}],"wp:featuredmedia":[{"embeddable":true,"href":"https:\/\/sulsc.com\/index.php\/wp-json\/wp\/v2\/media\/32791"}],"wp:attachment":[{"href":"https:\/\/sulsc.com\/index.php\/wp-json\/wp\/v2\/media?parent=32790"}],"wp:term":[{"taxonomy":"category","embeddable":true,"href":"https:\/\/sulsc.com\/index.php\/wp-json\/wp\/v2\/categories?post=32790"},{"taxonomy":"post_tag","embeddable":true,"href":"https:\/\/sulsc.com\/index.php\/wp-json\/wp\/v2\/tags?post=32790"}],"curies":[{"name":"wp","href":"https:\/\/api.w.org\/{rel}","templated":true}]}}