{"id":32794,"date":"2026-03-04T18:13:30","date_gmt":"2026-03-04T21:13:30","guid":{"rendered":"https:\/\/sulsc.com\/?p=32794"},"modified":"2026-03-04T18:13:30","modified_gmt":"2026-03-04T21:13:30","slug":"giro-politico-vereador-do-pl-perde-mandato-em-pedras-grandes","status":"publish","type":"post","link":"https:\/\/sulsc.com\/index.php\/2026\/03\/04\/giro-politico-vereador-do-pl-perde-mandato-em-pedras-grandes\/","title":{"rendered":"Giro Politico &#8211; Vereador do PL perde mandato em Pedras Grandes"},"content":{"rendered":"<p>O parlamentar foi condenado pela Justi\u00e7a Eleitoral por falsificar faturas de energia para transferir domic\u00edlios de eleitores de forma irregular. A C\u00e2mara de Vereadores de Pedras Grandes oficializou, nesta semana, a perda do mandato de Loreci de Medeiros (PL). O pol\u00edtico, que ocupava o cargo de 1\u00ba secret\u00e1rio da Mesa Diretora, teve sua vac\u00e2ncia declarada ap\u00f3s uma condena\u00e7\u00e3o criminal eleitoral com tr\u00e2nsito em julgado (quando n\u00e3o h\u00e1 mais possibilidade de recurso).<\/p>\n<div id=\"metaslider-id-25573\" style=\"width: 100%;\" class=\"ml-slider-3-99-0 metaslider metaslider-flex metaslider-25573 ml-slider has-onhover-arrows ms-theme-default-base has-dots-nav\" role=\"region\" aria-label=\"Meio\" data-width=\"1200\">\n    <div id=\"metaslider_container_25573\">\n        <div id=\"metaslider_25573\">\n            <ul class='slides'>\n                <li style=\"display: block; width: 100%;\" class=\"slide-25684 ms-image \" aria-roledescription=\"slide\" data-date=\"2025-07-24 07:55:40\"><img src=\"https:\/\/sulsc.com\/wp-content\/uploads\/2025\/07\/Marr-2-1000x166.jpg\" height=\"200\" width=\"1200\" alt=\"\" class=\"slider-25573 slide-25684 msDefaultImage\" title=\"Marr 2\" \/><\/li>\n                <li style=\"display: none; width: 100%;\" class=\"slide-32412 ms-image \" aria-roledescription=\"slide\" data-date=\"2026-02-18 13:59:46\"><img src=\"https:\/\/sulsc.com\/wp-content\/uploads\/2026\/02\/40dc1580-cad5-4867-bc58-c4243821ad38-1000x166.jpeg\" height=\"200\" width=\"1200\" alt=\"\" class=\"slider-25573 slide-32412 msDefaultImage\" title=\"40dc1580-cad5-4867-bc58-c4243821ad38\" \/><\/li>\n                <li style=\"display: none; width: 100%;\" class=\"slide-32766 ms-image \" aria-roledescription=\"slide\" data-date=\"2026-03-03 17:22:59\"><img src=\"https:\/\/sulsc.com\/wp-content\/uploads\/2026\/03\/271ce739-f268-41c5-8051-3de1a1750359-1000x166.jpeg\" height=\"200\" width=\"1200\" alt=\"\" class=\"slider-25573 slide-32766 msDefaultImage\" title=\"271ce739-f268-41c5-8051-3de1a1750359\" \/><\/li>\n            <\/ul>\n        <\/div>\n        \n    <\/div>\n<\/div>\n<p><strong>Entenda o Caso<\/strong><br \/>\nA condena\u00e7\u00e3o \u00e9 reflexo de irregularidades cometidas durante as Elei\u00e7\u00f5es de 2020. Segundo o processo, Loreci falsificou faturas de energia el\u00e9trica para simular a resid\u00eancia de pessoas que n\u00e3o moravam em Pedras Grandes. O objetivo era transferir o domic\u00edlio eleitoral desses cidad\u00e3os para garantir votos em sua campanha.<br \/>\n<strong>Provas:<\/strong> A a\u00e7\u00e3o penal contou com faturas de energia adulteradas utilizadas nos pedidos de transfer\u00eancia de 11 eleitores.<br \/>\n<strong>Decis\u00e3o Judicial:<\/strong> O Tribunal Regional Eleitoral de Santa Catarina (TRE-SC) manteve a senten\u00e7a da 33\u00aa Zona Eleitoral, confirmando o crime de falsidade ideol\u00f3gica eleitoral.<\/p>\n<p><strong>Impasses Jur\u00eddicos e Posse do Suplente<\/strong><br \/>\nA transi\u00e7\u00e3o no Legislativo foi marcada por uma disputa jur\u00eddica. Embora o juiz Ant\u00f4nio Carlos \u00c2ngelo da 33\u00aa Zona Eleitoral de Tubar\u00e3o, tenha comunicado a condena\u00e7\u00e3o \u00e0 C\u00e2mara em 20 de janeiro, o presidente da Casa, La\u00e9rcio Savi Felippe (PP), havia concedido um prazo de 15 dias para a defesa do vereador.<br \/>\nA medida foi derrubada por uma liminar judicial obtida pelo suplente, Rosivaldo Marcon (PL). A decis\u00e3o determinou:<br \/>\nA extin\u00e7\u00e3o imediata do mandato de Loreci;<br \/>\nA suspens\u00e3o do prazo de defesa concedido pela presid\u00eancia da C\u00e2mara;<br \/>\nA convoca\u00e7\u00e3o urgente do suplente, sob pena de multa di\u00e1ria.<\/p>\n<p><strong>Nova Composi\u00e7\u00e3o no legislativo<\/strong><br \/>\nCom a decis\u00e3o, Rosivaldo Marcon tomou posse oficialmente durante a sess\u00e3o ordin\u00e1ria realizada nesta segunda-feira (2). Ap\u00f3s prestar o juramento em plen\u00e1rio, Marcon assume a cadeira deixada pelo correligion\u00e1rio no Legislativo munic\u00edpio.<\/p>\n<p>&nbsp;<\/p>\n<p>&nbsp;<\/p>\n<p><img fetchpriority=\"high\" decoding=\"async\" class=\"aligncenter size-full wp-image-32797\" src=\"http:\/\/sulsc.com\/wp-content\/uploads\/2026\/03\/ed1b7612-833e-4b3d-bfe5-da10e327bf92.jpeg\" alt=\"\" width=\"868\" height=\"1568\" srcset=\"https:\/\/sulsc.com\/wp-content\/uploads\/2026\/03\/ed1b7612-833e-4b3d-bfe5-da10e327bf92.jpeg 868w, https:\/\/sulsc.com\/wp-content\/uploads\/2026\/03\/ed1b7612-833e-4b3d-bfe5-da10e327bf92-166x300.jpeg 166w, https:\/\/sulsc.com\/wp-content\/uploads\/2026\/03\/ed1b7612-833e-4b3d-bfe5-da10e327bf92-567x1024.jpeg 567w, https:\/\/sulsc.com\/wp-content\/uploads\/2026\/03\/ed1b7612-833e-4b3d-bfe5-da10e327bf92-768x1387.jpeg 768w, https:\/\/sulsc.com\/wp-content\/uploads\/2026\/03\/ed1b7612-833e-4b3d-bfe5-da10e327bf92-850x1536.jpeg 850w\" sizes=\"(max-width: 868px) 100vw, 868px\" \/><\/p>\n<p>Fotos \/Redes Sociais<\/p>\n","protected":false},"excerpt":{"rendered":"<p>O parlamentar foi condenado pela Justi\u00e7a Eleitoral por falsificar faturas de energia para transferir domic\u00edlios de eleitores de forma irregular. A C\u00e2mara de Vereadores de Pedras Grandes oficializou, nesta semana, a perda do mandato de Loreci de Medeiros (PL). O pol\u00edtico, que ocupava o cargo de 1\u00ba secret\u00e1rio da Mesa Diretora, teve sua vac\u00e2ncia declarada &hellip;<\/p>\n<p class=\"read-more\"> <a class=\"\" href=\"https:\/\/sulsc.com\/index.php\/2026\/03\/04\/giro-politico-vereador-do-pl-perde-mandato-em-pedras-grandes\/\"> <span class=\"screen-reader-text\">Giro Politico &#8211; Vereador do PL perde mandato em Pedras Grandes<\/span> Read More &raquo;<\/a><\/p>\n","protected":false},"author":18,"featured_media":32795,"comment_status":"open","ping_status":"open","sticky":false,"template":"","format":"standard","meta":{"site-sidebar-layout":"default","site-content-layout":"","ast-site-content-layout":"default","site-content-style":"default","site-sidebar-style":"default","ast-global-header-display":"","ast-banner-title-visibility":"","ast-main-header-display":"","ast-hfb-above-header-display":"","ast-hfb-below-header-display":"","ast-hfb-mobile-header-display":"","site-post-title":"","ast-breadcrumbs-content":"","ast-featured-img":"","footer-sml-layout":"","theme-transparent-header-meta":"default","adv-header-id-meta":"","stick-header-meta":"","header-above-stick-meta":"","header-main-stick-meta":"","header-below-stick-meta":"","astra-migrate-meta-layouts":"set","footnotes":""},"categories":[2231,1,2274,6,14,12],"tags":[1788,227],"yoast_head":"<!-- This site is optimized with the Yoast SEO plugin v21.4 - https:\/\/yoast.com\/wordpress\/plugins\/seo\/ -->\n<title>Giro Politico - Vereador do PL perde mandato em Pedras Grandes -<\/title>\n<meta name=\"robots\" content=\"index, follow, max-snippet:-1, max-image-preview:large, max-video-preview:-1\" \/>\n<link rel=\"canonical\" href=\"https:\/\/sulsc.com\/index.php\/2026\/03\/04\/giro-politico-vereador-do-pl-perde-mandato-em-pedras-grandes\/\" \/>\n<meta property=\"og:locale\" content=\"en_US\" \/>\n<meta property=\"og:type\" content=\"article\" \/>\n<meta property=\"og:title\" content=\"Giro Politico - Vereador do PL perde mandato em Pedras Grandes -\" \/>\n<meta property=\"og:description\" content=\"O parlamentar foi condenado pela Justi\u00e7a Eleitoral por falsificar faturas de energia para transferir domic\u00edlios de eleitores de forma irregular. A C\u00e2mara de Vereadores de Pedras Grandes oficializou, nesta semana, a perda do mandato de Loreci de Medeiros (PL). O pol\u00edtico, que ocupava o cargo de 1\u00ba secret\u00e1rio da Mesa Diretora, teve sua vac\u00e2ncia declarada &hellip; Giro Politico &#8211; Vereador do PL perde mandato em Pedras Grandes Read More &raquo;\" \/>\n<meta property=\"og:url\" content=\"https:\/\/sulsc.com\/index.php\/2026\/03\/04\/giro-politico-vereador-do-pl-perde-mandato-em-pedras-grandes\/\" \/>\n<meta property=\"article:published_time\" content=\"2026-03-04T21:13:30+00:00\" \/>\n<meta property=\"og:image\" content=\"http:\/\/sulsc.com\/wp-content\/uploads\/2026\/03\/905f5bda-f584-43ab-8d5e-ae6d5b204e6e.jpeg\" \/>\n\t<meta property=\"og:image:width\" content=\"1078\" \/>\n\t<meta property=\"og:image:height\" content=\"1239\" \/>\n\t<meta property=\"og:image:type\" content=\"image\/jpeg\" \/>\n<meta name=\"author\" content=\"Giro Pol\u00edtico\" \/>\n<meta name=\"twitter:card\" content=\"summary_large_image\" \/>\n<meta name=\"twitter:label1\" content=\"Written by\" \/>\n\t<meta name=\"twitter:data1\" content=\"Giro Pol\u00edtico\" \/>\n\t<meta name=\"twitter:label2\" content=\"Est. reading time\" \/>\n\t<meta name=\"twitter:data2\" content=\"2 minutes\" \/>\n<script type=\"application\/ld+json\" class=\"yoast-schema-graph\">{\"@context\":\"https:\/\/schema.org\",\"@graph\":[{\"@type\":\"WebPage\",\"@id\":\"https:\/\/sulsc.com\/index.php\/2026\/03\/04\/giro-politico-vereador-do-pl-perde-mandato-em-pedras-grandes\/\",\"url\":\"https:\/\/sulsc.com\/index.php\/2026\/03\/04\/giro-politico-vereador-do-pl-perde-mandato-em-pedras-grandes\/\",\"name\":\"Giro Politico - Vereador do PL perde mandato em Pedras Grandes -\",\"isPartOf\":{\"@id\":\"https:\/\/sulsc.com\/#website\"},\"datePublished\":\"2026-03-04T21:13:30+00:00\",\"dateModified\":\"2026-03-04T21:13:30+00:00\",\"author\":{\"@id\":\"https:\/\/sulsc.com\/#\/schema\/person\/f75a4a6294244001f9179bdc4ed749ae\"},\"breadcrumb\":{\"@id\":\"https:\/\/sulsc.com\/index.php\/2026\/03\/04\/giro-politico-vereador-do-pl-perde-mandato-em-pedras-grandes\/#breadcrumb\"},\"inLanguage\":\"en-US\",\"potentialAction\":[{\"@type\":\"ReadAction\",\"target\":[\"https:\/\/sulsc.com\/index.php\/2026\/03\/04\/giro-politico-vereador-do-pl-perde-mandato-em-pedras-grandes\/\"]}]},{\"@type\":\"BreadcrumbList\",\"@id\":\"https:\/\/sulsc.com\/index.php\/2026\/03\/04\/giro-politico-vereador-do-pl-perde-mandato-em-pedras-grandes\/#breadcrumb\",\"itemListElement\":[{\"@type\":\"ListItem\",\"position\":1,\"name\":\"In\u00edcio\",\"item\":\"https:\/\/sulsc.com\/\"},{\"@type\":\"ListItem\",\"position\":2,\"name\":\"Giro Politico &#8211; Vereador do PL perde mandato em Pedras Grandes\"}]},{\"@type\":\"WebSite\",\"@id\":\"https:\/\/sulsc.com\/#website\",\"url\":\"https:\/\/sulsc.com\/\",\"name\":\"\",\"description\":\"\",\"potentialAction\":[{\"@type\":\"SearchAction\",\"target\":{\"@type\":\"EntryPoint\",\"urlTemplate\":\"https:\/\/sulsc.com\/?s={search_term_string}\"},\"query-input\":\"required name=search_term_string\"}],\"inLanguage\":\"en-US\"},{\"@type\":\"Person\",\"@id\":\"https:\/\/sulsc.com\/#\/schema\/person\/f75a4a6294244001f9179bdc4ed749ae\",\"name\":\"Giro Pol\u00edtico\",\"image\":{\"@type\":\"ImageObject\",\"inLanguage\":\"en-US\",\"@id\":\"https:\/\/sulsc.com\/#\/schema\/person\/image\/87f4eb049878a1df7d40178045f84702\",\"url\":\"https:\/\/sulsc.com\/wp-content\/uploads\/2024\/04\/Logo-Sul-SC-1.jpg\",\"contentUrl\":\"https:\/\/sulsc.com\/wp-content\/uploads\/2024\/04\/Logo-Sul-SC-1.jpg\",\"caption\":\"Giro Pol\u00edtico\"},\"url\":\"https:\/\/sulsc.com\/index.php\/author\/giro\/\"}]}<\/script>\n<!-- \/ Yoast SEO plugin. -->","yoast_head_json":{"title":"Giro Politico - Vereador do PL perde mandato em Pedras Grandes -","robots":{"index":"index","follow":"follow","max-snippet":"max-snippet:-1","max-image-preview":"max-image-preview:large","max-video-preview":"max-video-preview:-1"},"canonical":"https:\/\/sulsc.com\/index.php\/2026\/03\/04\/giro-politico-vereador-do-pl-perde-mandato-em-pedras-grandes\/","og_locale":"en_US","og_type":"article","og_title":"Giro Politico - Vereador do PL perde mandato em Pedras Grandes -","og_description":"O parlamentar foi condenado pela Justi\u00e7a Eleitoral por falsificar faturas de energia para transferir domic\u00edlios de eleitores de forma irregular. A C\u00e2mara de Vereadores de Pedras Grandes oficializou, nesta semana, a perda do mandato de Loreci de Medeiros (PL). O pol\u00edtico, que ocupava o cargo de 1\u00ba secret\u00e1rio da Mesa Diretora, teve sua vac\u00e2ncia declarada &hellip; Giro Politico &#8211; Vereador do PL perde mandato em Pedras Grandes Read More &raquo;","og_url":"https:\/\/sulsc.com\/index.php\/2026\/03\/04\/giro-politico-vereador-do-pl-perde-mandato-em-pedras-grandes\/","article_published_time":"2026-03-04T21:13:30+00:00","og_image":[{"width":1078,"height":1239,"url":"http:\/\/sulsc.com\/wp-content\/uploads\/2026\/03\/905f5bda-f584-43ab-8d5e-ae6d5b204e6e.jpeg","type":"image\/jpeg"}],"author":"Giro Pol\u00edtico","twitter_card":"summary_large_image","twitter_misc":{"Written by":"Giro Pol\u00edtico","Est. reading time":"2 minutes"},"schema":{"@context":"https:\/\/schema.org","@graph":[{"@type":"WebPage","@id":"https:\/\/sulsc.com\/index.php\/2026\/03\/04\/giro-politico-vereador-do-pl-perde-mandato-em-pedras-grandes\/","url":"https:\/\/sulsc.com\/index.php\/2026\/03\/04\/giro-politico-vereador-do-pl-perde-mandato-em-pedras-grandes\/","name":"Giro Politico - Vereador do PL perde mandato em Pedras Grandes -","isPartOf":{"@id":"https:\/\/sulsc.com\/#website"},"datePublished":"2026-03-04T21:13:30+00:00","dateModified":"2026-03-04T21:13:30+00:00","author":{"@id":"https:\/\/sulsc.com\/#\/schema\/person\/f75a4a6294244001f9179bdc4ed749ae"},"breadcrumb":{"@id":"https:\/\/sulsc.com\/index.php\/2026\/03\/04\/giro-politico-vereador-do-pl-perde-mandato-em-pedras-grandes\/#breadcrumb"},"inLanguage":"en-US","potentialAction":[{"@type":"ReadAction","target":["https:\/\/sulsc.com\/index.php\/2026\/03\/04\/giro-politico-vereador-do-pl-perde-mandato-em-pedras-grandes\/"]}]},{"@type":"BreadcrumbList","@id":"https:\/\/sulsc.com\/index.php\/2026\/03\/04\/giro-politico-vereador-do-pl-perde-mandato-em-pedras-grandes\/#breadcrumb","itemListElement":[{"@type":"ListItem","position":1,"name":"In\u00edcio","item":"https:\/\/sulsc.com\/"},{"@type":"ListItem","position":2,"name":"Giro Politico &#8211; Vereador do PL perde mandato em Pedras Grandes"}]},{"@type":"WebSite","@id":"https:\/\/sulsc.com\/#website","url":"https:\/\/sulsc.com\/","name":"","description":"","potentialAction":[{"@type":"SearchAction","target":{"@type":"EntryPoint","urlTemplate":"https:\/\/sulsc.com\/?s={search_term_string}"},"query-input":"required name=search_term_string"}],"inLanguage":"en-US"},{"@type":"Person","@id":"https:\/\/sulsc.com\/#\/schema\/person\/f75a4a6294244001f9179bdc4ed749ae","name":"Giro Pol\u00edtico","image":{"@type":"ImageObject","inLanguage":"en-US","@id":"https:\/\/sulsc.com\/#\/schema\/person\/image\/87f4eb049878a1df7d40178045f84702","url":"https:\/\/sulsc.com\/wp-content\/uploads\/2024\/04\/Logo-Sul-SC-1.jpg","contentUrl":"https:\/\/sulsc.com\/wp-content\/uploads\/2024\/04\/Logo-Sul-SC-1.jpg","caption":"Giro Pol\u00edtico"},"url":"https:\/\/sulsc.com\/index.php\/author\/giro\/"}]}},"authors":[],"_links":{"self":[{"href":"https:\/\/sulsc.com\/index.php\/wp-json\/wp\/v2\/posts\/32794"}],"collection":[{"href":"https:\/\/sulsc.com\/index.php\/wp-json\/wp\/v2\/posts"}],"about":[{"href":"https:\/\/sulsc.com\/index.php\/wp-json\/wp\/v2\/types\/post"}],"author":[{"embeddable":true,"href":"https:\/\/sulsc.com\/index.php\/wp-json\/wp\/v2\/users\/18"}],"replies":[{"embeddable":true,"href":"https:\/\/sulsc.com\/index.php\/wp-json\/wp\/v2\/comments?post=32794"}],"version-history":[{"count":1,"href":"https:\/\/sulsc.com\/index.php\/wp-json\/wp\/v2\/posts\/32794\/revisions"}],"predecessor-version":[{"id":32798,"href":"https:\/\/sulsc.com\/index.php\/wp-json\/wp\/v2\/posts\/32794\/revisions\/32798"}],"wp:featuredmedia":[{"embeddable":true,"href":"https:\/\/sulsc.com\/index.php\/wp-json\/wp\/v2\/media\/32795"}],"wp:attachment":[{"href":"https:\/\/sulsc.com\/index.php\/wp-json\/wp\/v2\/media?parent=32794"}],"wp:term":[{"taxonomy":"category","embeddable":true,"href":"https:\/\/sulsc.com\/index.php\/wp-json\/wp\/v2\/categories?post=32794"},{"taxonomy":"post_tag","embeddable":true,"href":"https:\/\/sulsc.com\/index.php\/wp-json\/wp\/v2\/tags?post=32794"}],"curies":[{"name":"wp","href":"https:\/\/api.w.org\/{rel}","templated":true}]}}