{"id":32799,"date":"2026-03-04T18:28:09","date_gmt":"2026-03-04T21:28:09","guid":{"rendered":"https:\/\/sulsc.com\/?p=32799"},"modified":"2026-03-04T18:28:09","modified_gmt":"2026-03-04T21:28:09","slug":"operacao-salvaguarda-policia-civil-de-sc-combate-apologia-ao-nazismo-nesta-quarta-feira","status":"publish","type":"post","link":"https:\/\/sulsc.com\/index.php\/2026\/03\/04\/operacao-salvaguarda-policia-civil-de-sc-combate-apologia-ao-nazismo-nesta-quarta-feira\/","title":{"rendered":"Opera\u00e7\u00e3o Salvaguarda: Pol\u00edcia Civil de SC combate apologia ao nazismo nesta quarta-feira"},"content":{"rendered":"<p>A Pol\u00edcia Civil de Santa Catarina deflagrou, na manh\u00e3 desta quarta-feira (4), a<strong> Opera\u00e7\u00e3o Salvaguarda<\/strong> com o objetivo de reprimir a apologia ao nazismo, conter a dissemina\u00e7\u00e3o de ideologias extremistas e prevenir poss\u00edveis ataques violentos.\u00a0Coordenada pela Delegacia de Repress\u00e3o ao Racismo e a Delitos de Intoler\u00e2ncia (DRRDI\/DEIC), com apoio das unidades da Pol\u00edcia Civil em Blumenau, Videira e Tangar\u00e1, a a\u00e7\u00e3o cumpriu mandados de busca e apreens\u00e3o nas cidades de Blumenau e Videira.<\/p>\n<div id=\"metaslider-id-25573\" style=\"width: 100%;\" class=\"ml-slider-3-99-0 metaslider metaslider-flex metaslider-25573 ml-slider has-onhover-arrows ms-theme-default-base has-dots-nav\" role=\"region\" aria-label=\"Meio\" data-width=\"1200\">\n    <div id=\"metaslider_container_25573\">\n        <div id=\"metaslider_25573\">\n            <ul class='slides'>\n                <li style=\"display: block; width: 100%;\" class=\"slide-25684 ms-image \" aria-roledescription=\"slide\" data-date=\"2025-07-24 07:55:40\"><img src=\"https:\/\/sulsc.com\/wp-content\/uploads\/2025\/07\/Marr-2-1000x166.jpg\" height=\"200\" width=\"1200\" alt=\"\" class=\"slider-25573 slide-25684 msDefaultImage\" title=\"Marr 2\" \/><\/li>\n                <li style=\"display: none; width: 100%;\" class=\"slide-32412 ms-image \" aria-roledescription=\"slide\" data-date=\"2026-02-18 13:59:46\"><img src=\"https:\/\/sulsc.com\/wp-content\/uploads\/2026\/02\/40dc1580-cad5-4867-bc58-c4243821ad38-1000x166.jpeg\" height=\"200\" width=\"1200\" alt=\"\" class=\"slider-25573 slide-32412 msDefaultImage\" title=\"40dc1580-cad5-4867-bc58-c4243821ad38\" \/><\/li>\n                <li style=\"display: none; width: 100%;\" class=\"slide-32766 ms-image \" aria-roledescription=\"slide\" data-date=\"2026-03-03 17:22:59\"><img src=\"https:\/\/sulsc.com\/wp-content\/uploads\/2026\/03\/271ce739-f268-41c5-8051-3de1a1750359-1000x166.jpeg\" height=\"200\" width=\"1200\" alt=\"\" class=\"slider-25573 slide-32766 msDefaultImage\" title=\"271ce739-f268-41c5-8051-3de1a1750359\" \/><\/li>\n            <\/ul>\n        <\/div>\n        \n    <\/div>\n<\/div>\n<p>As investiga\u00e7\u00f5es come\u00e7aram ap\u00f3s informa\u00e7\u00f5es repassadas pela Homeland Security Investigations (HSI), ligada \u00e0 Embaixada dos Estados Unidos em Bras\u00edlia. Relat\u00f3rios da Ger\u00eancia de Cyberintelig\u00eancia (GECYBER) identificaram dois adolescentes que, em redes sociais, manifestavam inten\u00e7\u00e3o de praticar ataques em escolas e divulgavam simbologia neonazista.<\/p>\n<p>Em Blumenau, um dos investigados teria solicitado instru\u00e7\u00f5es para fabricar explosivos e utilizava c\u00f3digos associados \u00e0 supremacia branca. Em Videira, o outro adolescente mantinha conversas sobre uso de armas e treinamento t\u00e1tico, al\u00e9m de empregar refer\u00eancias ligadas ao ditador nazista Adolf Hitler.\u00a0Durante as buscas, foram apreendidos dispositivos eletr\u00f4nicos, armas brancas (canivetes, punhal e soco ingl\u00eas), subst\u00e2ncias com potencial para produ\u00e7\u00e3o de explosivos e farto material com simbologia nazista. O conte\u00fado ser\u00e1 periciado para aprofundamento das investiga\u00e7\u00f5es, que apuram atos infracionais an\u00e1logos aos crimes previstos na Lei n\u00ba 7.716\/1989.<\/p>\n<p><img fetchpriority=\"high\" decoding=\"async\" class=\"aligncenter size-full wp-image-32801\" src=\"http:\/\/sulsc.com\/wp-content\/uploads\/2026\/03\/f2c68c9b-cc02-4e9a-9a72-387a3a1a34a5.jpeg\" alt=\"\" width=\"1080\" height=\"828\" srcset=\"https:\/\/sulsc.com\/wp-content\/uploads\/2026\/03\/f2c68c9b-cc02-4e9a-9a72-387a3a1a34a5.jpeg 1080w, https:\/\/sulsc.com\/wp-content\/uploads\/2026\/03\/f2c68c9b-cc02-4e9a-9a72-387a3a1a34a5-300x230.jpeg 300w, https:\/\/sulsc.com\/wp-content\/uploads\/2026\/03\/f2c68c9b-cc02-4e9a-9a72-387a3a1a34a5-1024x785.jpeg 1024w, https:\/\/sulsc.com\/wp-content\/uploads\/2026\/03\/f2c68c9b-cc02-4e9a-9a72-387a3a1a34a5-768x589.jpeg 768w\" sizes=\"(max-width: 1080px) 100vw, 1080px\" \/><\/p>\n<p>&nbsp;<\/p>\n<p>PCSC\/Divulga\u00e7\u00e3o\/SulSC<\/p>\n","protected":false},"excerpt":{"rendered":"<p>A Pol\u00edcia Civil de Santa Catarina deflagrou, na manh\u00e3 desta quarta-feira (4), a Opera\u00e7\u00e3o Salvaguarda com o objetivo de reprimir a apologia ao nazismo, conter a dissemina\u00e7\u00e3o de ideologias extremistas e prevenir poss\u00edveis ataques violentos.\u00a0Coordenada pela Delegacia de Repress\u00e3o ao Racismo e a Delitos de Intoler\u00e2ncia (DRRDI\/DEIC), com apoio das unidades da Pol\u00edcia Civil em &hellip;<\/p>\n<p class=\"read-more\"> <a class=\"\" href=\"https:\/\/sulsc.com\/index.php\/2026\/03\/04\/operacao-salvaguarda-policia-civil-de-sc-combate-apologia-ao-nazismo-nesta-quarta-feira\/\"> <span class=\"screen-reader-text\">Opera\u00e7\u00e3o Salvaguarda: Pol\u00edcia Civil de SC combate apologia ao nazismo nesta quarta-feira<\/span> Read More &raquo;<\/a><\/p>\n","protected":false},"author":3,"featured_media":32800,"comment_status":"open","ping_status":"open","sticky":false,"template":"","format":"standard","meta":{"site-sidebar-layout":"default","site-content-layout":"","ast-site-content-layout":"default","site-content-style":"default","site-sidebar-style":"default","ast-global-header-display":"","ast-banner-title-visibility":"","ast-main-header-display":"","ast-hfb-above-header-display":"","ast-hfb-below-header-display":"","ast-hfb-mobile-header-display":"","site-post-title":"","ast-breadcrumbs-content":"","ast-featured-img":"","footer-sml-layout":"","theme-transparent-header-meta":"default","adv-header-id-meta":"","stick-header-meta":"","header-above-stick-meta":"","header-main-stick-meta":"","header-below-stick-meta":"","astra-migrate-meta-layouts":"set","footnotes":""},"categories":[1,14,2781,12],"tags":[2785],"yoast_head":"<!-- This site is optimized with the Yoast SEO plugin v21.4 - https:\/\/yoast.com\/wordpress\/plugins\/seo\/ -->\n<title>Opera\u00e7\u00e3o Salvaguarda: Pol\u00edcia Civil de SC combate apologia ao nazismo nesta quarta-feira -<\/title>\n<meta name=\"robots\" content=\"index, follow, max-snippet:-1, max-image-preview:large, max-video-preview:-1\" \/>\n<link rel=\"canonical\" href=\"https:\/\/sulsc.com\/index.php\/2026\/03\/04\/operacao-salvaguarda-policia-civil-de-sc-combate-apologia-ao-nazismo-nesta-quarta-feira\/\" \/>\n<meta property=\"og:locale\" content=\"en_US\" \/>\n<meta property=\"og:type\" content=\"article\" \/>\n<meta property=\"og:title\" content=\"Opera\u00e7\u00e3o Salvaguarda: Pol\u00edcia Civil de SC combate apologia ao nazismo nesta quarta-feira -\" \/>\n<meta property=\"og:description\" content=\"A Pol\u00edcia Civil de Santa Catarina deflagrou, na manh\u00e3 desta quarta-feira (4), a Opera\u00e7\u00e3o Salvaguarda com o objetivo de reprimir a apologia ao nazismo, conter a dissemina\u00e7\u00e3o de ideologias extremistas e prevenir poss\u00edveis ataques violentos.\u00a0Coordenada pela Delegacia de Repress\u00e3o ao Racismo e a Delitos de Intoler\u00e2ncia (DRRDI\/DEIC), com apoio das unidades da Pol\u00edcia Civil em &hellip; Opera\u00e7\u00e3o Salvaguarda: Pol\u00edcia Civil de SC combate apologia ao nazismo nesta quarta-feira Read More &raquo;\" \/>\n<meta property=\"og:url\" content=\"https:\/\/sulsc.com\/index.php\/2026\/03\/04\/operacao-salvaguarda-policia-civil-de-sc-combate-apologia-ao-nazismo-nesta-quarta-feira\/\" \/>\n<meta property=\"article:author\" content=\"https:\/\/www.facebook.com\/profile.php?id=61559278119680\" \/>\n<meta property=\"article:published_time\" content=\"2026-03-04T21:28:09+00:00\" \/>\n<meta property=\"og:image\" content=\"http:\/\/sulsc.com\/wp-content\/uploads\/2026\/03\/b0da1183-b382-487f-8548-bb5364e02f1f.jpeg\" \/>\n\t<meta property=\"og:image:width\" content=\"1080\" \/>\n\t<meta property=\"og:image:height\" content=\"1121\" \/>\n\t<meta property=\"og:image:type\" content=\"image\/jpeg\" \/>\n<meta name=\"author\" content=\"Reda\u00e7\u00e3o Sul SC\" \/>\n<meta name=\"twitter:card\" content=\"summary_large_image\" \/>\n<meta name=\"twitter:creator\" content=\"@https:\/\/twitter.com\/PortalSulSC\" \/>\n<meta name=\"twitter:label1\" content=\"Written by\" \/>\n\t<meta name=\"twitter:data1\" content=\"Reda\u00e7\u00e3o Sul SC\" \/>\n\t<meta name=\"twitter:label2\" content=\"Est. reading time\" \/>\n\t<meta name=\"twitter:data2\" content=\"2 minutes\" \/>\n<script type=\"application\/ld+json\" class=\"yoast-schema-graph\">{\"@context\":\"https:\/\/schema.org\",\"@graph\":[{\"@type\":\"WebPage\",\"@id\":\"https:\/\/sulsc.com\/index.php\/2026\/03\/04\/operacao-salvaguarda-policia-civil-de-sc-combate-apologia-ao-nazismo-nesta-quarta-feira\/\",\"url\":\"https:\/\/sulsc.com\/index.php\/2026\/03\/04\/operacao-salvaguarda-policia-civil-de-sc-combate-apologia-ao-nazismo-nesta-quarta-feira\/\",\"name\":\"Opera\u00e7\u00e3o Salvaguarda: Pol\u00edcia Civil de SC combate apologia ao nazismo nesta quarta-feira -\",\"isPartOf\":{\"@id\":\"https:\/\/sulsc.com\/#website\"},\"datePublished\":\"2026-03-04T21:28:09+00:00\",\"dateModified\":\"2026-03-04T21:28:09+00:00\",\"author\":{\"@id\":\"https:\/\/sulsc.com\/#\/schema\/person\/84d2fc571684f6248ba83092f07750a3\"},\"breadcrumb\":{\"@id\":\"https:\/\/sulsc.com\/index.php\/2026\/03\/04\/operacao-salvaguarda-policia-civil-de-sc-combate-apologia-ao-nazismo-nesta-quarta-feira\/#breadcrumb\"},\"inLanguage\":\"en-US\",\"potentialAction\":[{\"@type\":\"ReadAction\",\"target\":[\"https:\/\/sulsc.com\/index.php\/2026\/03\/04\/operacao-salvaguarda-policia-civil-de-sc-combate-apologia-ao-nazismo-nesta-quarta-feira\/\"]}]},{\"@type\":\"BreadcrumbList\",\"@id\":\"https:\/\/sulsc.com\/index.php\/2026\/03\/04\/operacao-salvaguarda-policia-civil-de-sc-combate-apologia-ao-nazismo-nesta-quarta-feira\/#breadcrumb\",\"itemListElement\":[{\"@type\":\"ListItem\",\"position\":1,\"name\":\"In\u00edcio\",\"item\":\"https:\/\/sulsc.com\/\"},{\"@type\":\"ListItem\",\"position\":2,\"name\":\"Opera\u00e7\u00e3o Salvaguarda: Pol\u00edcia Civil de SC combate apologia ao nazismo nesta quarta-feira\"}]},{\"@type\":\"WebSite\",\"@id\":\"https:\/\/sulsc.com\/#website\",\"url\":\"https:\/\/sulsc.com\/\",\"name\":\"\",\"description\":\"\",\"potentialAction\":[{\"@type\":\"SearchAction\",\"target\":{\"@type\":\"EntryPoint\",\"urlTemplate\":\"https:\/\/sulsc.com\/?s={search_term_string}\"},\"query-input\":\"required name=search_term_string\"}],\"inLanguage\":\"en-US\"},{\"@type\":\"Person\",\"@id\":\"https:\/\/sulsc.com\/#\/schema\/person\/84d2fc571684f6248ba83092f07750a3\",\"name\":\"Reda\u00e7\u00e3o Sul SC\",\"image\":{\"@type\":\"ImageObject\",\"inLanguage\":\"en-US\",\"@id\":\"https:\/\/sulsc.com\/#\/schema\/person\/image\/e08d7fe2cc4ed596372063bbe852b8d0\",\"url\":\"https:\/\/sulsc.com\/wp-content\/uploads\/2023\/09\/redacao.png\",\"contentUrl\":\"https:\/\/sulsc.com\/wp-content\/uploads\/2023\/09\/redacao.png\",\"caption\":\"Reda\u00e7\u00e3o Sul SC\"},\"description\":\"Foco em um jornalismo imparcial, voltado \u00e0 qualidade dos seus conte\u00fados e, assim, levar informa\u00e7\u00e3o de valor que agregue \u00e0 vida dos leitores. Esta \u00e9 grande miss\u00e3o do Portal de Not\u00edcias Sul SC. N\u00e3o \u00e9 quantidade que muda o mundo, sempre foi e seguir\u00e1 sendo qualidade!\",\"sameAs\":[\"https:\/\/sulsc.com\/\",\"https:\/\/www.facebook.com\/profile.php?id=61559278119680\",\"https:\/\/www.instagram.com\/sulscportal\/?hl=pt-br\",\"https:\/\/twitter.com\/https:\/\/twitter.com\/PortalSulSC\",\"https:\/\/www.youtube.com\/channel\/UCv_BE8GeySluDov2n8qhVmw\"],\"url\":\"https:\/\/sulsc.com\/index.php\/author\/redacao\/\"}]}<\/script>\n<!-- \/ Yoast SEO plugin. -->","yoast_head_json":{"title":"Opera\u00e7\u00e3o Salvaguarda: Pol\u00edcia Civil de SC combate apologia ao nazismo nesta quarta-feira -","robots":{"index":"index","follow":"follow","max-snippet":"max-snippet:-1","max-image-preview":"max-image-preview:large","max-video-preview":"max-video-preview:-1"},"canonical":"https:\/\/sulsc.com\/index.php\/2026\/03\/04\/operacao-salvaguarda-policia-civil-de-sc-combate-apologia-ao-nazismo-nesta-quarta-feira\/","og_locale":"en_US","og_type":"article","og_title":"Opera\u00e7\u00e3o Salvaguarda: Pol\u00edcia Civil de SC combate apologia ao nazismo nesta quarta-feira -","og_description":"A Pol\u00edcia Civil de Santa Catarina deflagrou, na manh\u00e3 desta quarta-feira (4), a Opera\u00e7\u00e3o Salvaguarda com o objetivo de reprimir a apologia ao nazismo, conter a dissemina\u00e7\u00e3o de ideologias extremistas e prevenir poss\u00edveis ataques violentos.\u00a0Coordenada pela Delegacia de Repress\u00e3o ao Racismo e a Delitos de Intoler\u00e2ncia (DRRDI\/DEIC), com apoio das unidades da Pol\u00edcia Civil em &hellip; Opera\u00e7\u00e3o Salvaguarda: Pol\u00edcia Civil de SC combate apologia ao nazismo nesta quarta-feira Read More &raquo;","og_url":"https:\/\/sulsc.com\/index.php\/2026\/03\/04\/operacao-salvaguarda-policia-civil-de-sc-combate-apologia-ao-nazismo-nesta-quarta-feira\/","article_author":"https:\/\/www.facebook.com\/profile.php?id=61559278119680","article_published_time":"2026-03-04T21:28:09+00:00","og_image":[{"width":1080,"height":1121,"url":"http:\/\/sulsc.com\/wp-content\/uploads\/2026\/03\/b0da1183-b382-487f-8548-bb5364e02f1f.jpeg","type":"image\/jpeg"}],"author":"Reda\u00e7\u00e3o Sul SC","twitter_card":"summary_large_image","twitter_creator":"@https:\/\/twitter.com\/PortalSulSC","twitter_misc":{"Written by":"Reda\u00e7\u00e3o Sul SC","Est. reading time":"2 minutes"},"schema":{"@context":"https:\/\/schema.org","@graph":[{"@type":"WebPage","@id":"https:\/\/sulsc.com\/index.php\/2026\/03\/04\/operacao-salvaguarda-policia-civil-de-sc-combate-apologia-ao-nazismo-nesta-quarta-feira\/","url":"https:\/\/sulsc.com\/index.php\/2026\/03\/04\/operacao-salvaguarda-policia-civil-de-sc-combate-apologia-ao-nazismo-nesta-quarta-feira\/","name":"Opera\u00e7\u00e3o Salvaguarda: Pol\u00edcia Civil de SC combate apologia ao nazismo nesta quarta-feira -","isPartOf":{"@id":"https:\/\/sulsc.com\/#website"},"datePublished":"2026-03-04T21:28:09+00:00","dateModified":"2026-03-04T21:28:09+00:00","author":{"@id":"https:\/\/sulsc.com\/#\/schema\/person\/84d2fc571684f6248ba83092f07750a3"},"breadcrumb":{"@id":"https:\/\/sulsc.com\/index.php\/2026\/03\/04\/operacao-salvaguarda-policia-civil-de-sc-combate-apologia-ao-nazismo-nesta-quarta-feira\/#breadcrumb"},"inLanguage":"en-US","potentialAction":[{"@type":"ReadAction","target":["https:\/\/sulsc.com\/index.php\/2026\/03\/04\/operacao-salvaguarda-policia-civil-de-sc-combate-apologia-ao-nazismo-nesta-quarta-feira\/"]}]},{"@type":"BreadcrumbList","@id":"https:\/\/sulsc.com\/index.php\/2026\/03\/04\/operacao-salvaguarda-policia-civil-de-sc-combate-apologia-ao-nazismo-nesta-quarta-feira\/#breadcrumb","itemListElement":[{"@type":"ListItem","position":1,"name":"In\u00edcio","item":"https:\/\/sulsc.com\/"},{"@type":"ListItem","position":2,"name":"Opera\u00e7\u00e3o Salvaguarda: Pol\u00edcia Civil de SC combate apologia ao nazismo nesta quarta-feira"}]},{"@type":"WebSite","@id":"https:\/\/sulsc.com\/#website","url":"https:\/\/sulsc.com\/","name":"","description":"","potentialAction":[{"@type":"SearchAction","target":{"@type":"EntryPoint","urlTemplate":"https:\/\/sulsc.com\/?s={search_term_string}"},"query-input":"required name=search_term_string"}],"inLanguage":"en-US"},{"@type":"Person","@id":"https:\/\/sulsc.com\/#\/schema\/person\/84d2fc571684f6248ba83092f07750a3","name":"Reda\u00e7\u00e3o Sul SC","image":{"@type":"ImageObject","inLanguage":"en-US","@id":"https:\/\/sulsc.com\/#\/schema\/person\/image\/e08d7fe2cc4ed596372063bbe852b8d0","url":"https:\/\/sulsc.com\/wp-content\/uploads\/2023\/09\/redacao.png","contentUrl":"https:\/\/sulsc.com\/wp-content\/uploads\/2023\/09\/redacao.png","caption":"Reda\u00e7\u00e3o Sul SC"},"description":"Foco em um jornalismo imparcial, voltado \u00e0 qualidade dos seus conte\u00fados e, assim, levar informa\u00e7\u00e3o de valor que agregue \u00e0 vida dos leitores. Esta \u00e9 grande miss\u00e3o do Portal de Not\u00edcias Sul SC. N\u00e3o \u00e9 quantidade que muda o mundo, sempre foi e seguir\u00e1 sendo qualidade!","sameAs":["https:\/\/sulsc.com\/","https:\/\/www.facebook.com\/profile.php?id=61559278119680","https:\/\/www.instagram.com\/sulscportal\/?hl=pt-br","https:\/\/twitter.com\/https:\/\/twitter.com\/PortalSulSC","https:\/\/www.youtube.com\/channel\/UCv_BE8GeySluDov2n8qhVmw"],"url":"https:\/\/sulsc.com\/index.php\/author\/redacao\/"}]}},"authors":[],"_links":{"self":[{"href":"https:\/\/sulsc.com\/index.php\/wp-json\/wp\/v2\/posts\/32799"}],"collection":[{"href":"https:\/\/sulsc.com\/index.php\/wp-json\/wp\/v2\/posts"}],"about":[{"href":"https:\/\/sulsc.com\/index.php\/wp-json\/wp\/v2\/types\/post"}],"author":[{"embeddable":true,"href":"https:\/\/sulsc.com\/index.php\/wp-json\/wp\/v2\/users\/3"}],"replies":[{"embeddable":true,"href":"https:\/\/sulsc.com\/index.php\/wp-json\/wp\/v2\/comments?post=32799"}],"version-history":[{"count":1,"href":"https:\/\/sulsc.com\/index.php\/wp-json\/wp\/v2\/posts\/32799\/revisions"}],"predecessor-version":[{"id":32802,"href":"https:\/\/sulsc.com\/index.php\/wp-json\/wp\/v2\/posts\/32799\/revisions\/32802"}],"wp:featuredmedia":[{"embeddable":true,"href":"https:\/\/sulsc.com\/index.php\/wp-json\/wp\/v2\/media\/32800"}],"wp:attachment":[{"href":"https:\/\/sulsc.com\/index.php\/wp-json\/wp\/v2\/media?parent=32799"}],"wp:term":[{"taxonomy":"category","embeddable":true,"href":"https:\/\/sulsc.com\/index.php\/wp-json\/wp\/v2\/categories?post=32799"},{"taxonomy":"post_tag","embeddable":true,"href":"https:\/\/sulsc.com\/index.php\/wp-json\/wp\/v2\/tags?post=32799"}],"curies":[{"name":"wp","href":"https:\/\/api.w.org\/{rel}","templated":true}]}}