{"id":32806,"date":"2026-03-05T07:14:42","date_gmt":"2026-03-05T10:14:42","guid":{"rendered":"https:\/\/sulsc.com\/?p=32806"},"modified":"2026-03-05T07:14:42","modified_gmt":"2026-03-05T10:14:42","slug":"adolescentes-de-14-e-16-anos-sao-presos-em-operacao-contra-trafico-de-drogas-em-braco-do-norte","status":"publish","type":"post","link":"https:\/\/sulsc.com\/index.php\/2026\/03\/05\/adolescentes-de-14-e-16-anos-sao-presos-em-operacao-contra-trafico-de-drogas-em-braco-do-norte\/","title":{"rendered":"Adolescentes de 14 e 16 anos s\u00e3o presos em opera\u00e7\u00e3o contra tr\u00e1fico de drogas em Bra\u00e7o do Norte"},"content":{"rendered":"<p>Foi na tarde desta quarta-feira (4), policiais militares do 35\u00ba Batalh\u00e3o realizaram uma opera\u00e7\u00e3o no bairro Rio Bonito, em Bra\u00e7o do Norte, onde resultou na apreens\u00e3o de dois adolescentes envolvidos com o tr\u00e1fico de drogas. Durante rondas na \u00e1rea, os policiais avistaram os jovens saindo de um ve\u00edculo e se dirigindo a um ponto conhecido pela comercializa\u00e7\u00e3o de entorpecentes.<\/p>\n<div id=\"metaslider-id-25573\" style=\"width: 100%;\" class=\"ml-slider-3-99-0 metaslider metaslider-flex metaslider-25573 ml-slider has-onhover-arrows ms-theme-default-base has-dots-nav\" role=\"region\" aria-label=\"Meio\" data-width=\"1200\">\n    <div id=\"metaslider_container_25573\">\n        <div id=\"metaslider_25573\">\n            <ul class='slides'>\n                <li style=\"display: block; width: 100%;\" class=\"slide-25684 ms-image \" aria-roledescription=\"slide\" data-date=\"2025-07-24 07:55:40\"><img src=\"https:\/\/sulsc.com\/wp-content\/uploads\/2025\/07\/Marr-2-1000x166.jpg\" height=\"200\" width=\"1200\" alt=\"\" class=\"slider-25573 slide-25684 msDefaultImage\" title=\"Marr 2\" \/><\/li>\n                <li style=\"display: none; width: 100%;\" class=\"slide-32412 ms-image \" aria-roledescription=\"slide\" data-date=\"2026-02-18 13:59:46\"><img src=\"https:\/\/sulsc.com\/wp-content\/uploads\/2026\/02\/40dc1580-cad5-4867-bc58-c4243821ad38-1000x166.jpeg\" height=\"200\" width=\"1200\" alt=\"\" class=\"slider-25573 slide-32412 msDefaultImage\" title=\"40dc1580-cad5-4867-bc58-c4243821ad38\" \/><\/li>\n                <li style=\"display: none; width: 100%;\" class=\"slide-32766 ms-image \" aria-roledescription=\"slide\" data-date=\"2026-03-03 17:22:59\"><img src=\"https:\/\/sulsc.com\/wp-content\/uploads\/2026\/03\/271ce739-f268-41c5-8051-3de1a1750359-1000x166.jpeg\" height=\"200\" width=\"1200\" alt=\"\" class=\"slider-25573 slide-32766 msDefaultImage\" title=\"271ce739-f268-41c5-8051-3de1a1750359\" \/><\/li>\n            <\/ul>\n        <\/div>\n        \n    <\/div>\n<\/div>\n<p>Ambos os adolescentes, de 14 e 16 anos, j\u00e1 eram conhecidos pelas autoridades locais devido ao seu envolvimento com a venda de drogas. Diante da fundada suspeita, a equipe policial procedeu com a abordagem. Durante a busca pessoal, foi encontrada a quantia de R$ 130,00 em esp\u00e9cie e a chave do ve\u00edculo utilizado.<\/p>\n<p>Os pr\u00f3prios adolescentes confirmaram que estavam realizando a venda de drogas no local. Em continuidade \u00e0 a\u00e7\u00e3o, os policiais realizaram buscas em um im\u00f3vel abandonado, onde foram encontradas 27 por\u00e7\u00f5es de coca\u00edna embaladas e prontas para a venda, al\u00e9m de uma por\u00e7\u00e3o maior da mesma subst\u00e2ncia, totalizando aproximadamente 31,53 gramas.<\/p>\n<p>Ap\u00f3s a apreens\u00e3o, os adolescentes foram conduzidos \u00e0 Delegacia de Pol\u00edcia Civil de Bra\u00e7o do Norte, junto com o material apreendido, para os procedimentos legais cab\u00edveis. A opera\u00e7\u00e3o reafirma o compromisso das for\u00e7as de seguran\u00e7a na luta contra o tr\u00e1fico de drogas na regi\u00e3o.<\/p>\n<p><img fetchpriority=\"high\" decoding=\"async\" class=\"aligncenter size-full wp-image-32807\" src=\"http:\/\/sulsc.com\/wp-content\/uploads\/2026\/03\/6179966c-67b4-4b4a-8ad2-df0deb93fcd5-scaled-e1772705626545.jpeg\" alt=\"\" width=\"1425\" height=\"1838\" srcset=\"https:\/\/sulsc.com\/wp-content\/uploads\/2026\/03\/6179966c-67b4-4b4a-8ad2-df0deb93fcd5-scaled-e1772705626545.jpeg 1425w, https:\/\/sulsc.com\/wp-content\/uploads\/2026\/03\/6179966c-67b4-4b4a-8ad2-df0deb93fcd5-scaled-e1772705626545-233x300.jpeg 233w, https:\/\/sulsc.com\/wp-content\/uploads\/2026\/03\/6179966c-67b4-4b4a-8ad2-df0deb93fcd5-scaled-e1772705626545-794x1024.jpeg 794w, https:\/\/sulsc.com\/wp-content\/uploads\/2026\/03\/6179966c-67b4-4b4a-8ad2-df0deb93fcd5-scaled-e1772705626545-768x991.jpeg 768w, https:\/\/sulsc.com\/wp-content\/uploads\/2026\/03\/6179966c-67b4-4b4a-8ad2-df0deb93fcd5-scaled-e1772705626545-1191x1536.jpeg 1191w\" sizes=\"(max-width: 1425px) 100vw, 1425px\" \/><\/p>\n<p>PMSC\/Divulga\u00e7\u00e3o\/SulSC<\/p>\n","protected":false},"excerpt":{"rendered":"<p>Foi na tarde desta quarta-feira (4), policiais militares do 35\u00ba Batalh\u00e3o realizaram uma opera\u00e7\u00e3o no bairro Rio Bonito, em Bra\u00e7o do Norte, onde resultou na apreens\u00e3o de dois adolescentes envolvidos com o tr\u00e1fico de drogas. Durante rondas na \u00e1rea, os policiais avistaram os jovens saindo de um ve\u00edculo e se dirigindo a um ponto conhecido &hellip;<\/p>\n<p class=\"read-more\"> <a class=\"\" href=\"https:\/\/sulsc.com\/index.php\/2026\/03\/05\/adolescentes-de-14-e-16-anos-sao-presos-em-operacao-contra-trafico-de-drogas-em-braco-do-norte\/\"> <span class=\"screen-reader-text\">Adolescentes de 14 e 16 anos s\u00e3o presos em opera\u00e7\u00e3o contra tr\u00e1fico de drogas em Bra\u00e7o do Norte<\/span> Read More &raquo;<\/a><\/p>\n","protected":false},"author":3,"featured_media":22534,"comment_status":"open","ping_status":"open","sticky":false,"template":"","format":"standard","meta":{"site-sidebar-layout":"default","site-content-layout":"","ast-site-content-layout":"default","site-content-style":"default","site-sidebar-style":"default","ast-global-header-display":"","ast-banner-title-visibility":"","ast-main-header-display":"","ast-hfb-above-header-display":"","ast-hfb-below-header-display":"","ast-hfb-mobile-header-display":"","site-post-title":"","ast-breadcrumbs-content":"","ast-featured-img":"","footer-sml-layout":"","theme-transparent-header-meta":"default","adv-header-id-meta":"","stick-header-meta":"","header-above-stick-meta":"","header-main-stick-meta":"","header-below-stick-meta":"","astra-migrate-meta-layouts":"set","footnotes":""},"categories":[2354,2282,14,2782,12],"tags":[309],"yoast_head":"<!-- This site is optimized with the Yoast SEO plugin v21.4 - https:\/\/yoast.com\/wordpress\/plugins\/seo\/ -->\n<title>Adolescentes de 14 e 16 anos s\u00e3o presos em opera\u00e7\u00e3o contra tr\u00e1fico de drogas em Bra\u00e7o do Norte -<\/title>\n<meta name=\"robots\" content=\"index, follow, max-snippet:-1, max-image-preview:large, max-video-preview:-1\" \/>\n<link rel=\"canonical\" href=\"https:\/\/sulsc.com\/index.php\/2026\/03\/05\/adolescentes-de-14-e-16-anos-sao-presos-em-operacao-contra-trafico-de-drogas-em-braco-do-norte\/\" \/>\n<meta property=\"og:locale\" content=\"en_US\" \/>\n<meta property=\"og:type\" content=\"article\" \/>\n<meta property=\"og:title\" content=\"Adolescentes de 14 e 16 anos s\u00e3o presos em opera\u00e7\u00e3o contra tr\u00e1fico de drogas em Bra\u00e7o do Norte -\" \/>\n<meta property=\"og:description\" content=\"Foi na tarde desta quarta-feira (4), policiais militares do 35\u00ba Batalh\u00e3o realizaram uma opera\u00e7\u00e3o no bairro Rio Bonito, em Bra\u00e7o do Norte, onde resultou na apreens\u00e3o de dois adolescentes envolvidos com o tr\u00e1fico de drogas. Durante rondas na \u00e1rea, os policiais avistaram os jovens saindo de um ve\u00edculo e se dirigindo a um ponto conhecido &hellip; Adolescentes de 14 e 16 anos s\u00e3o presos em opera\u00e7\u00e3o contra tr\u00e1fico de drogas em Bra\u00e7o do Norte Read More &raquo;\" \/>\n<meta property=\"og:url\" content=\"https:\/\/sulsc.com\/index.php\/2026\/03\/05\/adolescentes-de-14-e-16-anos-sao-presos-em-operacao-contra-trafico-de-drogas-em-braco-do-norte\/\" \/>\n<meta property=\"article:author\" content=\"https:\/\/www.facebook.com\/profile.php?id=61559278119680\" \/>\n<meta property=\"article:published_time\" content=\"2026-03-05T10:14:42+00:00\" \/>\n<meta property=\"og:image\" content=\"http:\/\/sulsc.com\/wp-content\/uploads\/2025\/04\/PM-5.jpg\" \/>\n\t<meta property=\"og:image:width\" content=\"1080\" \/>\n\t<meta property=\"og:image:height\" content=\"678\" \/>\n\t<meta property=\"og:image:type\" content=\"image\/jpeg\" \/>\n<meta name=\"author\" content=\"Reda\u00e7\u00e3o Sul SC\" \/>\n<meta name=\"twitter:card\" content=\"summary_large_image\" \/>\n<meta name=\"twitter:creator\" content=\"@https:\/\/twitter.com\/PortalSulSC\" \/>\n<meta name=\"twitter:label1\" content=\"Written by\" \/>\n\t<meta name=\"twitter:data1\" content=\"Reda\u00e7\u00e3o Sul SC\" \/>\n\t<meta name=\"twitter:label2\" content=\"Est. reading time\" \/>\n\t<meta name=\"twitter:data2\" content=\"2 minutes\" \/>\n<script type=\"application\/ld+json\" class=\"yoast-schema-graph\">{\"@context\":\"https:\/\/schema.org\",\"@graph\":[{\"@type\":\"WebPage\",\"@id\":\"https:\/\/sulsc.com\/index.php\/2026\/03\/05\/adolescentes-de-14-e-16-anos-sao-presos-em-operacao-contra-trafico-de-drogas-em-braco-do-norte\/\",\"url\":\"https:\/\/sulsc.com\/index.php\/2026\/03\/05\/adolescentes-de-14-e-16-anos-sao-presos-em-operacao-contra-trafico-de-drogas-em-braco-do-norte\/\",\"name\":\"Adolescentes de 14 e 16 anos s\u00e3o presos em opera\u00e7\u00e3o contra tr\u00e1fico de drogas em Bra\u00e7o do Norte -\",\"isPartOf\":{\"@id\":\"https:\/\/sulsc.com\/#website\"},\"datePublished\":\"2026-03-05T10:14:42+00:00\",\"dateModified\":\"2026-03-05T10:14:42+00:00\",\"author\":{\"@id\":\"https:\/\/sulsc.com\/#\/schema\/person\/84d2fc571684f6248ba83092f07750a3\"},\"breadcrumb\":{\"@id\":\"https:\/\/sulsc.com\/index.php\/2026\/03\/05\/adolescentes-de-14-e-16-anos-sao-presos-em-operacao-contra-trafico-de-drogas-em-braco-do-norte\/#breadcrumb\"},\"inLanguage\":\"en-US\",\"potentialAction\":[{\"@type\":\"ReadAction\",\"target\":[\"https:\/\/sulsc.com\/index.php\/2026\/03\/05\/adolescentes-de-14-e-16-anos-sao-presos-em-operacao-contra-trafico-de-drogas-em-braco-do-norte\/\"]}]},{\"@type\":\"BreadcrumbList\",\"@id\":\"https:\/\/sulsc.com\/index.php\/2026\/03\/05\/adolescentes-de-14-e-16-anos-sao-presos-em-operacao-contra-trafico-de-drogas-em-braco-do-norte\/#breadcrumb\",\"itemListElement\":[{\"@type\":\"ListItem\",\"position\":1,\"name\":\"In\u00edcio\",\"item\":\"https:\/\/sulsc.com\/\"},{\"@type\":\"ListItem\",\"position\":2,\"name\":\"Adolescentes de 14 e 16 anos s\u00e3o presos em opera\u00e7\u00e3o contra tr\u00e1fico de drogas em Bra\u00e7o do Norte\"}]},{\"@type\":\"WebSite\",\"@id\":\"https:\/\/sulsc.com\/#website\",\"url\":\"https:\/\/sulsc.com\/\",\"name\":\"\",\"description\":\"\",\"potentialAction\":[{\"@type\":\"SearchAction\",\"target\":{\"@type\":\"EntryPoint\",\"urlTemplate\":\"https:\/\/sulsc.com\/?s={search_term_string}\"},\"query-input\":\"required name=search_term_string\"}],\"inLanguage\":\"en-US\"},{\"@type\":\"Person\",\"@id\":\"https:\/\/sulsc.com\/#\/schema\/person\/84d2fc571684f6248ba83092f07750a3\",\"name\":\"Reda\u00e7\u00e3o Sul SC\",\"image\":{\"@type\":\"ImageObject\",\"inLanguage\":\"en-US\",\"@id\":\"https:\/\/sulsc.com\/#\/schema\/person\/image\/e08d7fe2cc4ed596372063bbe852b8d0\",\"url\":\"https:\/\/sulsc.com\/wp-content\/uploads\/2023\/09\/redacao.png\",\"contentUrl\":\"https:\/\/sulsc.com\/wp-content\/uploads\/2023\/09\/redacao.png\",\"caption\":\"Reda\u00e7\u00e3o Sul SC\"},\"description\":\"Foco em um jornalismo imparcial, voltado \u00e0 qualidade dos seus conte\u00fados e, assim, levar informa\u00e7\u00e3o de valor que agregue \u00e0 vida dos leitores. Esta \u00e9 grande miss\u00e3o do Portal de Not\u00edcias Sul SC. N\u00e3o \u00e9 quantidade que muda o mundo, sempre foi e seguir\u00e1 sendo qualidade!\",\"sameAs\":[\"https:\/\/sulsc.com\/\",\"https:\/\/www.facebook.com\/profile.php?id=61559278119680\",\"https:\/\/www.instagram.com\/sulscportal\/?hl=pt-br\",\"https:\/\/twitter.com\/https:\/\/twitter.com\/PortalSulSC\",\"https:\/\/www.youtube.com\/channel\/UCv_BE8GeySluDov2n8qhVmw\"],\"url\":\"https:\/\/sulsc.com\/index.php\/author\/redacao\/\"}]}<\/script>\n<!-- \/ Yoast SEO plugin. -->","yoast_head_json":{"title":"Adolescentes de 14 e 16 anos s\u00e3o presos em opera\u00e7\u00e3o contra tr\u00e1fico de drogas em Bra\u00e7o do Norte -","robots":{"index":"index","follow":"follow","max-snippet":"max-snippet:-1","max-image-preview":"max-image-preview:large","max-video-preview":"max-video-preview:-1"},"canonical":"https:\/\/sulsc.com\/index.php\/2026\/03\/05\/adolescentes-de-14-e-16-anos-sao-presos-em-operacao-contra-trafico-de-drogas-em-braco-do-norte\/","og_locale":"en_US","og_type":"article","og_title":"Adolescentes de 14 e 16 anos s\u00e3o presos em opera\u00e7\u00e3o contra tr\u00e1fico de drogas em Bra\u00e7o do Norte -","og_description":"Foi na tarde desta quarta-feira (4), policiais militares do 35\u00ba Batalh\u00e3o realizaram uma opera\u00e7\u00e3o no bairro Rio Bonito, em Bra\u00e7o do Norte, onde resultou na apreens\u00e3o de dois adolescentes envolvidos com o tr\u00e1fico de drogas. Durante rondas na \u00e1rea, os policiais avistaram os jovens saindo de um ve\u00edculo e se dirigindo a um ponto conhecido &hellip; Adolescentes de 14 e 16 anos s\u00e3o presos em opera\u00e7\u00e3o contra tr\u00e1fico de drogas em Bra\u00e7o do Norte Read More &raquo;","og_url":"https:\/\/sulsc.com\/index.php\/2026\/03\/05\/adolescentes-de-14-e-16-anos-sao-presos-em-operacao-contra-trafico-de-drogas-em-braco-do-norte\/","article_author":"https:\/\/www.facebook.com\/profile.php?id=61559278119680","article_published_time":"2026-03-05T10:14:42+00:00","og_image":[{"width":1080,"height":678,"url":"http:\/\/sulsc.com\/wp-content\/uploads\/2025\/04\/PM-5.jpg","type":"image\/jpeg"}],"author":"Reda\u00e7\u00e3o Sul SC","twitter_card":"summary_large_image","twitter_creator":"@https:\/\/twitter.com\/PortalSulSC","twitter_misc":{"Written by":"Reda\u00e7\u00e3o Sul SC","Est. reading time":"2 minutes"},"schema":{"@context":"https:\/\/schema.org","@graph":[{"@type":"WebPage","@id":"https:\/\/sulsc.com\/index.php\/2026\/03\/05\/adolescentes-de-14-e-16-anos-sao-presos-em-operacao-contra-trafico-de-drogas-em-braco-do-norte\/","url":"https:\/\/sulsc.com\/index.php\/2026\/03\/05\/adolescentes-de-14-e-16-anos-sao-presos-em-operacao-contra-trafico-de-drogas-em-braco-do-norte\/","name":"Adolescentes de 14 e 16 anos s\u00e3o presos em opera\u00e7\u00e3o contra tr\u00e1fico de drogas em Bra\u00e7o do Norte -","isPartOf":{"@id":"https:\/\/sulsc.com\/#website"},"datePublished":"2026-03-05T10:14:42+00:00","dateModified":"2026-03-05T10:14:42+00:00","author":{"@id":"https:\/\/sulsc.com\/#\/schema\/person\/84d2fc571684f6248ba83092f07750a3"},"breadcrumb":{"@id":"https:\/\/sulsc.com\/index.php\/2026\/03\/05\/adolescentes-de-14-e-16-anos-sao-presos-em-operacao-contra-trafico-de-drogas-em-braco-do-norte\/#breadcrumb"},"inLanguage":"en-US","potentialAction":[{"@type":"ReadAction","target":["https:\/\/sulsc.com\/index.php\/2026\/03\/05\/adolescentes-de-14-e-16-anos-sao-presos-em-operacao-contra-trafico-de-drogas-em-braco-do-norte\/"]}]},{"@type":"BreadcrumbList","@id":"https:\/\/sulsc.com\/index.php\/2026\/03\/05\/adolescentes-de-14-e-16-anos-sao-presos-em-operacao-contra-trafico-de-drogas-em-braco-do-norte\/#breadcrumb","itemListElement":[{"@type":"ListItem","position":1,"name":"In\u00edcio","item":"https:\/\/sulsc.com\/"},{"@type":"ListItem","position":2,"name":"Adolescentes de 14 e 16 anos s\u00e3o presos em opera\u00e7\u00e3o contra tr\u00e1fico de drogas em Bra\u00e7o do Norte"}]},{"@type":"WebSite","@id":"https:\/\/sulsc.com\/#website","url":"https:\/\/sulsc.com\/","name":"","description":"","potentialAction":[{"@type":"SearchAction","target":{"@type":"EntryPoint","urlTemplate":"https:\/\/sulsc.com\/?s={search_term_string}"},"query-input":"required name=search_term_string"}],"inLanguage":"en-US"},{"@type":"Person","@id":"https:\/\/sulsc.com\/#\/schema\/person\/84d2fc571684f6248ba83092f07750a3","name":"Reda\u00e7\u00e3o Sul SC","image":{"@type":"ImageObject","inLanguage":"en-US","@id":"https:\/\/sulsc.com\/#\/schema\/person\/image\/e08d7fe2cc4ed596372063bbe852b8d0","url":"https:\/\/sulsc.com\/wp-content\/uploads\/2023\/09\/redacao.png","contentUrl":"https:\/\/sulsc.com\/wp-content\/uploads\/2023\/09\/redacao.png","caption":"Reda\u00e7\u00e3o Sul SC"},"description":"Foco em um jornalismo imparcial, voltado \u00e0 qualidade dos seus conte\u00fados e, assim, levar informa\u00e7\u00e3o de valor que agregue \u00e0 vida dos leitores. Esta \u00e9 grande miss\u00e3o do Portal de Not\u00edcias Sul SC. N\u00e3o \u00e9 quantidade que muda o mundo, sempre foi e seguir\u00e1 sendo qualidade!","sameAs":["https:\/\/sulsc.com\/","https:\/\/www.facebook.com\/profile.php?id=61559278119680","https:\/\/www.instagram.com\/sulscportal\/?hl=pt-br","https:\/\/twitter.com\/https:\/\/twitter.com\/PortalSulSC","https:\/\/www.youtube.com\/channel\/UCv_BE8GeySluDov2n8qhVmw"],"url":"https:\/\/sulsc.com\/index.php\/author\/redacao\/"}]}},"authors":[],"_links":{"self":[{"href":"https:\/\/sulsc.com\/index.php\/wp-json\/wp\/v2\/posts\/32806"}],"collection":[{"href":"https:\/\/sulsc.com\/index.php\/wp-json\/wp\/v2\/posts"}],"about":[{"href":"https:\/\/sulsc.com\/index.php\/wp-json\/wp\/v2\/types\/post"}],"author":[{"embeddable":true,"href":"https:\/\/sulsc.com\/index.php\/wp-json\/wp\/v2\/users\/3"}],"replies":[{"embeddable":true,"href":"https:\/\/sulsc.com\/index.php\/wp-json\/wp\/v2\/comments?post=32806"}],"version-history":[{"count":1,"href":"https:\/\/sulsc.com\/index.php\/wp-json\/wp\/v2\/posts\/32806\/revisions"}],"predecessor-version":[{"id":32808,"href":"https:\/\/sulsc.com\/index.php\/wp-json\/wp\/v2\/posts\/32806\/revisions\/32808"}],"wp:featuredmedia":[{"embeddable":true,"href":"https:\/\/sulsc.com\/index.php\/wp-json\/wp\/v2\/media\/22534"}],"wp:attachment":[{"href":"https:\/\/sulsc.com\/index.php\/wp-json\/wp\/v2\/media?parent=32806"}],"wp:term":[{"taxonomy":"category","embeddable":true,"href":"https:\/\/sulsc.com\/index.php\/wp-json\/wp\/v2\/categories?post=32806"},{"taxonomy":"post_tag","embeddable":true,"href":"https:\/\/sulsc.com\/index.php\/wp-json\/wp\/v2\/tags?post=32806"}],"curies":[{"name":"wp","href":"https:\/\/api.w.org\/{rel}","templated":true}]}}