{"id":32809,"date":"2026-03-05T13:53:14","date_gmt":"2026-03-05T16:53:14","guid":{"rendered":"https:\/\/sulsc.com\/?p=32809"},"modified":"2026-03-05T13:53:14","modified_gmt":"2026-03-05T16:53:14","slug":"mulheres-vitimas-de-violencia-terao-acesso-a-reconstrucao-dental-atraves-do-sus","status":"publish","type":"post","link":"https:\/\/sulsc.com\/index.php\/2026\/03\/05\/mulheres-vitimas-de-violencia-terao-acesso-a-reconstrucao-dental-atraves-do-sus\/","title":{"rendered":"Mulheres v\u00edtimas de viol\u00eancia ter\u00e3o acesso a reconstru\u00e7\u00e3o dental atrav\u00e9s do SUS"},"content":{"rendered":"<p>O an\u00fancio foi feito nesta quinta-feira (5) pelo Minist\u00e9rio da Sa\u00fade.\u00a0 A a\u00e7\u00e3o faz parte do plano de trabalho anunciado ontem (4) para o enfrentamento ao feminic\u00eddio no pa\u00eds. Agora mulheres v\u00edtimas de viol\u00eancia ter\u00e3o acesso a reconstru\u00e7\u00e3o dent\u00e1ria no Sistema \u00danico de Sa\u00fade (SUS), incluindo tratamento odontol\u00f3gico integral e gratuito. Ser\u00e3o oferecidos pr\u00f3teses, implantes, restaura\u00e7\u00f5es e outros procedimentos.<\/p>\n<div id=\"metaslider-id-25573\" style=\"width: 100%;\" class=\"ml-slider-3-99-0 metaslider metaslider-flex metaslider-25573 ml-slider has-onhover-arrows ms-theme-default-base has-dots-nav\" role=\"region\" aria-label=\"Meio\" data-width=\"1200\">\n    <div id=\"metaslider_container_25573\">\n        <div id=\"metaslider_25573\">\n            <ul class='slides'>\n                <li style=\"display: block; width: 100%;\" class=\"slide-25684 ms-image \" aria-roledescription=\"slide\" data-date=\"2025-07-24 07:55:40\"><img src=\"https:\/\/sulsc.com\/wp-content\/uploads\/2025\/07\/Marr-2-1000x166.jpg\" height=\"200\" width=\"1200\" alt=\"\" class=\"slider-25573 slide-25684 msDefaultImage\" title=\"Marr 2\" \/><\/li>\n                <li style=\"display: none; width: 100%;\" class=\"slide-32412 ms-image \" aria-roledescription=\"slide\" data-date=\"2026-02-18 13:59:46\"><img src=\"https:\/\/sulsc.com\/wp-content\/uploads\/2026\/02\/40dc1580-cad5-4867-bc58-c4243821ad38-1000x166.jpeg\" height=\"200\" width=\"1200\" alt=\"\" class=\"slider-25573 slide-32412 msDefaultImage\" title=\"40dc1580-cad5-4867-bc58-c4243821ad38\" \/><\/li>\n                <li style=\"display: none; width: 100%;\" class=\"slide-32766 ms-image \" aria-roledescription=\"slide\" data-date=\"2026-03-03 17:22:59\"><img src=\"https:\/\/sulsc.com\/wp-content\/uploads\/2026\/03\/271ce739-f268-41c5-8051-3de1a1750359-1000x166.jpeg\" height=\"200\" width=\"1200\" alt=\"\" class=\"slider-25573 slide-32766 msDefaultImage\" title=\"271ce739-f268-41c5-8051-3de1a1750359\" \/><\/li>\n            <\/ul>\n        <\/div>\n        \n    <\/div>\n<\/div>\n<p>Segundo a pasta, o programa contar\u00e1 com o refor\u00e7o de 500 impressoras 3D e scanners, que funcionar\u00e3o em unidades odontol\u00f3gicas m\u00f3veis distribu\u00eddas em todo o pa\u00eds. Em 2025, foram distribu\u00eddos 400 novos ve\u00edculos e a previs\u00e3o \u00e9 que, at\u00e9 o fim deste ano, outras 800 unidades entrem em circula\u00e7\u00e3o. Mais cedo, a pasta informou que solicitou \u00e0 Organiza\u00e7\u00e3o Mundial da Sa\u00fade (OMS) a inclus\u00e3o da categoria feminic\u00eddio na Classifica\u00e7\u00e3o Internacional de Doen\u00e7as (CID-11). O objetivo \u00e9 dar maior visibilidade aos \u00f3bitos de mulheres motivados por desigualdade de g\u00eanero \u2013 atualmente registrados de forma gen\u00e9rica como agress\u00e3o.<\/p>\n<p>o ministro da Sa\u00fade, Alexandre Padilha frisou, <strong>\u201c<\/strong>Se os homens n\u00e3o se engajarem no enfrentamento \u00e0 viol\u00eancia contra as mulheres, a gente n\u00e3o vai ganhar essa batalha. As mulheres j\u00e1 lutam por isso h\u00e1 muitos anos, h\u00e1 d\u00e9cadas. Est\u00e1 na hora dos homens entrarem com mais for\u00e7a nessa luta. E a gente, que \u00e9 da \u00e1rea da sa\u00fade, mais ainda<strong>\u201d.<\/strong><\/p>\n<p><img fetchpriority=\"high\" decoding=\"async\" class=\"aligncenter size-full wp-image-32810\" src=\"http:\/\/sulsc.com\/wp-content\/uploads\/2026\/03\/d6a2731.webp\" alt=\"\" width=\"1170\" height=\"700\" srcset=\"https:\/\/sulsc.com\/wp-content\/uploads\/2026\/03\/d6a2731.webp 1170w, https:\/\/sulsc.com\/wp-content\/uploads\/2026\/03\/d6a2731-300x179.webp 300w, https:\/\/sulsc.com\/wp-content\/uploads\/2026\/03\/d6a2731-1024x613.webp 1024w, https:\/\/sulsc.com\/wp-content\/uploads\/2026\/03\/d6a2731-768x459.webp 768w\" sizes=\"(max-width: 1170px) 100vw, 1170px\" \/><\/p>\n<p>Foto: Fernando Fraz\u00e3o\/Divulga\u00e7\u00e3o\/SulSC<\/p>\n","protected":false},"excerpt":{"rendered":"<p>O an\u00fancio foi feito nesta quinta-feira (5) pelo Minist\u00e9rio da Sa\u00fade.\u00a0 A a\u00e7\u00e3o faz parte do plano de trabalho anunciado ontem (4) para o enfrentamento ao feminic\u00eddio no pa\u00eds. Agora mulheres v\u00edtimas de viol\u00eancia ter\u00e3o acesso a reconstru\u00e7\u00e3o dent\u00e1ria no Sistema \u00danico de Sa\u00fade (SUS), incluindo tratamento odontol\u00f3gico integral e gratuito. Ser\u00e3o oferecidos pr\u00f3teses, implantes, &hellip;<\/p>\n<p class=\"read-more\"> <a class=\"\" href=\"https:\/\/sulsc.com\/index.php\/2026\/03\/05\/mulheres-vitimas-de-violencia-terao-acesso-a-reconstrucao-dental-atraves-do-sus\/\"> <span class=\"screen-reader-text\">Mulheres v\u00edtimas de viol\u00eancia ter\u00e3o acesso a reconstru\u00e7\u00e3o dental atrav\u00e9s do SUS<\/span> Read More &raquo;<\/a><\/p>\n","protected":false},"author":3,"featured_media":32810,"comment_status":"open","ping_status":"open","sticky":false,"template":"","format":"standard","meta":{"site-sidebar-layout":"default","site-content-layout":"","ast-site-content-layout":"default","site-content-style":"default","site-sidebar-style":"default","ast-global-header-display":"","ast-banner-title-visibility":"","ast-main-header-display":"","ast-hfb-above-header-display":"","ast-hfb-below-header-display":"","ast-hfb-mobile-header-display":"","site-post-title":"","ast-breadcrumbs-content":"","ast-featured-img":"","footer-sml-layout":"","theme-transparent-header-meta":"default","adv-header-id-meta":"","stick-header-meta":"","header-above-stick-meta":"","header-main-stick-meta":"","header-below-stick-meta":"","astra-migrate-meta-layouts":"set","footnotes":""},"categories":[1,15,2281,12],"tags":[2839,877],"yoast_head":"<!-- This site is optimized with the Yoast SEO plugin v21.4 - https:\/\/yoast.com\/wordpress\/plugins\/seo\/ -->\n<title>Mulheres v\u00edtimas de viol\u00eancia ter\u00e3o acesso a reconstru\u00e7\u00e3o dental atrav\u00e9s do SUS -<\/title>\n<meta name=\"robots\" content=\"index, follow, max-snippet:-1, max-image-preview:large, max-video-preview:-1\" \/>\n<link rel=\"canonical\" href=\"https:\/\/sulsc.com\/index.php\/2026\/03\/05\/mulheres-vitimas-de-violencia-terao-acesso-a-reconstrucao-dental-atraves-do-sus\/\" \/>\n<meta property=\"og:locale\" content=\"en_US\" \/>\n<meta property=\"og:type\" content=\"article\" \/>\n<meta property=\"og:title\" content=\"Mulheres v\u00edtimas de viol\u00eancia ter\u00e3o acesso a reconstru\u00e7\u00e3o dental atrav\u00e9s do SUS -\" \/>\n<meta property=\"og:description\" content=\"O an\u00fancio foi feito nesta quinta-feira (5) pelo Minist\u00e9rio da Sa\u00fade.\u00a0 A a\u00e7\u00e3o faz parte do plano de trabalho anunciado ontem (4) para o enfrentamento ao feminic\u00eddio no pa\u00eds. Agora mulheres v\u00edtimas de viol\u00eancia ter\u00e3o acesso a reconstru\u00e7\u00e3o dent\u00e1ria no Sistema \u00danico de Sa\u00fade (SUS), incluindo tratamento odontol\u00f3gico integral e gratuito. Ser\u00e3o oferecidos pr\u00f3teses, implantes, &hellip; Mulheres v\u00edtimas de viol\u00eancia ter\u00e3o acesso a reconstru\u00e7\u00e3o dental atrav\u00e9s do SUS Read More &raquo;\" \/>\n<meta property=\"og:url\" content=\"https:\/\/sulsc.com\/index.php\/2026\/03\/05\/mulheres-vitimas-de-violencia-terao-acesso-a-reconstrucao-dental-atraves-do-sus\/\" \/>\n<meta property=\"article:author\" content=\"https:\/\/www.facebook.com\/profile.php?id=61559278119680\" \/>\n<meta property=\"article:published_time\" content=\"2026-03-05T16:53:14+00:00\" \/>\n<meta property=\"og:image\" content=\"http:\/\/sulsc.com\/wp-content\/uploads\/2026\/03\/d6a2731.webp\" \/>\n\t<meta property=\"og:image:width\" content=\"1170\" \/>\n\t<meta property=\"og:image:height\" content=\"700\" \/>\n\t<meta property=\"og:image:type\" content=\"image\/webp\" \/>\n<meta name=\"author\" content=\"Reda\u00e7\u00e3o Sul SC\" \/>\n<meta name=\"twitter:card\" content=\"summary_large_image\" \/>\n<meta name=\"twitter:creator\" content=\"@https:\/\/twitter.com\/PortalSulSC\" \/>\n<meta name=\"twitter:label1\" content=\"Written by\" \/>\n\t<meta name=\"twitter:data1\" content=\"Reda\u00e7\u00e3o Sul SC\" \/>\n\t<meta name=\"twitter:label2\" content=\"Est. reading time\" \/>\n\t<meta name=\"twitter:data2\" content=\"2 minutes\" \/>\n<script type=\"application\/ld+json\" class=\"yoast-schema-graph\">{\"@context\":\"https:\/\/schema.org\",\"@graph\":[{\"@type\":\"WebPage\",\"@id\":\"https:\/\/sulsc.com\/index.php\/2026\/03\/05\/mulheres-vitimas-de-violencia-terao-acesso-a-reconstrucao-dental-atraves-do-sus\/\",\"url\":\"https:\/\/sulsc.com\/index.php\/2026\/03\/05\/mulheres-vitimas-de-violencia-terao-acesso-a-reconstrucao-dental-atraves-do-sus\/\",\"name\":\"Mulheres v\u00edtimas de viol\u00eancia ter\u00e3o acesso a reconstru\u00e7\u00e3o dental atrav\u00e9s do SUS -\",\"isPartOf\":{\"@id\":\"https:\/\/sulsc.com\/#website\"},\"datePublished\":\"2026-03-05T16:53:14+00:00\",\"dateModified\":\"2026-03-05T16:53:14+00:00\",\"author\":{\"@id\":\"https:\/\/sulsc.com\/#\/schema\/person\/84d2fc571684f6248ba83092f07750a3\"},\"breadcrumb\":{\"@id\":\"https:\/\/sulsc.com\/index.php\/2026\/03\/05\/mulheres-vitimas-de-violencia-terao-acesso-a-reconstrucao-dental-atraves-do-sus\/#breadcrumb\"},\"inLanguage\":\"en-US\",\"potentialAction\":[{\"@type\":\"ReadAction\",\"target\":[\"https:\/\/sulsc.com\/index.php\/2026\/03\/05\/mulheres-vitimas-de-violencia-terao-acesso-a-reconstrucao-dental-atraves-do-sus\/\"]}]},{\"@type\":\"BreadcrumbList\",\"@id\":\"https:\/\/sulsc.com\/index.php\/2026\/03\/05\/mulheres-vitimas-de-violencia-terao-acesso-a-reconstrucao-dental-atraves-do-sus\/#breadcrumb\",\"itemListElement\":[{\"@type\":\"ListItem\",\"position\":1,\"name\":\"In\u00edcio\",\"item\":\"https:\/\/sulsc.com\/\"},{\"@type\":\"ListItem\",\"position\":2,\"name\":\"Mulheres v\u00edtimas de viol\u00eancia ter\u00e3o acesso a reconstru\u00e7\u00e3o dental atrav\u00e9s do SUS\"}]},{\"@type\":\"WebSite\",\"@id\":\"https:\/\/sulsc.com\/#website\",\"url\":\"https:\/\/sulsc.com\/\",\"name\":\"\",\"description\":\"\",\"potentialAction\":[{\"@type\":\"SearchAction\",\"target\":{\"@type\":\"EntryPoint\",\"urlTemplate\":\"https:\/\/sulsc.com\/?s={search_term_string}\"},\"query-input\":\"required name=search_term_string\"}],\"inLanguage\":\"en-US\"},{\"@type\":\"Person\",\"@id\":\"https:\/\/sulsc.com\/#\/schema\/person\/84d2fc571684f6248ba83092f07750a3\",\"name\":\"Reda\u00e7\u00e3o Sul SC\",\"image\":{\"@type\":\"ImageObject\",\"inLanguage\":\"en-US\",\"@id\":\"https:\/\/sulsc.com\/#\/schema\/person\/image\/e08d7fe2cc4ed596372063bbe852b8d0\",\"url\":\"https:\/\/sulsc.com\/wp-content\/uploads\/2023\/09\/redacao.png\",\"contentUrl\":\"https:\/\/sulsc.com\/wp-content\/uploads\/2023\/09\/redacao.png\",\"caption\":\"Reda\u00e7\u00e3o Sul SC\"},\"description\":\"Foco em um jornalismo imparcial, voltado \u00e0 qualidade dos seus conte\u00fados e, assim, levar informa\u00e7\u00e3o de valor que agregue \u00e0 vida dos leitores. Esta \u00e9 grande miss\u00e3o do Portal de Not\u00edcias Sul SC. N\u00e3o \u00e9 quantidade que muda o mundo, sempre foi e seguir\u00e1 sendo qualidade!\",\"sameAs\":[\"https:\/\/sulsc.com\/\",\"https:\/\/www.facebook.com\/profile.php?id=61559278119680\",\"https:\/\/www.instagram.com\/sulscportal\/?hl=pt-br\",\"https:\/\/twitter.com\/https:\/\/twitter.com\/PortalSulSC\",\"https:\/\/www.youtube.com\/channel\/UCv_BE8GeySluDov2n8qhVmw\"],\"url\":\"https:\/\/sulsc.com\/index.php\/author\/redacao\/\"}]}<\/script>\n<!-- \/ Yoast SEO plugin. -->","yoast_head_json":{"title":"Mulheres v\u00edtimas de viol\u00eancia ter\u00e3o acesso a reconstru\u00e7\u00e3o dental atrav\u00e9s do SUS -","robots":{"index":"index","follow":"follow","max-snippet":"max-snippet:-1","max-image-preview":"max-image-preview:large","max-video-preview":"max-video-preview:-1"},"canonical":"https:\/\/sulsc.com\/index.php\/2026\/03\/05\/mulheres-vitimas-de-violencia-terao-acesso-a-reconstrucao-dental-atraves-do-sus\/","og_locale":"en_US","og_type":"article","og_title":"Mulheres v\u00edtimas de viol\u00eancia ter\u00e3o acesso a reconstru\u00e7\u00e3o dental atrav\u00e9s do SUS -","og_description":"O an\u00fancio foi feito nesta quinta-feira (5) pelo Minist\u00e9rio da Sa\u00fade.\u00a0 A a\u00e7\u00e3o faz parte do plano de trabalho anunciado ontem (4) para o enfrentamento ao feminic\u00eddio no pa\u00eds. Agora mulheres v\u00edtimas de viol\u00eancia ter\u00e3o acesso a reconstru\u00e7\u00e3o dent\u00e1ria no Sistema \u00danico de Sa\u00fade (SUS), incluindo tratamento odontol\u00f3gico integral e gratuito. Ser\u00e3o oferecidos pr\u00f3teses, implantes, &hellip; Mulheres v\u00edtimas de viol\u00eancia ter\u00e3o acesso a reconstru\u00e7\u00e3o dental atrav\u00e9s do SUS Read More &raquo;","og_url":"https:\/\/sulsc.com\/index.php\/2026\/03\/05\/mulheres-vitimas-de-violencia-terao-acesso-a-reconstrucao-dental-atraves-do-sus\/","article_author":"https:\/\/www.facebook.com\/profile.php?id=61559278119680","article_published_time":"2026-03-05T16:53:14+00:00","og_image":[{"width":1170,"height":700,"url":"http:\/\/sulsc.com\/wp-content\/uploads\/2026\/03\/d6a2731.webp","type":"image\/webp"}],"author":"Reda\u00e7\u00e3o Sul SC","twitter_card":"summary_large_image","twitter_creator":"@https:\/\/twitter.com\/PortalSulSC","twitter_misc":{"Written by":"Reda\u00e7\u00e3o Sul SC","Est. reading time":"2 minutes"},"schema":{"@context":"https:\/\/schema.org","@graph":[{"@type":"WebPage","@id":"https:\/\/sulsc.com\/index.php\/2026\/03\/05\/mulheres-vitimas-de-violencia-terao-acesso-a-reconstrucao-dental-atraves-do-sus\/","url":"https:\/\/sulsc.com\/index.php\/2026\/03\/05\/mulheres-vitimas-de-violencia-terao-acesso-a-reconstrucao-dental-atraves-do-sus\/","name":"Mulheres v\u00edtimas de viol\u00eancia ter\u00e3o acesso a reconstru\u00e7\u00e3o dental atrav\u00e9s do SUS -","isPartOf":{"@id":"https:\/\/sulsc.com\/#website"},"datePublished":"2026-03-05T16:53:14+00:00","dateModified":"2026-03-05T16:53:14+00:00","author":{"@id":"https:\/\/sulsc.com\/#\/schema\/person\/84d2fc571684f6248ba83092f07750a3"},"breadcrumb":{"@id":"https:\/\/sulsc.com\/index.php\/2026\/03\/05\/mulheres-vitimas-de-violencia-terao-acesso-a-reconstrucao-dental-atraves-do-sus\/#breadcrumb"},"inLanguage":"en-US","potentialAction":[{"@type":"ReadAction","target":["https:\/\/sulsc.com\/index.php\/2026\/03\/05\/mulheres-vitimas-de-violencia-terao-acesso-a-reconstrucao-dental-atraves-do-sus\/"]}]},{"@type":"BreadcrumbList","@id":"https:\/\/sulsc.com\/index.php\/2026\/03\/05\/mulheres-vitimas-de-violencia-terao-acesso-a-reconstrucao-dental-atraves-do-sus\/#breadcrumb","itemListElement":[{"@type":"ListItem","position":1,"name":"In\u00edcio","item":"https:\/\/sulsc.com\/"},{"@type":"ListItem","position":2,"name":"Mulheres v\u00edtimas de viol\u00eancia ter\u00e3o acesso a reconstru\u00e7\u00e3o dental atrav\u00e9s do SUS"}]},{"@type":"WebSite","@id":"https:\/\/sulsc.com\/#website","url":"https:\/\/sulsc.com\/","name":"","description":"","potentialAction":[{"@type":"SearchAction","target":{"@type":"EntryPoint","urlTemplate":"https:\/\/sulsc.com\/?s={search_term_string}"},"query-input":"required name=search_term_string"}],"inLanguage":"en-US"},{"@type":"Person","@id":"https:\/\/sulsc.com\/#\/schema\/person\/84d2fc571684f6248ba83092f07750a3","name":"Reda\u00e7\u00e3o Sul SC","image":{"@type":"ImageObject","inLanguage":"en-US","@id":"https:\/\/sulsc.com\/#\/schema\/person\/image\/e08d7fe2cc4ed596372063bbe852b8d0","url":"https:\/\/sulsc.com\/wp-content\/uploads\/2023\/09\/redacao.png","contentUrl":"https:\/\/sulsc.com\/wp-content\/uploads\/2023\/09\/redacao.png","caption":"Reda\u00e7\u00e3o Sul SC"},"description":"Foco em um jornalismo imparcial, voltado \u00e0 qualidade dos seus conte\u00fados e, assim, levar informa\u00e7\u00e3o de valor que agregue \u00e0 vida dos leitores. Esta \u00e9 grande miss\u00e3o do Portal de Not\u00edcias Sul SC. N\u00e3o \u00e9 quantidade que muda o mundo, sempre foi e seguir\u00e1 sendo qualidade!","sameAs":["https:\/\/sulsc.com\/","https:\/\/www.facebook.com\/profile.php?id=61559278119680","https:\/\/www.instagram.com\/sulscportal\/?hl=pt-br","https:\/\/twitter.com\/https:\/\/twitter.com\/PortalSulSC","https:\/\/www.youtube.com\/channel\/UCv_BE8GeySluDov2n8qhVmw"],"url":"https:\/\/sulsc.com\/index.php\/author\/redacao\/"}]}},"authors":[],"_links":{"self":[{"href":"https:\/\/sulsc.com\/index.php\/wp-json\/wp\/v2\/posts\/32809"}],"collection":[{"href":"https:\/\/sulsc.com\/index.php\/wp-json\/wp\/v2\/posts"}],"about":[{"href":"https:\/\/sulsc.com\/index.php\/wp-json\/wp\/v2\/types\/post"}],"author":[{"embeddable":true,"href":"https:\/\/sulsc.com\/index.php\/wp-json\/wp\/v2\/users\/3"}],"replies":[{"embeddable":true,"href":"https:\/\/sulsc.com\/index.php\/wp-json\/wp\/v2\/comments?post=32809"}],"version-history":[{"count":1,"href":"https:\/\/sulsc.com\/index.php\/wp-json\/wp\/v2\/posts\/32809\/revisions"}],"predecessor-version":[{"id":32811,"href":"https:\/\/sulsc.com\/index.php\/wp-json\/wp\/v2\/posts\/32809\/revisions\/32811"}],"wp:featuredmedia":[{"embeddable":true,"href":"https:\/\/sulsc.com\/index.php\/wp-json\/wp\/v2\/media\/32810"}],"wp:attachment":[{"href":"https:\/\/sulsc.com\/index.php\/wp-json\/wp\/v2\/media?parent=32809"}],"wp:term":[{"taxonomy":"category","embeddable":true,"href":"https:\/\/sulsc.com\/index.php\/wp-json\/wp\/v2\/categories?post=32809"},{"taxonomy":"post_tag","embeddable":true,"href":"https:\/\/sulsc.com\/index.php\/wp-json\/wp\/v2\/tags?post=32809"}],"curies":[{"name":"wp","href":"https:\/\/api.w.org\/{rel}","templated":true}]}}