{"id":32812,"date":"2026-03-05T14:31:55","date_gmt":"2026-03-05T17:31:55","guid":{"rendered":"https:\/\/sulsc.com\/?p=32812"},"modified":"2026-03-05T14:31:55","modified_gmt":"2026-03-05T17:31:55","slug":"operacao-minerio-do-vale-gaeco-cumpre-mandados-em-criciuma-e-cidades-do-alto-vale-catarinense","status":"publish","type":"post","link":"https:\/\/sulsc.com\/index.php\/2026\/03\/05\/operacao-minerio-do-vale-gaeco-cumpre-mandados-em-criciuma-e-cidades-do-alto-vale-catarinense\/","title":{"rendered":"Opera\u00e7\u00e3o &#8220;Min\u00e9rio do Vale&#8221;, GAECO Cumpre Mandados em Crici\u00fama e cidades do Alto Vale Catarinense"},"content":{"rendered":"<p>O Grupo de Atua\u00e7\u00e3o Especial de Combate \u00e0s Organiza\u00e7\u00f5es Criminosas (GAECO), em apoio \u00e0 investiga\u00e7\u00e3o conduzida pela Subprocuradoria-Geral para Assuntos Jur\u00eddicos do Minist\u00e9rio P\u00fablico de Santa Catarina (MPSC), deflagrou na manh\u00e3 desta quinta-feira (5), a<strong> Opera\u00e7\u00e3o \u201cMin\u00e9rio do Vale\u201d<\/strong> que apura irregularidades na explora\u00e7\u00e3o mineral em munic\u00edpio do Alto Vale do Itaja\u00ed, com desdobramento no sul do estado na cidade de Crici\u00fama.<\/p>\n<div id=\"metaslider-id-25573\" style=\"width: 100%;\" class=\"ml-slider-3-99-0 metaslider metaslider-flex metaslider-25573 ml-slider has-onhover-arrows ms-theme-default-base has-dots-nav\" role=\"region\" aria-label=\"Meio\" data-width=\"1200\">\n    <div id=\"metaslider_container_25573\">\n        <div id=\"metaslider_25573\">\n            <ul class='slides'>\n                <li style=\"display: block; width: 100%;\" class=\"slide-25684 ms-image \" aria-roledescription=\"slide\" data-date=\"2025-07-24 07:55:40\"><img src=\"https:\/\/sulsc.com\/wp-content\/uploads\/2025\/07\/Marr-2-1000x166.jpg\" height=\"200\" width=\"1200\" alt=\"\" class=\"slider-25573 slide-25684 msDefaultImage\" title=\"Marr 2\" \/><\/li>\n                <li style=\"display: none; width: 100%;\" class=\"slide-32412 ms-image \" aria-roledescription=\"slide\" data-date=\"2026-02-18 13:59:46\"><img src=\"https:\/\/sulsc.com\/wp-content\/uploads\/2026\/02\/40dc1580-cad5-4867-bc58-c4243821ad38-1000x166.jpeg\" height=\"200\" width=\"1200\" alt=\"\" class=\"slider-25573 slide-32412 msDefaultImage\" title=\"40dc1580-cad5-4867-bc58-c4243821ad38\" \/><\/li>\n                <li style=\"display: none; width: 100%;\" class=\"slide-32766 ms-image \" aria-roledescription=\"slide\" data-date=\"2026-03-03 17:22:59\"><img src=\"https:\/\/sulsc.com\/wp-content\/uploads\/2026\/03\/271ce739-f268-41c5-8051-3de1a1750359-1000x166.jpeg\" height=\"200\" width=\"1200\" alt=\"\" class=\"slider-25573 slide-32766 msDefaultImage\" title=\"271ce739-f268-41c5-8051-3de1a1750359\" \/><\/li>\n            <\/ul>\n        <\/div>\n        \n    <\/div>\n<\/div>\n<p>No total, foram cumpridos 10 mandados de busca e apreens\u00e3o em tr\u00eas munic\u00edpios catarinenses &#8211; Aurora, Navegantes e Crici\u00fama -, al\u00e9m da suspens\u00e3o das atividades de explora\u00e7\u00e3o mineral desenvolvidas pela empresa investigada, em decis\u00e3o expedida pelo Tribunal de Justi\u00e7a de Santa Catarina.\u00a0A investiga\u00e7\u00e3o demonstrou que, durante o ano de 2024, uma \u00e1rea arrendada pelo Munic\u00edpio de Aurora para a extra\u00e7\u00e3o de pedras &#8211; atividade amparada por licen\u00e7as ambientais concedidas exclusivamente ao pr\u00f3prio munic\u00edpio &#8211; passou a ser explorada irregularmente por uma empresa privada.<\/p>\n<p>Apesar de n\u00e3o possuir qualquer licen\u00e7a ambiental ou direito de lavra, essa empresa utilizava a \u00e1rea arrendada, o maquin\u00e1rio e, em diversas ocasi\u00f5es, at\u00e9 caminh\u00f5es da Prefeitura para transportar o material extra\u00eddo. Os elementos coletados indicam, ainda, o poss\u00edvel envolvimento de um ex-agente pol\u00edtico e um ex-agente p\u00fablico em conluio com particulares, voltado \u00e0 manuten\u00e7\u00e3o e ao proveito desse esquema, em preju\u00edzo ao er\u00e1rio.\u00a0Al\u00e9m disso, h\u00e1 ind\u00edcios de que ve\u00edculos, m\u00e1quinas e outras estruturas do Munic\u00edpio foram utilizados no empreendimento, caracterizando poss\u00edvel desvio de finalidade e uso indevido de bens p\u00fablicos.<\/p>\n<p><strong>Opera\u00e7\u00e3o \u201cMin\u00e9rio do Vale\u201d<\/strong><br \/>\nO nome da opera\u00e7\u00e3o foi escolhido por fazer refer\u00eancia direta ao foco central da investiga\u00e7\u00e3o, especialmente em raz\u00e3o da pr\u00e1tica de il\u00edcitos relacionados \u00e0 explora\u00e7\u00e3o irregular de uma pedreira localizada no munic\u00edpio de Aurora, no Alto Vale do Itaja\u00ed.<\/p>\n<p><img fetchpriority=\"high\" decoding=\"async\" class=\"aligncenter size-full wp-image-32814\" src=\"http:\/\/sulsc.com\/wp-content\/uploads\/2026\/03\/02006505-319e-45ce-9f00-92b10ee67f55.jpeg\" alt=\"\" width=\"1080\" height=\"1243\" srcset=\"https:\/\/sulsc.com\/wp-content\/uploads\/2026\/03\/02006505-319e-45ce-9f00-92b10ee67f55.jpeg 1080w, https:\/\/sulsc.com\/wp-content\/uploads\/2026\/03\/02006505-319e-45ce-9f00-92b10ee67f55-261x300.jpeg 261w, https:\/\/sulsc.com\/wp-content\/uploads\/2026\/03\/02006505-319e-45ce-9f00-92b10ee67f55-890x1024.jpeg 890w, https:\/\/sulsc.com\/wp-content\/uploads\/2026\/03\/02006505-319e-45ce-9f00-92b10ee67f55-768x884.jpeg 768w\" sizes=\"(max-width: 1080px) 100vw, 1080px\" \/><\/p>\n<p>&nbsp;<\/p>\n<p>Fotos: MPSC\/GAECO\/Divulga\u00e7\u00e3o\/SulSC<\/p>\n","protected":false},"excerpt":{"rendered":"<p>O Grupo de Atua\u00e7\u00e3o Especial de Combate \u00e0s Organiza\u00e7\u00f5es Criminosas (GAECO), em apoio \u00e0 investiga\u00e7\u00e3o conduzida pela Subprocuradoria-Geral para Assuntos Jur\u00eddicos do Minist\u00e9rio P\u00fablico de Santa Catarina (MPSC), deflagrou na manh\u00e3 desta quinta-feira (5), a Opera\u00e7\u00e3o \u201cMin\u00e9rio do Vale\u201d que apura irregularidades na explora\u00e7\u00e3o mineral em munic\u00edpio do Alto Vale do Itaja\u00ed, com desdobramento no &hellip;<\/p>\n<p class=\"read-more\"> <a class=\"\" href=\"https:\/\/sulsc.com\/index.php\/2026\/03\/05\/operacao-minerio-do-vale-gaeco-cumpre-mandados-em-criciuma-e-cidades-do-alto-vale-catarinense\/\"> <span class=\"screen-reader-text\">Opera\u00e7\u00e3o &#8220;Min\u00e9rio do Vale&#8221;, GAECO Cumpre Mandados em Crici\u00fama e cidades do Alto Vale Catarinense<\/span> Read More &raquo;<\/a><\/p>\n","protected":false},"author":3,"featured_media":32815,"comment_status":"open","ping_status":"open","sticky":false,"template":"","format":"standard","meta":{"site-sidebar-layout":"default","site-content-layout":"","ast-site-content-layout":"default","site-content-style":"default","site-sidebar-style":"default","ast-global-header-display":"","ast-banner-title-visibility":"","ast-main-header-display":"","ast-hfb-above-header-display":"","ast-hfb-below-header-display":"","ast-hfb-mobile-header-display":"","site-post-title":"","ast-breadcrumbs-content":"","ast-featured-img":"","footer-sml-layout":"","theme-transparent-header-meta":"default","adv-header-id-meta":"","stick-header-meta":"","header-above-stick-meta":"","header-main-stick-meta":"","header-below-stick-meta":"","astra-migrate-meta-layouts":"set","footnotes":""},"categories":[2354,23,2658,2313,14,2782,12],"tags":[2305,123,100],"yoast_head":"<!-- This site is optimized with the Yoast SEO plugin v21.4 - https:\/\/yoast.com\/wordpress\/plugins\/seo\/ -->\n<title>Opera\u00e7\u00e3o &quot;Min\u00e9rio do Vale&quot;, GAECO Cumpre Mandados em Crici\u00fama e cidades do Alto Vale Catarinense -<\/title>\n<meta name=\"robots\" content=\"index, follow, max-snippet:-1, max-image-preview:large, max-video-preview:-1\" \/>\n<link rel=\"canonical\" href=\"https:\/\/sulsc.com\/index.php\/2026\/03\/05\/operacao-minerio-do-vale-gaeco-cumpre-mandados-em-criciuma-e-cidades-do-alto-vale-catarinense\/\" \/>\n<meta property=\"og:locale\" content=\"en_US\" \/>\n<meta property=\"og:type\" content=\"article\" \/>\n<meta property=\"og:title\" content=\"Opera\u00e7\u00e3o &quot;Min\u00e9rio do Vale&quot;, GAECO Cumpre Mandados em Crici\u00fama e cidades do Alto Vale Catarinense -\" \/>\n<meta property=\"og:description\" content=\"O Grupo de Atua\u00e7\u00e3o Especial de Combate \u00e0s Organiza\u00e7\u00f5es Criminosas (GAECO), em apoio \u00e0 investiga\u00e7\u00e3o conduzida pela Subprocuradoria-Geral para Assuntos Jur\u00eddicos do Minist\u00e9rio P\u00fablico de Santa Catarina (MPSC), deflagrou na manh\u00e3 desta quinta-feira (5), a Opera\u00e7\u00e3o \u201cMin\u00e9rio do Vale\u201d que apura irregularidades na explora\u00e7\u00e3o mineral em munic\u00edpio do Alto Vale do Itaja\u00ed, com desdobramento no &hellip; Opera\u00e7\u00e3o &#8220;Min\u00e9rio do Vale&#8221;, GAECO Cumpre Mandados em Crici\u00fama e cidades do Alto Vale Catarinense Read More &raquo;\" \/>\n<meta property=\"og:url\" content=\"https:\/\/sulsc.com\/index.php\/2026\/03\/05\/operacao-minerio-do-vale-gaeco-cumpre-mandados-em-criciuma-e-cidades-do-alto-vale-catarinense\/\" \/>\n<meta property=\"article:author\" content=\"https:\/\/www.facebook.com\/profile.php?id=61559278119680\" \/>\n<meta property=\"article:published_time\" content=\"2026-03-05T17:31:55+00:00\" \/>\n<meta property=\"og:image\" content=\"http:\/\/sulsc.com\/wp-content\/uploads\/2026\/03\/41c2dd05-a014-45d1-93ed-5f81b4b7232b.jpeg\" \/>\n\t<meta property=\"og:image:width\" content=\"1080\" \/>\n\t<meta property=\"og:image:height\" content=\"1315\" \/>\n\t<meta property=\"og:image:type\" content=\"image\/jpeg\" \/>\n<meta name=\"author\" content=\"Reda\u00e7\u00e3o Sul SC\" \/>\n<meta name=\"twitter:card\" content=\"summary_large_image\" \/>\n<meta name=\"twitter:creator\" content=\"@https:\/\/twitter.com\/PortalSulSC\" \/>\n<meta name=\"twitter:label1\" content=\"Written by\" \/>\n\t<meta name=\"twitter:data1\" content=\"Reda\u00e7\u00e3o Sul SC\" \/>\n\t<meta name=\"twitter:label2\" content=\"Est. reading time\" \/>\n\t<meta name=\"twitter:data2\" content=\"2 minutes\" \/>\n<script type=\"application\/ld+json\" class=\"yoast-schema-graph\">{\"@context\":\"https:\/\/schema.org\",\"@graph\":[{\"@type\":\"WebPage\",\"@id\":\"https:\/\/sulsc.com\/index.php\/2026\/03\/05\/operacao-minerio-do-vale-gaeco-cumpre-mandados-em-criciuma-e-cidades-do-alto-vale-catarinense\/\",\"url\":\"https:\/\/sulsc.com\/index.php\/2026\/03\/05\/operacao-minerio-do-vale-gaeco-cumpre-mandados-em-criciuma-e-cidades-do-alto-vale-catarinense\/\",\"name\":\"Opera\u00e7\u00e3o \\\"Min\u00e9rio do Vale\\\", GAECO Cumpre Mandados em Crici\u00fama e cidades do Alto Vale Catarinense -\",\"isPartOf\":{\"@id\":\"https:\/\/sulsc.com\/#website\"},\"datePublished\":\"2026-03-05T17:31:55+00:00\",\"dateModified\":\"2026-03-05T17:31:55+00:00\",\"author\":{\"@id\":\"https:\/\/sulsc.com\/#\/schema\/person\/84d2fc571684f6248ba83092f07750a3\"},\"breadcrumb\":{\"@id\":\"https:\/\/sulsc.com\/index.php\/2026\/03\/05\/operacao-minerio-do-vale-gaeco-cumpre-mandados-em-criciuma-e-cidades-do-alto-vale-catarinense\/#breadcrumb\"},\"inLanguage\":\"en-US\",\"potentialAction\":[{\"@type\":\"ReadAction\",\"target\":[\"https:\/\/sulsc.com\/index.php\/2026\/03\/05\/operacao-minerio-do-vale-gaeco-cumpre-mandados-em-criciuma-e-cidades-do-alto-vale-catarinense\/\"]}]},{\"@type\":\"BreadcrumbList\",\"@id\":\"https:\/\/sulsc.com\/index.php\/2026\/03\/05\/operacao-minerio-do-vale-gaeco-cumpre-mandados-em-criciuma-e-cidades-do-alto-vale-catarinense\/#breadcrumb\",\"itemListElement\":[{\"@type\":\"ListItem\",\"position\":1,\"name\":\"In\u00edcio\",\"item\":\"https:\/\/sulsc.com\/\"},{\"@type\":\"ListItem\",\"position\":2,\"name\":\"Opera\u00e7\u00e3o &#8220;Min\u00e9rio do Vale&#8221;, GAECO Cumpre Mandados em Crici\u00fama e cidades do Alto Vale Catarinense\"}]},{\"@type\":\"WebSite\",\"@id\":\"https:\/\/sulsc.com\/#website\",\"url\":\"https:\/\/sulsc.com\/\",\"name\":\"\",\"description\":\"\",\"potentialAction\":[{\"@type\":\"SearchAction\",\"target\":{\"@type\":\"EntryPoint\",\"urlTemplate\":\"https:\/\/sulsc.com\/?s={search_term_string}\"},\"query-input\":\"required name=search_term_string\"}],\"inLanguage\":\"en-US\"},{\"@type\":\"Person\",\"@id\":\"https:\/\/sulsc.com\/#\/schema\/person\/84d2fc571684f6248ba83092f07750a3\",\"name\":\"Reda\u00e7\u00e3o Sul SC\",\"image\":{\"@type\":\"ImageObject\",\"inLanguage\":\"en-US\",\"@id\":\"https:\/\/sulsc.com\/#\/schema\/person\/image\/e08d7fe2cc4ed596372063bbe852b8d0\",\"url\":\"https:\/\/sulsc.com\/wp-content\/uploads\/2023\/09\/redacao.png\",\"contentUrl\":\"https:\/\/sulsc.com\/wp-content\/uploads\/2023\/09\/redacao.png\",\"caption\":\"Reda\u00e7\u00e3o Sul SC\"},\"description\":\"Foco em um jornalismo imparcial, voltado \u00e0 qualidade dos seus conte\u00fados e, assim, levar informa\u00e7\u00e3o de valor que agregue \u00e0 vida dos leitores. Esta \u00e9 grande miss\u00e3o do Portal de Not\u00edcias Sul SC. N\u00e3o \u00e9 quantidade que muda o mundo, sempre foi e seguir\u00e1 sendo qualidade!\",\"sameAs\":[\"https:\/\/sulsc.com\/\",\"https:\/\/www.facebook.com\/profile.php?id=61559278119680\",\"https:\/\/www.instagram.com\/sulscportal\/?hl=pt-br\",\"https:\/\/twitter.com\/https:\/\/twitter.com\/PortalSulSC\",\"https:\/\/www.youtube.com\/channel\/UCv_BE8GeySluDov2n8qhVmw\"],\"url\":\"https:\/\/sulsc.com\/index.php\/author\/redacao\/\"}]}<\/script>\n<!-- \/ Yoast SEO plugin. -->","yoast_head_json":{"title":"Opera\u00e7\u00e3o \"Min\u00e9rio do Vale\", GAECO Cumpre Mandados em Crici\u00fama e cidades do Alto Vale Catarinense -","robots":{"index":"index","follow":"follow","max-snippet":"max-snippet:-1","max-image-preview":"max-image-preview:large","max-video-preview":"max-video-preview:-1"},"canonical":"https:\/\/sulsc.com\/index.php\/2026\/03\/05\/operacao-minerio-do-vale-gaeco-cumpre-mandados-em-criciuma-e-cidades-do-alto-vale-catarinense\/","og_locale":"en_US","og_type":"article","og_title":"Opera\u00e7\u00e3o \"Min\u00e9rio do Vale\", GAECO Cumpre Mandados em Crici\u00fama e cidades do Alto Vale Catarinense -","og_description":"O Grupo de Atua\u00e7\u00e3o Especial de Combate \u00e0s Organiza\u00e7\u00f5es Criminosas (GAECO), em apoio \u00e0 investiga\u00e7\u00e3o conduzida pela Subprocuradoria-Geral para Assuntos Jur\u00eddicos do Minist\u00e9rio P\u00fablico de Santa Catarina (MPSC), deflagrou na manh\u00e3 desta quinta-feira (5), a Opera\u00e7\u00e3o \u201cMin\u00e9rio do Vale\u201d que apura irregularidades na explora\u00e7\u00e3o mineral em munic\u00edpio do Alto Vale do Itaja\u00ed, com desdobramento no &hellip; Opera\u00e7\u00e3o &#8220;Min\u00e9rio do Vale&#8221;, GAECO Cumpre Mandados em Crici\u00fama e cidades do Alto Vale Catarinense Read More &raquo;","og_url":"https:\/\/sulsc.com\/index.php\/2026\/03\/05\/operacao-minerio-do-vale-gaeco-cumpre-mandados-em-criciuma-e-cidades-do-alto-vale-catarinense\/","article_author":"https:\/\/www.facebook.com\/profile.php?id=61559278119680","article_published_time":"2026-03-05T17:31:55+00:00","og_image":[{"width":1080,"height":1315,"url":"http:\/\/sulsc.com\/wp-content\/uploads\/2026\/03\/41c2dd05-a014-45d1-93ed-5f81b4b7232b.jpeg","type":"image\/jpeg"}],"author":"Reda\u00e7\u00e3o Sul SC","twitter_card":"summary_large_image","twitter_creator":"@https:\/\/twitter.com\/PortalSulSC","twitter_misc":{"Written by":"Reda\u00e7\u00e3o Sul SC","Est. reading time":"2 minutes"},"schema":{"@context":"https:\/\/schema.org","@graph":[{"@type":"WebPage","@id":"https:\/\/sulsc.com\/index.php\/2026\/03\/05\/operacao-minerio-do-vale-gaeco-cumpre-mandados-em-criciuma-e-cidades-do-alto-vale-catarinense\/","url":"https:\/\/sulsc.com\/index.php\/2026\/03\/05\/operacao-minerio-do-vale-gaeco-cumpre-mandados-em-criciuma-e-cidades-do-alto-vale-catarinense\/","name":"Opera\u00e7\u00e3o \"Min\u00e9rio do Vale\", GAECO Cumpre Mandados em Crici\u00fama e cidades do Alto Vale Catarinense -","isPartOf":{"@id":"https:\/\/sulsc.com\/#website"},"datePublished":"2026-03-05T17:31:55+00:00","dateModified":"2026-03-05T17:31:55+00:00","author":{"@id":"https:\/\/sulsc.com\/#\/schema\/person\/84d2fc571684f6248ba83092f07750a3"},"breadcrumb":{"@id":"https:\/\/sulsc.com\/index.php\/2026\/03\/05\/operacao-minerio-do-vale-gaeco-cumpre-mandados-em-criciuma-e-cidades-do-alto-vale-catarinense\/#breadcrumb"},"inLanguage":"en-US","potentialAction":[{"@type":"ReadAction","target":["https:\/\/sulsc.com\/index.php\/2026\/03\/05\/operacao-minerio-do-vale-gaeco-cumpre-mandados-em-criciuma-e-cidades-do-alto-vale-catarinense\/"]}]},{"@type":"BreadcrumbList","@id":"https:\/\/sulsc.com\/index.php\/2026\/03\/05\/operacao-minerio-do-vale-gaeco-cumpre-mandados-em-criciuma-e-cidades-do-alto-vale-catarinense\/#breadcrumb","itemListElement":[{"@type":"ListItem","position":1,"name":"In\u00edcio","item":"https:\/\/sulsc.com\/"},{"@type":"ListItem","position":2,"name":"Opera\u00e7\u00e3o &#8220;Min\u00e9rio do Vale&#8221;, GAECO Cumpre Mandados em Crici\u00fama e cidades do Alto Vale Catarinense"}]},{"@type":"WebSite","@id":"https:\/\/sulsc.com\/#website","url":"https:\/\/sulsc.com\/","name":"","description":"","potentialAction":[{"@type":"SearchAction","target":{"@type":"EntryPoint","urlTemplate":"https:\/\/sulsc.com\/?s={search_term_string}"},"query-input":"required name=search_term_string"}],"inLanguage":"en-US"},{"@type":"Person","@id":"https:\/\/sulsc.com\/#\/schema\/person\/84d2fc571684f6248ba83092f07750a3","name":"Reda\u00e7\u00e3o Sul SC","image":{"@type":"ImageObject","inLanguage":"en-US","@id":"https:\/\/sulsc.com\/#\/schema\/person\/image\/e08d7fe2cc4ed596372063bbe852b8d0","url":"https:\/\/sulsc.com\/wp-content\/uploads\/2023\/09\/redacao.png","contentUrl":"https:\/\/sulsc.com\/wp-content\/uploads\/2023\/09\/redacao.png","caption":"Reda\u00e7\u00e3o Sul SC"},"description":"Foco em um jornalismo imparcial, voltado \u00e0 qualidade dos seus conte\u00fados e, assim, levar informa\u00e7\u00e3o de valor que agregue \u00e0 vida dos leitores. Esta \u00e9 grande miss\u00e3o do Portal de Not\u00edcias Sul SC. N\u00e3o \u00e9 quantidade que muda o mundo, sempre foi e seguir\u00e1 sendo qualidade!","sameAs":["https:\/\/sulsc.com\/","https:\/\/www.facebook.com\/profile.php?id=61559278119680","https:\/\/www.instagram.com\/sulscportal\/?hl=pt-br","https:\/\/twitter.com\/https:\/\/twitter.com\/PortalSulSC","https:\/\/www.youtube.com\/channel\/UCv_BE8GeySluDov2n8qhVmw"],"url":"https:\/\/sulsc.com\/index.php\/author\/redacao\/"}]}},"authors":[],"_links":{"self":[{"href":"https:\/\/sulsc.com\/index.php\/wp-json\/wp\/v2\/posts\/32812"}],"collection":[{"href":"https:\/\/sulsc.com\/index.php\/wp-json\/wp\/v2\/posts"}],"about":[{"href":"https:\/\/sulsc.com\/index.php\/wp-json\/wp\/v2\/types\/post"}],"author":[{"embeddable":true,"href":"https:\/\/sulsc.com\/index.php\/wp-json\/wp\/v2\/users\/3"}],"replies":[{"embeddable":true,"href":"https:\/\/sulsc.com\/index.php\/wp-json\/wp\/v2\/comments?post=32812"}],"version-history":[{"count":1,"href":"https:\/\/sulsc.com\/index.php\/wp-json\/wp\/v2\/posts\/32812\/revisions"}],"predecessor-version":[{"id":32816,"href":"https:\/\/sulsc.com\/index.php\/wp-json\/wp\/v2\/posts\/32812\/revisions\/32816"}],"wp:featuredmedia":[{"embeddable":true,"href":"https:\/\/sulsc.com\/index.php\/wp-json\/wp\/v2\/media\/32815"}],"wp:attachment":[{"href":"https:\/\/sulsc.com\/index.php\/wp-json\/wp\/v2\/media?parent=32812"}],"wp:term":[{"taxonomy":"category","embeddable":true,"href":"https:\/\/sulsc.com\/index.php\/wp-json\/wp\/v2\/categories?post=32812"},{"taxonomy":"post_tag","embeddable":true,"href":"https:\/\/sulsc.com\/index.php\/wp-json\/wp\/v2\/tags?post=32812"}],"curies":[{"name":"wp","href":"https:\/\/api.w.org\/{rel}","templated":true}]}}