{"id":32817,"date":"2026-03-06T06:40:28","date_gmt":"2026-03-06T09:40:28","guid":{"rendered":"https:\/\/sulsc.com\/?p=32817"},"modified":"2026-03-06T06:53:49","modified_gmt":"2026-03-06T09:53:49","slug":"temporais-isolados-mudam-as-condicoes-do-tempo-nesta-sexta-feira-6","status":"publish","type":"post","link":"https:\/\/sulsc.com\/index.php\/2026\/03\/06\/temporais-isolados-mudam-as-condicoes-do-tempo-nesta-sexta-feira-6\/","title":{"rendered":"Temporais isolados mudam as condi\u00e7\u00f5es do tempo nesta sexta-feira (6)"},"content":{"rendered":"<p><span dir=\"auto\" style=\"vertical-align: inherit;\"><span dir=\"auto\" style=\"vertical-align: inherit;\">Nesta sexta-feira (06), as condi\u00e7\u00f5es de tempo come\u00e7am a mudar em Santa Catarina, devido \u00e0 forma\u00e7\u00e3o de um sistema de baixa press\u00e3o no interior do continente, que aumenta as condi\u00e7\u00f5es para forma\u00e7\u00e3o de temporais com raios, rajadas de vento e eventual queda de granizo, especialmente no Grande Oeste e nas \u00e1reas que fazem divisa com o RS.<\/span><\/span><\/p>\n<p><span dir=\"auto\" style=\"vertical-align: inherit;\"><span dir=\"auto\" style=\"vertical-align: inherit;\">O risco \u00e9 baixo a moderado de ocorr\u00eancias associadas a alagamentos, danos na rede el\u00e9trica, queda de galhos e \u00e1rvores e destelhamentos.<\/span><\/span><\/p>\n<div id=\"metaslider-id-25573\" style=\"width: 100%;\" class=\"ml-slider-3-99-0 metaslider metaslider-flex metaslider-25573 ml-slider has-onhover-arrows ms-theme-default-base has-dots-nav\" role=\"region\" aria-label=\"Meio\" data-width=\"1200\">\n    <div id=\"metaslider_container_25573\">\n        <div id=\"metaslider_25573\">\n            <ul class='slides'>\n                <li style=\"display: block; width: 100%;\" class=\"slide-25684 ms-image \" aria-roledescription=\"slide\" data-date=\"2025-07-24 07:55:40\"><img src=\"https:\/\/sulsc.com\/wp-content\/uploads\/2025\/07\/Marr-2-1000x166.jpg\" height=\"200\" width=\"1200\" alt=\"\" class=\"slider-25573 slide-25684 msDefaultImage\" title=\"Marr 2\" \/><\/li>\n                <li style=\"display: none; width: 100%;\" class=\"slide-32412 ms-image \" aria-roledescription=\"slide\" data-date=\"2026-02-18 13:59:46\"><img src=\"https:\/\/sulsc.com\/wp-content\/uploads\/2026\/02\/40dc1580-cad5-4867-bc58-c4243821ad38-1000x166.jpeg\" height=\"200\" width=\"1200\" alt=\"\" class=\"slider-25573 slide-32412 msDefaultImage\" title=\"40dc1580-cad5-4867-bc58-c4243821ad38\" \/><\/li>\n                <li style=\"display: none; width: 100%;\" class=\"slide-32766 ms-image \" aria-roledescription=\"slide\" data-date=\"2026-03-03 17:22:59\"><img src=\"https:\/\/sulsc.com\/wp-content\/uploads\/2026\/03\/271ce739-f268-41c5-8051-3de1a1750359-1000x166.jpeg\" height=\"200\" width=\"1200\" alt=\"\" class=\"slider-25573 slide-32766 msDefaultImage\" title=\"271ce739-f268-41c5-8051-3de1a1750359\" \/><\/li>\n            <\/ul>\n        <\/div>\n        \n    <\/div>\n<\/div>\n<p><strong><span dir=\"auto\" style=\"vertical-align: inherit;\"><span dir=\"auto\" style=\"vertical-align: inherit;\">Temperaturas<\/span><\/span><\/strong><\/p>\n<p><span dir=\"auto\" style=\"vertical-align: inherit;\"><span dir=\"auto\" style=\"vertical-align: inherit;\">As m\u00e1ximas variam entre 33 e 35\u00b0C no Grande Oeste e ficam perto dos 30\u00b0C nas demais regi\u00f5es.<\/span><\/span><\/p>\n<p><img fetchpriority=\"high\" decoding=\"async\" class=\"aligncenter size-full wp-image-32818\" src=\"http:\/\/sulsc.com\/wp-content\/uploads\/2026\/03\/image-67-1024x696-1.png\" alt=\"\" width=\"1024\" height=\"696\" srcset=\"https:\/\/sulsc.com\/wp-content\/uploads\/2026\/03\/image-67-1024x696-1.png 1024w, https:\/\/sulsc.com\/wp-content\/uploads\/2026\/03\/image-67-1024x696-1-300x204.png 300w, https:\/\/sulsc.com\/wp-content\/uploads\/2026\/03\/image-67-1024x696-1-768x522.png 768w\" sizes=\"(max-width: 1024px) 100vw, 1024px\" \/><\/p>\n<p><img decoding=\"async\" class=\"aligncenter size-full wp-image-32517\" src=\"http:\/\/sulsc.com\/wp-content\/uploads\/2026\/02\/image-700-1536x331-14.png\" alt=\"\" width=\"1536\" height=\"331\" srcset=\"https:\/\/sulsc.com\/wp-content\/uploads\/2026\/02\/image-700-1536x331-14.png 1536w, https:\/\/sulsc.com\/wp-content\/uploads\/2026\/02\/image-700-1536x331-14-300x65.png 300w, https:\/\/sulsc.com\/wp-content\/uploads\/2026\/02\/image-700-1536x331-14-1024x221.png 1024w, https:\/\/sulsc.com\/wp-content\/uploads\/2026\/02\/image-700-1536x331-14-768x166.png 768w\" sizes=\"(max-width: 1536px) 100vw, 1536px\" \/><\/p>\n<p><strong><span dir=\"auto\" style=\"vertical-align: inherit;\"><span dir=\"auto\" style=\"vertical-align: inherit;\">Ventos:<\/span><\/span><\/strong><span dir=\"auto\" style=\"vertical-align: inherit;\"><span dir=\"auto\" style=\"vertical-align: inherit;\"> nordeste a noroeste, fraco a moderado, com rajadas.<\/span><\/span><\/p>\n<p><strong><span dir=\"auto\" style=\"vertical-align: inherit;\"><span dir=\"auto\" style=\"vertical-align: inherit;\">Sistema predominantemente:<\/span><\/span><\/strong><span dir=\"auto\" style=\"vertical-align: inherit;\"><span dir=\"auto\" style=\"vertical-align: inherit;\"> convec\u00e7\u00e3o associada ao aquecimento e forma\u00e7\u00e3o de uma baixa press\u00e3o no RS.<\/span><\/span><\/p>\n<p><strong><span dir=\"auto\" style=\"vertical-align: inherit;\"><span dir=\"auto\" style=\"vertical-align: inherit;\">Amanh\u00e3, primeiro s\u00e1bado (7)<\/span><\/span><\/strong><span dir=\"auto\" style=\"vertical-align: inherit;\"><span dir=\"auto\" style=\"vertical-align: inherit;\"> do m\u00eas de mar\u00e7o, o tempo ser\u00e1 inst\u00e1vel com varia\u00e7\u00e3o de nuvens em SC. Condi\u00e7\u00f5es de temporais isoladas com chuva intensa, raios, rajadas fortes de vento e granizo, come\u00e7ando pelo oeste e sul do estado a partir da manh\u00e3, estendendo-se a demais regi\u00f5es na tarde e noite, devido a um sistema de baixa press\u00e3o pr\u00f3ximo da costa do RS e SC. As temperaturas ser\u00e3o altas com sensa\u00e7\u00e3o de ar abafado, m\u00e1ximas de 26\u00b0C a 32\u00b0C, Ventos atuar\u00e3o de nordeste a sul, fracos a moderados, com rajadas.<\/span><\/span><\/p>\n<p><span dir=\"auto\" style=\"vertical-align: inherit;\"><span dir=\"auto\" style=\"vertical-align: inherit;\">Fontes: Defesa Civil &#8211; SC\/Epagri-Ciram<\/span><\/span><\/p>\n","protected":false},"excerpt":{"rendered":"<p>Nesta sexta-feira (06), as condi\u00e7\u00f5es de tempo come\u00e7am a mudar em Santa Catarina, devido \u00e0 forma\u00e7\u00e3o de um sistema de baixa press\u00e3o no interior do continente, que aumenta as condi\u00e7\u00f5es para forma\u00e7\u00e3o de temporais com raios, rajadas de vento e eventual queda de granizo, especialmente no Grande Oeste e nas \u00e1reas que fazem divisa com &hellip;<\/p>\n<p class=\"read-more\"> <a class=\"\" href=\"https:\/\/sulsc.com\/index.php\/2026\/03\/06\/temporais-isolados-mudam-as-condicoes-do-tempo-nesta-sexta-feira-6\/\"> <span class=\"screen-reader-text\">Temporais isolados mudam as condi\u00e7\u00f5es do tempo nesta sexta-feira (6)<\/span> Read More &raquo;<\/a><\/p>\n","protected":false},"author":3,"featured_media":13306,"comment_status":"open","ping_status":"open","sticky":false,"template":"","format":"standard","meta":{"site-sidebar-layout":"default","site-content-layout":"","ast-site-content-layout":"default","site-content-style":"default","site-sidebar-style":"default","ast-global-header-display":"","ast-banner-title-visibility":"","ast-main-header-display":"","ast-hfb-above-header-display":"","ast-hfb-below-header-display":"","ast-hfb-mobile-header-display":"","site-post-title":"","ast-breadcrumbs-content":"","ast-featured-img":"","footer-sml-layout":"","theme-transparent-header-meta":"default","adv-header-id-meta":"","stick-header-meta":"","header-above-stick-meta":"","header-main-stick-meta":"","header-below-stick-meta":"","astra-migrate-meta-layouts":"set","footnotes":""},"categories":[1,14,38,12],"tags":[1013],"yoast_head":"<!-- This site is optimized with the Yoast SEO plugin v21.4 - https:\/\/yoast.com\/wordpress\/plugins\/seo\/ -->\n<title>Temporais isolados mudam as condi\u00e7\u00f5es do tempo nesta sexta-feira (6) -<\/title>\n<meta name=\"robots\" content=\"index, follow, max-snippet:-1, max-image-preview:large, max-video-preview:-1\" \/>\n<link rel=\"canonical\" href=\"https:\/\/sulsc.com\/index.php\/2026\/03\/06\/temporais-isolados-mudam-as-condicoes-do-tempo-nesta-sexta-feira-6\/\" \/>\n<meta property=\"og:locale\" content=\"en_US\" \/>\n<meta property=\"og:type\" content=\"article\" \/>\n<meta property=\"og:title\" content=\"Temporais isolados mudam as condi\u00e7\u00f5es do tempo nesta sexta-feira (6) -\" \/>\n<meta property=\"og:description\" content=\"Nesta sexta-feira (06), as condi\u00e7\u00f5es de tempo come\u00e7am a mudar em Santa Catarina, devido \u00e0 forma\u00e7\u00e3o de um sistema de baixa press\u00e3o no interior do continente, que aumenta as condi\u00e7\u00f5es para forma\u00e7\u00e3o de temporais com raios, rajadas de vento e eventual queda de granizo, especialmente no Grande Oeste e nas \u00e1reas que fazem divisa com &hellip; Temporais isolados mudam as condi\u00e7\u00f5es do tempo nesta sexta-feira (6) Read More &raquo;\" \/>\n<meta property=\"og:url\" content=\"https:\/\/sulsc.com\/index.php\/2026\/03\/06\/temporais-isolados-mudam-as-condicoes-do-tempo-nesta-sexta-feira-6\/\" \/>\n<meta property=\"article:author\" content=\"https:\/\/www.facebook.com\/profile.php?id=61559278119680\" \/>\n<meta property=\"article:published_time\" content=\"2026-03-06T09:40:28+00:00\" \/>\n<meta property=\"article:modified_time\" content=\"2026-03-06T09:53:49+00:00\" \/>\n<meta property=\"og:image\" content=\"http:\/\/sulsc.com\/wp-content\/uploads\/2024\/06\/tempo.jpg\" \/>\n\t<meta property=\"og:image:width\" content=\"1500\" \/>\n\t<meta property=\"og:image:height\" content=\"1000\" \/>\n\t<meta property=\"og:image:type\" content=\"image\/jpeg\" \/>\n<meta name=\"author\" content=\"Reda\u00e7\u00e3o Sul SC\" \/>\n<meta name=\"twitter:card\" content=\"summary_large_image\" \/>\n<meta name=\"twitter:creator\" content=\"@https:\/\/twitter.com\/PortalSulSC\" \/>\n<meta name=\"twitter:label1\" content=\"Written by\" \/>\n\t<meta name=\"twitter:data1\" content=\"Reda\u00e7\u00e3o Sul SC\" \/>\n\t<meta name=\"twitter:label2\" content=\"Est. reading time\" \/>\n\t<meta name=\"twitter:data2\" content=\"2 minutes\" \/>\n<script type=\"application\/ld+json\" class=\"yoast-schema-graph\">{\"@context\":\"https:\/\/schema.org\",\"@graph\":[{\"@type\":\"WebPage\",\"@id\":\"https:\/\/sulsc.com\/index.php\/2026\/03\/06\/temporais-isolados-mudam-as-condicoes-do-tempo-nesta-sexta-feira-6\/\",\"url\":\"https:\/\/sulsc.com\/index.php\/2026\/03\/06\/temporais-isolados-mudam-as-condicoes-do-tempo-nesta-sexta-feira-6\/\",\"name\":\"Temporais isolados mudam as condi\u00e7\u00f5es do tempo nesta sexta-feira (6) -\",\"isPartOf\":{\"@id\":\"https:\/\/sulsc.com\/#website\"},\"datePublished\":\"2026-03-06T09:40:28+00:00\",\"dateModified\":\"2026-03-06T09:53:49+00:00\",\"author\":{\"@id\":\"https:\/\/sulsc.com\/#\/schema\/person\/84d2fc571684f6248ba83092f07750a3\"},\"breadcrumb\":{\"@id\":\"https:\/\/sulsc.com\/index.php\/2026\/03\/06\/temporais-isolados-mudam-as-condicoes-do-tempo-nesta-sexta-feira-6\/#breadcrumb\"},\"inLanguage\":\"en-US\",\"potentialAction\":[{\"@type\":\"ReadAction\",\"target\":[\"https:\/\/sulsc.com\/index.php\/2026\/03\/06\/temporais-isolados-mudam-as-condicoes-do-tempo-nesta-sexta-feira-6\/\"]}]},{\"@type\":\"BreadcrumbList\",\"@id\":\"https:\/\/sulsc.com\/index.php\/2026\/03\/06\/temporais-isolados-mudam-as-condicoes-do-tempo-nesta-sexta-feira-6\/#breadcrumb\",\"itemListElement\":[{\"@type\":\"ListItem\",\"position\":1,\"name\":\"In\u00edcio\",\"item\":\"https:\/\/sulsc.com\/\"},{\"@type\":\"ListItem\",\"position\":2,\"name\":\"Temporais isolados mudam as condi\u00e7\u00f5es do tempo nesta sexta-feira (6)\"}]},{\"@type\":\"WebSite\",\"@id\":\"https:\/\/sulsc.com\/#website\",\"url\":\"https:\/\/sulsc.com\/\",\"name\":\"\",\"description\":\"\",\"potentialAction\":[{\"@type\":\"SearchAction\",\"target\":{\"@type\":\"EntryPoint\",\"urlTemplate\":\"https:\/\/sulsc.com\/?s={search_term_string}\"},\"query-input\":\"required name=search_term_string\"}],\"inLanguage\":\"en-US\"},{\"@type\":\"Person\",\"@id\":\"https:\/\/sulsc.com\/#\/schema\/person\/84d2fc571684f6248ba83092f07750a3\",\"name\":\"Reda\u00e7\u00e3o Sul SC\",\"image\":{\"@type\":\"ImageObject\",\"inLanguage\":\"en-US\",\"@id\":\"https:\/\/sulsc.com\/#\/schema\/person\/image\/e08d7fe2cc4ed596372063bbe852b8d0\",\"url\":\"https:\/\/sulsc.com\/wp-content\/uploads\/2023\/09\/redacao.png\",\"contentUrl\":\"https:\/\/sulsc.com\/wp-content\/uploads\/2023\/09\/redacao.png\",\"caption\":\"Reda\u00e7\u00e3o Sul SC\"},\"description\":\"Foco em um jornalismo imparcial, voltado \u00e0 qualidade dos seus conte\u00fados e, assim, levar informa\u00e7\u00e3o de valor que agregue \u00e0 vida dos leitores. Esta \u00e9 grande miss\u00e3o do Portal de Not\u00edcias Sul SC. N\u00e3o \u00e9 quantidade que muda o mundo, sempre foi e seguir\u00e1 sendo qualidade!\",\"sameAs\":[\"https:\/\/sulsc.com\/\",\"https:\/\/www.facebook.com\/profile.php?id=61559278119680\",\"https:\/\/www.instagram.com\/sulscportal\/?hl=pt-br\",\"https:\/\/twitter.com\/https:\/\/twitter.com\/PortalSulSC\",\"https:\/\/www.youtube.com\/channel\/UCv_BE8GeySluDov2n8qhVmw\"],\"url\":\"https:\/\/sulsc.com\/index.php\/author\/redacao\/\"}]}<\/script>\n<!-- \/ Yoast SEO plugin. -->","yoast_head_json":{"title":"Temporais isolados mudam as condi\u00e7\u00f5es do tempo nesta sexta-feira (6) -","robots":{"index":"index","follow":"follow","max-snippet":"max-snippet:-1","max-image-preview":"max-image-preview:large","max-video-preview":"max-video-preview:-1"},"canonical":"https:\/\/sulsc.com\/index.php\/2026\/03\/06\/temporais-isolados-mudam-as-condicoes-do-tempo-nesta-sexta-feira-6\/","og_locale":"en_US","og_type":"article","og_title":"Temporais isolados mudam as condi\u00e7\u00f5es do tempo nesta sexta-feira (6) -","og_description":"Nesta sexta-feira (06), as condi\u00e7\u00f5es de tempo come\u00e7am a mudar em Santa Catarina, devido \u00e0 forma\u00e7\u00e3o de um sistema de baixa press\u00e3o no interior do continente, que aumenta as condi\u00e7\u00f5es para forma\u00e7\u00e3o de temporais com raios, rajadas de vento e eventual queda de granizo, especialmente no Grande Oeste e nas \u00e1reas que fazem divisa com &hellip; Temporais isolados mudam as condi\u00e7\u00f5es do tempo nesta sexta-feira (6) Read More &raquo;","og_url":"https:\/\/sulsc.com\/index.php\/2026\/03\/06\/temporais-isolados-mudam-as-condicoes-do-tempo-nesta-sexta-feira-6\/","article_author":"https:\/\/www.facebook.com\/profile.php?id=61559278119680","article_published_time":"2026-03-06T09:40:28+00:00","article_modified_time":"2026-03-06T09:53:49+00:00","og_image":[{"width":1500,"height":1000,"url":"http:\/\/sulsc.com\/wp-content\/uploads\/2024\/06\/tempo.jpg","type":"image\/jpeg"}],"author":"Reda\u00e7\u00e3o Sul SC","twitter_card":"summary_large_image","twitter_creator":"@https:\/\/twitter.com\/PortalSulSC","twitter_misc":{"Written by":"Reda\u00e7\u00e3o Sul SC","Est. reading time":"2 minutes"},"schema":{"@context":"https:\/\/schema.org","@graph":[{"@type":"WebPage","@id":"https:\/\/sulsc.com\/index.php\/2026\/03\/06\/temporais-isolados-mudam-as-condicoes-do-tempo-nesta-sexta-feira-6\/","url":"https:\/\/sulsc.com\/index.php\/2026\/03\/06\/temporais-isolados-mudam-as-condicoes-do-tempo-nesta-sexta-feira-6\/","name":"Temporais isolados mudam as condi\u00e7\u00f5es do tempo nesta sexta-feira (6) -","isPartOf":{"@id":"https:\/\/sulsc.com\/#website"},"datePublished":"2026-03-06T09:40:28+00:00","dateModified":"2026-03-06T09:53:49+00:00","author":{"@id":"https:\/\/sulsc.com\/#\/schema\/person\/84d2fc571684f6248ba83092f07750a3"},"breadcrumb":{"@id":"https:\/\/sulsc.com\/index.php\/2026\/03\/06\/temporais-isolados-mudam-as-condicoes-do-tempo-nesta-sexta-feira-6\/#breadcrumb"},"inLanguage":"en-US","potentialAction":[{"@type":"ReadAction","target":["https:\/\/sulsc.com\/index.php\/2026\/03\/06\/temporais-isolados-mudam-as-condicoes-do-tempo-nesta-sexta-feira-6\/"]}]},{"@type":"BreadcrumbList","@id":"https:\/\/sulsc.com\/index.php\/2026\/03\/06\/temporais-isolados-mudam-as-condicoes-do-tempo-nesta-sexta-feira-6\/#breadcrumb","itemListElement":[{"@type":"ListItem","position":1,"name":"In\u00edcio","item":"https:\/\/sulsc.com\/"},{"@type":"ListItem","position":2,"name":"Temporais isolados mudam as condi\u00e7\u00f5es do tempo nesta sexta-feira (6)"}]},{"@type":"WebSite","@id":"https:\/\/sulsc.com\/#website","url":"https:\/\/sulsc.com\/","name":"","description":"","potentialAction":[{"@type":"SearchAction","target":{"@type":"EntryPoint","urlTemplate":"https:\/\/sulsc.com\/?s={search_term_string}"},"query-input":"required name=search_term_string"}],"inLanguage":"en-US"},{"@type":"Person","@id":"https:\/\/sulsc.com\/#\/schema\/person\/84d2fc571684f6248ba83092f07750a3","name":"Reda\u00e7\u00e3o Sul SC","image":{"@type":"ImageObject","inLanguage":"en-US","@id":"https:\/\/sulsc.com\/#\/schema\/person\/image\/e08d7fe2cc4ed596372063bbe852b8d0","url":"https:\/\/sulsc.com\/wp-content\/uploads\/2023\/09\/redacao.png","contentUrl":"https:\/\/sulsc.com\/wp-content\/uploads\/2023\/09\/redacao.png","caption":"Reda\u00e7\u00e3o Sul SC"},"description":"Foco em um jornalismo imparcial, voltado \u00e0 qualidade dos seus conte\u00fados e, assim, levar informa\u00e7\u00e3o de valor que agregue \u00e0 vida dos leitores. Esta \u00e9 grande miss\u00e3o do Portal de Not\u00edcias Sul SC. N\u00e3o \u00e9 quantidade que muda o mundo, sempre foi e seguir\u00e1 sendo qualidade!","sameAs":["https:\/\/sulsc.com\/","https:\/\/www.facebook.com\/profile.php?id=61559278119680","https:\/\/www.instagram.com\/sulscportal\/?hl=pt-br","https:\/\/twitter.com\/https:\/\/twitter.com\/PortalSulSC","https:\/\/www.youtube.com\/channel\/UCv_BE8GeySluDov2n8qhVmw"],"url":"https:\/\/sulsc.com\/index.php\/author\/redacao\/"}]}},"authors":[],"_links":{"self":[{"href":"https:\/\/sulsc.com\/index.php\/wp-json\/wp\/v2\/posts\/32817"}],"collection":[{"href":"https:\/\/sulsc.com\/index.php\/wp-json\/wp\/v2\/posts"}],"about":[{"href":"https:\/\/sulsc.com\/index.php\/wp-json\/wp\/v2\/types\/post"}],"author":[{"embeddable":true,"href":"https:\/\/sulsc.com\/index.php\/wp-json\/wp\/v2\/users\/3"}],"replies":[{"embeddable":true,"href":"https:\/\/sulsc.com\/index.php\/wp-json\/wp\/v2\/comments?post=32817"}],"version-history":[{"count":2,"href":"https:\/\/sulsc.com\/index.php\/wp-json\/wp\/v2\/posts\/32817\/revisions"}],"predecessor-version":[{"id":32823,"href":"https:\/\/sulsc.com\/index.php\/wp-json\/wp\/v2\/posts\/32817\/revisions\/32823"}],"wp:featuredmedia":[{"embeddable":true,"href":"https:\/\/sulsc.com\/index.php\/wp-json\/wp\/v2\/media\/13306"}],"wp:attachment":[{"href":"https:\/\/sulsc.com\/index.php\/wp-json\/wp\/v2\/media?parent=32817"}],"wp:term":[{"taxonomy":"category","embeddable":true,"href":"https:\/\/sulsc.com\/index.php\/wp-json\/wp\/v2\/categories?post=32817"},{"taxonomy":"post_tag","embeddable":true,"href":"https:\/\/sulsc.com\/index.php\/wp-json\/wp\/v2\/tags?post=32817"}],"curies":[{"name":"wp","href":"https:\/\/api.w.org\/{rel}","templated":true}]}}