{"id":32820,"date":"2026-03-06T06:52:14","date_gmt":"2026-03-06T09:52:14","guid":{"rendered":"https:\/\/sulsc.com\/?p=32820"},"modified":"2026-03-06T06:52:14","modified_gmt":"2026-03-06T09:52:14","slug":"colisao-entre-carro-e-moto-deixa-mulher-ferida-na-br-101-em-tubarao","status":"publish","type":"post","link":"https:\/\/sulsc.com\/index.php\/2026\/03\/06\/colisao-entre-carro-e-moto-deixa-mulher-ferida-na-br-101-em-tubarao\/","title":{"rendered":"Colis\u00e3o entre carro e moto deixa mulher ferida na Br-101 em Tubar\u00e3o"},"content":{"rendered":"<p>Na tarde desta quinta-feira (5), Um acidente de tr\u00e2nsito envolvendo um carro e uma motocicleta ocorreu na Marginal da BR-101, no acesso ao Sert\u00e3o dos Corr\u00eaas. A guarni\u00e7\u00e3o foi acionada para atender a ocorr\u00eancia de colis\u00e3o entre um Ford Fiesta e uma Honda Biz.<\/p>\n<div id=\"metaslider-id-25573\" style=\"width: 100%;\" class=\"ml-slider-3-99-0 metaslider metaslider-flex metaslider-25573 ml-slider has-onhover-arrows ms-theme-default-base has-dots-nav\" role=\"region\" aria-label=\"Meio\" data-width=\"1200\">\n    <div id=\"metaslider_container_25573\">\n        <div id=\"metaslider_25573\">\n            <ul class='slides'>\n                <li style=\"display: block; width: 100%;\" class=\"slide-25684 ms-image \" aria-roledescription=\"slide\" data-date=\"2025-07-24 07:55:40\"><img src=\"https:\/\/sulsc.com\/wp-content\/uploads\/2025\/07\/Marr-2-1000x166.jpg\" height=\"200\" width=\"1200\" alt=\"\" class=\"slider-25573 slide-25684 msDefaultImage\" title=\"Marr 2\" \/><\/li>\n                <li style=\"display: none; width: 100%;\" class=\"slide-32412 ms-image \" aria-roledescription=\"slide\" data-date=\"2026-02-18 13:59:46\"><img src=\"https:\/\/sulsc.com\/wp-content\/uploads\/2026\/02\/40dc1580-cad5-4867-bc58-c4243821ad38-1000x166.jpeg\" height=\"200\" width=\"1200\" alt=\"\" class=\"slider-25573 slide-32412 msDefaultImage\" title=\"40dc1580-cad5-4867-bc58-c4243821ad38\" \/><\/li>\n                <li style=\"display: none; width: 100%;\" class=\"slide-32766 ms-image \" aria-roledescription=\"slide\" data-date=\"2026-03-03 17:22:59\"><img src=\"https:\/\/sulsc.com\/wp-content\/uploads\/2026\/03\/271ce739-f268-41c5-8051-3de1a1750359-1000x166.jpeg\" height=\"200\" width=\"1200\" alt=\"\" class=\"slider-25573 slide-32766 msDefaultImage\" title=\"271ce739-f268-41c5-8051-3de1a1750359\" \/><\/li>\n            <\/ul>\n        <\/div>\n        \n    <\/div>\n<\/div>\n<p>A \u00fanica v\u00edtima foi a condutora da motocicleta, que foi prontamente atendida pelo ASU-606. Apesar de estar consciente, ela apresentava escoria\u00e7\u00f5es nos membros inferiores e superiores, e foi encaminhada ao Hospital Nossa Senhora da Concei\u00e7\u00e3o (HNSC) para tratamento.<\/p>\n<p>Ap\u00f3s a chegada da CCR, a guarni\u00e7\u00e3o do ABTR-109 deixou o local, garantindo que as medidas necess\u00e1rias fossem tomadas para a seguran\u00e7a dos envolvidos e dos demais motoristas na via.<\/p>\n<p><img fetchpriority=\"high\" decoding=\"async\" class=\"aligncenter size-full wp-image-32821\" src=\"http:\/\/sulsc.com\/wp-content\/uploads\/2026\/03\/37bfb65a-5065-4a7f-8b00-04b0c45593f0.jpeg\" alt=\"\" width=\"1600\" height=\"1204\" srcset=\"https:\/\/sulsc.com\/wp-content\/uploads\/2026\/03\/37bfb65a-5065-4a7f-8b00-04b0c45593f0.jpeg 1600w, https:\/\/sulsc.com\/wp-content\/uploads\/2026\/03\/37bfb65a-5065-4a7f-8b00-04b0c45593f0-300x226.jpeg 300w, https:\/\/sulsc.com\/wp-content\/uploads\/2026\/03\/37bfb65a-5065-4a7f-8b00-04b0c45593f0-1024x771.jpeg 1024w, https:\/\/sulsc.com\/wp-content\/uploads\/2026\/03\/37bfb65a-5065-4a7f-8b00-04b0c45593f0-768x578.jpeg 768w, https:\/\/sulsc.com\/wp-content\/uploads\/2026\/03\/37bfb65a-5065-4a7f-8b00-04b0c45593f0-1536x1156.jpeg 1536w\" sizes=\"(max-width: 1600px) 100vw, 1600px\" \/><\/p>\n<p>8\u00baBBP\/Divulga\u00e7\u00e3o\/SulSC<\/p>\n","protected":false},"excerpt":{"rendered":"<p>Na tarde desta quinta-feira (5), Um acidente de tr\u00e2nsito envolvendo um carro e uma motocicleta ocorreu na Marginal da BR-101, no acesso ao Sert\u00e3o dos Corr\u00eaas. A guarni\u00e7\u00e3o foi acionada para atender a ocorr\u00eancia de colis\u00e3o entre um Ford Fiesta e uma Honda Biz. A \u00fanica v\u00edtima foi a condutora da motocicleta, que foi prontamente &hellip;<\/p>\n<p class=\"read-more\"> <a class=\"\" href=\"https:\/\/sulsc.com\/index.php\/2026\/03\/06\/colisao-entre-carro-e-moto-deixa-mulher-ferida-na-br-101-em-tubarao\/\"> <span class=\"screen-reader-text\">Colis\u00e3o entre carro e moto deixa mulher ferida na Br-101 em Tubar\u00e3o<\/span> Read More &raquo;<\/a><\/p>\n","protected":false},"author":3,"featured_media":32821,"comment_status":"open","ping_status":"open","sticky":false,"template":"","format":"standard","meta":{"site-sidebar-layout":"default","site-content-layout":"","ast-site-content-layout":"default","site-content-style":"default","site-sidebar-style":"default","ast-global-header-display":"","ast-banner-title-visibility":"","ast-main-header-display":"","ast-hfb-above-header-display":"","ast-hfb-below-header-display":"","ast-hfb-mobile-header-display":"","site-post-title":"","ast-breadcrumbs-content":"","ast-featured-img":"","footer-sml-layout":"","theme-transparent-header-meta":"default","adv-header-id-meta":"","stick-header-meta":"","header-above-stick-meta":"","header-main-stick-meta":"","header-below-stick-meta":"","astra-migrate-meta-layouts":"set","footnotes":""},"categories":[2231,1,14,2782,21,12],"tags":[680],"yoast_head":"<!-- This site is optimized with the Yoast SEO plugin v21.4 - https:\/\/yoast.com\/wordpress\/plugins\/seo\/ -->\n<title>Colis\u00e3o entre carro e moto deixa mulher ferida na Br-101 em Tubar\u00e3o -<\/title>\n<meta name=\"robots\" content=\"index, follow, max-snippet:-1, max-image-preview:large, max-video-preview:-1\" \/>\n<link rel=\"canonical\" href=\"https:\/\/sulsc.com\/index.php\/2026\/03\/06\/colisao-entre-carro-e-moto-deixa-mulher-ferida-na-br-101-em-tubarao\/\" \/>\n<meta property=\"og:locale\" content=\"en_US\" \/>\n<meta property=\"og:type\" content=\"article\" \/>\n<meta property=\"og:title\" content=\"Colis\u00e3o entre carro e moto deixa mulher ferida na Br-101 em Tubar\u00e3o -\" \/>\n<meta property=\"og:description\" content=\"Na tarde desta quinta-feira (5), Um acidente de tr\u00e2nsito envolvendo um carro e uma motocicleta ocorreu na Marginal da BR-101, no acesso ao Sert\u00e3o dos Corr\u00eaas. A guarni\u00e7\u00e3o foi acionada para atender a ocorr\u00eancia de colis\u00e3o entre um Ford Fiesta e uma Honda Biz. A \u00fanica v\u00edtima foi a condutora da motocicleta, que foi prontamente &hellip; Colis\u00e3o entre carro e moto deixa mulher ferida na Br-101 em Tubar\u00e3o Read More &raquo;\" \/>\n<meta property=\"og:url\" content=\"https:\/\/sulsc.com\/index.php\/2026\/03\/06\/colisao-entre-carro-e-moto-deixa-mulher-ferida-na-br-101-em-tubarao\/\" \/>\n<meta property=\"article:author\" content=\"https:\/\/www.facebook.com\/profile.php?id=61559278119680\" \/>\n<meta property=\"article:published_time\" content=\"2026-03-06T09:52:14+00:00\" \/>\n<meta property=\"og:image\" content=\"http:\/\/sulsc.com\/wp-content\/uploads\/2026\/03\/37bfb65a-5065-4a7f-8b00-04b0c45593f0.jpeg\" \/>\n\t<meta property=\"og:image:width\" content=\"1600\" \/>\n\t<meta property=\"og:image:height\" content=\"1204\" \/>\n\t<meta property=\"og:image:type\" content=\"image\/jpeg\" \/>\n<meta name=\"author\" content=\"Reda\u00e7\u00e3o Sul SC\" \/>\n<meta name=\"twitter:card\" content=\"summary_large_image\" \/>\n<meta name=\"twitter:creator\" content=\"@https:\/\/twitter.com\/PortalSulSC\" \/>\n<meta name=\"twitter:label1\" content=\"Written by\" \/>\n\t<meta name=\"twitter:data1\" content=\"Reda\u00e7\u00e3o Sul SC\" \/>\n\t<meta name=\"twitter:label2\" content=\"Est. reading time\" \/>\n\t<meta name=\"twitter:data2\" content=\"1 minute\" \/>\n<script type=\"application\/ld+json\" class=\"yoast-schema-graph\">{\"@context\":\"https:\/\/schema.org\",\"@graph\":[{\"@type\":\"WebPage\",\"@id\":\"https:\/\/sulsc.com\/index.php\/2026\/03\/06\/colisao-entre-carro-e-moto-deixa-mulher-ferida-na-br-101-em-tubarao\/\",\"url\":\"https:\/\/sulsc.com\/index.php\/2026\/03\/06\/colisao-entre-carro-e-moto-deixa-mulher-ferida-na-br-101-em-tubarao\/\",\"name\":\"Colis\u00e3o entre carro e moto deixa mulher ferida na Br-101 em Tubar\u00e3o -\",\"isPartOf\":{\"@id\":\"https:\/\/sulsc.com\/#website\"},\"datePublished\":\"2026-03-06T09:52:14+00:00\",\"dateModified\":\"2026-03-06T09:52:14+00:00\",\"author\":{\"@id\":\"https:\/\/sulsc.com\/#\/schema\/person\/84d2fc571684f6248ba83092f07750a3\"},\"breadcrumb\":{\"@id\":\"https:\/\/sulsc.com\/index.php\/2026\/03\/06\/colisao-entre-carro-e-moto-deixa-mulher-ferida-na-br-101-em-tubarao\/#breadcrumb\"},\"inLanguage\":\"en-US\",\"potentialAction\":[{\"@type\":\"ReadAction\",\"target\":[\"https:\/\/sulsc.com\/index.php\/2026\/03\/06\/colisao-entre-carro-e-moto-deixa-mulher-ferida-na-br-101-em-tubarao\/\"]}]},{\"@type\":\"BreadcrumbList\",\"@id\":\"https:\/\/sulsc.com\/index.php\/2026\/03\/06\/colisao-entre-carro-e-moto-deixa-mulher-ferida-na-br-101-em-tubarao\/#breadcrumb\",\"itemListElement\":[{\"@type\":\"ListItem\",\"position\":1,\"name\":\"In\u00edcio\",\"item\":\"https:\/\/sulsc.com\/\"},{\"@type\":\"ListItem\",\"position\":2,\"name\":\"Colis\u00e3o entre carro e moto deixa mulher ferida na Br-101 em Tubar\u00e3o\"}]},{\"@type\":\"WebSite\",\"@id\":\"https:\/\/sulsc.com\/#website\",\"url\":\"https:\/\/sulsc.com\/\",\"name\":\"\",\"description\":\"\",\"potentialAction\":[{\"@type\":\"SearchAction\",\"target\":{\"@type\":\"EntryPoint\",\"urlTemplate\":\"https:\/\/sulsc.com\/?s={search_term_string}\"},\"query-input\":\"required name=search_term_string\"}],\"inLanguage\":\"en-US\"},{\"@type\":\"Person\",\"@id\":\"https:\/\/sulsc.com\/#\/schema\/person\/84d2fc571684f6248ba83092f07750a3\",\"name\":\"Reda\u00e7\u00e3o Sul SC\",\"image\":{\"@type\":\"ImageObject\",\"inLanguage\":\"en-US\",\"@id\":\"https:\/\/sulsc.com\/#\/schema\/person\/image\/e08d7fe2cc4ed596372063bbe852b8d0\",\"url\":\"https:\/\/sulsc.com\/wp-content\/uploads\/2023\/09\/redacao.png\",\"contentUrl\":\"https:\/\/sulsc.com\/wp-content\/uploads\/2023\/09\/redacao.png\",\"caption\":\"Reda\u00e7\u00e3o Sul SC\"},\"description\":\"Foco em um jornalismo imparcial, voltado \u00e0 qualidade dos seus conte\u00fados e, assim, levar informa\u00e7\u00e3o de valor que agregue \u00e0 vida dos leitores. Esta \u00e9 grande miss\u00e3o do Portal de Not\u00edcias Sul SC. N\u00e3o \u00e9 quantidade que muda o mundo, sempre foi e seguir\u00e1 sendo qualidade!\",\"sameAs\":[\"https:\/\/sulsc.com\/\",\"https:\/\/www.facebook.com\/profile.php?id=61559278119680\",\"https:\/\/www.instagram.com\/sulscportal\/?hl=pt-br\",\"https:\/\/twitter.com\/https:\/\/twitter.com\/PortalSulSC\",\"https:\/\/www.youtube.com\/channel\/UCv_BE8GeySluDov2n8qhVmw\"],\"url\":\"https:\/\/sulsc.com\/index.php\/author\/redacao\/\"}]}<\/script>\n<!-- \/ Yoast SEO plugin. -->","yoast_head_json":{"title":"Colis\u00e3o entre carro e moto deixa mulher ferida na Br-101 em Tubar\u00e3o -","robots":{"index":"index","follow":"follow","max-snippet":"max-snippet:-1","max-image-preview":"max-image-preview:large","max-video-preview":"max-video-preview:-1"},"canonical":"https:\/\/sulsc.com\/index.php\/2026\/03\/06\/colisao-entre-carro-e-moto-deixa-mulher-ferida-na-br-101-em-tubarao\/","og_locale":"en_US","og_type":"article","og_title":"Colis\u00e3o entre carro e moto deixa mulher ferida na Br-101 em Tubar\u00e3o -","og_description":"Na tarde desta quinta-feira (5), Um acidente de tr\u00e2nsito envolvendo um carro e uma motocicleta ocorreu na Marginal da BR-101, no acesso ao Sert\u00e3o dos Corr\u00eaas. A guarni\u00e7\u00e3o foi acionada para atender a ocorr\u00eancia de colis\u00e3o entre um Ford Fiesta e uma Honda Biz. A \u00fanica v\u00edtima foi a condutora da motocicleta, que foi prontamente &hellip; Colis\u00e3o entre carro e moto deixa mulher ferida na Br-101 em Tubar\u00e3o Read More &raquo;","og_url":"https:\/\/sulsc.com\/index.php\/2026\/03\/06\/colisao-entre-carro-e-moto-deixa-mulher-ferida-na-br-101-em-tubarao\/","article_author":"https:\/\/www.facebook.com\/profile.php?id=61559278119680","article_published_time":"2026-03-06T09:52:14+00:00","og_image":[{"width":1600,"height":1204,"url":"http:\/\/sulsc.com\/wp-content\/uploads\/2026\/03\/37bfb65a-5065-4a7f-8b00-04b0c45593f0.jpeg","type":"image\/jpeg"}],"author":"Reda\u00e7\u00e3o Sul SC","twitter_card":"summary_large_image","twitter_creator":"@https:\/\/twitter.com\/PortalSulSC","twitter_misc":{"Written by":"Reda\u00e7\u00e3o Sul SC","Est. reading time":"1 minute"},"schema":{"@context":"https:\/\/schema.org","@graph":[{"@type":"WebPage","@id":"https:\/\/sulsc.com\/index.php\/2026\/03\/06\/colisao-entre-carro-e-moto-deixa-mulher-ferida-na-br-101-em-tubarao\/","url":"https:\/\/sulsc.com\/index.php\/2026\/03\/06\/colisao-entre-carro-e-moto-deixa-mulher-ferida-na-br-101-em-tubarao\/","name":"Colis\u00e3o entre carro e moto deixa mulher ferida na Br-101 em Tubar\u00e3o -","isPartOf":{"@id":"https:\/\/sulsc.com\/#website"},"datePublished":"2026-03-06T09:52:14+00:00","dateModified":"2026-03-06T09:52:14+00:00","author":{"@id":"https:\/\/sulsc.com\/#\/schema\/person\/84d2fc571684f6248ba83092f07750a3"},"breadcrumb":{"@id":"https:\/\/sulsc.com\/index.php\/2026\/03\/06\/colisao-entre-carro-e-moto-deixa-mulher-ferida-na-br-101-em-tubarao\/#breadcrumb"},"inLanguage":"en-US","potentialAction":[{"@type":"ReadAction","target":["https:\/\/sulsc.com\/index.php\/2026\/03\/06\/colisao-entre-carro-e-moto-deixa-mulher-ferida-na-br-101-em-tubarao\/"]}]},{"@type":"BreadcrumbList","@id":"https:\/\/sulsc.com\/index.php\/2026\/03\/06\/colisao-entre-carro-e-moto-deixa-mulher-ferida-na-br-101-em-tubarao\/#breadcrumb","itemListElement":[{"@type":"ListItem","position":1,"name":"In\u00edcio","item":"https:\/\/sulsc.com\/"},{"@type":"ListItem","position":2,"name":"Colis\u00e3o entre carro e moto deixa mulher ferida na Br-101 em Tubar\u00e3o"}]},{"@type":"WebSite","@id":"https:\/\/sulsc.com\/#website","url":"https:\/\/sulsc.com\/","name":"","description":"","potentialAction":[{"@type":"SearchAction","target":{"@type":"EntryPoint","urlTemplate":"https:\/\/sulsc.com\/?s={search_term_string}"},"query-input":"required name=search_term_string"}],"inLanguage":"en-US"},{"@type":"Person","@id":"https:\/\/sulsc.com\/#\/schema\/person\/84d2fc571684f6248ba83092f07750a3","name":"Reda\u00e7\u00e3o Sul SC","image":{"@type":"ImageObject","inLanguage":"en-US","@id":"https:\/\/sulsc.com\/#\/schema\/person\/image\/e08d7fe2cc4ed596372063bbe852b8d0","url":"https:\/\/sulsc.com\/wp-content\/uploads\/2023\/09\/redacao.png","contentUrl":"https:\/\/sulsc.com\/wp-content\/uploads\/2023\/09\/redacao.png","caption":"Reda\u00e7\u00e3o Sul SC"},"description":"Foco em um jornalismo imparcial, voltado \u00e0 qualidade dos seus conte\u00fados e, assim, levar informa\u00e7\u00e3o de valor que agregue \u00e0 vida dos leitores. Esta \u00e9 grande miss\u00e3o do Portal de Not\u00edcias Sul SC. N\u00e3o \u00e9 quantidade que muda o mundo, sempre foi e seguir\u00e1 sendo qualidade!","sameAs":["https:\/\/sulsc.com\/","https:\/\/www.facebook.com\/profile.php?id=61559278119680","https:\/\/www.instagram.com\/sulscportal\/?hl=pt-br","https:\/\/twitter.com\/https:\/\/twitter.com\/PortalSulSC","https:\/\/www.youtube.com\/channel\/UCv_BE8GeySluDov2n8qhVmw"],"url":"https:\/\/sulsc.com\/index.php\/author\/redacao\/"}]}},"authors":[],"_links":{"self":[{"href":"https:\/\/sulsc.com\/index.php\/wp-json\/wp\/v2\/posts\/32820"}],"collection":[{"href":"https:\/\/sulsc.com\/index.php\/wp-json\/wp\/v2\/posts"}],"about":[{"href":"https:\/\/sulsc.com\/index.php\/wp-json\/wp\/v2\/types\/post"}],"author":[{"embeddable":true,"href":"https:\/\/sulsc.com\/index.php\/wp-json\/wp\/v2\/users\/3"}],"replies":[{"embeddable":true,"href":"https:\/\/sulsc.com\/index.php\/wp-json\/wp\/v2\/comments?post=32820"}],"version-history":[{"count":1,"href":"https:\/\/sulsc.com\/index.php\/wp-json\/wp\/v2\/posts\/32820\/revisions"}],"predecessor-version":[{"id":32822,"href":"https:\/\/sulsc.com\/index.php\/wp-json\/wp\/v2\/posts\/32820\/revisions\/32822"}],"wp:featuredmedia":[{"embeddable":true,"href":"https:\/\/sulsc.com\/index.php\/wp-json\/wp\/v2\/media\/32821"}],"wp:attachment":[{"href":"https:\/\/sulsc.com\/index.php\/wp-json\/wp\/v2\/media?parent=32820"}],"wp:term":[{"taxonomy":"category","embeddable":true,"href":"https:\/\/sulsc.com\/index.php\/wp-json\/wp\/v2\/categories?post=32820"},{"taxonomy":"post_tag","embeddable":true,"href":"https:\/\/sulsc.com\/index.php\/wp-json\/wp\/v2\/tags?post=32820"}],"curies":[{"name":"wp","href":"https:\/\/api.w.org\/{rel}","templated":true}]}}