{"id":32839,"date":"2026-03-06T10:41:43","date_gmt":"2026-03-06T13:41:43","guid":{"rendered":"https:\/\/sulsc.com\/?p=32839"},"modified":"2026-03-06T10:41:43","modified_gmt":"2026-03-06T13:41:43","slug":"tubarao-prazo-para-pagamento-da-taxa-do-alvara-de-funcionamento-se-encerra-neste-mes","status":"publish","type":"post","link":"https:\/\/sulsc.com\/index.php\/2026\/03\/06\/tubarao-prazo-para-pagamento-da-taxa-do-alvara-de-funcionamento-se-encerra-neste-mes\/","title":{"rendered":"Tubar\u00e3o &#8211; Prazo para pagamento da Taxa do Alvar\u00e1 de Funcionamento se encerra neste m\u00eas"},"content":{"rendered":"<p>Alerta aos empres\u00e1rios e comerciantes do munic\u00edpio de Tubar\u00e3o, a prefeitura chama a aten\u00e7\u00e3o para o prazo final de pagamento do <strong>Alvar\u00e1 de Funcionamento<\/strong>. Este \u00e9 o \u00faltimo m\u00eas para regularizar a taxa, evitando multas, juros e poss\u00edveis restri\u00e7\u00f5es para o funcionamento das atividades, com o vencimento da <strong>cota \u00fanica no dia 31, com desconto de at\u00e9 20%,<\/strong> de acordo com a regulamenta\u00e7\u00e3o municipal.<\/p>\n<div id=\"metaslider-id-25573\" style=\"width: 100%;\" class=\"ml-slider-3-99-0 metaslider metaslider-flex metaslider-25573 ml-slider has-onhover-arrows ms-theme-default-base has-dots-nav\" role=\"region\" aria-label=\"Meio\" data-width=\"1200\">\n    <div id=\"metaslider_container_25573\">\n        <div id=\"metaslider_25573\">\n            <ul class='slides'>\n                <li style=\"display: block; width: 100%;\" class=\"slide-25684 ms-image \" aria-roledescription=\"slide\" data-date=\"2025-07-24 07:55:40\"><img src=\"https:\/\/sulsc.com\/wp-content\/uploads\/2025\/07\/Marr-2-1000x166.jpg\" height=\"200\" width=\"1200\" alt=\"\" class=\"slider-25573 slide-25684 msDefaultImage\" title=\"Marr 2\" \/><\/li>\n                <li style=\"display: none; width: 100%;\" class=\"slide-32412 ms-image \" aria-roledescription=\"slide\" data-date=\"2026-02-18 13:59:46\"><img src=\"https:\/\/sulsc.com\/wp-content\/uploads\/2026\/02\/40dc1580-cad5-4867-bc58-c4243821ad38-1000x166.jpeg\" height=\"200\" width=\"1200\" alt=\"\" class=\"slider-25573 slide-32412 msDefaultImage\" title=\"40dc1580-cad5-4867-bc58-c4243821ad38\" \/><\/li>\n                <li style=\"display: none; width: 100%;\" class=\"slide-32766 ms-image \" aria-roledescription=\"slide\" data-date=\"2026-03-03 17:22:59\"><img src=\"https:\/\/sulsc.com\/wp-content\/uploads\/2026\/03\/271ce739-f268-41c5-8051-3de1a1750359-1000x166.jpeg\" height=\"200\" width=\"1200\" alt=\"\" class=\"slider-25573 slide-32766 msDefaultImage\" title=\"271ce739-f268-41c5-8051-3de1a1750359\" \/><\/li>\n            <\/ul>\n        <\/div>\n        \n    <\/div>\n<\/div>\n<p>Quem optar pelo parcelamento, pode faz\u00ea-lo em at\u00e9 tr\u00eas vezes , com o vencimento das parcelas nos dias 31 de mar\u00e7o, 30 de abril e 30 de maio.<\/p>\n<p>A administra\u00e7\u00e3o refor\u00e7a que manter o Alvar\u00e1 de Funcionamento em dia \u00e9 fundamental para a organiza\u00e7\u00e3o das atividades econ\u00f4micas da cidade e para a seguran\u00e7a jur\u00eddica dos empreendedores.<\/p>\n<p>Empres\u00e1rios que tiverem d\u00favidas podem procurar atendimento na Secretaria da Fazenda, ou acessar os canais oficiais do munic\u00edpio, para obter mais informa\u00e7\u00f5es sobre emiss\u00e3o de guias e a regulariza\u00e7\u00e3o.<\/p>\n<p><img fetchpriority=\"high\" decoding=\"async\" class=\"aligncenter size-full wp-image-32840\" src=\"http:\/\/sulsc.com\/wp-content\/uploads\/2026\/03\/3bbee92d-e9f0-4d0c-a31c-e2efe9017e35.jpeg\" alt=\"\" width=\"1024\" height=\"791\" srcset=\"https:\/\/sulsc.com\/wp-content\/uploads\/2026\/03\/3bbee92d-e9f0-4d0c-a31c-e2efe9017e35.jpeg 1024w, https:\/\/sulsc.com\/wp-content\/uploads\/2026\/03\/3bbee92d-e9f0-4d0c-a31c-e2efe9017e35-300x232.jpeg 300w, https:\/\/sulsc.com\/wp-content\/uploads\/2026\/03\/3bbee92d-e9f0-4d0c-a31c-e2efe9017e35-768x593.jpeg 768w\" sizes=\"(max-width: 1024px) 100vw, 1024px\" \/><\/p>\n","protected":false},"excerpt":{"rendered":"<p>Alerta aos empres\u00e1rios e comerciantes do munic\u00edpio de Tubar\u00e3o, a prefeitura chama a aten\u00e7\u00e3o para o prazo final de pagamento do Alvar\u00e1 de Funcionamento. Este \u00e9 o \u00faltimo m\u00eas para regularizar a taxa, evitando multas, juros e poss\u00edveis restri\u00e7\u00f5es para o funcionamento das atividades, com o vencimento da cota \u00fanica no dia 31, com desconto &hellip;<\/p>\n<p class=\"read-more\"> <a class=\"\" href=\"https:\/\/sulsc.com\/index.php\/2026\/03\/06\/tubarao-prazo-para-pagamento-da-taxa-do-alvara-de-funcionamento-se-encerra-neste-mes\/\"> <span class=\"screen-reader-text\">Tubar\u00e3o &#8211; Prazo para pagamento da Taxa do Alvar\u00e1 de Funcionamento se encerra neste m\u00eas<\/span> Read More &raquo;<\/a><\/p>\n","protected":false},"author":3,"featured_media":32840,"comment_status":"open","ping_status":"open","sticky":false,"template":"","format":"standard","meta":{"site-sidebar-layout":"default","site-content-layout":"","ast-site-content-layout":"default","site-content-style":"default","site-sidebar-style":"default","ast-global-header-display":"","ast-banner-title-visibility":"","ast-main-header-display":"","ast-hfb-above-header-display":"","ast-hfb-below-header-display":"","ast-hfb-mobile-header-display":"","site-post-title":"","ast-breadcrumbs-content":"","ast-featured-img":"","footer-sml-layout":"","theme-transparent-header-meta":"default","adv-header-id-meta":"","stick-header-meta":"","header-above-stick-meta":"","header-main-stick-meta":"","header-below-stick-meta":"","astra-migrate-meta-layouts":"set","footnotes":""},"categories":[2231,11,21,12],"tags":[2193],"yoast_head":"<!-- This site is optimized with the Yoast SEO plugin v21.4 - https:\/\/yoast.com\/wordpress\/plugins\/seo\/ -->\n<title>Tubar\u00e3o - Prazo para pagamento da Taxa do Alvar\u00e1 de Funcionamento se encerra neste m\u00eas -<\/title>\n<meta name=\"robots\" content=\"index, follow, max-snippet:-1, max-image-preview:large, max-video-preview:-1\" \/>\n<link rel=\"canonical\" href=\"https:\/\/sulsc.com\/index.php\/2026\/03\/06\/tubarao-prazo-para-pagamento-da-taxa-do-alvara-de-funcionamento-se-encerra-neste-mes\/\" \/>\n<meta property=\"og:locale\" content=\"en_US\" \/>\n<meta property=\"og:type\" content=\"article\" \/>\n<meta property=\"og:title\" content=\"Tubar\u00e3o - Prazo para pagamento da Taxa do Alvar\u00e1 de Funcionamento se encerra neste m\u00eas -\" \/>\n<meta property=\"og:description\" content=\"Alerta aos empres\u00e1rios e comerciantes do munic\u00edpio de Tubar\u00e3o, a prefeitura chama a aten\u00e7\u00e3o para o prazo final de pagamento do Alvar\u00e1 de Funcionamento. Este \u00e9 o \u00faltimo m\u00eas para regularizar a taxa, evitando multas, juros e poss\u00edveis restri\u00e7\u00f5es para o funcionamento das atividades, com o vencimento da cota \u00fanica no dia 31, com desconto &hellip; Tubar\u00e3o &#8211; Prazo para pagamento da Taxa do Alvar\u00e1 de Funcionamento se encerra neste m\u00eas Read More &raquo;\" \/>\n<meta property=\"og:url\" content=\"https:\/\/sulsc.com\/index.php\/2026\/03\/06\/tubarao-prazo-para-pagamento-da-taxa-do-alvara-de-funcionamento-se-encerra-neste-mes\/\" \/>\n<meta property=\"article:author\" content=\"https:\/\/www.facebook.com\/profile.php?id=61559278119680\" \/>\n<meta property=\"article:published_time\" content=\"2026-03-06T13:41:43+00:00\" \/>\n<meta property=\"og:image\" content=\"http:\/\/sulsc.com\/wp-content\/uploads\/2026\/03\/3bbee92d-e9f0-4d0c-a31c-e2efe9017e35.jpeg\" \/>\n\t<meta property=\"og:image:width\" content=\"1024\" \/>\n\t<meta property=\"og:image:height\" content=\"791\" \/>\n\t<meta property=\"og:image:type\" content=\"image\/jpeg\" \/>\n<meta name=\"author\" content=\"Reda\u00e7\u00e3o Sul SC\" \/>\n<meta name=\"twitter:card\" content=\"summary_large_image\" \/>\n<meta name=\"twitter:creator\" content=\"@https:\/\/twitter.com\/PortalSulSC\" \/>\n<meta name=\"twitter:label1\" content=\"Written by\" \/>\n\t<meta name=\"twitter:data1\" content=\"Reda\u00e7\u00e3o Sul SC\" \/>\n\t<meta name=\"twitter:label2\" content=\"Est. reading time\" \/>\n\t<meta name=\"twitter:data2\" content=\"1 minute\" \/>\n<script type=\"application\/ld+json\" class=\"yoast-schema-graph\">{\"@context\":\"https:\/\/schema.org\",\"@graph\":[{\"@type\":\"WebPage\",\"@id\":\"https:\/\/sulsc.com\/index.php\/2026\/03\/06\/tubarao-prazo-para-pagamento-da-taxa-do-alvara-de-funcionamento-se-encerra-neste-mes\/\",\"url\":\"https:\/\/sulsc.com\/index.php\/2026\/03\/06\/tubarao-prazo-para-pagamento-da-taxa-do-alvara-de-funcionamento-se-encerra-neste-mes\/\",\"name\":\"Tubar\u00e3o - Prazo para pagamento da Taxa do Alvar\u00e1 de Funcionamento se encerra neste m\u00eas -\",\"isPartOf\":{\"@id\":\"https:\/\/sulsc.com\/#website\"},\"datePublished\":\"2026-03-06T13:41:43+00:00\",\"dateModified\":\"2026-03-06T13:41:43+00:00\",\"author\":{\"@id\":\"https:\/\/sulsc.com\/#\/schema\/person\/84d2fc571684f6248ba83092f07750a3\"},\"breadcrumb\":{\"@id\":\"https:\/\/sulsc.com\/index.php\/2026\/03\/06\/tubarao-prazo-para-pagamento-da-taxa-do-alvara-de-funcionamento-se-encerra-neste-mes\/#breadcrumb\"},\"inLanguage\":\"en-US\",\"potentialAction\":[{\"@type\":\"ReadAction\",\"target\":[\"https:\/\/sulsc.com\/index.php\/2026\/03\/06\/tubarao-prazo-para-pagamento-da-taxa-do-alvara-de-funcionamento-se-encerra-neste-mes\/\"]}]},{\"@type\":\"BreadcrumbList\",\"@id\":\"https:\/\/sulsc.com\/index.php\/2026\/03\/06\/tubarao-prazo-para-pagamento-da-taxa-do-alvara-de-funcionamento-se-encerra-neste-mes\/#breadcrumb\",\"itemListElement\":[{\"@type\":\"ListItem\",\"position\":1,\"name\":\"In\u00edcio\",\"item\":\"https:\/\/sulsc.com\/\"},{\"@type\":\"ListItem\",\"position\":2,\"name\":\"Tubar\u00e3o &#8211; Prazo para pagamento da Taxa do Alvar\u00e1 de Funcionamento se encerra neste m\u00eas\"}]},{\"@type\":\"WebSite\",\"@id\":\"https:\/\/sulsc.com\/#website\",\"url\":\"https:\/\/sulsc.com\/\",\"name\":\"\",\"description\":\"\",\"potentialAction\":[{\"@type\":\"SearchAction\",\"target\":{\"@type\":\"EntryPoint\",\"urlTemplate\":\"https:\/\/sulsc.com\/?s={search_term_string}\"},\"query-input\":\"required name=search_term_string\"}],\"inLanguage\":\"en-US\"},{\"@type\":\"Person\",\"@id\":\"https:\/\/sulsc.com\/#\/schema\/person\/84d2fc571684f6248ba83092f07750a3\",\"name\":\"Reda\u00e7\u00e3o Sul SC\",\"image\":{\"@type\":\"ImageObject\",\"inLanguage\":\"en-US\",\"@id\":\"https:\/\/sulsc.com\/#\/schema\/person\/image\/e08d7fe2cc4ed596372063bbe852b8d0\",\"url\":\"https:\/\/sulsc.com\/wp-content\/uploads\/2023\/09\/redacao.png\",\"contentUrl\":\"https:\/\/sulsc.com\/wp-content\/uploads\/2023\/09\/redacao.png\",\"caption\":\"Reda\u00e7\u00e3o Sul SC\"},\"description\":\"Foco em um jornalismo imparcial, voltado \u00e0 qualidade dos seus conte\u00fados e, assim, levar informa\u00e7\u00e3o de valor que agregue \u00e0 vida dos leitores. Esta \u00e9 grande miss\u00e3o do Portal de Not\u00edcias Sul SC. N\u00e3o \u00e9 quantidade que muda o mundo, sempre foi e seguir\u00e1 sendo qualidade!\",\"sameAs\":[\"https:\/\/sulsc.com\/\",\"https:\/\/www.facebook.com\/profile.php?id=61559278119680\",\"https:\/\/www.instagram.com\/sulscportal\/?hl=pt-br\",\"https:\/\/twitter.com\/https:\/\/twitter.com\/PortalSulSC\",\"https:\/\/www.youtube.com\/channel\/UCv_BE8GeySluDov2n8qhVmw\"],\"url\":\"https:\/\/sulsc.com\/index.php\/author\/redacao\/\"}]}<\/script>\n<!-- \/ Yoast SEO plugin. -->","yoast_head_json":{"title":"Tubar\u00e3o - Prazo para pagamento da Taxa do Alvar\u00e1 de Funcionamento se encerra neste m\u00eas -","robots":{"index":"index","follow":"follow","max-snippet":"max-snippet:-1","max-image-preview":"max-image-preview:large","max-video-preview":"max-video-preview:-1"},"canonical":"https:\/\/sulsc.com\/index.php\/2026\/03\/06\/tubarao-prazo-para-pagamento-da-taxa-do-alvara-de-funcionamento-se-encerra-neste-mes\/","og_locale":"en_US","og_type":"article","og_title":"Tubar\u00e3o - Prazo para pagamento da Taxa do Alvar\u00e1 de Funcionamento se encerra neste m\u00eas -","og_description":"Alerta aos empres\u00e1rios e comerciantes do munic\u00edpio de Tubar\u00e3o, a prefeitura chama a aten\u00e7\u00e3o para o prazo final de pagamento do Alvar\u00e1 de Funcionamento. Este \u00e9 o \u00faltimo m\u00eas para regularizar a taxa, evitando multas, juros e poss\u00edveis restri\u00e7\u00f5es para o funcionamento das atividades, com o vencimento da cota \u00fanica no dia 31, com desconto &hellip; Tubar\u00e3o &#8211; Prazo para pagamento da Taxa do Alvar\u00e1 de Funcionamento se encerra neste m\u00eas Read More &raquo;","og_url":"https:\/\/sulsc.com\/index.php\/2026\/03\/06\/tubarao-prazo-para-pagamento-da-taxa-do-alvara-de-funcionamento-se-encerra-neste-mes\/","article_author":"https:\/\/www.facebook.com\/profile.php?id=61559278119680","article_published_time":"2026-03-06T13:41:43+00:00","og_image":[{"width":1024,"height":791,"url":"http:\/\/sulsc.com\/wp-content\/uploads\/2026\/03\/3bbee92d-e9f0-4d0c-a31c-e2efe9017e35.jpeg","type":"image\/jpeg"}],"author":"Reda\u00e7\u00e3o Sul SC","twitter_card":"summary_large_image","twitter_creator":"@https:\/\/twitter.com\/PortalSulSC","twitter_misc":{"Written by":"Reda\u00e7\u00e3o Sul SC","Est. reading time":"1 minute"},"schema":{"@context":"https:\/\/schema.org","@graph":[{"@type":"WebPage","@id":"https:\/\/sulsc.com\/index.php\/2026\/03\/06\/tubarao-prazo-para-pagamento-da-taxa-do-alvara-de-funcionamento-se-encerra-neste-mes\/","url":"https:\/\/sulsc.com\/index.php\/2026\/03\/06\/tubarao-prazo-para-pagamento-da-taxa-do-alvara-de-funcionamento-se-encerra-neste-mes\/","name":"Tubar\u00e3o - Prazo para pagamento da Taxa do Alvar\u00e1 de Funcionamento se encerra neste m\u00eas -","isPartOf":{"@id":"https:\/\/sulsc.com\/#website"},"datePublished":"2026-03-06T13:41:43+00:00","dateModified":"2026-03-06T13:41:43+00:00","author":{"@id":"https:\/\/sulsc.com\/#\/schema\/person\/84d2fc571684f6248ba83092f07750a3"},"breadcrumb":{"@id":"https:\/\/sulsc.com\/index.php\/2026\/03\/06\/tubarao-prazo-para-pagamento-da-taxa-do-alvara-de-funcionamento-se-encerra-neste-mes\/#breadcrumb"},"inLanguage":"en-US","potentialAction":[{"@type":"ReadAction","target":["https:\/\/sulsc.com\/index.php\/2026\/03\/06\/tubarao-prazo-para-pagamento-da-taxa-do-alvara-de-funcionamento-se-encerra-neste-mes\/"]}]},{"@type":"BreadcrumbList","@id":"https:\/\/sulsc.com\/index.php\/2026\/03\/06\/tubarao-prazo-para-pagamento-da-taxa-do-alvara-de-funcionamento-se-encerra-neste-mes\/#breadcrumb","itemListElement":[{"@type":"ListItem","position":1,"name":"In\u00edcio","item":"https:\/\/sulsc.com\/"},{"@type":"ListItem","position":2,"name":"Tubar\u00e3o &#8211; Prazo para pagamento da Taxa do Alvar\u00e1 de Funcionamento se encerra neste m\u00eas"}]},{"@type":"WebSite","@id":"https:\/\/sulsc.com\/#website","url":"https:\/\/sulsc.com\/","name":"","description":"","potentialAction":[{"@type":"SearchAction","target":{"@type":"EntryPoint","urlTemplate":"https:\/\/sulsc.com\/?s={search_term_string}"},"query-input":"required name=search_term_string"}],"inLanguage":"en-US"},{"@type":"Person","@id":"https:\/\/sulsc.com\/#\/schema\/person\/84d2fc571684f6248ba83092f07750a3","name":"Reda\u00e7\u00e3o Sul SC","image":{"@type":"ImageObject","inLanguage":"en-US","@id":"https:\/\/sulsc.com\/#\/schema\/person\/image\/e08d7fe2cc4ed596372063bbe852b8d0","url":"https:\/\/sulsc.com\/wp-content\/uploads\/2023\/09\/redacao.png","contentUrl":"https:\/\/sulsc.com\/wp-content\/uploads\/2023\/09\/redacao.png","caption":"Reda\u00e7\u00e3o Sul SC"},"description":"Foco em um jornalismo imparcial, voltado \u00e0 qualidade dos seus conte\u00fados e, assim, levar informa\u00e7\u00e3o de valor que agregue \u00e0 vida dos leitores. Esta \u00e9 grande miss\u00e3o do Portal de Not\u00edcias Sul SC. N\u00e3o \u00e9 quantidade que muda o mundo, sempre foi e seguir\u00e1 sendo qualidade!","sameAs":["https:\/\/sulsc.com\/","https:\/\/www.facebook.com\/profile.php?id=61559278119680","https:\/\/www.instagram.com\/sulscportal\/?hl=pt-br","https:\/\/twitter.com\/https:\/\/twitter.com\/PortalSulSC","https:\/\/www.youtube.com\/channel\/UCv_BE8GeySluDov2n8qhVmw"],"url":"https:\/\/sulsc.com\/index.php\/author\/redacao\/"}]}},"authors":[],"_links":{"self":[{"href":"https:\/\/sulsc.com\/index.php\/wp-json\/wp\/v2\/posts\/32839"}],"collection":[{"href":"https:\/\/sulsc.com\/index.php\/wp-json\/wp\/v2\/posts"}],"about":[{"href":"https:\/\/sulsc.com\/index.php\/wp-json\/wp\/v2\/types\/post"}],"author":[{"embeddable":true,"href":"https:\/\/sulsc.com\/index.php\/wp-json\/wp\/v2\/users\/3"}],"replies":[{"embeddable":true,"href":"https:\/\/sulsc.com\/index.php\/wp-json\/wp\/v2\/comments?post=32839"}],"version-history":[{"count":2,"href":"https:\/\/sulsc.com\/index.php\/wp-json\/wp\/v2\/posts\/32839\/revisions"}],"predecessor-version":[{"id":32842,"href":"https:\/\/sulsc.com\/index.php\/wp-json\/wp\/v2\/posts\/32839\/revisions\/32842"}],"wp:featuredmedia":[{"embeddable":true,"href":"https:\/\/sulsc.com\/index.php\/wp-json\/wp\/v2\/media\/32840"}],"wp:attachment":[{"href":"https:\/\/sulsc.com\/index.php\/wp-json\/wp\/v2\/media?parent=32839"}],"wp:term":[{"taxonomy":"category","embeddable":true,"href":"https:\/\/sulsc.com\/index.php\/wp-json\/wp\/v2\/categories?post=32839"},{"taxonomy":"post_tag","embeddable":true,"href":"https:\/\/sulsc.com\/index.php\/wp-json\/wp\/v2\/tags?post=32839"}],"curies":[{"name":"wp","href":"https:\/\/api.w.org\/{rel}","templated":true}]}}