{"id":3284,"date":"2023-11-01T20:00:44","date_gmt":"2023-11-01T23:00:44","guid":{"rendered":"https:\/\/sulsc.com\/?p=3284"},"modified":"2023-11-01T20:02:32","modified_gmt":"2023-11-01T23:02:32","slug":"palestra-sobre-gestao-publica-em-laguna-reune-membros-da-comunidade-e-politicos-do-sul-de-sc","status":"publish","type":"post","link":"https:\/\/sulsc.com\/index.php\/2023\/11\/01\/palestra-sobre-gestao-publica-em-laguna-reune-membros-da-comunidade-e-politicos-do-sul-de-sc\/","title":{"rendered":"Palestra sobre gest\u00e3o p\u00fablica em Laguna, reune membros da comunidade e pol\u00edticos do Sul de SC"},"content":{"rendered":"<p>Gest\u00e3o p\u00fablica no \u00e2mbito da sa\u00fade, educa\u00e7\u00e3o, infraestrutura e seguran\u00e7a. Esses foram os principais pilares abordados na palestra sobre gest\u00e3o p\u00fablica, ministrada pelo prefeito de Joinville Adriano Silva, em Laguna. O encontro ocorreu nesta nesta ter\u00e7a-feira (31), no Cine Teatro Mussi.<\/p>\n<p>O prefeito abordou o modelo de gest\u00e3o com base na experi\u00eancia voltada para a iniciativa privada. Vale ressaltar que de acordo com a pesquisa do Instituto Mapa, realizada em 2022, Silva \u00e9 considerado o gestor municipal com melhor aprova\u00e7\u00e3o no Brasil, com \u00edndice de 92% de aprova\u00e7\u00e3o popular.<\/p>\n<p>O encontro, realizado pela Uni\u00e3o das Associa\u00e7\u00f5es e Lideres Comunit\u00e1rios de Laguna (UALCLA), buscou como p\u00fablico tanto membros da comunidade quanto pol\u00edticos da regi\u00e3o. De acordo com um dos organizadores do evento e presidente da UALCLA, H\u00e9lcio Balbinot, estiveram presentes cerca de 140 pessoas de v\u00e1rias cidades do sul de Santa Catarina.<\/p>\n<p>Ele acredita que todos que estiveram presentes na palestra conseguiram absorver um pouco de aprendizado.\u00a0 &#8220;Se levarmos em conta que o evento foi viabilizado em apenas dois dias, considero um resultado muito bom. Al\u00e9m disso, foi uma palestra leve, objetiva que nos mostrou que fazer o b\u00e1sico bem feito \u00e9 o que povo quer&#8221;, avalia Balbinot.<\/p>\n<p>Por conta do sucesso do primeiro encontro, outros devem ser organizados em breve. O presidente adianta que existem projeto para outros eventos dessa natureza. &#8220;At\u00e9 porque este \u00e9 o papel da UALCLA. O sucesso desse s\u00f3 nos incentiva a fazer mais. O pr\u00f3ximo dever\u00e1 ser voltado para o turismo e possivelmente com algu\u00e9m da Secretaria de Turismo de Gramado&#8221;, comemora.<\/p>\n<p>&nbsp;<\/p>\n<p><img fetchpriority=\"high\" decoding=\"async\" class=\"alignnone size-large wp-image-3285\" src=\"http:\/\/sulsc.com\/wp-content\/uploads\/2023\/11\/WhatsApp-Image-2023-11-01-at-18.09.43-1024x768.jpeg\" alt=\"\" width=\"1024\" height=\"768\" srcset=\"https:\/\/sulsc.com\/wp-content\/uploads\/2023\/11\/WhatsApp-Image-2023-11-01-at-18.09.43-1024x768.jpeg 1024w, https:\/\/sulsc.com\/wp-content\/uploads\/2023\/11\/WhatsApp-Image-2023-11-01-at-18.09.43-300x225.jpeg 300w, https:\/\/sulsc.com\/wp-content\/uploads\/2023\/11\/WhatsApp-Image-2023-11-01-at-18.09.43-768x576.jpeg 768w, https:\/\/sulsc.com\/wp-content\/uploads\/2023\/11\/WhatsApp-Image-2023-11-01-at-18.09.43-1536x1152.jpeg 1536w, https:\/\/sulsc.com\/wp-content\/uploads\/2023\/11\/WhatsApp-Image-2023-11-01-at-18.09.43.jpeg 1600w\" sizes=\"(max-width: 1024px) 100vw, 1024px\" \/><\/p>\n","protected":false},"excerpt":{"rendered":"<p>Gest\u00e3o p\u00fablica no \u00e2mbito da sa\u00fade, educa\u00e7\u00e3o, infraestrutura e seguran\u00e7a. Esses foram os principais pilares abordados na palestra sobre gest\u00e3o p\u00fablica, ministrada pelo prefeito de Joinville Adriano Silva, em Laguna. O encontro ocorreu nesta nesta ter\u00e7a-feira (31), no Cine Teatro Mussi. O prefeito abordou o modelo de gest\u00e3o com base na experi\u00eancia voltada para a &hellip;<\/p>\n<p class=\"read-more\"> <a class=\"\" href=\"https:\/\/sulsc.com\/index.php\/2023\/11\/01\/palestra-sobre-gestao-publica-em-laguna-reune-membros-da-comunidade-e-politicos-do-sul-de-sc\/\"> <span class=\"screen-reader-text\">Palestra sobre gest\u00e3o p\u00fablica em Laguna, reune membros da comunidade e pol\u00edticos do Sul de SC<\/span> Read More &raquo;<\/a><\/p>\n","protected":false},"author":3,"featured_media":3286,"comment_status":"open","ping_status":"open","sticky":false,"template":"","format":"standard","meta":{"site-sidebar-layout":"default","site-content-layout":"","ast-site-content-layout":"default","site-content-style":"default","site-sidebar-style":"default","ast-global-header-display":"","ast-banner-title-visibility":"","ast-main-header-display":"","ast-hfb-above-header-display":"","ast-hfb-below-header-display":"","ast-hfb-mobile-header-display":"","site-post-title":"","ast-breadcrumbs-content":"","ast-featured-img":"","footer-sml-layout":"","theme-transparent-header-meta":"default","adv-header-id-meta":"","stick-header-meta":"","header-above-stick-meta":"","header-main-stick-meta":"","header-below-stick-meta":"","astra-migrate-meta-layouts":"set","footnotes":""},"categories":[1,22,6],"tags":[],"yoast_head":"<!-- This site is optimized with the Yoast SEO plugin v21.4 - https:\/\/yoast.com\/wordpress\/plugins\/seo\/ -->\n<title>Palestra sobre gest\u00e3o p\u00fablica em Laguna, reune membros da comunidade e pol\u00edticos do Sul de SC -<\/title>\n<meta name=\"robots\" content=\"index, follow, max-snippet:-1, max-image-preview:large, max-video-preview:-1\" \/>\n<link rel=\"canonical\" href=\"https:\/\/sulsc.com\/index.php\/2023\/11\/01\/palestra-sobre-gestao-publica-em-laguna-reune-membros-da-comunidade-e-politicos-do-sul-de-sc\/\" \/>\n<meta property=\"og:locale\" content=\"en_US\" \/>\n<meta property=\"og:type\" content=\"article\" \/>\n<meta property=\"og:title\" content=\"Palestra sobre gest\u00e3o p\u00fablica em Laguna, reune membros da comunidade e pol\u00edticos do Sul de SC -\" \/>\n<meta property=\"og:description\" content=\"Gest\u00e3o p\u00fablica no \u00e2mbito da sa\u00fade, educa\u00e7\u00e3o, infraestrutura e seguran\u00e7a. Esses foram os principais pilares abordados na palestra sobre gest\u00e3o p\u00fablica, ministrada pelo prefeito de Joinville Adriano Silva, em Laguna. O encontro ocorreu nesta nesta ter\u00e7a-feira (31), no Cine Teatro Mussi. O prefeito abordou o modelo de gest\u00e3o com base na experi\u00eancia voltada para a &hellip; Palestra sobre gest\u00e3o p\u00fablica em Laguna, reune membros da comunidade e pol\u00edticos do Sul de SC Read More &raquo;\" \/>\n<meta property=\"og:url\" content=\"https:\/\/sulsc.com\/index.php\/2023\/11\/01\/palestra-sobre-gestao-publica-em-laguna-reune-membros-da-comunidade-e-politicos-do-sul-de-sc\/\" \/>\n<meta property=\"article:author\" content=\"https:\/\/www.facebook.com\/profile.php?id=61559278119680\" \/>\n<meta property=\"article:published_time\" content=\"2023-11-01T23:00:44+00:00\" \/>\n<meta property=\"article:modified_time\" content=\"2023-11-01T23:02:32+00:00\" \/>\n<meta property=\"og:image\" content=\"http:\/\/sulsc.com\/wp-content\/uploads\/2023\/11\/WhatsApp-Image-2023-11-01-at-18.09.42.jpeg\" \/>\n\t<meta property=\"og:image:width\" content=\"1200\" \/>\n\t<meta property=\"og:image:height\" content=\"1600\" \/>\n\t<meta property=\"og:image:type\" content=\"image\/jpeg\" \/>\n<meta name=\"author\" content=\"Reda\u00e7\u00e3o Sul SC\" \/>\n<meta name=\"twitter:card\" content=\"summary_large_image\" \/>\n<meta name=\"twitter:creator\" content=\"@https:\/\/twitter.com\/PortalSulSC\" \/>\n<meta name=\"twitter:label1\" content=\"Written by\" \/>\n\t<meta name=\"twitter:data1\" content=\"Reda\u00e7\u00e3o Sul SC\" \/>\n\t<meta name=\"twitter:label2\" content=\"Est. reading time\" \/>\n\t<meta name=\"twitter:data2\" content=\"2 minutes\" \/>\n<script type=\"application\/ld+json\" class=\"yoast-schema-graph\">{\"@context\":\"https:\/\/schema.org\",\"@graph\":[{\"@type\":\"WebPage\",\"@id\":\"https:\/\/sulsc.com\/index.php\/2023\/11\/01\/palestra-sobre-gestao-publica-em-laguna-reune-membros-da-comunidade-e-politicos-do-sul-de-sc\/\",\"url\":\"https:\/\/sulsc.com\/index.php\/2023\/11\/01\/palestra-sobre-gestao-publica-em-laguna-reune-membros-da-comunidade-e-politicos-do-sul-de-sc\/\",\"name\":\"Palestra sobre gest\u00e3o p\u00fablica em Laguna, reune membros da comunidade e pol\u00edticos do Sul de SC -\",\"isPartOf\":{\"@id\":\"https:\/\/sulsc.com\/#website\"},\"datePublished\":\"2023-11-01T23:00:44+00:00\",\"dateModified\":\"2023-11-01T23:02:32+00:00\",\"author\":{\"@id\":\"https:\/\/sulsc.com\/#\/schema\/person\/84d2fc571684f6248ba83092f07750a3\"},\"breadcrumb\":{\"@id\":\"https:\/\/sulsc.com\/index.php\/2023\/11\/01\/palestra-sobre-gestao-publica-em-laguna-reune-membros-da-comunidade-e-politicos-do-sul-de-sc\/#breadcrumb\"},\"inLanguage\":\"en-US\",\"potentialAction\":[{\"@type\":\"ReadAction\",\"target\":[\"https:\/\/sulsc.com\/index.php\/2023\/11\/01\/palestra-sobre-gestao-publica-em-laguna-reune-membros-da-comunidade-e-politicos-do-sul-de-sc\/\"]}]},{\"@type\":\"BreadcrumbList\",\"@id\":\"https:\/\/sulsc.com\/index.php\/2023\/11\/01\/palestra-sobre-gestao-publica-em-laguna-reune-membros-da-comunidade-e-politicos-do-sul-de-sc\/#breadcrumb\",\"itemListElement\":[{\"@type\":\"ListItem\",\"position\":1,\"name\":\"In\u00edcio\",\"item\":\"https:\/\/sulsc.com\/\"},{\"@type\":\"ListItem\",\"position\":2,\"name\":\"Palestra sobre gest\u00e3o p\u00fablica em Laguna, reune membros da comunidade e pol\u00edticos do Sul de SC\"}]},{\"@type\":\"WebSite\",\"@id\":\"https:\/\/sulsc.com\/#website\",\"url\":\"https:\/\/sulsc.com\/\",\"name\":\"\",\"description\":\"\",\"potentialAction\":[{\"@type\":\"SearchAction\",\"target\":{\"@type\":\"EntryPoint\",\"urlTemplate\":\"https:\/\/sulsc.com\/?s={search_term_string}\"},\"query-input\":\"required name=search_term_string\"}],\"inLanguage\":\"en-US\"},{\"@type\":\"Person\",\"@id\":\"https:\/\/sulsc.com\/#\/schema\/person\/84d2fc571684f6248ba83092f07750a3\",\"name\":\"Reda\u00e7\u00e3o Sul SC\",\"image\":{\"@type\":\"ImageObject\",\"inLanguage\":\"en-US\",\"@id\":\"https:\/\/sulsc.com\/#\/schema\/person\/image\/e08d7fe2cc4ed596372063bbe852b8d0\",\"url\":\"https:\/\/sulsc.com\/wp-content\/uploads\/2023\/09\/redacao.png\",\"contentUrl\":\"https:\/\/sulsc.com\/wp-content\/uploads\/2023\/09\/redacao.png\",\"caption\":\"Reda\u00e7\u00e3o Sul SC\"},\"description\":\"Foco em um jornalismo imparcial, voltado \u00e0 qualidade dos seus conte\u00fados e, assim, levar informa\u00e7\u00e3o de valor que agregue \u00e0 vida dos leitores. Esta \u00e9 grande miss\u00e3o do Portal de Not\u00edcias Sul SC. N\u00e3o \u00e9 quantidade que muda o mundo, sempre foi e seguir\u00e1 sendo qualidade!\",\"sameAs\":[\"https:\/\/sulsc.com\/\",\"https:\/\/www.facebook.com\/profile.php?id=61559278119680\",\"https:\/\/www.instagram.com\/sulscportal\/?hl=pt-br\",\"https:\/\/twitter.com\/https:\/\/twitter.com\/PortalSulSC\",\"https:\/\/www.youtube.com\/channel\/UCv_BE8GeySluDov2n8qhVmw\"],\"url\":\"https:\/\/sulsc.com\/index.php\/author\/redacao\/\"}]}<\/script>\n<!-- \/ Yoast SEO plugin. -->","yoast_head_json":{"title":"Palestra sobre gest\u00e3o p\u00fablica em Laguna, reune membros da comunidade e pol\u00edticos do Sul de SC -","robots":{"index":"index","follow":"follow","max-snippet":"max-snippet:-1","max-image-preview":"max-image-preview:large","max-video-preview":"max-video-preview:-1"},"canonical":"https:\/\/sulsc.com\/index.php\/2023\/11\/01\/palestra-sobre-gestao-publica-em-laguna-reune-membros-da-comunidade-e-politicos-do-sul-de-sc\/","og_locale":"en_US","og_type":"article","og_title":"Palestra sobre gest\u00e3o p\u00fablica em Laguna, reune membros da comunidade e pol\u00edticos do Sul de SC -","og_description":"Gest\u00e3o p\u00fablica no \u00e2mbito da sa\u00fade, educa\u00e7\u00e3o, infraestrutura e seguran\u00e7a. Esses foram os principais pilares abordados na palestra sobre gest\u00e3o p\u00fablica, ministrada pelo prefeito de Joinville Adriano Silva, em Laguna. O encontro ocorreu nesta nesta ter\u00e7a-feira (31), no Cine Teatro Mussi. O prefeito abordou o modelo de gest\u00e3o com base na experi\u00eancia voltada para a &hellip; Palestra sobre gest\u00e3o p\u00fablica em Laguna, reune membros da comunidade e pol\u00edticos do Sul de SC Read More &raquo;","og_url":"https:\/\/sulsc.com\/index.php\/2023\/11\/01\/palestra-sobre-gestao-publica-em-laguna-reune-membros-da-comunidade-e-politicos-do-sul-de-sc\/","article_author":"https:\/\/www.facebook.com\/profile.php?id=61559278119680","article_published_time":"2023-11-01T23:00:44+00:00","article_modified_time":"2023-11-01T23:02:32+00:00","og_image":[{"width":1200,"height":1600,"url":"http:\/\/sulsc.com\/wp-content\/uploads\/2023\/11\/WhatsApp-Image-2023-11-01-at-18.09.42.jpeg","type":"image\/jpeg"}],"author":"Reda\u00e7\u00e3o Sul SC","twitter_card":"summary_large_image","twitter_creator":"@https:\/\/twitter.com\/PortalSulSC","twitter_misc":{"Written by":"Reda\u00e7\u00e3o Sul SC","Est. reading time":"2 minutes"},"schema":{"@context":"https:\/\/schema.org","@graph":[{"@type":"WebPage","@id":"https:\/\/sulsc.com\/index.php\/2023\/11\/01\/palestra-sobre-gestao-publica-em-laguna-reune-membros-da-comunidade-e-politicos-do-sul-de-sc\/","url":"https:\/\/sulsc.com\/index.php\/2023\/11\/01\/palestra-sobre-gestao-publica-em-laguna-reune-membros-da-comunidade-e-politicos-do-sul-de-sc\/","name":"Palestra sobre gest\u00e3o p\u00fablica em Laguna, reune membros da comunidade e pol\u00edticos do Sul de SC -","isPartOf":{"@id":"https:\/\/sulsc.com\/#website"},"datePublished":"2023-11-01T23:00:44+00:00","dateModified":"2023-11-01T23:02:32+00:00","author":{"@id":"https:\/\/sulsc.com\/#\/schema\/person\/84d2fc571684f6248ba83092f07750a3"},"breadcrumb":{"@id":"https:\/\/sulsc.com\/index.php\/2023\/11\/01\/palestra-sobre-gestao-publica-em-laguna-reune-membros-da-comunidade-e-politicos-do-sul-de-sc\/#breadcrumb"},"inLanguage":"en-US","potentialAction":[{"@type":"ReadAction","target":["https:\/\/sulsc.com\/index.php\/2023\/11\/01\/palestra-sobre-gestao-publica-em-laguna-reune-membros-da-comunidade-e-politicos-do-sul-de-sc\/"]}]},{"@type":"BreadcrumbList","@id":"https:\/\/sulsc.com\/index.php\/2023\/11\/01\/palestra-sobre-gestao-publica-em-laguna-reune-membros-da-comunidade-e-politicos-do-sul-de-sc\/#breadcrumb","itemListElement":[{"@type":"ListItem","position":1,"name":"In\u00edcio","item":"https:\/\/sulsc.com\/"},{"@type":"ListItem","position":2,"name":"Palestra sobre gest\u00e3o p\u00fablica em Laguna, reune membros da comunidade e pol\u00edticos do Sul de SC"}]},{"@type":"WebSite","@id":"https:\/\/sulsc.com\/#website","url":"https:\/\/sulsc.com\/","name":"","description":"","potentialAction":[{"@type":"SearchAction","target":{"@type":"EntryPoint","urlTemplate":"https:\/\/sulsc.com\/?s={search_term_string}"},"query-input":"required name=search_term_string"}],"inLanguage":"en-US"},{"@type":"Person","@id":"https:\/\/sulsc.com\/#\/schema\/person\/84d2fc571684f6248ba83092f07750a3","name":"Reda\u00e7\u00e3o Sul SC","image":{"@type":"ImageObject","inLanguage":"en-US","@id":"https:\/\/sulsc.com\/#\/schema\/person\/image\/e08d7fe2cc4ed596372063bbe852b8d0","url":"https:\/\/sulsc.com\/wp-content\/uploads\/2023\/09\/redacao.png","contentUrl":"https:\/\/sulsc.com\/wp-content\/uploads\/2023\/09\/redacao.png","caption":"Reda\u00e7\u00e3o Sul SC"},"description":"Foco em um jornalismo imparcial, voltado \u00e0 qualidade dos seus conte\u00fados e, assim, levar informa\u00e7\u00e3o de valor que agregue \u00e0 vida dos leitores. Esta \u00e9 grande miss\u00e3o do Portal de Not\u00edcias Sul SC. N\u00e3o \u00e9 quantidade que muda o mundo, sempre foi e seguir\u00e1 sendo qualidade!","sameAs":["https:\/\/sulsc.com\/","https:\/\/www.facebook.com\/profile.php?id=61559278119680","https:\/\/www.instagram.com\/sulscportal\/?hl=pt-br","https:\/\/twitter.com\/https:\/\/twitter.com\/PortalSulSC","https:\/\/www.youtube.com\/channel\/UCv_BE8GeySluDov2n8qhVmw"],"url":"https:\/\/sulsc.com\/index.php\/author\/redacao\/"}]}},"authors":[],"_links":{"self":[{"href":"https:\/\/sulsc.com\/index.php\/wp-json\/wp\/v2\/posts\/3284"}],"collection":[{"href":"https:\/\/sulsc.com\/index.php\/wp-json\/wp\/v2\/posts"}],"about":[{"href":"https:\/\/sulsc.com\/index.php\/wp-json\/wp\/v2\/types\/post"}],"author":[{"embeddable":true,"href":"https:\/\/sulsc.com\/index.php\/wp-json\/wp\/v2\/users\/3"}],"replies":[{"embeddable":true,"href":"https:\/\/sulsc.com\/index.php\/wp-json\/wp\/v2\/comments?post=3284"}],"version-history":[{"count":3,"href":"https:\/\/sulsc.com\/index.php\/wp-json\/wp\/v2\/posts\/3284\/revisions"}],"predecessor-version":[{"id":3289,"href":"https:\/\/sulsc.com\/index.php\/wp-json\/wp\/v2\/posts\/3284\/revisions\/3289"}],"wp:featuredmedia":[{"embeddable":true,"href":"https:\/\/sulsc.com\/index.php\/wp-json\/wp\/v2\/media\/3286"}],"wp:attachment":[{"href":"https:\/\/sulsc.com\/index.php\/wp-json\/wp\/v2\/media?parent=3284"}],"wp:term":[{"taxonomy":"category","embeddable":true,"href":"https:\/\/sulsc.com\/index.php\/wp-json\/wp\/v2\/categories?post=3284"},{"taxonomy":"post_tag","embeddable":true,"href":"https:\/\/sulsc.com\/index.php\/wp-json\/wp\/v2\/tags?post=3284"}],"curies":[{"name":"wp","href":"https:\/\/api.w.org\/{rel}","templated":true}]}}