{"id":32845,"date":"2026-03-06T11:17:01","date_gmt":"2026-03-06T14:17:01","guid":{"rendered":"https:\/\/sulsc.com\/?p=32845"},"modified":"2026-03-06T11:17:01","modified_gmt":"2026-03-06T14:17:01","slug":"anvisa-suplementos-com-curcuma-podem-trazer-risco-de-danos-ao-figado","status":"publish","type":"post","link":"https:\/\/sulsc.com\/index.php\/2026\/03\/06\/anvisa-suplementos-com-curcuma-podem-trazer-risco-de-danos-ao-figado\/","title":{"rendered":"Anvisa: suplementos com c\u00farcuma podem trazer risco de danos ao f\u00edgado"},"content":{"rendered":"<p>A Ag\u00eancia Nacional de Vigil\u00e2ncia Sanit\u00e1ria (Anvisa) publicou nesta sexta-feira (6) um <strong><a href=\"https:\/\/antigo.anvisa.gov.br\/resultado-de-busca?p_p_id=101&amp;p_p_lifecycle=0&amp;p_p_state=maximized&amp;p_p_mode=view&amp;p_p_col_id=column-1&amp;p_p_col_count=1&amp;_101_struts_action=%2Fasset_publisher%2Fview_content&amp;_101_assetEntryId=7220898&amp;_101_type=content&amp;_101_groupId=33868&amp;_101_urlTitle=alerta-04-2026-farmacovigilancia-nutrivigilancia-risco-de-ocorrencia-de-danos-hepaticos-apos-o-uso-oral-de-medicamentos-e-suplementos-alimentares-cont&amp;redirect=http%3A%2F%2Fantigo.anvisa.gov.br%2Fresultado-de-busca%3Fp_p_id%3D3%26p_p_lifecycle%3D0%26p_p_state%3Dnormal%26p_p_mode%3Dview%26p_p_col_id%3Dcolumn-1%26p_p_col_count%3D1%26_3_cur%3D1%26_3_keywords%3Dcurcuma%26_3_formDate%3D1441824476958%26_3_groupId%3D0%26_3_format%3D%26_3_struts_action%3D%252Fsearch%252Fsearch&amp;inheritRedirect=true\" target=\"_blank\" rel=\"noopener\">alerta <\/a><\/strong>de farmacovigil\u00e2ncia para o uso de medicamentos e suplementos alimentares que cont\u00eam c\u00farcuma, tamb\u00e9m conhecida como a\u00e7afr\u00e3o.<img decoding=\"async\" src=\"https:\/\/agenciabrasil.ebc.com.br\/ebc.png?id=1680896&amp;o=node\" \/><img decoding=\"async\" src=\"https:\/\/agenciabrasil.ebc.com.br\/ebc.gif?id=1680896&amp;o=node\" \/><\/p>\n<p>Segundo a Anvisa, investiga\u00e7\u00f5es internacionais identificaram casos raros, mas graves, de inflama\u00e7\u00e3o e de danos ao f\u00edgado associados ao uso desses produtos em c\u00e1psulas ou em extratos concentrados.<\/p>\n<div id=\"metaslider-id-25573\" style=\"width: 100%;\" class=\"ml-slider-3-99-0 metaslider metaslider-flex metaslider-25573 ml-slider has-onhover-arrows ms-theme-default-base has-dots-nav\" role=\"region\" aria-label=\"Meio\" data-width=\"1200\">\n    <div id=\"metaslider_container_25573\">\n        <div id=\"metaslider_25573\">\n            <ul class='slides'>\n                <li style=\"display: block; width: 100%;\" class=\"slide-25684 ms-image \" aria-roledescription=\"slide\" data-date=\"2025-07-24 07:55:40\"><img src=\"https:\/\/sulsc.com\/wp-content\/uploads\/2025\/07\/Marr-2-1000x166.jpg\" height=\"200\" width=\"1200\" alt=\"\" class=\"slider-25573 slide-25684 msDefaultImage\" title=\"Marr 2\" \/><\/li>\n                <li style=\"display: none; width: 100%;\" class=\"slide-32412 ms-image \" aria-roledescription=\"slide\" data-date=\"2026-02-18 13:59:46\"><img src=\"https:\/\/sulsc.com\/wp-content\/uploads\/2026\/02\/40dc1580-cad5-4867-bc58-c4243821ad38-1000x166.jpeg\" height=\"200\" width=\"1200\" alt=\"\" class=\"slider-25573 slide-32412 msDefaultImage\" title=\"40dc1580-cad5-4867-bc58-c4243821ad38\" \/><\/li>\n                <li style=\"display: none; width: 100%;\" class=\"slide-32766 ms-image \" aria-roledescription=\"slide\" data-date=\"2026-03-03 17:22:59\"><img src=\"https:\/\/sulsc.com\/wp-content\/uploads\/2026\/03\/271ce739-f268-41c5-8051-3de1a1750359-1000x166.jpeg\" height=\"200\" width=\"1200\" alt=\"\" class=\"slider-25573 slide-32766 msDefaultImage\" title=\"271ce739-f268-41c5-8051-3de1a1750359\" \/><\/li>\n            <\/ul>\n        <\/div>\n        \n    <\/div>\n<\/div>\n<p><strong>\u201c<\/strong>O problema est\u00e1 associado especialmente a formula\u00e7\u00f5es e tecnologias que promovem um aumento na absor\u00e7\u00e3o da curcumina em n\u00edveis muito acima do consumo normal<strong>\u201d, informou a ag\u00eancia em nota.<\/strong><\/p>\n<p>De acordo com o comunicado, ag\u00eancias reguladoras de pa\u00edses como It\u00e1lia, Austr\u00e1lia, Canad\u00e1 e Fran\u00e7a j\u00e1 fizeram alertas sobre o tema depois que autoridades de sa\u00fade registraram casos de intoxica\u00e7\u00e3o do f\u00edgado ligados ao uso de suplementos de c\u00farcuma.<\/p>\n<p>Na Fran\u00e7a, a Ag\u00eancia Nacional de Seguran\u00e7a Sanit\u00e1ria da Alimenta\u00e7\u00e3o, do Meio Ambiente e do Trabalho identificou dezenas de relatos de efeitos adversos associados ao consumo de suplementos com c\u00farcuma ou curcumina, incluindo casos de hepatite.<\/p>\n<p><img fetchpriority=\"high\" decoding=\"async\" class=\"aligncenter size-full wp-image-32846\" src=\"http:\/\/sulsc.com\/wp-content\/uploads\/2026\/03\/a6d18568-4e30-4352-8cf3-70f0e838e6b3.jpeg\" alt=\"\" width=\"768\" height=\"432\" srcset=\"https:\/\/sulsc.com\/wp-content\/uploads\/2026\/03\/a6d18568-4e30-4352-8cf3-70f0e838e6b3.jpeg 768w, https:\/\/sulsc.com\/wp-content\/uploads\/2026\/03\/a6d18568-4e30-4352-8cf3-70f0e838e6b3-300x169.jpeg 300w\" sizes=\"(max-width: 768px) 100vw, 768px\" \/><\/p>\n<p><strong>\u201c<\/strong>O alerta apresenta orienta\u00e7\u00f5es para profissionais de sa\u00fade, fabricantes de medicamentos e suplementos alimentares e consumidores<strong>\u201d, destacou a Anvisa.<\/strong><\/p>\n<p><strong>Alimenta\u00e7\u00e3o<\/strong><br \/>\nNa nota, a ag\u00eancia refor\u00e7a que o risco de toxicidade n\u00e3o est\u00e1 relacionado ao uso da c\u00farcuma para o preparo de alimentos no dia a dia.<\/p>\n<p>\u201cO p\u00f3 usado na culin\u00e1ria \u00e9 seguro e n\u00e3o integra o alerta, uma vez que n\u00e3o h\u00e1 evid\u00eancias de risco associado ao consumo da c\u00farcuma como alimento e aditivo alimentar\u201d, detalhou a Anvisa.<\/p>\n<p><strong>\u201c<\/strong>A diferen\u00e7a \u00e9 que, em medicamentos e suplementos, o produto possui concentra\u00e7\u00f5es mais altas e uma capacidade de ser mais absorvido pelo organismo<strong>\u201d, completou.<\/strong><\/p>\n<p><strong>Sinais de alerta<\/strong><br \/>\nDentre os ind\u00edcios citados pela Anvisa que podem indicar a necessidade de avalia\u00e7\u00e3o m\u00e9dica ap\u00f3s o uso de medicamentos e suplementos alimentares que cont\u00eam c\u00farcuma est\u00e3o:<\/p>\n<p>* pele ou olhos amarelados (icter\u00edcia);<\/p>\n<p>* urina muito escura;<\/p>\n<p>* cansa\u00e7o excessivo e sem explica\u00e7\u00e3o;<\/p>\n<p>* n\u00e1useas e dores na regi\u00e3o do abd\u00f4men.<\/p>\n<p>Nesses casos, a orienta\u00e7\u00e3o \u00e9 interromper o uso imediatamente e procurar um profissional de sa\u00fade. Suspeitas de eventos adversos envolvendo medicamentos devem ser notificadas ao sistema VigiMed e, no caso de suplementos, no e-Notivisa.<\/p>\n<p><strong>Atualiza\u00e7\u00e3o de bulas<\/strong><br \/>\nComo medida preventiva, a Anvisa determinou a atualiza\u00e7\u00e3o, com avisos de seguran\u00e7a, das bulas dos medicamentos Motore e Cumiah, ambos contendo c\u00farcuma.<\/p>\n<p>No caso dos suplementos com c\u00farcuma, a ag\u00eancia informou que vai reavaliar o uso da subst\u00e2ncia e que tamb\u00e9m vai passar a exigir a inclus\u00e3o de advert\u00eancias obrigat\u00f3rias sobre a possibilidade de efeitos adversos nos r\u00f3tulos dos produtos.<\/p>\n<p>Fonte\/Ag\u00eancia Brasil<\/p>\n","protected":false},"excerpt":{"rendered":"<p>A Ag\u00eancia Nacional de Vigil\u00e2ncia Sanit\u00e1ria (Anvisa) publicou nesta sexta-feira (6) um alerta de farmacovigil\u00e2ncia para o uso de medicamentos e suplementos alimentares que cont\u00eam c\u00farcuma, tamb\u00e9m conhecida como a\u00e7afr\u00e3o. Segundo a Anvisa, investiga\u00e7\u00f5es internacionais identificaram casos raros, mas graves, de inflama\u00e7\u00e3o e de danos ao f\u00edgado associados ao uso desses produtos em c\u00e1psulas ou &hellip;<\/p>\n<p class=\"read-more\"> <a class=\"\" href=\"https:\/\/sulsc.com\/index.php\/2026\/03\/06\/anvisa-suplementos-com-curcuma-podem-trazer-risco-de-danos-ao-figado\/\"> <span class=\"screen-reader-text\">Anvisa: suplementos com c\u00farcuma podem trazer risco de danos ao f\u00edgado<\/span> Read More &raquo;<\/a><\/p>\n","protected":false},"author":3,"featured_media":32847,"comment_status":"open","ping_status":"open","sticky":false,"template":"","format":"standard","meta":{"site-sidebar-layout":"default","site-content-layout":"","ast-site-content-layout":"default","site-content-style":"default","site-sidebar-style":"default","ast-global-header-display":"","ast-banner-title-visibility":"","ast-main-header-display":"","ast-hfb-above-header-display":"","ast-hfb-below-header-display":"","ast-hfb-mobile-header-display":"","site-post-title":"","ast-breadcrumbs-content":"","ast-featured-img":"","footer-sml-layout":"","theme-transparent-header-meta":"default","adv-header-id-meta":"","stick-header-meta":"","header-above-stick-meta":"","header-main-stick-meta":"","header-below-stick-meta":"","astra-migrate-meta-layouts":"set","footnotes":""},"categories":[1,15,2281,12],"tags":[2841],"yoast_head":"<!-- This site is optimized with the Yoast SEO plugin v21.4 - https:\/\/yoast.com\/wordpress\/plugins\/seo\/ -->\n<title>Anvisa: suplementos com c\u00farcuma podem trazer risco de danos ao f\u00edgado -<\/title>\n<meta name=\"robots\" content=\"index, follow, max-snippet:-1, max-image-preview:large, max-video-preview:-1\" \/>\n<link rel=\"canonical\" href=\"https:\/\/sulsc.com\/index.php\/2026\/03\/06\/anvisa-suplementos-com-curcuma-podem-trazer-risco-de-danos-ao-figado\/\" \/>\n<meta property=\"og:locale\" content=\"en_US\" \/>\n<meta property=\"og:type\" content=\"article\" \/>\n<meta property=\"og:title\" content=\"Anvisa: suplementos com c\u00farcuma podem trazer risco de danos ao f\u00edgado -\" \/>\n<meta property=\"og:description\" content=\"A Ag\u00eancia Nacional de Vigil\u00e2ncia Sanit\u00e1ria (Anvisa) publicou nesta sexta-feira (6) um alerta de farmacovigil\u00e2ncia para o uso de medicamentos e suplementos alimentares que cont\u00eam c\u00farcuma, tamb\u00e9m conhecida como a\u00e7afr\u00e3o. Segundo a Anvisa, investiga\u00e7\u00f5es internacionais identificaram casos raros, mas graves, de inflama\u00e7\u00e3o e de danos ao f\u00edgado associados ao uso desses produtos em c\u00e1psulas ou &hellip; Anvisa: suplementos com c\u00farcuma podem trazer risco de danos ao f\u00edgado Read More &raquo;\" \/>\n<meta property=\"og:url\" content=\"https:\/\/sulsc.com\/index.php\/2026\/03\/06\/anvisa-suplementos-com-curcuma-podem-trazer-risco-de-danos-ao-figado\/\" \/>\n<meta property=\"article:author\" content=\"https:\/\/www.facebook.com\/profile.php?id=61559278119680\" \/>\n<meta property=\"article:published_time\" content=\"2026-03-06T14:17:01+00:00\" \/>\n<meta property=\"og:image\" content=\"http:\/\/sulsc.com\/wp-content\/uploads\/2026\/03\/1d6ea464-d480-4aca-b00a-8547e04b0f8d.jpeg\" \/>\n\t<meta property=\"og:image:width\" content=\"984\" \/>\n\t<meta property=\"og:image:height\" content=\"653\" \/>\n\t<meta property=\"og:image:type\" content=\"image\/jpeg\" \/>\n<meta name=\"author\" content=\"Reda\u00e7\u00e3o Sul SC\" \/>\n<meta name=\"twitter:card\" content=\"summary_large_image\" \/>\n<meta name=\"twitter:creator\" content=\"@https:\/\/twitter.com\/PortalSulSC\" \/>\n<meta name=\"twitter:label1\" content=\"Written by\" \/>\n\t<meta name=\"twitter:data1\" content=\"Reda\u00e7\u00e3o Sul SC\" \/>\n\t<meta name=\"twitter:label2\" content=\"Est. reading time\" \/>\n\t<meta name=\"twitter:data2\" content=\"3 minutes\" \/>\n<script type=\"application\/ld+json\" class=\"yoast-schema-graph\">{\"@context\":\"https:\/\/schema.org\",\"@graph\":[{\"@type\":\"WebPage\",\"@id\":\"https:\/\/sulsc.com\/index.php\/2026\/03\/06\/anvisa-suplementos-com-curcuma-podem-trazer-risco-de-danos-ao-figado\/\",\"url\":\"https:\/\/sulsc.com\/index.php\/2026\/03\/06\/anvisa-suplementos-com-curcuma-podem-trazer-risco-de-danos-ao-figado\/\",\"name\":\"Anvisa: suplementos com c\u00farcuma podem trazer risco de danos ao f\u00edgado -\",\"isPartOf\":{\"@id\":\"https:\/\/sulsc.com\/#website\"},\"datePublished\":\"2026-03-06T14:17:01+00:00\",\"dateModified\":\"2026-03-06T14:17:01+00:00\",\"author\":{\"@id\":\"https:\/\/sulsc.com\/#\/schema\/person\/84d2fc571684f6248ba83092f07750a3\"},\"breadcrumb\":{\"@id\":\"https:\/\/sulsc.com\/index.php\/2026\/03\/06\/anvisa-suplementos-com-curcuma-podem-trazer-risco-de-danos-ao-figado\/#breadcrumb\"},\"inLanguage\":\"en-US\",\"potentialAction\":[{\"@type\":\"ReadAction\",\"target\":[\"https:\/\/sulsc.com\/index.php\/2026\/03\/06\/anvisa-suplementos-com-curcuma-podem-trazer-risco-de-danos-ao-figado\/\"]}]},{\"@type\":\"BreadcrumbList\",\"@id\":\"https:\/\/sulsc.com\/index.php\/2026\/03\/06\/anvisa-suplementos-com-curcuma-podem-trazer-risco-de-danos-ao-figado\/#breadcrumb\",\"itemListElement\":[{\"@type\":\"ListItem\",\"position\":1,\"name\":\"In\u00edcio\",\"item\":\"https:\/\/sulsc.com\/\"},{\"@type\":\"ListItem\",\"position\":2,\"name\":\"Anvisa: suplementos com c\u00farcuma podem trazer risco de danos ao f\u00edgado\"}]},{\"@type\":\"WebSite\",\"@id\":\"https:\/\/sulsc.com\/#website\",\"url\":\"https:\/\/sulsc.com\/\",\"name\":\"\",\"description\":\"\",\"potentialAction\":[{\"@type\":\"SearchAction\",\"target\":{\"@type\":\"EntryPoint\",\"urlTemplate\":\"https:\/\/sulsc.com\/?s={search_term_string}\"},\"query-input\":\"required name=search_term_string\"}],\"inLanguage\":\"en-US\"},{\"@type\":\"Person\",\"@id\":\"https:\/\/sulsc.com\/#\/schema\/person\/84d2fc571684f6248ba83092f07750a3\",\"name\":\"Reda\u00e7\u00e3o Sul SC\",\"image\":{\"@type\":\"ImageObject\",\"inLanguage\":\"en-US\",\"@id\":\"https:\/\/sulsc.com\/#\/schema\/person\/image\/e08d7fe2cc4ed596372063bbe852b8d0\",\"url\":\"https:\/\/sulsc.com\/wp-content\/uploads\/2023\/09\/redacao.png\",\"contentUrl\":\"https:\/\/sulsc.com\/wp-content\/uploads\/2023\/09\/redacao.png\",\"caption\":\"Reda\u00e7\u00e3o Sul SC\"},\"description\":\"Foco em um jornalismo imparcial, voltado \u00e0 qualidade dos seus conte\u00fados e, assim, levar informa\u00e7\u00e3o de valor que agregue \u00e0 vida dos leitores. Esta \u00e9 grande miss\u00e3o do Portal de Not\u00edcias Sul SC. N\u00e3o \u00e9 quantidade que muda o mundo, sempre foi e seguir\u00e1 sendo qualidade!\",\"sameAs\":[\"https:\/\/sulsc.com\/\",\"https:\/\/www.facebook.com\/profile.php?id=61559278119680\",\"https:\/\/www.instagram.com\/sulscportal\/?hl=pt-br\",\"https:\/\/twitter.com\/https:\/\/twitter.com\/PortalSulSC\",\"https:\/\/www.youtube.com\/channel\/UCv_BE8GeySluDov2n8qhVmw\"],\"url\":\"https:\/\/sulsc.com\/index.php\/author\/redacao\/\"}]}<\/script>\n<!-- \/ Yoast SEO plugin. -->","yoast_head_json":{"title":"Anvisa: suplementos com c\u00farcuma podem trazer risco de danos ao f\u00edgado -","robots":{"index":"index","follow":"follow","max-snippet":"max-snippet:-1","max-image-preview":"max-image-preview:large","max-video-preview":"max-video-preview:-1"},"canonical":"https:\/\/sulsc.com\/index.php\/2026\/03\/06\/anvisa-suplementos-com-curcuma-podem-trazer-risco-de-danos-ao-figado\/","og_locale":"en_US","og_type":"article","og_title":"Anvisa: suplementos com c\u00farcuma podem trazer risco de danos ao f\u00edgado -","og_description":"A Ag\u00eancia Nacional de Vigil\u00e2ncia Sanit\u00e1ria (Anvisa) publicou nesta sexta-feira (6) um alerta de farmacovigil\u00e2ncia para o uso de medicamentos e suplementos alimentares que cont\u00eam c\u00farcuma, tamb\u00e9m conhecida como a\u00e7afr\u00e3o. Segundo a Anvisa, investiga\u00e7\u00f5es internacionais identificaram casos raros, mas graves, de inflama\u00e7\u00e3o e de danos ao f\u00edgado associados ao uso desses produtos em c\u00e1psulas ou &hellip; Anvisa: suplementos com c\u00farcuma podem trazer risco de danos ao f\u00edgado Read More &raquo;","og_url":"https:\/\/sulsc.com\/index.php\/2026\/03\/06\/anvisa-suplementos-com-curcuma-podem-trazer-risco-de-danos-ao-figado\/","article_author":"https:\/\/www.facebook.com\/profile.php?id=61559278119680","article_published_time":"2026-03-06T14:17:01+00:00","og_image":[{"width":984,"height":653,"url":"http:\/\/sulsc.com\/wp-content\/uploads\/2026\/03\/1d6ea464-d480-4aca-b00a-8547e04b0f8d.jpeg","type":"image\/jpeg"}],"author":"Reda\u00e7\u00e3o Sul SC","twitter_card":"summary_large_image","twitter_creator":"@https:\/\/twitter.com\/PortalSulSC","twitter_misc":{"Written by":"Reda\u00e7\u00e3o Sul SC","Est. reading time":"3 minutes"},"schema":{"@context":"https:\/\/schema.org","@graph":[{"@type":"WebPage","@id":"https:\/\/sulsc.com\/index.php\/2026\/03\/06\/anvisa-suplementos-com-curcuma-podem-trazer-risco-de-danos-ao-figado\/","url":"https:\/\/sulsc.com\/index.php\/2026\/03\/06\/anvisa-suplementos-com-curcuma-podem-trazer-risco-de-danos-ao-figado\/","name":"Anvisa: suplementos com c\u00farcuma podem trazer risco de danos ao f\u00edgado -","isPartOf":{"@id":"https:\/\/sulsc.com\/#website"},"datePublished":"2026-03-06T14:17:01+00:00","dateModified":"2026-03-06T14:17:01+00:00","author":{"@id":"https:\/\/sulsc.com\/#\/schema\/person\/84d2fc571684f6248ba83092f07750a3"},"breadcrumb":{"@id":"https:\/\/sulsc.com\/index.php\/2026\/03\/06\/anvisa-suplementos-com-curcuma-podem-trazer-risco-de-danos-ao-figado\/#breadcrumb"},"inLanguage":"en-US","potentialAction":[{"@type":"ReadAction","target":["https:\/\/sulsc.com\/index.php\/2026\/03\/06\/anvisa-suplementos-com-curcuma-podem-trazer-risco-de-danos-ao-figado\/"]}]},{"@type":"BreadcrumbList","@id":"https:\/\/sulsc.com\/index.php\/2026\/03\/06\/anvisa-suplementos-com-curcuma-podem-trazer-risco-de-danos-ao-figado\/#breadcrumb","itemListElement":[{"@type":"ListItem","position":1,"name":"In\u00edcio","item":"https:\/\/sulsc.com\/"},{"@type":"ListItem","position":2,"name":"Anvisa: suplementos com c\u00farcuma podem trazer risco de danos ao f\u00edgado"}]},{"@type":"WebSite","@id":"https:\/\/sulsc.com\/#website","url":"https:\/\/sulsc.com\/","name":"","description":"","potentialAction":[{"@type":"SearchAction","target":{"@type":"EntryPoint","urlTemplate":"https:\/\/sulsc.com\/?s={search_term_string}"},"query-input":"required name=search_term_string"}],"inLanguage":"en-US"},{"@type":"Person","@id":"https:\/\/sulsc.com\/#\/schema\/person\/84d2fc571684f6248ba83092f07750a3","name":"Reda\u00e7\u00e3o Sul SC","image":{"@type":"ImageObject","inLanguage":"en-US","@id":"https:\/\/sulsc.com\/#\/schema\/person\/image\/e08d7fe2cc4ed596372063bbe852b8d0","url":"https:\/\/sulsc.com\/wp-content\/uploads\/2023\/09\/redacao.png","contentUrl":"https:\/\/sulsc.com\/wp-content\/uploads\/2023\/09\/redacao.png","caption":"Reda\u00e7\u00e3o Sul SC"},"description":"Foco em um jornalismo imparcial, voltado \u00e0 qualidade dos seus conte\u00fados e, assim, levar informa\u00e7\u00e3o de valor que agregue \u00e0 vida dos leitores. Esta \u00e9 grande miss\u00e3o do Portal de Not\u00edcias Sul SC. N\u00e3o \u00e9 quantidade que muda o mundo, sempre foi e seguir\u00e1 sendo qualidade!","sameAs":["https:\/\/sulsc.com\/","https:\/\/www.facebook.com\/profile.php?id=61559278119680","https:\/\/www.instagram.com\/sulscportal\/?hl=pt-br","https:\/\/twitter.com\/https:\/\/twitter.com\/PortalSulSC","https:\/\/www.youtube.com\/channel\/UCv_BE8GeySluDov2n8qhVmw"],"url":"https:\/\/sulsc.com\/index.php\/author\/redacao\/"}]}},"authors":[],"_links":{"self":[{"href":"https:\/\/sulsc.com\/index.php\/wp-json\/wp\/v2\/posts\/32845"}],"collection":[{"href":"https:\/\/sulsc.com\/index.php\/wp-json\/wp\/v2\/posts"}],"about":[{"href":"https:\/\/sulsc.com\/index.php\/wp-json\/wp\/v2\/types\/post"}],"author":[{"embeddable":true,"href":"https:\/\/sulsc.com\/index.php\/wp-json\/wp\/v2\/users\/3"}],"replies":[{"embeddable":true,"href":"https:\/\/sulsc.com\/index.php\/wp-json\/wp\/v2\/comments?post=32845"}],"version-history":[{"count":1,"href":"https:\/\/sulsc.com\/index.php\/wp-json\/wp\/v2\/posts\/32845\/revisions"}],"predecessor-version":[{"id":32848,"href":"https:\/\/sulsc.com\/index.php\/wp-json\/wp\/v2\/posts\/32845\/revisions\/32848"}],"wp:featuredmedia":[{"embeddable":true,"href":"https:\/\/sulsc.com\/index.php\/wp-json\/wp\/v2\/media\/32847"}],"wp:attachment":[{"href":"https:\/\/sulsc.com\/index.php\/wp-json\/wp\/v2\/media?parent=32845"}],"wp:term":[{"taxonomy":"category","embeddable":true,"href":"https:\/\/sulsc.com\/index.php\/wp-json\/wp\/v2\/categories?post=32845"},{"taxonomy":"post_tag","embeddable":true,"href":"https:\/\/sulsc.com\/index.php\/wp-json\/wp\/v2\/tags?post=32845"}],"curies":[{"name":"wp","href":"https:\/\/api.w.org\/{rel}","templated":true}]}}