{"id":32853,"date":"2026-03-06T15:30:29","date_gmt":"2026-03-06T18:30:29","guid":{"rendered":"https:\/\/sulsc.com\/?p=32853"},"modified":"2026-03-06T15:30:29","modified_gmt":"2026-03-06T18:30:29","slug":"defesa-civil-sc-alerta-para-chegada-de-temporais-ja-nesta-sexta-feira-e-se-estendendo-ate-domingo8","status":"publish","type":"post","link":"https:\/\/sulsc.com\/index.php\/2026\/03\/06\/defesa-civil-sc-alerta-para-chegada-de-temporais-ja-nesta-sexta-feira-e-se-estendendo-ate-domingo8\/","title":{"rendered":"Defesa Civil SC alerta para chegada de temporais j\u00e1 nesta sexta-feira e se estendendo at\u00e9 domingo(8)"},"content":{"rendered":"<p>Defesa Civil de SC alerta para a passagem de uma frente fria onde provocar\u00e1 mudan\u00e7as no tempo no estado ao longo do fim de semana. Depois de v\u00e1rios dias de sol e calor, o estado volta a ter condi\u00e7\u00f5es para temporais em diferentes regi\u00f5es, al\u00e9m de uma gradual redu\u00e7\u00e3o das temperaturas m\u00ednimas a partir do in\u00edcio da pr\u00f3xima semana.<\/p>\n<p><strong>A mudan\u00e7a come\u00e7a a ser percebida j\u00e1 na tarde desta sexta-feira (6)<\/strong>, quando s\u00e3o esperados temporais isolados principalmente no Oeste catarinense. As instabilidades devem se formar de maneira r\u00e1pida e com curta dura\u00e7\u00e3o, mas podem vir acompanhadas de rajadas intensas de vento e eventual queda de granizo, caracter\u00edsticas t\u00edpicas de ver\u00e3o. Entre a noite de sexta-feira e a madrugada de s\u00e1bado (07), a chuva tamb\u00e9m pode alcan\u00e7ar \u00e1reas do Planalto Sul e do Litoral Sul, por\u00e9m com menor risco para ocorr\u00eancias associadas.<\/p>\n<div id=\"metaslider-id-25573\" style=\"width: 100%;\" class=\"ml-slider-3-99-0 metaslider metaslider-flex metaslider-25573 ml-slider has-onhover-arrows ms-theme-default-base has-dots-nav\" role=\"region\" aria-label=\"Meio\" data-width=\"1200\">\n    <div id=\"metaslider_container_25573\">\n        <div id=\"metaslider_25573\">\n            <ul class='slides'>\n                <li style=\"display: block; width: 100%;\" class=\"slide-25684 ms-image \" aria-roledescription=\"slide\" data-date=\"2025-07-24 07:55:40\"><img src=\"https:\/\/sulsc.com\/wp-content\/uploads\/2025\/07\/Marr-2-1000x166.jpg\" height=\"200\" width=\"1200\" alt=\"\" class=\"slider-25573 slide-25684 msDefaultImage\" title=\"Marr 2\" \/><\/li>\n                <li style=\"display: none; width: 100%;\" class=\"slide-32412 ms-image \" aria-roledescription=\"slide\" data-date=\"2026-02-18 13:59:46\"><img src=\"https:\/\/sulsc.com\/wp-content\/uploads\/2026\/02\/40dc1580-cad5-4867-bc58-c4243821ad38-1000x166.jpeg\" height=\"200\" width=\"1200\" alt=\"\" class=\"slider-25573 slide-32412 msDefaultImage\" title=\"40dc1580-cad5-4867-bc58-c4243821ad38\" \/><\/li>\n                <li style=\"display: none; width: 100%;\" class=\"slide-32766 ms-image \" aria-roledescription=\"slide\" data-date=\"2026-03-03 17:22:59\"><img src=\"https:\/\/sulsc.com\/wp-content\/uploads\/2026\/03\/271ce739-f268-41c5-8051-3de1a1750359-1000x166.jpeg\" height=\"200\" width=\"1200\" alt=\"\" class=\"slider-25573 slide-32766 msDefaultImage\" title=\"271ce739-f268-41c5-8051-3de1a1750359\" \/><\/li>\n            <\/ul>\n        <\/div>\n        \n    <\/div>\n<\/div>\n<p>A sexta-feira ainda ser\u00e1 marcada por calor intenso. No Oeste e no Extremo Oeste, as temperaturas m\u00e1ximas passam dos 35\u00b0C e podem chegar pontualmente aos 36\u00b0C ou 37\u00b0C. Nas demais regi\u00f5es do estado, os term\u00f4metros variam entre 27\u00b0C e 31\u00b0C durante a tarde.<\/p>\n<p>No s\u00e1bado e no domingo (08), a passagem da frente fria, associada a uma \u00e1rea de baixa press\u00e3o, favorece a forma\u00e7\u00e3o de temporais em todas as regi\u00f5es do estado. Entre a madrugada e a manh\u00e3, as instabilidades ocorrem de forma mais isolada nas \u00e1reas pr\u00f3ximas \u00e0 divisa com o Rio Grande do Sul, enquanto no per\u00edodo da tarde e in\u00edcio da noite os temporais ganham for\u00e7a no Litoral e no Vale do Itaja\u00ed.<\/p>\n<p>Nas regi\u00f5es litor\u00e2neas, os temporais podem ser mais intensos e acompanhados por volumes elevados de chuva em curto per\u00edodo de tempo. Nessas \u00e1reas, aumenta o risco de alagamentos e enxurradas, especialmente entre a Grande Florian\u00f3polis, o Baixo Vale do Itaja\u00ed e o Litoral Norte, al\u00e9m de poss\u00edveis danos associados \u00e0s rajadas de vento.<\/p>\n<p><img fetchpriority=\"high\" decoding=\"async\" class=\"aligncenter size-full wp-image-32854\" src=\"http:\/\/sulsc.com\/wp-content\/uploads\/2026\/03\/image-71-1024x392-1-1.png\" alt=\"\" width=\"1024\" height=\"392\" srcset=\"https:\/\/sulsc.com\/wp-content\/uploads\/2026\/03\/image-71-1024x392-1-1.png 1024w, https:\/\/sulsc.com\/wp-content\/uploads\/2026\/03\/image-71-1024x392-1-1-300x115.png 300w, https:\/\/sulsc.com\/wp-content\/uploads\/2026\/03\/image-71-1024x392-1-1-768x294.png 768w\" sizes=\"(max-width: 1024px) 100vw, 1024px\" \/><\/p>\n<p>Al\u00e9m disso, no domingo, a atua\u00e7\u00e3o de uma \u00e1rea de baixa press\u00e3o pr\u00f3xima ao Litoral favorece a intensifica\u00e7\u00e3o dos ventos do quadrante sul. As rajadas podem variar entre 50 e 70 km\/h.<\/p>\n<p>Apesar da instabilidade, o fim de semana ainda ter\u00e1 per\u00edodos de calor, principalmente entre os Planaltos e o Litoral, onde as m\u00e1ximas variam entre 28\u00b0C e 33\u00b0C antes da ocorr\u00eancia das chuvas. No Oeste, o calor diminui no s\u00e1bado, com m\u00e1ximas entre 27\u00b0C e 30\u00b0C, mas volta a se intensificar no domingo, quando os term\u00f4metros podem novamente se aproximar dos 35\u00b0C.<\/p>\n<p><strong>Na segunda-feira (9)<\/strong>, as temperaturas come\u00e7am a diminuir gradualmente. Neste dia, a circula\u00e7\u00e3o mar\u00edtima ganha for\u00e7a no leste do estado e mant\u00e9m o tempo mais fechado no Litoral, com muitas nuvens e condi\u00e7\u00e3o para chuva a qualquer momento, especialmente nos extremos do dia. No Oeste catarinense, por outro lado, ocorrem per\u00edodos de sol intercalados com a forma\u00e7\u00e3o de temporais isolados ao longo da tarde.<\/p>\n<p>Fonte\/Defesa Civil-SC<\/p>\n","protected":false},"excerpt":{"rendered":"<p>Defesa Civil de SC alerta para a passagem de uma frente fria onde provocar\u00e1 mudan\u00e7as no tempo no estado ao longo do fim de semana. Depois de v\u00e1rios dias de sol e calor, o estado volta a ter condi\u00e7\u00f5es para temporais em diferentes regi\u00f5es, al\u00e9m de uma gradual redu\u00e7\u00e3o das temperaturas m\u00ednimas a partir do &hellip;<\/p>\n<p class=\"read-more\"> <a class=\"\" href=\"https:\/\/sulsc.com\/index.php\/2026\/03\/06\/defesa-civil-sc-alerta-para-chegada-de-temporais-ja-nesta-sexta-feira-e-se-estendendo-ate-domingo8\/\"> <span class=\"screen-reader-text\">Defesa Civil SC alerta para chegada de temporais j\u00e1 nesta sexta-feira e se estendendo at\u00e9 domingo(8)<\/span> Read More &raquo;<\/a><\/p>\n","protected":false},"author":3,"featured_media":1471,"comment_status":"open","ping_status":"open","sticky":false,"template":"","format":"standard","meta":{"site-sidebar-layout":"default","site-content-layout":"","ast-site-content-layout":"default","site-content-style":"default","site-sidebar-style":"default","ast-global-header-display":"","ast-banner-title-visibility":"","ast-main-header-display":"","ast-hfb-above-header-display":"","ast-hfb-below-header-display":"","ast-hfb-mobile-header-display":"","site-post-title":"","ast-breadcrumbs-content":"","ast-featured-img":"","footer-sml-layout":"","theme-transparent-header-meta":"default","adv-header-id-meta":"","stick-header-meta":"","header-above-stick-meta":"","header-main-stick-meta":"","header-below-stick-meta":"","astra-migrate-meta-layouts":"set","footnotes":""},"categories":[2354,2231,1,14,38,12],"tags":[2474],"yoast_head":"<!-- This site is optimized with the Yoast SEO plugin v21.4 - https:\/\/yoast.com\/wordpress\/plugins\/seo\/ -->\n<title>Defesa Civil SC alerta para chegada de temporais j\u00e1 nesta sexta-feira e se estendendo at\u00e9 domingo(8) -<\/title>\n<meta name=\"robots\" content=\"index, follow, max-snippet:-1, max-image-preview:large, max-video-preview:-1\" \/>\n<link rel=\"canonical\" href=\"https:\/\/sulsc.com\/index.php\/2026\/03\/06\/defesa-civil-sc-alerta-para-chegada-de-temporais-ja-nesta-sexta-feira-e-se-estendendo-ate-domingo8\/\" \/>\n<meta property=\"og:locale\" content=\"en_US\" \/>\n<meta property=\"og:type\" content=\"article\" \/>\n<meta property=\"og:title\" content=\"Defesa Civil SC alerta para chegada de temporais j\u00e1 nesta sexta-feira e se estendendo at\u00e9 domingo(8) -\" \/>\n<meta property=\"og:description\" content=\"Defesa Civil de SC alerta para a passagem de uma frente fria onde provocar\u00e1 mudan\u00e7as no tempo no estado ao longo do fim de semana. Depois de v\u00e1rios dias de sol e calor, o estado volta a ter condi\u00e7\u00f5es para temporais em diferentes regi\u00f5es, al\u00e9m de uma gradual redu\u00e7\u00e3o das temperaturas m\u00ednimas a partir do &hellip; Defesa Civil SC alerta para chegada de temporais j\u00e1 nesta sexta-feira e se estendendo at\u00e9 domingo(8) Read More &raquo;\" \/>\n<meta property=\"og:url\" content=\"https:\/\/sulsc.com\/index.php\/2026\/03\/06\/defesa-civil-sc-alerta-para-chegada-de-temporais-ja-nesta-sexta-feira-e-se-estendendo-ate-domingo8\/\" \/>\n<meta property=\"article:author\" content=\"https:\/\/www.facebook.com\/profile.php?id=61559278119680\" \/>\n<meta property=\"article:published_time\" content=\"2026-03-06T18:30:29+00:00\" \/>\n<meta property=\"og:image\" content=\"http:\/\/sulsc.com\/wp-content\/uploads\/2023\/09\/temporal-scaled.jpg\" \/>\n\t<meta property=\"og:image:width\" content=\"2560\" \/>\n\t<meta property=\"og:image:height\" content=\"2106\" \/>\n\t<meta property=\"og:image:type\" content=\"image\/jpeg\" \/>\n<meta name=\"author\" content=\"Reda\u00e7\u00e3o Sul SC\" \/>\n<meta name=\"twitter:card\" content=\"summary_large_image\" \/>\n<meta name=\"twitter:creator\" content=\"@https:\/\/twitter.com\/PortalSulSC\" \/>\n<meta name=\"twitter:label1\" content=\"Written by\" \/>\n\t<meta name=\"twitter:data1\" content=\"Reda\u00e7\u00e3o Sul SC\" \/>\n\t<meta name=\"twitter:label2\" content=\"Est. reading time\" \/>\n\t<meta name=\"twitter:data2\" content=\"3 minutes\" \/>\n<script type=\"application\/ld+json\" class=\"yoast-schema-graph\">{\"@context\":\"https:\/\/schema.org\",\"@graph\":[{\"@type\":\"WebPage\",\"@id\":\"https:\/\/sulsc.com\/index.php\/2026\/03\/06\/defesa-civil-sc-alerta-para-chegada-de-temporais-ja-nesta-sexta-feira-e-se-estendendo-ate-domingo8\/\",\"url\":\"https:\/\/sulsc.com\/index.php\/2026\/03\/06\/defesa-civil-sc-alerta-para-chegada-de-temporais-ja-nesta-sexta-feira-e-se-estendendo-ate-domingo8\/\",\"name\":\"Defesa Civil SC alerta para chegada de temporais j\u00e1 nesta sexta-feira e se estendendo at\u00e9 domingo(8) -\",\"isPartOf\":{\"@id\":\"https:\/\/sulsc.com\/#website\"},\"datePublished\":\"2026-03-06T18:30:29+00:00\",\"dateModified\":\"2026-03-06T18:30:29+00:00\",\"author\":{\"@id\":\"https:\/\/sulsc.com\/#\/schema\/person\/84d2fc571684f6248ba83092f07750a3\"},\"breadcrumb\":{\"@id\":\"https:\/\/sulsc.com\/index.php\/2026\/03\/06\/defesa-civil-sc-alerta-para-chegada-de-temporais-ja-nesta-sexta-feira-e-se-estendendo-ate-domingo8\/#breadcrumb\"},\"inLanguage\":\"en-US\",\"potentialAction\":[{\"@type\":\"ReadAction\",\"target\":[\"https:\/\/sulsc.com\/index.php\/2026\/03\/06\/defesa-civil-sc-alerta-para-chegada-de-temporais-ja-nesta-sexta-feira-e-se-estendendo-ate-domingo8\/\"]}]},{\"@type\":\"BreadcrumbList\",\"@id\":\"https:\/\/sulsc.com\/index.php\/2026\/03\/06\/defesa-civil-sc-alerta-para-chegada-de-temporais-ja-nesta-sexta-feira-e-se-estendendo-ate-domingo8\/#breadcrumb\",\"itemListElement\":[{\"@type\":\"ListItem\",\"position\":1,\"name\":\"In\u00edcio\",\"item\":\"https:\/\/sulsc.com\/\"},{\"@type\":\"ListItem\",\"position\":2,\"name\":\"Defesa Civil SC alerta para chegada de temporais j\u00e1 nesta sexta-feira e se estendendo at\u00e9 domingo(8)\"}]},{\"@type\":\"WebSite\",\"@id\":\"https:\/\/sulsc.com\/#website\",\"url\":\"https:\/\/sulsc.com\/\",\"name\":\"\",\"description\":\"\",\"potentialAction\":[{\"@type\":\"SearchAction\",\"target\":{\"@type\":\"EntryPoint\",\"urlTemplate\":\"https:\/\/sulsc.com\/?s={search_term_string}\"},\"query-input\":\"required name=search_term_string\"}],\"inLanguage\":\"en-US\"},{\"@type\":\"Person\",\"@id\":\"https:\/\/sulsc.com\/#\/schema\/person\/84d2fc571684f6248ba83092f07750a3\",\"name\":\"Reda\u00e7\u00e3o Sul SC\",\"image\":{\"@type\":\"ImageObject\",\"inLanguage\":\"en-US\",\"@id\":\"https:\/\/sulsc.com\/#\/schema\/person\/image\/e08d7fe2cc4ed596372063bbe852b8d0\",\"url\":\"https:\/\/sulsc.com\/wp-content\/uploads\/2023\/09\/redacao.png\",\"contentUrl\":\"https:\/\/sulsc.com\/wp-content\/uploads\/2023\/09\/redacao.png\",\"caption\":\"Reda\u00e7\u00e3o Sul SC\"},\"description\":\"Foco em um jornalismo imparcial, voltado \u00e0 qualidade dos seus conte\u00fados e, assim, levar informa\u00e7\u00e3o de valor que agregue \u00e0 vida dos leitores. Esta \u00e9 grande miss\u00e3o do Portal de Not\u00edcias Sul SC. N\u00e3o \u00e9 quantidade que muda o mundo, sempre foi e seguir\u00e1 sendo qualidade!\",\"sameAs\":[\"https:\/\/sulsc.com\/\",\"https:\/\/www.facebook.com\/profile.php?id=61559278119680\",\"https:\/\/www.instagram.com\/sulscportal\/?hl=pt-br\",\"https:\/\/twitter.com\/https:\/\/twitter.com\/PortalSulSC\",\"https:\/\/www.youtube.com\/channel\/UCv_BE8GeySluDov2n8qhVmw\"],\"url\":\"https:\/\/sulsc.com\/index.php\/author\/redacao\/\"}]}<\/script>\n<!-- \/ Yoast SEO plugin. -->","yoast_head_json":{"title":"Defesa Civil SC alerta para chegada de temporais j\u00e1 nesta sexta-feira e se estendendo at\u00e9 domingo(8) -","robots":{"index":"index","follow":"follow","max-snippet":"max-snippet:-1","max-image-preview":"max-image-preview:large","max-video-preview":"max-video-preview:-1"},"canonical":"https:\/\/sulsc.com\/index.php\/2026\/03\/06\/defesa-civil-sc-alerta-para-chegada-de-temporais-ja-nesta-sexta-feira-e-se-estendendo-ate-domingo8\/","og_locale":"en_US","og_type":"article","og_title":"Defesa Civil SC alerta para chegada de temporais j\u00e1 nesta sexta-feira e se estendendo at\u00e9 domingo(8) -","og_description":"Defesa Civil de SC alerta para a passagem de uma frente fria onde provocar\u00e1 mudan\u00e7as no tempo no estado ao longo do fim de semana. Depois de v\u00e1rios dias de sol e calor, o estado volta a ter condi\u00e7\u00f5es para temporais em diferentes regi\u00f5es, al\u00e9m de uma gradual redu\u00e7\u00e3o das temperaturas m\u00ednimas a partir do &hellip; Defesa Civil SC alerta para chegada de temporais j\u00e1 nesta sexta-feira e se estendendo at\u00e9 domingo(8) Read More &raquo;","og_url":"https:\/\/sulsc.com\/index.php\/2026\/03\/06\/defesa-civil-sc-alerta-para-chegada-de-temporais-ja-nesta-sexta-feira-e-se-estendendo-ate-domingo8\/","article_author":"https:\/\/www.facebook.com\/profile.php?id=61559278119680","article_published_time":"2026-03-06T18:30:29+00:00","og_image":[{"width":2560,"height":2106,"url":"http:\/\/sulsc.com\/wp-content\/uploads\/2023\/09\/temporal-scaled.jpg","type":"image\/jpeg"}],"author":"Reda\u00e7\u00e3o Sul SC","twitter_card":"summary_large_image","twitter_creator":"@https:\/\/twitter.com\/PortalSulSC","twitter_misc":{"Written by":"Reda\u00e7\u00e3o Sul SC","Est. reading time":"3 minutes"},"schema":{"@context":"https:\/\/schema.org","@graph":[{"@type":"WebPage","@id":"https:\/\/sulsc.com\/index.php\/2026\/03\/06\/defesa-civil-sc-alerta-para-chegada-de-temporais-ja-nesta-sexta-feira-e-se-estendendo-ate-domingo8\/","url":"https:\/\/sulsc.com\/index.php\/2026\/03\/06\/defesa-civil-sc-alerta-para-chegada-de-temporais-ja-nesta-sexta-feira-e-se-estendendo-ate-domingo8\/","name":"Defesa Civil SC alerta para chegada de temporais j\u00e1 nesta sexta-feira e se estendendo at\u00e9 domingo(8) -","isPartOf":{"@id":"https:\/\/sulsc.com\/#website"},"datePublished":"2026-03-06T18:30:29+00:00","dateModified":"2026-03-06T18:30:29+00:00","author":{"@id":"https:\/\/sulsc.com\/#\/schema\/person\/84d2fc571684f6248ba83092f07750a3"},"breadcrumb":{"@id":"https:\/\/sulsc.com\/index.php\/2026\/03\/06\/defesa-civil-sc-alerta-para-chegada-de-temporais-ja-nesta-sexta-feira-e-se-estendendo-ate-domingo8\/#breadcrumb"},"inLanguage":"en-US","potentialAction":[{"@type":"ReadAction","target":["https:\/\/sulsc.com\/index.php\/2026\/03\/06\/defesa-civil-sc-alerta-para-chegada-de-temporais-ja-nesta-sexta-feira-e-se-estendendo-ate-domingo8\/"]}]},{"@type":"BreadcrumbList","@id":"https:\/\/sulsc.com\/index.php\/2026\/03\/06\/defesa-civil-sc-alerta-para-chegada-de-temporais-ja-nesta-sexta-feira-e-se-estendendo-ate-domingo8\/#breadcrumb","itemListElement":[{"@type":"ListItem","position":1,"name":"In\u00edcio","item":"https:\/\/sulsc.com\/"},{"@type":"ListItem","position":2,"name":"Defesa Civil SC alerta para chegada de temporais j\u00e1 nesta sexta-feira e se estendendo at\u00e9 domingo(8)"}]},{"@type":"WebSite","@id":"https:\/\/sulsc.com\/#website","url":"https:\/\/sulsc.com\/","name":"","description":"","potentialAction":[{"@type":"SearchAction","target":{"@type":"EntryPoint","urlTemplate":"https:\/\/sulsc.com\/?s={search_term_string}"},"query-input":"required name=search_term_string"}],"inLanguage":"en-US"},{"@type":"Person","@id":"https:\/\/sulsc.com\/#\/schema\/person\/84d2fc571684f6248ba83092f07750a3","name":"Reda\u00e7\u00e3o Sul SC","image":{"@type":"ImageObject","inLanguage":"en-US","@id":"https:\/\/sulsc.com\/#\/schema\/person\/image\/e08d7fe2cc4ed596372063bbe852b8d0","url":"https:\/\/sulsc.com\/wp-content\/uploads\/2023\/09\/redacao.png","contentUrl":"https:\/\/sulsc.com\/wp-content\/uploads\/2023\/09\/redacao.png","caption":"Reda\u00e7\u00e3o Sul SC"},"description":"Foco em um jornalismo imparcial, voltado \u00e0 qualidade dos seus conte\u00fados e, assim, levar informa\u00e7\u00e3o de valor que agregue \u00e0 vida dos leitores. Esta \u00e9 grande miss\u00e3o do Portal de Not\u00edcias Sul SC. N\u00e3o \u00e9 quantidade que muda o mundo, sempre foi e seguir\u00e1 sendo qualidade!","sameAs":["https:\/\/sulsc.com\/","https:\/\/www.facebook.com\/profile.php?id=61559278119680","https:\/\/www.instagram.com\/sulscportal\/?hl=pt-br","https:\/\/twitter.com\/https:\/\/twitter.com\/PortalSulSC","https:\/\/www.youtube.com\/channel\/UCv_BE8GeySluDov2n8qhVmw"],"url":"https:\/\/sulsc.com\/index.php\/author\/redacao\/"}]}},"authors":[],"_links":{"self":[{"href":"https:\/\/sulsc.com\/index.php\/wp-json\/wp\/v2\/posts\/32853"}],"collection":[{"href":"https:\/\/sulsc.com\/index.php\/wp-json\/wp\/v2\/posts"}],"about":[{"href":"https:\/\/sulsc.com\/index.php\/wp-json\/wp\/v2\/types\/post"}],"author":[{"embeddable":true,"href":"https:\/\/sulsc.com\/index.php\/wp-json\/wp\/v2\/users\/3"}],"replies":[{"embeddable":true,"href":"https:\/\/sulsc.com\/index.php\/wp-json\/wp\/v2\/comments?post=32853"}],"version-history":[{"count":1,"href":"https:\/\/sulsc.com\/index.php\/wp-json\/wp\/v2\/posts\/32853\/revisions"}],"predecessor-version":[{"id":32855,"href":"https:\/\/sulsc.com\/index.php\/wp-json\/wp\/v2\/posts\/32853\/revisions\/32855"}],"wp:featuredmedia":[{"embeddable":true,"href":"https:\/\/sulsc.com\/index.php\/wp-json\/wp\/v2\/media\/1471"}],"wp:attachment":[{"href":"https:\/\/sulsc.com\/index.php\/wp-json\/wp\/v2\/media?parent=32853"}],"wp:term":[{"taxonomy":"category","embeddable":true,"href":"https:\/\/sulsc.com\/index.php\/wp-json\/wp\/v2\/categories?post=32853"},{"taxonomy":"post_tag","embeddable":true,"href":"https:\/\/sulsc.com\/index.php\/wp-json\/wp\/v2\/tags?post=32853"}],"curies":[{"name":"wp","href":"https:\/\/api.w.org\/{rel}","templated":true}]}}