{"id":32856,"date":"2026-03-07T09:58:44","date_gmt":"2026-03-07T12:58:44","guid":{"rendered":"https:\/\/sulsc.com\/?p=32856"},"modified":"2026-03-07T10:00:12","modified_gmt":"2026-03-07T13:00:12","slug":"o-dia-sera-nublado-com-sensacao-de-ar-abafado-e-temporais-entre-a-tarde-e-noite","status":"publish","type":"post","link":"https:\/\/sulsc.com\/index.php\/2026\/03\/07\/o-dia-sera-nublado-com-sensacao-de-ar-abafado-e-temporais-entre-a-tarde-e-noite\/","title":{"rendered":"O dia ser\u00e1 nublado com sensa\u00e7\u00e3o de ar abafado e temporais entre a tarde e noite"},"content":{"rendered":"<p><span dir=\"auto\" style=\"vertical-align: inherit;\"><span dir=\"auto\" style=\"vertical-align: inherit;\">S\u00e1bado (7) com presen\u00e7a de sol entre nuvens na manh\u00e3, favorecendo a temperatura das temperaturas, que novamente superam os 30\u00b0C \u00e0 tarde na maioria das regi\u00f5es. Entre a tarde e a noite retornam as condi\u00e7\u00f5es para temporais com raios, rajadas de vento e eventual queda de granizo, especialmente entre os planaltos e o Litoral, por causa do calor, umidade dispon\u00edvel e sistemas de baixa press\u00e3o no mar.<\/span><\/span><\/p>\n<div id=\"metaslider-id-25573\" style=\"width: 100%;\" class=\"ml-slider-3-99-0 metaslider metaslider-flex metaslider-25573 ml-slider has-onhover-arrows ms-theme-default-base has-dots-nav\" role=\"region\" aria-label=\"Meio\" data-width=\"1200\">\n    <div id=\"metaslider_container_25573\">\n        <div id=\"metaslider_25573\">\n            <ul class='slides'>\n                <li style=\"display: block; width: 100%;\" class=\"slide-25684 ms-image \" aria-roledescription=\"slide\" data-date=\"2025-07-24 07:55:40\"><img src=\"https:\/\/sulsc.com\/wp-content\/uploads\/2025\/07\/Marr-2-1000x166.jpg\" height=\"200\" width=\"1200\" alt=\"\" class=\"slider-25573 slide-25684 msDefaultImage\" title=\"Marr 2\" \/><\/li>\n                <li style=\"display: none; width: 100%;\" class=\"slide-32412 ms-image \" aria-roledescription=\"slide\" data-date=\"2026-02-18 13:59:46\"><img src=\"https:\/\/sulsc.com\/wp-content\/uploads\/2026\/02\/40dc1580-cad5-4867-bc58-c4243821ad38-1000x166.jpeg\" height=\"200\" width=\"1200\" alt=\"\" class=\"slider-25573 slide-32412 msDefaultImage\" title=\"40dc1580-cad5-4867-bc58-c4243821ad38\" \/><\/li>\n                <li style=\"display: none; width: 100%;\" class=\"slide-32766 ms-image \" aria-roledescription=\"slide\" data-date=\"2026-03-03 17:22:59\"><img src=\"https:\/\/sulsc.com\/wp-content\/uploads\/2026\/03\/271ce739-f268-41c5-8051-3de1a1750359-1000x166.jpeg\" height=\"200\" width=\"1200\" alt=\"\" class=\"slider-25573 slide-32766 msDefaultImage\" title=\"271ce739-f268-41c5-8051-3de1a1750359\" \/><\/li>\n            <\/ul>\n        <\/div>\n        \n    <\/div>\n<\/div>\n<p><span dir=\"auto\" style=\"vertical-align: inherit;\"><span dir=\"auto\" style=\"vertical-align: inherit;\">O risco \u00e9 moderado a alto para ocorr\u00eancias associadas a destelhamentos, danos na rede el\u00e9trica, queda de galhos e \u00e1rvores e alagamentos. No Litoral, h\u00e1 condi\u00e7\u00f5es para chuva pontualmente intensa, aumentando tamb\u00e9m o risco para enxurradas pontuais.<\/span><\/span><\/p>\n<p><strong><span dir=\"auto\" style=\"vertical-align: inherit;\"><span dir=\"auto\" style=\"vertical-align: inherit;\">Temperatura<\/span><\/span><\/strong><\/p>\n<p><span dir=\"auto\" style=\"vertical-align: inherit;\"><span dir=\"auto\" style=\"vertical-align: inherit;\">O dia ser\u00e1 de temperaturas altas com sensa\u00e7\u00e3o de ar abafado, m\u00e1ximas de 28\u00b0C a 33\u00b0C.<\/span><\/span><\/p>\n<p><img fetchpriority=\"high\" decoding=\"async\" class=\"aligncenter size-full wp-image-32858\" src=\"http:\/\/sulsc.com\/wp-content\/uploads\/2026\/03\/image-67-1536x1044-1.png\" alt=\"\" width=\"1536\" height=\"1044\" srcset=\"https:\/\/sulsc.com\/wp-content\/uploads\/2026\/03\/image-67-1536x1044-1.png 1536w, https:\/\/sulsc.com\/wp-content\/uploads\/2026\/03\/image-67-1536x1044-1-300x204.png 300w, https:\/\/sulsc.com\/wp-content\/uploads\/2026\/03\/image-67-1536x1044-1-1024x696.png 1024w, https:\/\/sulsc.com\/wp-content\/uploads\/2026\/03\/image-67-1536x1044-1-768x522.png 768w\" sizes=\"(max-width: 1536px) 100vw, 1536px\" \/><\/p>\n<p><img decoding=\"async\" class=\"aligncenter size-full wp-image-32517\" src=\"http:\/\/sulsc.com\/wp-content\/uploads\/2026\/02\/image-700-1536x331-14.png\" alt=\"\" width=\"1536\" height=\"331\" srcset=\"https:\/\/sulsc.com\/wp-content\/uploads\/2026\/02\/image-700-1536x331-14.png 1536w, https:\/\/sulsc.com\/wp-content\/uploads\/2026\/02\/image-700-1536x331-14-300x65.png 300w, https:\/\/sulsc.com\/wp-content\/uploads\/2026\/02\/image-700-1536x331-14-1024x221.png 1024w, https:\/\/sulsc.com\/wp-content\/uploads\/2026\/02\/image-700-1536x331-14-768x166.png 768w\" sizes=\"(max-width: 1536px) 100vw, 1536px\" \/><\/p>\n<p><strong><span dir=\"auto\" style=\"vertical-align: inherit;\"><span dir=\"auto\" style=\"vertical-align: inherit;\">Ventos:<\/span><\/span><\/strong><span dir=\"auto\" style=\"vertical-align: inherit;\"><span dir=\"auto\" style=\"vertical-align: inherit;\"> nordeste\/noroeste a sul, fraco a moderado, com rajadas.<\/span><\/span><\/p>\n<p><strong><span dir=\"auto\" style=\"vertical-align: inherit;\"><span dir=\"auto\" style=\"vertical-align: inherit;\">Sistema predominante:<\/span><\/span><\/strong><span dir=\"auto\" style=\"vertical-align: inherit;\"><span dir=\"auto\" style=\"vertical-align: inherit;\"> forma\u00e7\u00e3o de um ciclone extratropical e frente fria entre o litoral do RS e SC.<\/span><\/span><\/p>\n<p><strong><span dir=\"auto\" style=\"vertical-align: inherit;\"><span dir=\"auto\" style=\"vertical-align: inherit;\">Amanh\u00e3 domingo (8),<\/span><\/span><\/strong><span dir=\"auto\" style=\"vertical-align: inherit;\"><span dir=\"auto\" style=\"vertical-align: inherit;\"> o tempo inst\u00e1vel com varia\u00e7\u00e3o de nuvens e aberturas de sol em SC. No Litoral, Grande Florian\u00f3polis e Vale do Itaja\u00ed condi\u00e7\u00f5es de chuva a qualquer hora. A partir da tarde temporais isolados no estado, mais intensos do oeste ao norte do estado, especialmente \u00e1reas de divisa com o PR (Aviso). As temperaturas continuaram elevadas com ar abafado, com m\u00e1ximas de 25\u00b0C a 30\u00b0C na maioria das regi\u00f5es, acima no oeste, levando no decorrer do dia.<\/span><\/span><\/p>\n<p><span dir=\"auto\" style=\"vertical-align: inherit;\"><span dir=\"auto\" style=\"vertical-align: inherit;\">Fonte: Defesa Civil SC\/Epagri-Ciram<\/span><\/span><\/p>\n","protected":false},"excerpt":{"rendered":"<p>S\u00e1bado (7) com presen\u00e7a de sol entre nuvens na manh\u00e3, favorecendo a temperatura das temperaturas, que novamente superam os 30\u00b0C \u00e0 tarde na maioria das regi\u00f5es. Entre a tarde e a noite retornam as condi\u00e7\u00f5es para temporais com raios, rajadas de vento e eventual queda de granizo, especialmente entre os planaltos e o Litoral, por &hellip;<\/p>\n<p class=\"read-more\"> <a class=\"\" href=\"https:\/\/sulsc.com\/index.php\/2026\/03\/07\/o-dia-sera-nublado-com-sensacao-de-ar-abafado-e-temporais-entre-a-tarde-e-noite\/\"> <span class=\"screen-reader-text\">O dia ser\u00e1 nublado com sensa\u00e7\u00e3o de ar abafado e temporais entre a tarde e noite<\/span> Read More &raquo;<\/a><\/p>\n","protected":false},"author":3,"featured_media":14284,"comment_status":"open","ping_status":"open","sticky":false,"template":"","format":"standard","meta":{"site-sidebar-layout":"default","site-content-layout":"","ast-site-content-layout":"default","site-content-style":"default","site-sidebar-style":"default","ast-global-header-display":"","ast-banner-title-visibility":"","ast-main-header-display":"","ast-hfb-above-header-display":"","ast-hfb-below-header-display":"","ast-hfb-mobile-header-display":"","site-post-title":"","ast-breadcrumbs-content":"","ast-featured-img":"","footer-sml-layout":"","theme-transparent-header-meta":"default","adv-header-id-meta":"","stick-header-meta":"","header-above-stick-meta":"","header-main-stick-meta":"","header-below-stick-meta":"","astra-migrate-meta-layouts":"set","footnotes":""},"categories":[1,14,12],"tags":[90],"yoast_head":"<!-- This site is optimized with the Yoast SEO plugin v21.4 - https:\/\/yoast.com\/wordpress\/plugins\/seo\/ -->\n<title>O dia ser\u00e1 nublado com sensa\u00e7\u00e3o de ar abafado e temporais entre a tarde e noite -<\/title>\n<meta name=\"robots\" content=\"index, follow, max-snippet:-1, max-image-preview:large, max-video-preview:-1\" \/>\n<link rel=\"canonical\" href=\"https:\/\/sulsc.com\/index.php\/2026\/03\/07\/o-dia-sera-nublado-com-sensacao-de-ar-abafado-e-temporais-entre-a-tarde-e-noite\/\" \/>\n<meta property=\"og:locale\" content=\"en_US\" \/>\n<meta property=\"og:type\" content=\"article\" \/>\n<meta property=\"og:title\" content=\"O dia ser\u00e1 nublado com sensa\u00e7\u00e3o de ar abafado e temporais entre a tarde e noite -\" \/>\n<meta property=\"og:description\" content=\"S\u00e1bado (7) com presen\u00e7a de sol entre nuvens na manh\u00e3, favorecendo a temperatura das temperaturas, que novamente superam os 30\u00b0C \u00e0 tarde na maioria das regi\u00f5es. Entre a tarde e a noite retornam as condi\u00e7\u00f5es para temporais com raios, rajadas de vento e eventual queda de granizo, especialmente entre os planaltos e o Litoral, por &hellip; O dia ser\u00e1 nublado com sensa\u00e7\u00e3o de ar abafado e temporais entre a tarde e noite Read More &raquo;\" \/>\n<meta property=\"og:url\" content=\"https:\/\/sulsc.com\/index.php\/2026\/03\/07\/o-dia-sera-nublado-com-sensacao-de-ar-abafado-e-temporais-entre-a-tarde-e-noite\/\" \/>\n<meta property=\"article:author\" content=\"https:\/\/www.facebook.com\/profile.php?id=61559278119680\" \/>\n<meta property=\"article:published_time\" content=\"2026-03-07T12:58:44+00:00\" \/>\n<meta property=\"article:modified_time\" content=\"2026-03-07T13:00:12+00:00\" \/>\n<meta property=\"og:image\" content=\"http:\/\/sulsc.com\/wp-content\/uploads\/2024\/07\/tempo-nublado-4.jpeg\" \/>\n\t<meta property=\"og:image:width\" content=\"1600\" \/>\n\t<meta property=\"og:image:height\" content=\"900\" \/>\n\t<meta property=\"og:image:type\" content=\"image\/jpeg\" \/>\n<meta name=\"author\" content=\"Reda\u00e7\u00e3o Sul SC\" \/>\n<meta name=\"twitter:card\" content=\"summary_large_image\" \/>\n<meta name=\"twitter:creator\" content=\"@https:\/\/twitter.com\/PortalSulSC\" \/>\n<meta name=\"twitter:label1\" content=\"Written by\" \/>\n\t<meta name=\"twitter:data1\" content=\"Reda\u00e7\u00e3o Sul SC\" \/>\n\t<meta name=\"twitter:label2\" content=\"Est. reading time\" \/>\n\t<meta name=\"twitter:data2\" content=\"2 minutes\" \/>\n<script type=\"application\/ld+json\" class=\"yoast-schema-graph\">{\"@context\":\"https:\/\/schema.org\",\"@graph\":[{\"@type\":\"WebPage\",\"@id\":\"https:\/\/sulsc.com\/index.php\/2026\/03\/07\/o-dia-sera-nublado-com-sensacao-de-ar-abafado-e-temporais-entre-a-tarde-e-noite\/\",\"url\":\"https:\/\/sulsc.com\/index.php\/2026\/03\/07\/o-dia-sera-nublado-com-sensacao-de-ar-abafado-e-temporais-entre-a-tarde-e-noite\/\",\"name\":\"O dia ser\u00e1 nublado com sensa\u00e7\u00e3o de ar abafado e temporais entre a tarde e noite -\",\"isPartOf\":{\"@id\":\"https:\/\/sulsc.com\/#website\"},\"datePublished\":\"2026-03-07T12:58:44+00:00\",\"dateModified\":\"2026-03-07T13:00:12+00:00\",\"author\":{\"@id\":\"https:\/\/sulsc.com\/#\/schema\/person\/84d2fc571684f6248ba83092f07750a3\"},\"breadcrumb\":{\"@id\":\"https:\/\/sulsc.com\/index.php\/2026\/03\/07\/o-dia-sera-nublado-com-sensacao-de-ar-abafado-e-temporais-entre-a-tarde-e-noite\/#breadcrumb\"},\"inLanguage\":\"en-US\",\"potentialAction\":[{\"@type\":\"ReadAction\",\"target\":[\"https:\/\/sulsc.com\/index.php\/2026\/03\/07\/o-dia-sera-nublado-com-sensacao-de-ar-abafado-e-temporais-entre-a-tarde-e-noite\/\"]}]},{\"@type\":\"BreadcrumbList\",\"@id\":\"https:\/\/sulsc.com\/index.php\/2026\/03\/07\/o-dia-sera-nublado-com-sensacao-de-ar-abafado-e-temporais-entre-a-tarde-e-noite\/#breadcrumb\",\"itemListElement\":[{\"@type\":\"ListItem\",\"position\":1,\"name\":\"In\u00edcio\",\"item\":\"https:\/\/sulsc.com\/\"},{\"@type\":\"ListItem\",\"position\":2,\"name\":\"O dia ser\u00e1 nublado com sensa\u00e7\u00e3o de ar abafado e temporais entre a tarde e noite\"}]},{\"@type\":\"WebSite\",\"@id\":\"https:\/\/sulsc.com\/#website\",\"url\":\"https:\/\/sulsc.com\/\",\"name\":\"\",\"description\":\"\",\"potentialAction\":[{\"@type\":\"SearchAction\",\"target\":{\"@type\":\"EntryPoint\",\"urlTemplate\":\"https:\/\/sulsc.com\/?s={search_term_string}\"},\"query-input\":\"required name=search_term_string\"}],\"inLanguage\":\"en-US\"},{\"@type\":\"Person\",\"@id\":\"https:\/\/sulsc.com\/#\/schema\/person\/84d2fc571684f6248ba83092f07750a3\",\"name\":\"Reda\u00e7\u00e3o Sul SC\",\"image\":{\"@type\":\"ImageObject\",\"inLanguage\":\"en-US\",\"@id\":\"https:\/\/sulsc.com\/#\/schema\/person\/image\/e08d7fe2cc4ed596372063bbe852b8d0\",\"url\":\"https:\/\/sulsc.com\/wp-content\/uploads\/2023\/09\/redacao.png\",\"contentUrl\":\"https:\/\/sulsc.com\/wp-content\/uploads\/2023\/09\/redacao.png\",\"caption\":\"Reda\u00e7\u00e3o Sul SC\"},\"description\":\"Foco em um jornalismo imparcial, voltado \u00e0 qualidade dos seus conte\u00fados e, assim, levar informa\u00e7\u00e3o de valor que agregue \u00e0 vida dos leitores. Esta \u00e9 grande miss\u00e3o do Portal de Not\u00edcias Sul SC. N\u00e3o \u00e9 quantidade que muda o mundo, sempre foi e seguir\u00e1 sendo qualidade!\",\"sameAs\":[\"https:\/\/sulsc.com\/\",\"https:\/\/www.facebook.com\/profile.php?id=61559278119680\",\"https:\/\/www.instagram.com\/sulscportal\/?hl=pt-br\",\"https:\/\/twitter.com\/https:\/\/twitter.com\/PortalSulSC\",\"https:\/\/www.youtube.com\/channel\/UCv_BE8GeySluDov2n8qhVmw\"],\"url\":\"https:\/\/sulsc.com\/index.php\/author\/redacao\/\"}]}<\/script>\n<!-- \/ Yoast SEO plugin. -->","yoast_head_json":{"title":"O dia ser\u00e1 nublado com sensa\u00e7\u00e3o de ar abafado e temporais entre a tarde e noite -","robots":{"index":"index","follow":"follow","max-snippet":"max-snippet:-1","max-image-preview":"max-image-preview:large","max-video-preview":"max-video-preview:-1"},"canonical":"https:\/\/sulsc.com\/index.php\/2026\/03\/07\/o-dia-sera-nublado-com-sensacao-de-ar-abafado-e-temporais-entre-a-tarde-e-noite\/","og_locale":"en_US","og_type":"article","og_title":"O dia ser\u00e1 nublado com sensa\u00e7\u00e3o de ar abafado e temporais entre a tarde e noite -","og_description":"S\u00e1bado (7) com presen\u00e7a de sol entre nuvens na manh\u00e3, favorecendo a temperatura das temperaturas, que novamente superam os 30\u00b0C \u00e0 tarde na maioria das regi\u00f5es. Entre a tarde e a noite retornam as condi\u00e7\u00f5es para temporais com raios, rajadas de vento e eventual queda de granizo, especialmente entre os planaltos e o Litoral, por &hellip; O dia ser\u00e1 nublado com sensa\u00e7\u00e3o de ar abafado e temporais entre a tarde e noite Read More &raquo;","og_url":"https:\/\/sulsc.com\/index.php\/2026\/03\/07\/o-dia-sera-nublado-com-sensacao-de-ar-abafado-e-temporais-entre-a-tarde-e-noite\/","article_author":"https:\/\/www.facebook.com\/profile.php?id=61559278119680","article_published_time":"2026-03-07T12:58:44+00:00","article_modified_time":"2026-03-07T13:00:12+00:00","og_image":[{"width":1600,"height":900,"url":"http:\/\/sulsc.com\/wp-content\/uploads\/2024\/07\/tempo-nublado-4.jpeg","type":"image\/jpeg"}],"author":"Reda\u00e7\u00e3o Sul SC","twitter_card":"summary_large_image","twitter_creator":"@https:\/\/twitter.com\/PortalSulSC","twitter_misc":{"Written by":"Reda\u00e7\u00e3o Sul SC","Est. reading time":"2 minutes"},"schema":{"@context":"https:\/\/schema.org","@graph":[{"@type":"WebPage","@id":"https:\/\/sulsc.com\/index.php\/2026\/03\/07\/o-dia-sera-nublado-com-sensacao-de-ar-abafado-e-temporais-entre-a-tarde-e-noite\/","url":"https:\/\/sulsc.com\/index.php\/2026\/03\/07\/o-dia-sera-nublado-com-sensacao-de-ar-abafado-e-temporais-entre-a-tarde-e-noite\/","name":"O dia ser\u00e1 nublado com sensa\u00e7\u00e3o de ar abafado e temporais entre a tarde e noite -","isPartOf":{"@id":"https:\/\/sulsc.com\/#website"},"datePublished":"2026-03-07T12:58:44+00:00","dateModified":"2026-03-07T13:00:12+00:00","author":{"@id":"https:\/\/sulsc.com\/#\/schema\/person\/84d2fc571684f6248ba83092f07750a3"},"breadcrumb":{"@id":"https:\/\/sulsc.com\/index.php\/2026\/03\/07\/o-dia-sera-nublado-com-sensacao-de-ar-abafado-e-temporais-entre-a-tarde-e-noite\/#breadcrumb"},"inLanguage":"en-US","potentialAction":[{"@type":"ReadAction","target":["https:\/\/sulsc.com\/index.php\/2026\/03\/07\/o-dia-sera-nublado-com-sensacao-de-ar-abafado-e-temporais-entre-a-tarde-e-noite\/"]}]},{"@type":"BreadcrumbList","@id":"https:\/\/sulsc.com\/index.php\/2026\/03\/07\/o-dia-sera-nublado-com-sensacao-de-ar-abafado-e-temporais-entre-a-tarde-e-noite\/#breadcrumb","itemListElement":[{"@type":"ListItem","position":1,"name":"In\u00edcio","item":"https:\/\/sulsc.com\/"},{"@type":"ListItem","position":2,"name":"O dia ser\u00e1 nublado com sensa\u00e7\u00e3o de ar abafado e temporais entre a tarde e noite"}]},{"@type":"WebSite","@id":"https:\/\/sulsc.com\/#website","url":"https:\/\/sulsc.com\/","name":"","description":"","potentialAction":[{"@type":"SearchAction","target":{"@type":"EntryPoint","urlTemplate":"https:\/\/sulsc.com\/?s={search_term_string}"},"query-input":"required name=search_term_string"}],"inLanguage":"en-US"},{"@type":"Person","@id":"https:\/\/sulsc.com\/#\/schema\/person\/84d2fc571684f6248ba83092f07750a3","name":"Reda\u00e7\u00e3o Sul SC","image":{"@type":"ImageObject","inLanguage":"en-US","@id":"https:\/\/sulsc.com\/#\/schema\/person\/image\/e08d7fe2cc4ed596372063bbe852b8d0","url":"https:\/\/sulsc.com\/wp-content\/uploads\/2023\/09\/redacao.png","contentUrl":"https:\/\/sulsc.com\/wp-content\/uploads\/2023\/09\/redacao.png","caption":"Reda\u00e7\u00e3o Sul SC"},"description":"Foco em um jornalismo imparcial, voltado \u00e0 qualidade dos seus conte\u00fados e, assim, levar informa\u00e7\u00e3o de valor que agregue \u00e0 vida dos leitores. Esta \u00e9 grande miss\u00e3o do Portal de Not\u00edcias Sul SC. N\u00e3o \u00e9 quantidade que muda o mundo, sempre foi e seguir\u00e1 sendo qualidade!","sameAs":["https:\/\/sulsc.com\/","https:\/\/www.facebook.com\/profile.php?id=61559278119680","https:\/\/www.instagram.com\/sulscportal\/?hl=pt-br","https:\/\/twitter.com\/https:\/\/twitter.com\/PortalSulSC","https:\/\/www.youtube.com\/channel\/UCv_BE8GeySluDov2n8qhVmw"],"url":"https:\/\/sulsc.com\/index.php\/author\/redacao\/"}]}},"authors":[],"_links":{"self":[{"href":"https:\/\/sulsc.com\/index.php\/wp-json\/wp\/v2\/posts\/32856"}],"collection":[{"href":"https:\/\/sulsc.com\/index.php\/wp-json\/wp\/v2\/posts"}],"about":[{"href":"https:\/\/sulsc.com\/index.php\/wp-json\/wp\/v2\/types\/post"}],"author":[{"embeddable":true,"href":"https:\/\/sulsc.com\/index.php\/wp-json\/wp\/v2\/users\/3"}],"replies":[{"embeddable":true,"href":"https:\/\/sulsc.com\/index.php\/wp-json\/wp\/v2\/comments?post=32856"}],"version-history":[{"count":3,"href":"https:\/\/sulsc.com\/index.php\/wp-json\/wp\/v2\/posts\/32856\/revisions"}],"predecessor-version":[{"id":32860,"href":"https:\/\/sulsc.com\/index.php\/wp-json\/wp\/v2\/posts\/32856\/revisions\/32860"}],"wp:featuredmedia":[{"embeddable":true,"href":"https:\/\/sulsc.com\/index.php\/wp-json\/wp\/v2\/media\/14284"}],"wp:attachment":[{"href":"https:\/\/sulsc.com\/index.php\/wp-json\/wp\/v2\/media?parent=32856"}],"wp:term":[{"taxonomy":"category","embeddable":true,"href":"https:\/\/sulsc.com\/index.php\/wp-json\/wp\/v2\/categories?post=32856"},{"taxonomy":"post_tag","embeddable":true,"href":"https:\/\/sulsc.com\/index.php\/wp-json\/wp\/v2\/tags?post=32856"}],"curies":[{"name":"wp","href":"https:\/\/api.w.org\/{rel}","templated":true}]}}