{"id":32861,"date":"2026-03-07T10:35:17","date_gmt":"2026-03-07T13:35:17","guid":{"rendered":"https:\/\/sulsc.com\/?p=32861"},"modified":"2026-03-07T10:35:17","modified_gmt":"2026-03-07T13:35:17","slug":"estupro-de-vulneravel-policia-prende-padrasto-e-mae-apos-denuncia-em-escola-na-cidade-de-grao-para","status":"publish","type":"post","link":"https:\/\/sulsc.com\/index.php\/2026\/03\/07\/estupro-de-vulneravel-policia-prende-padrasto-e-mae-apos-denuncia-em-escola-na-cidade-de-grao-para\/","title":{"rendered":"Estupro de Vulner\u00e1vel: Pol\u00edcia prende padrasto e m\u00e3e ap\u00f3s den\u00fancia em escola na cidade de Gr\u00e3o-Par\u00e1"},"content":{"rendered":"<p>A Pol\u00edcia Civil na tarde desta sexta-feira (6),prendeu um homem e uma mulher suspeitos de envolvimento em crimes de estupro de vulner\u00e1vel contra uma adolescente de 12 anos em Gr\u00e3o-Par\u00e1. O homem \u00e9 padrasto da v\u00edtima e acusado de ser o autor dos abusos, enquanto a m\u00e3e foi detida por omiss\u00e3o e coniv\u00eancia.<\/p>\n<p>A opera\u00e7\u00e3o, realizada pela Delegacia de Pol\u00edcia Civil com apoio da Pol\u00edcia Militar, cumpriu mandados de pris\u00e3o preventiva expedidos pela Justi\u00e7a. Segundo a investiga\u00e7\u00e3o, a viol\u00eancia sexual era praticada de forma repetida desde que a menina tinha apenas nove anos.<\/p>\n<div id=\"metaslider-id-25573\" style=\"width: 100%;\" class=\"ml-slider-3-99-0 metaslider metaslider-flex metaslider-25573 ml-slider has-onhover-arrows ms-theme-default-base has-dots-nav\" role=\"region\" aria-label=\"Meio\" data-width=\"1200\">\n    <div id=\"metaslider_container_25573\">\n        <div id=\"metaslider_25573\">\n            <ul class='slides'>\n                <li style=\"display: block; width: 100%;\" class=\"slide-25684 ms-image \" aria-roledescription=\"slide\" data-date=\"2025-07-24 07:55:40\"><img src=\"https:\/\/sulsc.com\/wp-content\/uploads\/2025\/07\/Marr-2-1000x166.jpg\" height=\"200\" width=\"1200\" alt=\"\" class=\"slider-25573 slide-25684 msDefaultImage\" title=\"Marr 2\" \/><\/li>\n                <li style=\"display: none; width: 100%;\" class=\"slide-32412 ms-image \" aria-roledescription=\"slide\" data-date=\"2026-02-18 13:59:46\"><img src=\"https:\/\/sulsc.com\/wp-content\/uploads\/2026\/02\/40dc1580-cad5-4867-bc58-c4243821ad38-1000x166.jpeg\" height=\"200\" width=\"1200\" alt=\"\" class=\"slider-25573 slide-32412 msDefaultImage\" title=\"40dc1580-cad5-4867-bc58-c4243821ad38\" \/><\/li>\n                <li style=\"display: none; width: 100%;\" class=\"slide-32766 ms-image \" aria-roledescription=\"slide\" data-date=\"2026-03-03 17:22:59\"><img src=\"https:\/\/sulsc.com\/wp-content\/uploads\/2026\/03\/271ce739-f268-41c5-8051-3de1a1750359-1000x166.jpeg\" height=\"200\" width=\"1200\" alt=\"\" class=\"slider-25573 slide-32766 msDefaultImage\" title=\"271ce739-f268-41c5-8051-3de1a1750359\" \/><\/li>\n            <\/ul>\n        <\/div>\n        \n    <\/div>\n<\/div>\n<p>O caso veio \u00e0 tona quando professoras da adolescente a encontraram chorando em estado de desespero no banheiro da escola. A menina relatou que n\u00e3o queria voltar para casa, o que levou \u00e0 investiga\u00e7\u00e3o. O epis\u00f3dio mais recente aconteceu na \u00faltima ter\u00e7a-feira (3), quando o padrasto teria trancado a resid\u00eancia e escondido as chaves para impedir que a jovem fugisse, consumando o crime.<\/p>\n<p>O laudo pericial constatou a presen\u00e7a de ruptura himenal antiga, corroborando a suspeita de que a viol\u00eancia sexual ocorria de forma sistem\u00e1tica. Em 2024, j\u00e1 havia registros de boletins sobre os mesmos crimes em Chapec\u00f3, mas nada foi efetivado, pois a fam\u00edlia fugiu da localidade, evidenciando a coniv\u00eancia da m\u00e3e para proteger o agressor.<\/p>\n<p>Ap\u00f3s os procedimentos legais, o padrasto e a m\u00e3e foram encaminhados ao sistema prisional, onde permanecem \u00e0 disposi\u00e7\u00e3o da Justi\u00e7a. A adolescente est\u00e1 sob prote\u00e7\u00e3o, enquanto a pol\u00edcia, com o apoio do Minist\u00e9rio P\u00fablico, agiu rapidamente para garantir a seguran\u00e7a da menor.<\/p>\n<figure id=\"attachment_21592\" aria-describedby=\"caption-attachment-21592\" style=\"width: 900px\" class=\"wp-caption aligncenter\"><img fetchpriority=\"high\" decoding=\"async\" class=\"size-full wp-image-21592\" src=\"http:\/\/sulsc.com\/wp-content\/uploads\/2025\/03\/violencia-contra-a-mulher-bancodeimagens.jpg\" alt=\"\" width=\"900\" height=\"600\" srcset=\"https:\/\/sulsc.com\/wp-content\/uploads\/2025\/03\/violencia-contra-a-mulher-bancodeimagens.jpg 900w, https:\/\/sulsc.com\/wp-content\/uploads\/2025\/03\/violencia-contra-a-mulher-bancodeimagens-300x200.jpg 300w, https:\/\/sulsc.com\/wp-content\/uploads\/2025\/03\/violencia-contra-a-mulher-bancodeimagens-768x512.jpg 768w\" sizes=\"(max-width: 900px) 100vw, 900px\" \/><figcaption id=\"caption-attachment-21592\" class=\"wp-caption-text\">CREATOR: gd-jpeg v1.0 (using IJG JPEG v80), quality = 100<\/figcaption><\/figure>\n<p>&nbsp;<\/p>\n<p>Divulga\u00e7\u00e3o\/SulSC<\/p>\n","protected":false},"excerpt":{"rendered":"<p>A Pol\u00edcia Civil na tarde desta sexta-feira (6),prendeu um homem e uma mulher suspeitos de envolvimento em crimes de estupro de vulner\u00e1vel contra uma adolescente de 12 anos em Gr\u00e3o-Par\u00e1. O homem \u00e9 padrasto da v\u00edtima e acusado de ser o autor dos abusos, enquanto a m\u00e3e foi detida por omiss\u00e3o e coniv\u00eancia. A opera\u00e7\u00e3o, &hellip;<\/p>\n<p class=\"read-more\"> <a class=\"\" href=\"https:\/\/sulsc.com\/index.php\/2026\/03\/07\/estupro-de-vulneravel-policia-prende-padrasto-e-mae-apos-denuncia-em-escola-na-cidade-de-grao-para\/\"> <span class=\"screen-reader-text\">Estupro de Vulner\u00e1vel: Pol\u00edcia prende padrasto e m\u00e3e ap\u00f3s den\u00fancia em escola na cidade de Gr\u00e3o-Par\u00e1<\/span> Read More &raquo;<\/a><\/p>\n","protected":false},"author":3,"featured_media":31776,"comment_status":"open","ping_status":"open","sticky":false,"template":"","format":"standard","meta":{"site-sidebar-layout":"default","site-content-layout":"","ast-site-content-layout":"default","site-content-style":"default","site-sidebar-style":"default","ast-global-header-display":"","ast-banner-title-visibility":"","ast-main-header-display":"","ast-hfb-above-header-display":"","ast-hfb-below-header-display":"","ast-hfb-mobile-header-display":"","site-post-title":"","ast-breadcrumbs-content":"","ast-featured-img":"","footer-sml-layout":"","theme-transparent-header-meta":"default","adv-header-id-meta":"","stick-header-meta":"","header-above-stick-meta":"","header-main-stick-meta":"","header-below-stick-meta":"","astra-migrate-meta-layouts":"set","footnotes":""},"categories":[2231,1,14,2782,12],"tags":[2255,1114],"yoast_head":"<!-- This site is optimized with the Yoast SEO plugin v21.4 - https:\/\/yoast.com\/wordpress\/plugins\/seo\/ -->\n<title>Estupro de Vulner\u00e1vel: Pol\u00edcia prende padrasto e m\u00e3e ap\u00f3s den\u00fancia em escola na cidade de Gr\u00e3o-Par\u00e1 -<\/title>\n<meta name=\"robots\" content=\"index, follow, max-snippet:-1, max-image-preview:large, max-video-preview:-1\" \/>\n<link rel=\"canonical\" href=\"https:\/\/sulsc.com\/index.php\/2026\/03\/07\/estupro-de-vulneravel-policia-prende-padrasto-e-mae-apos-denuncia-em-escola-na-cidade-de-grao-para\/\" \/>\n<meta property=\"og:locale\" content=\"en_US\" \/>\n<meta property=\"og:type\" content=\"article\" \/>\n<meta property=\"og:title\" content=\"Estupro de Vulner\u00e1vel: Pol\u00edcia prende padrasto e m\u00e3e ap\u00f3s den\u00fancia em escola na cidade de Gr\u00e3o-Par\u00e1 -\" \/>\n<meta property=\"og:description\" content=\"A Pol\u00edcia Civil na tarde desta sexta-feira (6),prendeu um homem e uma mulher suspeitos de envolvimento em crimes de estupro de vulner\u00e1vel contra uma adolescente de 12 anos em Gr\u00e3o-Par\u00e1. O homem \u00e9 padrasto da v\u00edtima e acusado de ser o autor dos abusos, enquanto a m\u00e3e foi detida por omiss\u00e3o e coniv\u00eancia. A opera\u00e7\u00e3o, &hellip; Estupro de Vulner\u00e1vel: Pol\u00edcia prende padrasto e m\u00e3e ap\u00f3s den\u00fancia em escola na cidade de Gr\u00e3o-Par\u00e1 Read More &raquo;\" \/>\n<meta property=\"og:url\" content=\"https:\/\/sulsc.com\/index.php\/2026\/03\/07\/estupro-de-vulneravel-policia-prende-padrasto-e-mae-apos-denuncia-em-escola-na-cidade-de-grao-para\/\" \/>\n<meta property=\"article:author\" content=\"https:\/\/www.facebook.com\/profile.php?id=61559278119680\" \/>\n<meta property=\"article:published_time\" content=\"2026-03-07T13:35:17+00:00\" \/>\n<meta property=\"og:image\" content=\"http:\/\/sulsc.com\/wp-content\/uploads\/2026\/01\/woman-hand-sign-stop-abusing-violence-human-rights-day-concept-scaled.jpg\" \/>\n\t<meta property=\"og:image:width\" content=\"2560\" \/>\n\t<meta property=\"og:image:height\" content=\"1709\" \/>\n\t<meta property=\"og:image:type\" content=\"image\/jpeg\" \/>\n<meta name=\"author\" content=\"Reda\u00e7\u00e3o Sul SC\" \/>\n<meta name=\"twitter:card\" content=\"summary_large_image\" \/>\n<meta name=\"twitter:creator\" content=\"@https:\/\/twitter.com\/PortalSulSC\" \/>\n<meta name=\"twitter:label1\" content=\"Written by\" \/>\n\t<meta name=\"twitter:data1\" content=\"Reda\u00e7\u00e3o Sul SC\" \/>\n\t<meta name=\"twitter:label2\" content=\"Est. reading time\" \/>\n\t<meta name=\"twitter:data2\" content=\"2 minutes\" \/>\n<script type=\"application\/ld+json\" class=\"yoast-schema-graph\">{\"@context\":\"https:\/\/schema.org\",\"@graph\":[{\"@type\":\"WebPage\",\"@id\":\"https:\/\/sulsc.com\/index.php\/2026\/03\/07\/estupro-de-vulneravel-policia-prende-padrasto-e-mae-apos-denuncia-em-escola-na-cidade-de-grao-para\/\",\"url\":\"https:\/\/sulsc.com\/index.php\/2026\/03\/07\/estupro-de-vulneravel-policia-prende-padrasto-e-mae-apos-denuncia-em-escola-na-cidade-de-grao-para\/\",\"name\":\"Estupro de Vulner\u00e1vel: Pol\u00edcia prende padrasto e m\u00e3e ap\u00f3s den\u00fancia em escola na cidade de Gr\u00e3o-Par\u00e1 -\",\"isPartOf\":{\"@id\":\"https:\/\/sulsc.com\/#website\"},\"datePublished\":\"2026-03-07T13:35:17+00:00\",\"dateModified\":\"2026-03-07T13:35:17+00:00\",\"author\":{\"@id\":\"https:\/\/sulsc.com\/#\/schema\/person\/84d2fc571684f6248ba83092f07750a3\"},\"breadcrumb\":{\"@id\":\"https:\/\/sulsc.com\/index.php\/2026\/03\/07\/estupro-de-vulneravel-policia-prende-padrasto-e-mae-apos-denuncia-em-escola-na-cidade-de-grao-para\/#breadcrumb\"},\"inLanguage\":\"en-US\",\"potentialAction\":[{\"@type\":\"ReadAction\",\"target\":[\"https:\/\/sulsc.com\/index.php\/2026\/03\/07\/estupro-de-vulneravel-policia-prende-padrasto-e-mae-apos-denuncia-em-escola-na-cidade-de-grao-para\/\"]}]},{\"@type\":\"BreadcrumbList\",\"@id\":\"https:\/\/sulsc.com\/index.php\/2026\/03\/07\/estupro-de-vulneravel-policia-prende-padrasto-e-mae-apos-denuncia-em-escola-na-cidade-de-grao-para\/#breadcrumb\",\"itemListElement\":[{\"@type\":\"ListItem\",\"position\":1,\"name\":\"In\u00edcio\",\"item\":\"https:\/\/sulsc.com\/\"},{\"@type\":\"ListItem\",\"position\":2,\"name\":\"Estupro de Vulner\u00e1vel: Pol\u00edcia prende padrasto e m\u00e3e ap\u00f3s den\u00fancia em escola na cidade de Gr\u00e3o-Par\u00e1\"}]},{\"@type\":\"WebSite\",\"@id\":\"https:\/\/sulsc.com\/#website\",\"url\":\"https:\/\/sulsc.com\/\",\"name\":\"\",\"description\":\"\",\"potentialAction\":[{\"@type\":\"SearchAction\",\"target\":{\"@type\":\"EntryPoint\",\"urlTemplate\":\"https:\/\/sulsc.com\/?s={search_term_string}\"},\"query-input\":\"required name=search_term_string\"}],\"inLanguage\":\"en-US\"},{\"@type\":\"Person\",\"@id\":\"https:\/\/sulsc.com\/#\/schema\/person\/84d2fc571684f6248ba83092f07750a3\",\"name\":\"Reda\u00e7\u00e3o Sul SC\",\"image\":{\"@type\":\"ImageObject\",\"inLanguage\":\"en-US\",\"@id\":\"https:\/\/sulsc.com\/#\/schema\/person\/image\/e08d7fe2cc4ed596372063bbe852b8d0\",\"url\":\"https:\/\/sulsc.com\/wp-content\/uploads\/2023\/09\/redacao.png\",\"contentUrl\":\"https:\/\/sulsc.com\/wp-content\/uploads\/2023\/09\/redacao.png\",\"caption\":\"Reda\u00e7\u00e3o Sul SC\"},\"description\":\"Foco em um jornalismo imparcial, voltado \u00e0 qualidade dos seus conte\u00fados e, assim, levar informa\u00e7\u00e3o de valor que agregue \u00e0 vida dos leitores. Esta \u00e9 grande miss\u00e3o do Portal de Not\u00edcias Sul SC. N\u00e3o \u00e9 quantidade que muda o mundo, sempre foi e seguir\u00e1 sendo qualidade!\",\"sameAs\":[\"https:\/\/sulsc.com\/\",\"https:\/\/www.facebook.com\/profile.php?id=61559278119680\",\"https:\/\/www.instagram.com\/sulscportal\/?hl=pt-br\",\"https:\/\/twitter.com\/https:\/\/twitter.com\/PortalSulSC\",\"https:\/\/www.youtube.com\/channel\/UCv_BE8GeySluDov2n8qhVmw\"],\"url\":\"https:\/\/sulsc.com\/index.php\/author\/redacao\/\"}]}<\/script>\n<!-- \/ Yoast SEO plugin. -->","yoast_head_json":{"title":"Estupro de Vulner\u00e1vel: Pol\u00edcia prende padrasto e m\u00e3e ap\u00f3s den\u00fancia em escola na cidade de Gr\u00e3o-Par\u00e1 -","robots":{"index":"index","follow":"follow","max-snippet":"max-snippet:-1","max-image-preview":"max-image-preview:large","max-video-preview":"max-video-preview:-1"},"canonical":"https:\/\/sulsc.com\/index.php\/2026\/03\/07\/estupro-de-vulneravel-policia-prende-padrasto-e-mae-apos-denuncia-em-escola-na-cidade-de-grao-para\/","og_locale":"en_US","og_type":"article","og_title":"Estupro de Vulner\u00e1vel: Pol\u00edcia prende padrasto e m\u00e3e ap\u00f3s den\u00fancia em escola na cidade de Gr\u00e3o-Par\u00e1 -","og_description":"A Pol\u00edcia Civil na tarde desta sexta-feira (6),prendeu um homem e uma mulher suspeitos de envolvimento em crimes de estupro de vulner\u00e1vel contra uma adolescente de 12 anos em Gr\u00e3o-Par\u00e1. O homem \u00e9 padrasto da v\u00edtima e acusado de ser o autor dos abusos, enquanto a m\u00e3e foi detida por omiss\u00e3o e coniv\u00eancia. A opera\u00e7\u00e3o, &hellip; Estupro de Vulner\u00e1vel: Pol\u00edcia prende padrasto e m\u00e3e ap\u00f3s den\u00fancia em escola na cidade de Gr\u00e3o-Par\u00e1 Read More &raquo;","og_url":"https:\/\/sulsc.com\/index.php\/2026\/03\/07\/estupro-de-vulneravel-policia-prende-padrasto-e-mae-apos-denuncia-em-escola-na-cidade-de-grao-para\/","article_author":"https:\/\/www.facebook.com\/profile.php?id=61559278119680","article_published_time":"2026-03-07T13:35:17+00:00","og_image":[{"width":2560,"height":1709,"url":"http:\/\/sulsc.com\/wp-content\/uploads\/2026\/01\/woman-hand-sign-stop-abusing-violence-human-rights-day-concept-scaled.jpg","type":"image\/jpeg"}],"author":"Reda\u00e7\u00e3o Sul SC","twitter_card":"summary_large_image","twitter_creator":"@https:\/\/twitter.com\/PortalSulSC","twitter_misc":{"Written by":"Reda\u00e7\u00e3o Sul SC","Est. reading time":"2 minutes"},"schema":{"@context":"https:\/\/schema.org","@graph":[{"@type":"WebPage","@id":"https:\/\/sulsc.com\/index.php\/2026\/03\/07\/estupro-de-vulneravel-policia-prende-padrasto-e-mae-apos-denuncia-em-escola-na-cidade-de-grao-para\/","url":"https:\/\/sulsc.com\/index.php\/2026\/03\/07\/estupro-de-vulneravel-policia-prende-padrasto-e-mae-apos-denuncia-em-escola-na-cidade-de-grao-para\/","name":"Estupro de Vulner\u00e1vel: Pol\u00edcia prende padrasto e m\u00e3e ap\u00f3s den\u00fancia em escola na cidade de Gr\u00e3o-Par\u00e1 -","isPartOf":{"@id":"https:\/\/sulsc.com\/#website"},"datePublished":"2026-03-07T13:35:17+00:00","dateModified":"2026-03-07T13:35:17+00:00","author":{"@id":"https:\/\/sulsc.com\/#\/schema\/person\/84d2fc571684f6248ba83092f07750a3"},"breadcrumb":{"@id":"https:\/\/sulsc.com\/index.php\/2026\/03\/07\/estupro-de-vulneravel-policia-prende-padrasto-e-mae-apos-denuncia-em-escola-na-cidade-de-grao-para\/#breadcrumb"},"inLanguage":"en-US","potentialAction":[{"@type":"ReadAction","target":["https:\/\/sulsc.com\/index.php\/2026\/03\/07\/estupro-de-vulneravel-policia-prende-padrasto-e-mae-apos-denuncia-em-escola-na-cidade-de-grao-para\/"]}]},{"@type":"BreadcrumbList","@id":"https:\/\/sulsc.com\/index.php\/2026\/03\/07\/estupro-de-vulneravel-policia-prende-padrasto-e-mae-apos-denuncia-em-escola-na-cidade-de-grao-para\/#breadcrumb","itemListElement":[{"@type":"ListItem","position":1,"name":"In\u00edcio","item":"https:\/\/sulsc.com\/"},{"@type":"ListItem","position":2,"name":"Estupro de Vulner\u00e1vel: Pol\u00edcia prende padrasto e m\u00e3e ap\u00f3s den\u00fancia em escola na cidade de Gr\u00e3o-Par\u00e1"}]},{"@type":"WebSite","@id":"https:\/\/sulsc.com\/#website","url":"https:\/\/sulsc.com\/","name":"","description":"","potentialAction":[{"@type":"SearchAction","target":{"@type":"EntryPoint","urlTemplate":"https:\/\/sulsc.com\/?s={search_term_string}"},"query-input":"required name=search_term_string"}],"inLanguage":"en-US"},{"@type":"Person","@id":"https:\/\/sulsc.com\/#\/schema\/person\/84d2fc571684f6248ba83092f07750a3","name":"Reda\u00e7\u00e3o Sul SC","image":{"@type":"ImageObject","inLanguage":"en-US","@id":"https:\/\/sulsc.com\/#\/schema\/person\/image\/e08d7fe2cc4ed596372063bbe852b8d0","url":"https:\/\/sulsc.com\/wp-content\/uploads\/2023\/09\/redacao.png","contentUrl":"https:\/\/sulsc.com\/wp-content\/uploads\/2023\/09\/redacao.png","caption":"Reda\u00e7\u00e3o Sul SC"},"description":"Foco em um jornalismo imparcial, voltado \u00e0 qualidade dos seus conte\u00fados e, assim, levar informa\u00e7\u00e3o de valor que agregue \u00e0 vida dos leitores. Esta \u00e9 grande miss\u00e3o do Portal de Not\u00edcias Sul SC. N\u00e3o \u00e9 quantidade que muda o mundo, sempre foi e seguir\u00e1 sendo qualidade!","sameAs":["https:\/\/sulsc.com\/","https:\/\/www.facebook.com\/profile.php?id=61559278119680","https:\/\/www.instagram.com\/sulscportal\/?hl=pt-br","https:\/\/twitter.com\/https:\/\/twitter.com\/PortalSulSC","https:\/\/www.youtube.com\/channel\/UCv_BE8GeySluDov2n8qhVmw"],"url":"https:\/\/sulsc.com\/index.php\/author\/redacao\/"}]}},"authors":[],"_links":{"self":[{"href":"https:\/\/sulsc.com\/index.php\/wp-json\/wp\/v2\/posts\/32861"}],"collection":[{"href":"https:\/\/sulsc.com\/index.php\/wp-json\/wp\/v2\/posts"}],"about":[{"href":"https:\/\/sulsc.com\/index.php\/wp-json\/wp\/v2\/types\/post"}],"author":[{"embeddable":true,"href":"https:\/\/sulsc.com\/index.php\/wp-json\/wp\/v2\/users\/3"}],"replies":[{"embeddable":true,"href":"https:\/\/sulsc.com\/index.php\/wp-json\/wp\/v2\/comments?post=32861"}],"version-history":[{"count":1,"href":"https:\/\/sulsc.com\/index.php\/wp-json\/wp\/v2\/posts\/32861\/revisions"}],"predecessor-version":[{"id":32862,"href":"https:\/\/sulsc.com\/index.php\/wp-json\/wp\/v2\/posts\/32861\/revisions\/32862"}],"wp:featuredmedia":[{"embeddable":true,"href":"https:\/\/sulsc.com\/index.php\/wp-json\/wp\/v2\/media\/31776"}],"wp:attachment":[{"href":"https:\/\/sulsc.com\/index.php\/wp-json\/wp\/v2\/media?parent=32861"}],"wp:term":[{"taxonomy":"category","embeddable":true,"href":"https:\/\/sulsc.com\/index.php\/wp-json\/wp\/v2\/categories?post=32861"},{"taxonomy":"post_tag","embeddable":true,"href":"https:\/\/sulsc.com\/index.php\/wp-json\/wp\/v2\/tags?post=32861"}],"curies":[{"name":"wp","href":"https:\/\/api.w.org\/{rel}","templated":true}]}}