{"id":32863,"date":"2026-03-07T10:54:14","date_gmt":"2026-03-07T13:54:14","guid":{"rendered":"https:\/\/sulsc.com\/?p=32863"},"modified":"2026-03-07T10:57:17","modified_gmt":"2026-03-07T13:57:17","slug":"domingo-no-parque-diamante-energia-tera-programacao-alusiva-ao-dia-da-mulher","status":"publish","type":"post","link":"https:\/\/sulsc.com\/index.php\/2026\/03\/07\/domingo-no-parque-diamante-energia-tera-programacao-alusiva-ao-dia-da-mulher\/","title":{"rendered":"Domingo no Parque  ter\u00e1 programa\u00e7\u00e3o alusiva ao Dia da Mulher"},"content":{"rendered":"<p><span dir=\"auto\" style=\"vertical-align: inherit;\"><span dir=\"auto\" style=\"vertical-align: inherit;\">Celebra\u00e7\u00e3o especial ao Dia Internacional da Mulher comemorado neste domingo (8), ser\u00e1 marcado por um encontro especial com programa\u00e7\u00e3o que uma s\u00e9rie de atividades gratuitas para o p\u00fablico feminino a partir das 14h, no <\/span><\/span><strong><span dir=\"auto\" style=\"vertical-align: inherit;\"><span dir=\"auto\" style=\"vertical-align: inherit;\">Parque Diamante +Energia<\/span><\/span><\/strong><span dir=\"auto\" style=\"vertical-align: inherit;\"><span dir=\"auto\" style=\"vertical-align: inherit;\"> em Capivari de Baixo.<\/span><\/span><\/p>\n<p><span dir=\"auto\" style=\"vertical-align: inherit;\"><span dir=\"auto\" style=\"vertical-align: inherit;\">A programa\u00e7\u00e3o de conversa, a\u00e7\u00f5es de preven\u00e7\u00e3o, autocuidado, sa\u00fade e muita conex\u00e3o entre o p\u00fablico feminino. O objetivo \u00e9 fortalecer v\u00ednculos, refletir sobre a pr\u00f3pria ess\u00eancia e celebrar a pluralidade feminina em um ambiente acolhedor.<\/span><\/span><\/p>\n<div id=\"metaslider-id-25573\" style=\"width: 100%;\" class=\"ml-slider-3-99-0 metaslider metaslider-flex metaslider-25573 ml-slider has-onhover-arrows ms-theme-default-base has-dots-nav\" role=\"region\" aria-label=\"Meio\" data-width=\"1200\">\n    <div id=\"metaslider_container_25573\">\n        <div id=\"metaslider_25573\">\n            <ul class='slides'>\n                <li style=\"display: block; width: 100%;\" class=\"slide-25684 ms-image \" aria-roledescription=\"slide\" data-date=\"2025-07-24 07:55:40\"><img src=\"https:\/\/sulsc.com\/wp-content\/uploads\/2025\/07\/Marr-2-1000x166.jpg\" height=\"200\" width=\"1200\" alt=\"\" class=\"slider-25573 slide-25684 msDefaultImage\" title=\"Marr 2\" \/><\/li>\n                <li style=\"display: none; width: 100%;\" class=\"slide-32412 ms-image \" aria-roledescription=\"slide\" data-date=\"2026-02-18 13:59:46\"><img src=\"https:\/\/sulsc.com\/wp-content\/uploads\/2026\/02\/40dc1580-cad5-4867-bc58-c4243821ad38-1000x166.jpeg\" height=\"200\" width=\"1200\" alt=\"\" class=\"slider-25573 slide-32412 msDefaultImage\" title=\"40dc1580-cad5-4867-bc58-c4243821ad38\" \/><\/li>\n                <li style=\"display: none; width: 100%;\" class=\"slide-32766 ms-image \" aria-roledescription=\"slide\" data-date=\"2026-03-03 17:22:59\"><img src=\"https:\/\/sulsc.com\/wp-content\/uploads\/2026\/03\/271ce739-f268-41c5-8051-3de1a1750359-1000x166.jpeg\" height=\"200\" width=\"1200\" alt=\"\" class=\"slider-25573 slide-32766 msDefaultImage\" title=\"271ce739-f268-41c5-8051-3de1a1750359\" \/><\/li>\n            <\/ul>\n        <\/div>\n        \n    <\/div>\n<\/div>\n<p><strong><span dir=\"auto\" style=\"vertical-align: inherit;\"><span dir=\"auto\" style=\"vertical-align: inherit;\">As atividades gratuitas ocorrer\u00e3o durante toda a tarde, a partir das 14h.<\/span><\/span><\/strong><\/p>\n<p><strong><span dir=\"auto\" style=\"vertical-align: inherit;\"><span dir=\"auto\" style=\"vertical-align: inherit;\">A primeira a\u00e7\u00e3o,<\/span><\/span><\/strong><span dir=\"auto\" style=\"vertical-align: inherit;\"><span dir=\"auto\" style=\"vertical-align: inherit;\"> ser\u00e1 uma roda de conversa com uma equipe de sa\u00fade, \u00e0s 14h30. Lembrando que a sa\u00fade da mulher envolve cuidados integrais em todas as fases da vida, que devem incluir a\u00e7\u00f5es de preven\u00e7\u00e3o, promo\u00e7\u00e3o, tratamento e recupera\u00e7\u00e3o.<\/span><\/span><\/p>\n<p><strong><span dir=\"auto\" style=\"vertical-align: inherit;\"><span dir=\"auto\" style=\"vertical-align: inherit;\">Em seguida, \u00e0s 15h,<\/span><\/span><\/strong><span dir=\"auto\" style=\"vertical-align: inherit;\"><span dir=\"auto\" style=\"vertical-align: inherit;\"> inicia o Caf\u00e9 \u201cSabores da Alma\u201d. Cada participante ser\u00e1 convidado a levar um prato que represente sua personalidade \u2013 doce, intenso, leve, marcante, acolhedor. A ideia \u00e9 mostrar que os sabores tamb\u00e9m carregam hist\u00f3rias, mem\u00f3rias e emo\u00e7\u00f5es.<\/span><\/span><\/p>\n<p><strong><span dir=\"auto\" style=\"vertical-align: inherit;\"><span dir=\"auto\" style=\"vertical-align: inherit;\">Depois, \u00e0s 15h40,<\/span><\/span><\/strong><span dir=\"auto\" style=\"vertical-align: inherit;\"><span dir=\"auto\" style=\"vertical-align: inherit;\"> ser\u00e1 a vez da A\u00e7\u00e3o Terap\u00eautica \u2013 Detox da Identidade. A proposta \u00e9 fazer uma pausa estrat\u00e9gica para reflex\u00e3o sobre expectativas e padr\u00f5es que as mulheres carregam, conduzindo-as a um processo de reflex\u00e3o, reconex\u00e3o e ressignifica\u00e7\u00e3o da pr\u00f3pria identidade.<\/span><\/span><\/p>\n<p><span dir=\"auto\" style=\"vertical-align: inherit;\"><span dir=\"auto\" style=\"vertical-align: inherit;\">A comemora\u00e7\u00e3o encerra com a apresenta\u00e7\u00e3o musical de Raphaela Cost\u00e2nzo, a partir das 16h. A cantora tem um repert\u00f3rio que une samba, groove, soul e brasilidades, criando uma experi\u00eancia que emociona, conecta e celebra a vida.<\/span><\/span><\/p>\n<p><img fetchpriority=\"high\" decoding=\"async\" class=\"aligncenter size-full wp-image-32864\" src=\"http:\/\/sulsc.com\/wp-content\/uploads\/2026\/03\/20250504_223327227_iOS-rjp8jbmz3zlgbaypbxjj4g26jykc5zdi4tk3cghls8.jpg\" alt=\"\" width=\"500\" height=\"500\" srcset=\"https:\/\/sulsc.com\/wp-content\/uploads\/2026\/03\/20250504_223327227_iOS-rjp8jbmz3zlgbaypbxjj4g26jykc5zdi4tk3cghls8.jpg 500w, https:\/\/sulsc.com\/wp-content\/uploads\/2026\/03\/20250504_223327227_iOS-rjp8jbmz3zlgbaypbxjj4g26jykc5zdi4tk3cghls8-300x300.jpg 300w, https:\/\/sulsc.com\/wp-content\/uploads\/2026\/03\/20250504_223327227_iOS-rjp8jbmz3zlgbaypbxjj4g26jykc5zdi4tk3cghls8-150x150.jpg 150w\" sizes=\"(max-width: 500px) 100vw, 500px\" \/><\/p>\n<p><span dir=\"auto\" style=\"vertical-align: inherit;\"><span dir=\"auto\" style=\"vertical-align: inherit;\">A a\u00e7\u00e3o cultural gratuita \u00e9 realizada por meio do Minist\u00e9rio da Cultura e conta com o apoio da Associa\u00e7\u00e3o Jorge Lacerda, gestora do Parque Diamante Energia, e com o patroc\u00ednio da Diamante Gera\u00e7\u00e3o de Energia, atrav\u00e9s da Lei Rouanet de Incentivo a Projetos Culturais, e apoio das secretarias de Educa\u00e7\u00e3o, Cultura, Esporte e Turismo e Desenvolvimento Social de Capivari de Baixo.<\/span><\/span><\/p>\n<p><strong><span dir=\"auto\" style=\"vertical-align: inherit;\"><span dir=\"auto\" style=\"vertical-align: inherit;\">O Parque Diamante +Energia<\/span><\/span><\/strong><span dir=\"auto\" style=\"vertical-align: inherit;\"><span dir=\"auto\" style=\"vertical-align: inherit;\"> est\u00e1 alinhado aos Objetivos de Desenvolvimento Sustent\u00e1vel (ODS), comprometendo-se a guiar todas as nossas iniciativas.<\/span><\/span><\/p>\n","protected":false},"excerpt":{"rendered":"<p>Celebra\u00e7\u00e3o especial ao Dia Internacional da Mulher comemorado neste domingo (8), ser\u00e1 marcado por um encontro especial com programa\u00e7\u00e3o que uma s\u00e9rie de atividades gratuitas para o p\u00fablico feminino a partir das 14h, no Parque Diamante +Energia em Capivari de Baixo. A programa\u00e7\u00e3o de conversa, a\u00e7\u00f5es de preven\u00e7\u00e3o, autocuidado, sa\u00fade e muita conex\u00e3o entre o &hellip;<\/p>\n<p class=\"read-more\"> <a class=\"\" href=\"https:\/\/sulsc.com\/index.php\/2026\/03\/07\/domingo-no-parque-diamante-energia-tera-programacao-alusiva-ao-dia-da-mulher\/\"> <span class=\"screen-reader-text\">Domingo no Parque  ter\u00e1 programa\u00e7\u00e3o alusiva ao Dia da Mulher<\/span> Read More &raquo;<\/a><\/p>\n","protected":false},"author":3,"featured_media":32867,"comment_status":"open","ping_status":"open","sticky":false,"template":"","format":"standard","meta":{"site-sidebar-layout":"default","site-content-layout":"","ast-site-content-layout":"default","site-content-style":"default","site-sidebar-style":"default","ast-global-header-display":"","ast-banner-title-visibility":"","ast-main-header-display":"","ast-hfb-above-header-display":"","ast-hfb-below-header-display":"","ast-hfb-mobile-header-display":"","site-post-title":"","ast-breadcrumbs-content":"","ast-featured-img":"","footer-sml-layout":"","theme-transparent-header-meta":"default","adv-header-id-meta":"","stick-header-meta":"","header-above-stick-meta":"","header-main-stick-meta":"","header-below-stick-meta":"","astra-migrate-meta-layouts":"set","footnotes":""},"categories":[2231,42,1,14,12],"tags":[1696],"yoast_head":"<!-- This site is optimized with the Yoast SEO plugin v21.4 - https:\/\/yoast.com\/wordpress\/plugins\/seo\/ -->\n<title>Domingo no Parque ter\u00e1 programa\u00e7\u00e3o alusiva ao Dia da Mulher -<\/title>\n<meta name=\"robots\" content=\"index, follow, max-snippet:-1, max-image-preview:large, max-video-preview:-1\" \/>\n<link rel=\"canonical\" href=\"https:\/\/sulsc.com\/index.php\/2026\/03\/07\/domingo-no-parque-diamante-energia-tera-programacao-alusiva-ao-dia-da-mulher\/\" \/>\n<meta property=\"og:locale\" content=\"en_US\" \/>\n<meta property=\"og:type\" content=\"article\" \/>\n<meta property=\"og:title\" content=\"Domingo no Parque ter\u00e1 programa\u00e7\u00e3o alusiva ao Dia da Mulher -\" \/>\n<meta property=\"og:description\" content=\"Celebra\u00e7\u00e3o especial ao Dia Internacional da Mulher comemorado neste domingo (8), ser\u00e1 marcado por um encontro especial com programa\u00e7\u00e3o que uma s\u00e9rie de atividades gratuitas para o p\u00fablico feminino a partir das 14h, no Parque Diamante +Energia em Capivari de Baixo. A programa\u00e7\u00e3o de conversa, a\u00e7\u00f5es de preven\u00e7\u00e3o, autocuidado, sa\u00fade e muita conex\u00e3o entre o &hellip; Domingo no Parque ter\u00e1 programa\u00e7\u00e3o alusiva ao Dia da Mulher Read More &raquo;\" \/>\n<meta property=\"og:url\" content=\"https:\/\/sulsc.com\/index.php\/2026\/03\/07\/domingo-no-parque-diamante-energia-tera-programacao-alusiva-ao-dia-da-mulher\/\" \/>\n<meta property=\"article:author\" content=\"https:\/\/www.facebook.com\/profile.php?id=61559278119680\" \/>\n<meta property=\"article:published_time\" content=\"2026-03-07T13:54:14+00:00\" \/>\n<meta property=\"article:modified_time\" content=\"2026-03-07T13:57:17+00:00\" \/>\n<meta property=\"og:image\" content=\"http:\/\/sulsc.com\/wp-content\/uploads\/2026\/03\/3f79e7b6-1b22-4ee1-9b5e-55aa2a367624.jpeg\" \/>\n\t<meta property=\"og:image:width\" content=\"500\" \/>\n\t<meta property=\"og:image:height\" content=\"354\" \/>\n\t<meta property=\"og:image:type\" content=\"image\/jpeg\" \/>\n<meta name=\"author\" content=\"Reda\u00e7\u00e3o Sul SC\" \/>\n<meta name=\"twitter:card\" content=\"summary_large_image\" \/>\n<meta name=\"twitter:creator\" content=\"@https:\/\/twitter.com\/PortalSulSC\" \/>\n<meta name=\"twitter:label1\" content=\"Written by\" \/>\n\t<meta name=\"twitter:data1\" content=\"Reda\u00e7\u00e3o Sul SC\" \/>\n\t<meta name=\"twitter:label2\" content=\"Est. reading time\" \/>\n\t<meta name=\"twitter:data2\" content=\"2 minutes\" \/>\n<script type=\"application\/ld+json\" class=\"yoast-schema-graph\">{\"@context\":\"https:\/\/schema.org\",\"@graph\":[{\"@type\":\"WebPage\",\"@id\":\"https:\/\/sulsc.com\/index.php\/2026\/03\/07\/domingo-no-parque-diamante-energia-tera-programacao-alusiva-ao-dia-da-mulher\/\",\"url\":\"https:\/\/sulsc.com\/index.php\/2026\/03\/07\/domingo-no-parque-diamante-energia-tera-programacao-alusiva-ao-dia-da-mulher\/\",\"name\":\"Domingo no Parque ter\u00e1 programa\u00e7\u00e3o alusiva ao Dia da Mulher -\",\"isPartOf\":{\"@id\":\"https:\/\/sulsc.com\/#website\"},\"datePublished\":\"2026-03-07T13:54:14+00:00\",\"dateModified\":\"2026-03-07T13:57:17+00:00\",\"author\":{\"@id\":\"https:\/\/sulsc.com\/#\/schema\/person\/84d2fc571684f6248ba83092f07750a3\"},\"breadcrumb\":{\"@id\":\"https:\/\/sulsc.com\/index.php\/2026\/03\/07\/domingo-no-parque-diamante-energia-tera-programacao-alusiva-ao-dia-da-mulher\/#breadcrumb\"},\"inLanguage\":\"en-US\",\"potentialAction\":[{\"@type\":\"ReadAction\",\"target\":[\"https:\/\/sulsc.com\/index.php\/2026\/03\/07\/domingo-no-parque-diamante-energia-tera-programacao-alusiva-ao-dia-da-mulher\/\"]}]},{\"@type\":\"BreadcrumbList\",\"@id\":\"https:\/\/sulsc.com\/index.php\/2026\/03\/07\/domingo-no-parque-diamante-energia-tera-programacao-alusiva-ao-dia-da-mulher\/#breadcrumb\",\"itemListElement\":[{\"@type\":\"ListItem\",\"position\":1,\"name\":\"In\u00edcio\",\"item\":\"https:\/\/sulsc.com\/\"},{\"@type\":\"ListItem\",\"position\":2,\"name\":\"Domingo no Parque ter\u00e1 programa\u00e7\u00e3o alusiva ao Dia da Mulher\"}]},{\"@type\":\"WebSite\",\"@id\":\"https:\/\/sulsc.com\/#website\",\"url\":\"https:\/\/sulsc.com\/\",\"name\":\"\",\"description\":\"\",\"potentialAction\":[{\"@type\":\"SearchAction\",\"target\":{\"@type\":\"EntryPoint\",\"urlTemplate\":\"https:\/\/sulsc.com\/?s={search_term_string}\"},\"query-input\":\"required name=search_term_string\"}],\"inLanguage\":\"en-US\"},{\"@type\":\"Person\",\"@id\":\"https:\/\/sulsc.com\/#\/schema\/person\/84d2fc571684f6248ba83092f07750a3\",\"name\":\"Reda\u00e7\u00e3o Sul SC\",\"image\":{\"@type\":\"ImageObject\",\"inLanguage\":\"en-US\",\"@id\":\"https:\/\/sulsc.com\/#\/schema\/person\/image\/e08d7fe2cc4ed596372063bbe852b8d0\",\"url\":\"https:\/\/sulsc.com\/wp-content\/uploads\/2023\/09\/redacao.png\",\"contentUrl\":\"https:\/\/sulsc.com\/wp-content\/uploads\/2023\/09\/redacao.png\",\"caption\":\"Reda\u00e7\u00e3o Sul SC\"},\"description\":\"Foco em um jornalismo imparcial, voltado \u00e0 qualidade dos seus conte\u00fados e, assim, levar informa\u00e7\u00e3o de valor que agregue \u00e0 vida dos leitores. Esta \u00e9 grande miss\u00e3o do Portal de Not\u00edcias Sul SC. N\u00e3o \u00e9 quantidade que muda o mundo, sempre foi e seguir\u00e1 sendo qualidade!\",\"sameAs\":[\"https:\/\/sulsc.com\/\",\"https:\/\/www.facebook.com\/profile.php?id=61559278119680\",\"https:\/\/www.instagram.com\/sulscportal\/?hl=pt-br\",\"https:\/\/twitter.com\/https:\/\/twitter.com\/PortalSulSC\",\"https:\/\/www.youtube.com\/channel\/UCv_BE8GeySluDov2n8qhVmw\"],\"url\":\"https:\/\/sulsc.com\/index.php\/author\/redacao\/\"}]}<\/script>\n<!-- \/ Yoast SEO plugin. -->","yoast_head_json":{"title":"Domingo no Parque ter\u00e1 programa\u00e7\u00e3o alusiva ao Dia da Mulher -","robots":{"index":"index","follow":"follow","max-snippet":"max-snippet:-1","max-image-preview":"max-image-preview:large","max-video-preview":"max-video-preview:-1"},"canonical":"https:\/\/sulsc.com\/index.php\/2026\/03\/07\/domingo-no-parque-diamante-energia-tera-programacao-alusiva-ao-dia-da-mulher\/","og_locale":"en_US","og_type":"article","og_title":"Domingo no Parque ter\u00e1 programa\u00e7\u00e3o alusiva ao Dia da Mulher -","og_description":"Celebra\u00e7\u00e3o especial ao Dia Internacional da Mulher comemorado neste domingo (8), ser\u00e1 marcado por um encontro especial com programa\u00e7\u00e3o que uma s\u00e9rie de atividades gratuitas para o p\u00fablico feminino a partir das 14h, no Parque Diamante +Energia em Capivari de Baixo. A programa\u00e7\u00e3o de conversa, a\u00e7\u00f5es de preven\u00e7\u00e3o, autocuidado, sa\u00fade e muita conex\u00e3o entre o &hellip; Domingo no Parque ter\u00e1 programa\u00e7\u00e3o alusiva ao Dia da Mulher Read More &raquo;","og_url":"https:\/\/sulsc.com\/index.php\/2026\/03\/07\/domingo-no-parque-diamante-energia-tera-programacao-alusiva-ao-dia-da-mulher\/","article_author":"https:\/\/www.facebook.com\/profile.php?id=61559278119680","article_published_time":"2026-03-07T13:54:14+00:00","article_modified_time":"2026-03-07T13:57:17+00:00","og_image":[{"width":500,"height":354,"url":"http:\/\/sulsc.com\/wp-content\/uploads\/2026\/03\/3f79e7b6-1b22-4ee1-9b5e-55aa2a367624.jpeg","type":"image\/jpeg"}],"author":"Reda\u00e7\u00e3o Sul SC","twitter_card":"summary_large_image","twitter_creator":"@https:\/\/twitter.com\/PortalSulSC","twitter_misc":{"Written by":"Reda\u00e7\u00e3o Sul SC","Est. reading time":"2 minutes"},"schema":{"@context":"https:\/\/schema.org","@graph":[{"@type":"WebPage","@id":"https:\/\/sulsc.com\/index.php\/2026\/03\/07\/domingo-no-parque-diamante-energia-tera-programacao-alusiva-ao-dia-da-mulher\/","url":"https:\/\/sulsc.com\/index.php\/2026\/03\/07\/domingo-no-parque-diamante-energia-tera-programacao-alusiva-ao-dia-da-mulher\/","name":"Domingo no Parque ter\u00e1 programa\u00e7\u00e3o alusiva ao Dia da Mulher -","isPartOf":{"@id":"https:\/\/sulsc.com\/#website"},"datePublished":"2026-03-07T13:54:14+00:00","dateModified":"2026-03-07T13:57:17+00:00","author":{"@id":"https:\/\/sulsc.com\/#\/schema\/person\/84d2fc571684f6248ba83092f07750a3"},"breadcrumb":{"@id":"https:\/\/sulsc.com\/index.php\/2026\/03\/07\/domingo-no-parque-diamante-energia-tera-programacao-alusiva-ao-dia-da-mulher\/#breadcrumb"},"inLanguage":"en-US","potentialAction":[{"@type":"ReadAction","target":["https:\/\/sulsc.com\/index.php\/2026\/03\/07\/domingo-no-parque-diamante-energia-tera-programacao-alusiva-ao-dia-da-mulher\/"]}]},{"@type":"BreadcrumbList","@id":"https:\/\/sulsc.com\/index.php\/2026\/03\/07\/domingo-no-parque-diamante-energia-tera-programacao-alusiva-ao-dia-da-mulher\/#breadcrumb","itemListElement":[{"@type":"ListItem","position":1,"name":"In\u00edcio","item":"https:\/\/sulsc.com\/"},{"@type":"ListItem","position":2,"name":"Domingo no Parque ter\u00e1 programa\u00e7\u00e3o alusiva ao Dia da Mulher"}]},{"@type":"WebSite","@id":"https:\/\/sulsc.com\/#website","url":"https:\/\/sulsc.com\/","name":"","description":"","potentialAction":[{"@type":"SearchAction","target":{"@type":"EntryPoint","urlTemplate":"https:\/\/sulsc.com\/?s={search_term_string}"},"query-input":"required name=search_term_string"}],"inLanguage":"en-US"},{"@type":"Person","@id":"https:\/\/sulsc.com\/#\/schema\/person\/84d2fc571684f6248ba83092f07750a3","name":"Reda\u00e7\u00e3o Sul SC","image":{"@type":"ImageObject","inLanguage":"en-US","@id":"https:\/\/sulsc.com\/#\/schema\/person\/image\/e08d7fe2cc4ed596372063bbe852b8d0","url":"https:\/\/sulsc.com\/wp-content\/uploads\/2023\/09\/redacao.png","contentUrl":"https:\/\/sulsc.com\/wp-content\/uploads\/2023\/09\/redacao.png","caption":"Reda\u00e7\u00e3o Sul SC"},"description":"Foco em um jornalismo imparcial, voltado \u00e0 qualidade dos seus conte\u00fados e, assim, levar informa\u00e7\u00e3o de valor que agregue \u00e0 vida dos leitores. Esta \u00e9 grande miss\u00e3o do Portal de Not\u00edcias Sul SC. N\u00e3o \u00e9 quantidade que muda o mundo, sempre foi e seguir\u00e1 sendo qualidade!","sameAs":["https:\/\/sulsc.com\/","https:\/\/www.facebook.com\/profile.php?id=61559278119680","https:\/\/www.instagram.com\/sulscportal\/?hl=pt-br","https:\/\/twitter.com\/https:\/\/twitter.com\/PortalSulSC","https:\/\/www.youtube.com\/channel\/UCv_BE8GeySluDov2n8qhVmw"],"url":"https:\/\/sulsc.com\/index.php\/author\/redacao\/"}]}},"authors":[],"_links":{"self":[{"href":"https:\/\/sulsc.com\/index.php\/wp-json\/wp\/v2\/posts\/32863"}],"collection":[{"href":"https:\/\/sulsc.com\/index.php\/wp-json\/wp\/v2\/posts"}],"about":[{"href":"https:\/\/sulsc.com\/index.php\/wp-json\/wp\/v2\/types\/post"}],"author":[{"embeddable":true,"href":"https:\/\/sulsc.com\/index.php\/wp-json\/wp\/v2\/users\/3"}],"replies":[{"embeddable":true,"href":"https:\/\/sulsc.com\/index.php\/wp-json\/wp\/v2\/comments?post=32863"}],"version-history":[{"count":3,"href":"https:\/\/sulsc.com\/index.php\/wp-json\/wp\/v2\/posts\/32863\/revisions"}],"predecessor-version":[{"id":32868,"href":"https:\/\/sulsc.com\/index.php\/wp-json\/wp\/v2\/posts\/32863\/revisions\/32868"}],"wp:featuredmedia":[{"embeddable":true,"href":"https:\/\/sulsc.com\/index.php\/wp-json\/wp\/v2\/media\/32867"}],"wp:attachment":[{"href":"https:\/\/sulsc.com\/index.php\/wp-json\/wp\/v2\/media?parent=32863"}],"wp:term":[{"taxonomy":"category","embeddable":true,"href":"https:\/\/sulsc.com\/index.php\/wp-json\/wp\/v2\/categories?post=32863"},{"taxonomy":"post_tag","embeddable":true,"href":"https:\/\/sulsc.com\/index.php\/wp-json\/wp\/v2\/tags?post=32863"}],"curies":[{"name":"wp","href":"https:\/\/api.w.org\/{rel}","templated":true}]}}